{"id":1160,"date":"2020-10-17T15:27:00","date_gmt":"2020-10-17T15:27:00","guid":{"rendered":""},"modified":"2021-01-13T21:09:29","modified_gmt":"2021-01-13T21:09:29","slug":"urge-la-restauracion-del-dialogo-entre-la-presidencia-de-la-republica-y-el-gobierno-del-estado-de-chihuahua","status":"publish","type":"post","link":"https:\/\/cedehm.org.mx\/en\/2020\/10\/17\/urge-la-restauracion-del-dialogo-entre-la-presidencia-de-la-republica-y-el-gobierno-del-estado-de-chihuahua\/","title":{"rendered":"Urge la restauraci\u00f3n del di\u00e1logo entre la Presidencia de la Rep\u00fablica y el Gobierno del Estado de Chihuahua"},"content":{"rendered":"<p style=\"text-align: left;\"><span style=\"font-size: 15pt; text-align: justify;\">Chihuahua, Chih., a 17 de octubre de 2020. Las organizaciones de la<\/span><span style=\"font-size: 15pt; letter-spacing: -2.95pt; text-align: justify;\"> <\/span><span style=\"font-size: 15pt; text-align: justify;\">sociedad civil y personas que firmamos este documento,<\/span><span style=\"font-size: 15pt; letter-spacing: -0.7pt; text-align: justify;\"> <\/span><span style=\"font-size: 15pt; text-align: justify;\">exhortamos<\/span><span style=\"font-size: 15pt; letter-spacing: -0.75pt; text-align: justify;\"> <\/span><span style=\"font-size: 15pt; text-align: justify;\">al<\/span><span style=\"font-size: 15pt; letter-spacing: -0.75pt; text-align: justify;\"> <\/span><span style=\"font-size: 15pt; text-align: justify;\">Presidente<\/span><span style=\"font-size: 15pt; letter-spacing: -0.85pt; text-align: justify;\"> <\/span><span style=\"font-size: 15pt; text-align: justify;\">de<\/span><span style=\"font-size: 15pt; letter-spacing: -0.65pt; text-align: justify;\"> <\/span><span style=\"font-size: 15pt; text-align: justify;\">la<\/span><span style=\"font-size: 15pt; letter-spacing: -0.9pt; text-align: justify;\"> <\/span><span style=\"font-size: 15pt; text-align: justify;\">Rep\u00fablica,<\/span><span style=\"font-size: 15pt; letter-spacing: -0.75pt; text-align: justify;\"> <\/span><span style=\"font-size: 15pt; text-align: justify;\">Andr\u00e9s<\/span><span style=\"font-size: 15pt; letter-spacing: -0.75pt; text-align: justify;\"> <\/span><span style=\"font-size: 15pt; text-align: justify;\">Manuel L\u00f3pez Obrador, y al Gobernador del Estado de Chihuahua, Javier Corral Jurado, a que restablezcan cuanto antes el di\u00e1logo para que prevalezca la relaci\u00f3n institucional y republicana que por ley y<\/span><span style=\"font-size: 15pt; letter-spacing: -2.25pt; text-align: justify;\"> <\/span><span style=\"font-size: 15pt; text-align: justify;\">oficio deben honrar, independientemente de sus diferentes puntos de<\/span><span style=\"font-size: 15pt; letter-spacing: -1.25pt; text-align: justify;\"> <\/span><span style=\"font-size: 15pt; text-align: justify;\">vista.<\/span><\/p>\n<div>\n<p style=\"margin-top: .55pt;\"><span style=\"font-size: 15pt; text-align: justify;\">Les recordamos que m\u00e1s all\u00e1 de sus posturas personales, independientemente de qu\u00e9 tanta raz\u00f3n les asiste en sus argumentos, como autoridades electas, representan al pueblo de Chihuahua, el \u00fanico perjudicado en el conflicto que ambos protagonizan.<\/span><\/p>\n<p><span style=\"font-size: 15pt; text-align: justify;\">Muchos son los problemas que ata\u00f1en tanto a la Federaci\u00f3n <\/span><span style=\"font-size: 15pt; letter-spacing: 0.1pt; text-align: justify;\">como <\/span><span style=\"font-size: 15pt; text-align: justify;\">al Gobierno Estatal que deben asumir de manera coordinada. S\u00f3lo para mencionar los m\u00e1s urgentes: el problema del agua generado, en su mayor parte, por la sobreexplotaci\u00f3n irracional e ilegal; la seguridad p\u00fablica; el asesinato de personas defensoras de derechos humanos;<\/span><span style=\"font-size: 15pt; letter-spacing: -1.7pt; text-align: justify;\"> <\/span><span style=\"font-size: 15pt; letter-spacing: 0.15pt; text-align: justify;\">la <\/span><span style=\"font-size: 15pt; text-align: justify;\">violencia de g\u00e9nero exacerbada contra las mujeres en la pandemia;<\/span><span style=\"font-size: 15pt; letter-spacing: -1.55pt; text-align: justify;\"> <\/span><span style=\"font-size: 15pt; letter-spacing: 0.1pt; text-align: justify;\">la <\/span><span style=\"font-size: 15pt; text-align: justify;\">salud; la hambruna en la Sierra Tarahumara; los presupuestos federales<\/span><span style=\"font-size: 15pt; letter-spacing: -1pt; text-align: justify;\"> <\/span><span style=\"font-size: 15pt; text-align: justify;\">y<\/span><span style=\"font-size: 15pt; letter-spacing: -0.7pt; text-align: justify;\"> <\/span><span style=\"font-size: 15pt; text-align: justify;\">estatales;<\/span><span style=\"font-size: 15pt; letter-spacing: -0.75pt; text-align: justify;\"> <\/span><span style=\"font-size: 15pt; text-align: justify;\">la<\/span><span style=\"font-size: 15pt; letter-spacing: -1.1pt; text-align: justify;\"> <\/span><span style=\"font-size: 15pt; text-align: justify;\">agudizaci\u00f3n<\/span><span style=\"font-size: 15pt; letter-spacing: -1pt; text-align: justify;\"> <\/span><span style=\"font-size: 15pt; text-align: justify;\">del<\/span><span style=\"font-size: 15pt; letter-spacing: -0.75pt; text-align: justify;\"> <\/span><span style=\"font-size: 15pt; text-align: justify;\">desempleo;<\/span><span style=\"font-size: 15pt; letter-spacing: -0.5pt; text-align: justify;\"> <\/span><span style=\"font-size: 15pt; text-align: justify;\">as\u00ed<\/span><span style=\"font-size: 15pt; letter-spacing: -0.7pt; text-align: justify;\"> <\/span><span style=\"font-size: 15pt; text-align: justify;\">como<\/span><span style=\"font-size: 15pt; letter-spacing: -0.9pt; text-align: justify;\"> <\/span><span style=\"font-size: 15pt; text-align: justify;\">el<\/span><span style=\"font-size: 15pt; letter-spacing: -0.75pt; text-align: justify;\"> <\/span><span style=\"font-size: 15pt; text-align: justify;\">apoyo a las peque\u00f1as y medianas empresas.<\/span><\/p>\n<p style=\"margin-top: .1pt;\"><span style=\"font-size: 15pt; text-align: justify;\">Porque<\/span><span style=\"font-size: 15pt; letter-spacing: -1.05pt; text-align: justify;\"> <\/span><span style=\"font-size: 15pt; text-align: justify;\">sabemos<\/span><span style=\"font-size: 15pt; letter-spacing: -0.9pt; text-align: justify;\"> <\/span><span style=\"font-size: 15pt; text-align: justify;\">que<\/span><span style=\"font-size: 15pt; letter-spacing: -1.05pt; text-align: justify;\"> <\/span><span style=\"font-size: 15pt; text-align: justify;\">es<\/span><span style=\"font-size: 15pt; letter-spacing: -0.9pt; text-align: justify;\"> <\/span><span style=\"font-size: 15pt; text-align: justify;\">posible,<\/span><span style=\"font-size: 15pt; letter-spacing: -1.05pt; text-align: justify;\"><\/span><span style=\"font-size: 15pt; text-align: justify;\">esperamos<\/span><span style=\"font-size: 15pt; letter-spacing: -0.65pt; text-align: justify;\"> <\/span><span style=\"font-size: 15pt; text-align: justify;\">cordura,<\/span><span style=\"font-size: 15pt; letter-spacing: -0.95pt; text-align: justify;\"> <\/span><span style=\"font-size: 15pt; text-align: justify;\">civilidad<\/span><span style=\"font-size: 15pt; letter-spacing: -0.95pt; text-align: justify;\"> <\/span><span style=\"font-size: 15pt; text-align: justify;\">y<\/span><span style=\"font-size: 15pt; letter-spacing: -0.95pt; text-align: justify;\"> <\/span><span style=\"font-size: 15pt; text-align: justify;\">cuanto antes: la reposici\u00f3n de un di\u00e1logo claro en sus planteamientos, respetuoso de sus competencias, justo en sus reclamos, civilizado en los modales, interesado en el bien com\u00fan y con la dignidad que da la soberan\u00eda y la investidura de las partes, sin prepotencias, descalificaciones y<\/span><span style=\"font-size: 15pt; letter-spacing: 0.2pt; text-align: justify;\"><\/span><span style=\"font-size: 15pt; text-align: justify;\">amenazas.<\/span><\/p>\n<p><span style=\"font-size: 15pt; text-align: justify;\">Para un di\u00e1logo fruct\u00edfero, proponemos que se ayuden de una eficaz intermediaci\u00f3n, as\u00ed como del apoyo en expertos(as) para una resoluci\u00f3n pac\u00edfica del conflicto y con la presencia de testigos de calidad.<\/span><\/p>\n<\/p><\/div>\n<p style=\"margin-bottom: .0001pt; margin-bottom: 0cm; margin-left: 0cm; margin-right: 5.95pt; margin-top: 4.35pt; text-align: justify;\"><span lang=\"ES\" style=\"font-size: 15.0pt;\">De nuestra parte, estaremos atentas y atentos a los acontecimientos para colaborar, pero tambi\u00e9n para exigir el cumplimiento de sus obligaciones anteponiendo siempre el bien del pueblo de Chihuahua y de nuestra Naci\u00f3n.<o:p><\/o:p><\/span><\/p>\n<p style=\"margin-bottom: .0001pt; margin-bottom: 0cm; margin-left: 5.0pt; margin-right: 5.95pt; margin-top: 4.35pt; text-align: justify;\"><span lang=\"ES\" style=\"font-size: 15.0pt;\"><o:p>&nbsp;<\/o:p><\/span><\/p>\n<p align=\"center\" style=\"margin-bottom: .0001pt; margin-bottom: 0cm; margin-left: 5.0pt; margin-right: 5.95pt; margin-top: 4.35pt; text-align: center;\"><span lang=\"ES\" style=\"font-size: 15.0pt;\">ATENTAMENTE,<o:p><\/o:p><\/span><\/p>\n<p style=\"margin-top: .1pt;\"><span lang=\"ES\" style=\"font-size: 12.0pt; mso-bidi-font-size: 16.0pt;\"><o:p>&nbsp;<\/o:p><\/span><\/p>\n<p style=\"margin-top: .1pt;\"><b><span lang=\"ES\" style=\"font-size: 13.0pt;\">Organizaciones y colectivos<\/span><\/b><span lang=\"ES\" style=\"font-size: 13.0pt;\">:<o:p><\/o:p><\/span><\/p>\n<p style=\"margin-top: .1pt;\"><span style=\"font-size: 13pt;\">Comisi\u00f3n de Solidaridad y Defensa de los Derechos Humanos, A.C.<\/span><\/p>\n<p style=\"margin-top: .1pt;\"><span style=\"font-size: 13pt;\">El Barz\u00f3n Chihuahua<\/span><\/p>\n<p style=\"margin-top: .1pt;\"><span lang=\"ES\" style=\"font-size: 13.0pt;\">Uno de Siete Migrando, A.C.<o:p><\/o:p><\/span><\/p>\n<p style=\"margin-top: .1pt;\"><span lang=\"ES\" style=\"font-size: 13.0pt;\">Ejido Benito Ju\u00e1rez, Mpio. de Buenaventura, Chihuahua<o:p><\/o:p><\/span><\/p>\n<p style=\"margin-top: .1pt;\"><span lang=\"ES\" style=\"font-size: 13.0pt;\">Mukira G\u00e9nero y Buenas Pr\u00e1cticas, A.C.<o:p><\/o:p><\/span><\/p>\n<p style=\"margin-top: .1pt;\"><span lang=\"ES\" style=\"font-size: 13.0pt;\">Centro de Derechos Humanos de las Mujeres, A.C.<o:p><\/o:p><\/span><\/p>\n<p style=\"margin-top: .1pt;\"><span lang=\"ES\" style=\"font-size: 13.0pt;\">Abogadas Dem\u00f3cratas<o:p><\/o:p><\/span><\/p>\n<p style=\"margin-top: .1pt;\"><span lang=\"ES\" style=\"font-size: 13.0pt;\">Ecos de Mirabal<o:p><\/o:p><\/span><\/p>\n<p style=\"margin-top: .1pt;\"><span lang=\"ES\" style=\"font-size: 13.0pt;\">Red Mesa de Mujeres de Ciudad Ju\u00e1rez, A.C.<o:p><\/o:p><\/span><\/p>\n<p style=\"margin-top: .1pt;\"><span lang=\"ES\" style=\"font-size: 13.0pt;\">Centro de Atenci\u00f3n a la Mujer Trabajadora de Chihuahua, A.C. <o:p><\/o:p><\/span><\/p>\n<p style=\"margin-top: .1pt;\"><span lang=\"ES\" style=\"font-size: 13.0pt;\">F\u00e1tima I.B.P.<o:p><\/o:p><\/span><\/p>\n<p style=\"margin-top: .1pt;\"><span lang=\"ES\" style=\"font-size: 13.0pt;\">Sin Violencia, A.C.<o:p><\/o:p><\/span><\/p>\n<p style=\"margin-top: .1pt;\"><span lang=\"ES\" style=\"font-size: 13.0pt;\">Mujeres por M\u00e9xico en Chihuahua, A.C.<o:p><\/o:p><\/span><\/p>\n<p style=\"margin-top: .1pt;\"><span lang=\"ES\" style=\"font-size: 13.0pt;\">Organizaci\u00f3n de Defensa del Patrimonio Familiar y de Derechos Humanos, A.C.<o:p><\/o:p><\/span><\/p>\n<p style=\"margin-top: .1pt;\"><span lang=\"ES\" style=\"font-size: 13.0pt;\">Uni\u00f3n Campesina Democr\u00e1tica <o:p><\/o:p><\/span><\/p>\n<p style=\"margin-top: .1pt;\"><span lang=\"ES\" style=\"font-size: 13.0pt;\">Complejo Asistencial Cl\u00ednica Santa Teresita, A.C.<o:p><\/o:p><\/span><\/p>\n<p style=\"margin-top: .1pt;\"><b><span lang=\"ES\" style=\"font-size: 13.0pt;\"><br \/><\/span><\/b><\/p>\n<p style=\"margin-top: .1pt;\"><b><span lang=\"ES\" style=\"font-size: 13.0pt;\">Ciudadanas y ciudadanos:<\/span><\/b><\/p>\n<p style=\"margin-top: .1pt;\"><span style=\"font-size: 13pt;\">Pbro. Camilo Daniel P\u00e9rez<\/span><\/p>\n<p style=\"margin-top: .1pt;\"><span lang=\"ES\" style=\"font-size: 13.0pt;\">P. Javier \u00c1vila Aguirre, S.J. <o:p><\/o:p><\/span><\/p>\n<p style=\"margin-top: .1pt;\"><span lang=\"ES\" style=\"font-size: 13.0pt;\">P. Javier Campos Morales, S.J. Superior de la Comunidad de Jesuitas de Tarahumara <o:p><\/o:p><\/span><\/p>\n<p style=\"margin-top: .1pt;\"><span lang=\"ES\" style=\"font-size: 13.0pt;\">Jorge G. Cruz Russek <o:p><\/o:p><\/span><\/p>\n<p style=\"margin-top: .1pt;\"><span lang=\"ES\" style=\"font-size: 13.0pt;\">P. Miguel Quintanilla, S. J. <o:p><\/o:p><\/span><\/p>\n<p style=\"margin-top: .1pt;\"><span lang=\"ES\" style=\"font-size: 13.0pt;\">Rossina Uranga Barri<o:p><\/o:p><\/span><\/p>\n<p style=\"margin-top: .1pt;\"><span lang=\"ES\" style=\"font-size: 13.0pt;\">Lucero de Lourdes Esp\u00edndola de la Vega <o:p><\/o:p><\/span><\/p>\n<p style=\"margin-top: .1pt;\"><span lang=\"ES\" style=\"font-size: 13.0pt;\">Mar\u00eda Hilda De la Vega Cobos <o:p><\/o:p><\/span><\/p>\n<p style=\"margin-top: .1pt;\"><span lang=\"ES\" style=\"font-size: 13.0pt;\">Lucha Castro, defensora de Derechos Humanos <o:p><\/o:p><\/span><\/p>\n<p style=\"margin-top: .1pt;\"><span lang=\"ES\" style=\"font-size: 13.0pt;\">Martha Paola S\u00e1enz Sol\u00eds <o:p><\/o:p><\/span><\/p>\n<p style=\"margin-top: .1pt;\"><span lang=\"ES\" style=\"font-size: 13.0pt;\">Alberto Rodr\u00edguez Cervantes <o:p><\/o:p><\/span><\/p>\n<p style=\"margin-top: .1pt;\"><span lang=\"ES\" style=\"font-size: 13.0pt;\">David Lauer<o:p><\/o:p><\/span><\/p>\n","protected":false},"excerpt":{"rendered":"<p>Chihuahua, Chih., a 17 de octubre de 2020. Las organizaciones de la sociedad civil y personas que firmamos este documento, exhortamos al Presidente de la Rep\u00fablica, Andr\u00e9s Manuel L\u00f3pez Obrador, y al Gobernador del Estado de Chihuahua, Javier Corral Jurado, a que restablezcan cuanto antes el di\u00e1logo para que prevalezca la relaci\u00f3n institucional y republicana [&hellip;]<\/p>\n","protected":false},"author":2,"featured_media":0,"comment_status":"open","ping_status":"open","sticky":false,"template":"","format":"standard","meta":{"footnotes":""},"categories":[1],"tags":[],"class_list":["post-1160","post","type-post","status-publish","format-standard","hentry","category-sin-categoria"],"_links":{"self":[{"href":"https:\/\/cedehm.org.mx\/en\/wp-json\/wp\/v2\/posts\/1160","targetHints":{"allow":["GET"]}}],"collection":[{"href":"https:\/\/cedehm.org.mx\/en\/wp-json\/wp\/v2\/posts"}],"about":[{"href":"https:\/\/cedehm.org.mx\/en\/wp-json\/wp\/v2\/types\/post"}],"author":[{"embeddable":true,"href":"https:\/\/cedehm.org.mx\/en\/wp-json\/wp\/v2\/users\/2"}],"replies":[{"embeddable":true,"href":"https:\/\/cedehm.org.mx\/en\/wp-json\/wp\/v2\/comments?post=1160"}],"version-history":[{"count":1,"href":"https:\/\/cedehm.org.mx\/en\/wp-json\/wp\/v2\/posts\/1160\/revisions"}],"predecessor-version":[{"id":1636,"href":"https:\/\/cedehm.org.mx\/en\/wp-json\/wp\/v2\/posts\/1160\/revisions\/1636"}],"wp:attachment":[{"href":"https:\/\/cedehm.org.mx\/en\/wp-json\/wp\/v2\/media?parent=1160"}],"wp:term":[{"taxonomy":"category","embeddable":true,"href":"https:\/\/cedehm.org.mx\/en\/wp-json\/wp\/v2\/categories?post=1160"},{"taxonomy":"post_tag","embeddable":true,"href":"https:\/\/cedehm.org.mx\/en\/wp-json\/wp\/v2\/tags?post=1160"}],"curies":[{"name":"wp","href":"https:\/\/api.w.org\/{rel}","templated":true}]}}