{"id":1255,"date":"2018-02-24T20:12:00","date_gmt":"2018-02-24T20:12:00","guid":{"rendered":"https:\/\/cedehm.org.mx\/en\/2018\/02\/24\/autoridades-pretenden-mediar-entre-organizaciones-de-derechos-humanos-y-depredadores-de-recursos-naturales\/"},"modified":"2018-02-24T20:12:00","modified_gmt":"2018-02-24T20:12:00","slug":"autoridades-pretenden-mediar-entre-organizaciones-de-derechos-humanos-y-depredadores-de-recursos-naturales","status":"publish","type":"post","link":"https:\/\/cedehm.org.mx\/en\/2018\/02\/24\/autoridades-pretenden-mediar-entre-organizaciones-de-derechos-humanos-y-depredadores-de-recursos-naturales\/","title":{"rendered":"AUTORIDADES PRETENDEN MEDIAR ENTRE ORGANIZACIONES DE DERECHOS HUMANOS  Y DEPREDADORES DE RECURSOS NATURALES"},"content":{"rendered":"<div style=\"text-align: justify;\"><span style=\"font-family: Arial, Helvetica, sans-serif;\"><br \/><\/span><\/div>\n<div style=\"clear: both; text-align: center;\"><a href=\"https:\/\/3.bp.blogspot.com\/-pzqbZ07JEa4\/WpHGyhpEheI\/AAAAAAAACsI\/a82oRtNGBPkmBxJoxYUCs16hRrx-0qacQCL0BGAs\/w1060-d-h796-n\/FEA63213-2C8E-40CB-9CB4-9BF02FDB61E0.jpeg\" style=\"margin-left: 1em; margin-right: 1em;\"><img loading=\"lazy\" decoding=\"async\" border=\"0\" data-original-height=\"796\" data-original-width=\"1060\" height=\"300\" src=\"https:\/\/3.bp.blogspot.com\/-pzqbZ07JEa4\/WpHGyhpEheI\/AAAAAAAACsI\/a82oRtNGBPkmBxJoxYUCs16hRrx-0qacQCL0BGAs\/w1060-d-h796-n\/FEA63213-2C8E-40CB-9CB4-9BF02FDB61E0.jpeg\" width=\"400\" \/><\/a><\/div>\n<div style=\"text-align: justify;\"><span style=\"font-family: Arial, Helvetica, sans-serif;\"><br \/><\/span><\/div>\n<div style=\"text-align: justify;\"><span style=\"font-family: Arial, Helvetica, sans-serif;\"><br \/><\/span><\/div>\n<div style=\"text-align: justify;\"><span style=\"font-family: Arial, Helvetica, sans-serif;\">Chihuahua, Chih. a 24 de febrero de 2018.- El d\u00eda de ayer se realiz\u00f3 una reuni\u00f3n entre autoridades federales, estatales y organizaciones de la sociedad civil, para revisar casos concretos en materia agrario-ambiental en los que existen flagrantes violaciones a derechos humanos. Estas reuniones se han sostenido desde abril del a\u00f1o pasado, por acuerdo de la Subsercretar\u00eda de Derechos Humanos de la Secretar\u00eda de Gobernaci\u00f3n.<\/span><\/div>\n<div style=\"text-align: justify;\"><span style=\"font-family: Arial, Helvetica, sans-serif;\"><br \/><\/span><\/div>\n<div style=\"text-align: justify;\"><span style=\"font-family: Arial, Helvetica, sans-serif;\">A la reuni\u00f3n asistieron, por iniciativa de la Secretar\u00eda General de Gobierno de Chihuahua, el grupo de personas que ostentan t\u00edtulos ap\u00f3crifos y quienes son responsables de la sobreexplotaci\u00f3n ilegal de la Cuenca Hidrol\u00f3gica Del R\u00edo del Carmen que se encuentra en veda por decreto Presidencial, uno de los temas que ha intentando solucionarse pues es incuestionable el da\u00f1o al medio ambiente.<\/span><\/div>\n<div style=\"text-align: justify;\"><span style=\"font-family: Arial, Helvetica, sans-serif;\"><br \/><\/span><\/div>\n<div style=\"text-align: justify;\"><span style=\"font-family: Arial, Helvetica, sans-serif;\">Ante la posibilidad de un intento de mediaci\u00f3n o negociaci\u00f3n, con quienes abierta e impunemente agotan el recurso h\u00eddrico en perjuicio principalmente de peque\u00f1os y medianos productores y que representa un da\u00f1o irreparable para la entidad; las organizaciones nos opusimos a sentarnos con estas personas en la mesa quienes adem\u00e1s, enfrentan procesos penales por delitos contra el medio ambiente.&nbsp;<\/span><\/div>\n<div style=\"text-align: justify;\"><span style=\"font-family: Arial, Helvetica, sans-serif;\"><br \/><\/span><\/div>\n<div style=\"text-align: justify;\"><span style=\"font-family: Arial, Helvetica, sans-serif;\">Esta ocasi\u00f3n, la reuni\u00f3n de casos concretos, se program\u00f3 para que coincidiera con la revisi\u00f3n del Plan de Contingencia derivado de la alerta de personas defensoras de derechos humanos y periodistas, en donde existen acciones encaminadas a prevenir agresiones, resolver la fuente del riesgo y fomentar el reconocimiento y legitimidad de la labor de defensa.&nbsp;<\/span><\/div>\n<div style=\"text-align: justify;\"><span style=\"font-family: Arial, Helvetica, sans-serif;\"><br \/><\/span><\/div>\n<div style=\"text-align: justify;\"><span style=\"font-family: Arial, Helvetica, sans-serif;\">Resulta totalmente contradictorio, que en el marco de acciones que buscan la protecci\u00f3n y el reconocimiento de las personas defensoras de derechos humanos, se fomenten acciones que pretendan mediar o negociar violaciones a derechos humanos, lo cual rechazamos categ\u00f3ricamente y exigimos, sin regateo, que las autoridades de todos los niveles cumplan con su obligaci\u00f3n de protecci\u00f3n del medio ambiente.&nbsp;<\/span><\/div>\n<div style=\"text-align: justify;\"><span style=\"font-family: Arial, Helvetica, sans-serif;\"><br \/><\/span><\/div>\n<div style=\"text-align: justify;\"><span style=\"font-family: Arial, Helvetica, sans-serif;\">Reprobamos que desde la Secretar\u00eda General de Gobierno se propicien situaciones como las de ayer, que deriv\u00f3 en una nota publicada en r\u00e1fagas el d\u00eda de hoy, espacio utilizado para difundir informaci\u00f3n dolosamente falsa, denostando nuestra labor y con claras intenciones de manipular la opini\u00f3n p\u00fablica para favorecer intereses particulares.<\/span><\/div>\n<div style=\"text-align: justify;\"><span style=\"font-family: Arial, Helvetica, sans-serif;\"><br \/><\/span><\/div>\n<div style=\"text-align: justify;\"><span style=\"font-family: Arial, Helvetica, sans-serif;\"><br \/><\/span><\/div>\n<div style=\"text-align: justify;\"><span style=\"font-family: Arial, Helvetica, sans-serif;\">Alianza Sierra Madre, A.C. (ASMAC)<\/span><\/div>\n<div style=\"text-align: justify;\"><span style=\"font-family: Arial, Helvetica, sans-serif;\">Bowerasa, A.C. Haciendo Camino<\/span><\/div>\n<div style=\"text-align: justify;\"><span style=\"font-family: Arial, Helvetica, sans-serif;\">Centro de Atenci\u00f3n a la Mujer Trabajadora, A.C. (CAMT)<\/span><\/div>\n<div style=\"text-align: justify;\"><span style=\"font-family: Arial, Helvetica, sans-serif;\">Centro de Derechos Humanos de las Mujeres, A.C. (CEDEHM)<\/span><\/div>\n<div style=\"text-align: justify;\"><span style=\"font-family: Arial, Helvetica, sans-serif;\">Consultor\u00eda T\u00e9cnica Comunitaria, A.C. (CONTEC)<\/span><\/div>\n<div style=\"text-align: justify;\"><span style=\"font-family: Arial, Helvetica, sans-serif;\">Ecos de Mirabal<\/span><\/div>\n<div style=\"text-align: justify;\"><span style=\"font-family: Arial, Helvetica, sans-serif;\">El Barz\u00f3n Chihuahua<\/span><\/div>\n<div style=\"text-align: justify;\"><span style=\"font-family: Arial, Helvetica, sans-serif;\">F\u00e1tima I.B.P.<\/span><\/div>\n<div style=\"text-align: justify;\"><span style=\"font-family: Arial, Helvetica, sans-serif;\">Grupo Abogadas Dem\u00f3cratas&nbsp;<\/span><\/div>\n<div style=\"text-align: justify;\"><span style=\"font-family: Arial, Helvetica, sans-serif;\">Mujeres Barzonistas<\/span><\/div>\n<div style=\"text-align: justify;\"><span style=\"font-family: Arial, Helvetica, sans-serif;\">Organizaci\u00f3n para la Defensa del Patrimonio Familiar y los Derechos Humanos, A.C. (UCD Chihuahua)<\/span><\/div>\n<div style=\"clear: both; text-align: center;\"><a href=\"https:\/\/3.bp.blogspot.com\/-pzqbZ07JEa4\/WpHGyhpEheI\/AAAAAAAACsI\/a82oRtNGBPkmBxJoxYUCs16hRrx-0qacQCL0BGAs\/w1060-d-h796-n\/FEA63213-2C8E-40CB-9CB4-9BF02FDB61E0.jpeg\" style=\"margin-left: 1em; margin-right: 1em;\"><img loading=\"lazy\" decoding=\"async\" border=\"0\" data-original-height=\"796\" data-original-width=\"1060\" height=\"240\" src=\"https:\/\/3.bp.blogspot.com\/-pzqbZ07JEa4\/WpHGyhpEheI\/AAAAAAAACsI\/a82oRtNGBPkmBxJoxYUCs16hRrx-0qacQCL0BGAs\/w1060-d-h796-n\/FEA63213-2C8E-40CB-9CB4-9BF02FDB61E0.jpeg\" width=\"320\" \/><\/a><\/div>\n<div><\/div>\n","protected":false},"excerpt":{"rendered":"<p>Chihuahua, Chih. a 24 de febrero de 2018.- El d\u00eda de ayer se realiz\u00f3 una reuni\u00f3n entre autoridades federales, estatales y organizaciones de la sociedad civil, para revisar casos concretos en materia agrario-ambiental en los que existen flagrantes violaciones a derechos humanos. Estas reuniones se han sostenido desde abril del a\u00f1o pasado, por acuerdo de [&hellip;]<\/p>\n","protected":false},"author":2,"featured_media":0,"comment_status":"open","ping_status":"open","sticky":false,"template":"","format":"standard","meta":{"footnotes":""},"categories":[1],"tags":[],"class_list":["post-1255","post","type-post","status-publish","format-standard","hentry","category-sin-categoria"],"_links":{"self":[{"href":"https:\/\/cedehm.org.mx\/en\/wp-json\/wp\/v2\/posts\/1255","targetHints":{"allow":["GET"]}}],"collection":[{"href":"https:\/\/cedehm.org.mx\/en\/wp-json\/wp\/v2\/posts"}],"about":[{"href":"https:\/\/cedehm.org.mx\/en\/wp-json\/wp\/v2\/types\/post"}],"author":[{"embeddable":true,"href":"https:\/\/cedehm.org.mx\/en\/wp-json\/wp\/v2\/users\/2"}],"replies":[{"embeddable":true,"href":"https:\/\/cedehm.org.mx\/en\/wp-json\/wp\/v2\/comments?post=1255"}],"version-history":[{"count":0,"href":"https:\/\/cedehm.org.mx\/en\/wp-json\/wp\/v2\/posts\/1255\/revisions"}],"wp:attachment":[{"href":"https:\/\/cedehm.org.mx\/en\/wp-json\/wp\/v2\/media?parent=1255"}],"wp:term":[{"taxonomy":"category","embeddable":true,"href":"https:\/\/cedehm.org.mx\/en\/wp-json\/wp\/v2\/categories?post=1255"},{"taxonomy":"post_tag","embeddable":true,"href":"https:\/\/cedehm.org.mx\/en\/wp-json\/wp\/v2\/tags?post=1255"}],"curies":[{"name":"wp","href":"https:\/\/api.w.org\/{rel}","templated":true}]}}