{"id":1329,"date":"2016-05-27T15:49:00","date_gmt":"2016-05-27T15:49:00","guid":{"rendered":"https:\/\/cedehm.org.mx\/en\/2016\/05\/27\/estados-miembro-de-la-organizacion-de-los-estados-americanos\/"},"modified":"2016-05-27T15:49:00","modified_gmt":"2016-05-27T15:49:00","slug":"estados-miembro-de-la-organizacion-de-los-estados-americanos","status":"publish","type":"post","link":"https:\/\/cedehm.org.mx\/en\/2016\/05\/27\/estados-miembro-de-la-organizacion-de-los-estados-americanos\/","title":{"rendered":"Estados miembro de la Organizaci\u00f3n de los Estados Americanos"},"content":{"rendered":"<div style=\"margin-bottom: 10.0pt; text-align: justify;\"><span style=\"font-family: Arial, Helvetica, sans-serif;\"><br \/><\/span><\/div>\n<div style=\"clear: both; text-align: center;\"><a href=\"https:\/\/2.bp.blogspot.com\/-iZn7I3ZzsNs\/V0hsjfuiwvI\/AAAAAAAAB8s\/kV1K9EsJQNgBmu9e4mlvJVSgNmo41THWQCLcB\/s1600\/oea.png\" style=\"margin-left: 1em; margin-right: 1em;\"><img loading=\"lazy\" decoding=\"async\" border=\"0\" height=\"348\" src=\"https:\/\/2.bp.blogspot.com\/-iZn7I3ZzsNs\/V0hsjfuiwvI\/AAAAAAAAB8s\/kV1K9EsJQNgBmu9e4mlvJVSgNmo41THWQCLcB\/s640\/oea.png\" width=\"640\" \/><\/a><\/div>\n<div style=\"margin-bottom: 10.0pt; text-align: justify;\"><\/div>\n<div style=\"margin-bottom: 10.0pt; text-align: justify;\"><span style=\"font-family: Arial, Helvetica, sans-serif;\">La Coalici\u00f3n de organizaciones por los Derechos Humanos en las Am\u00e9ricas, adem\u00e1s de otras redes regionales y globales de sociedad civil, queremos mostrar nuestra preocupaci\u00f3n por la grave crisis financiera que atraviesa la Comisi\u00f3n Interamericana de Derechos Humanos (CIDH). Es por eso que suscribimos la presente carta, apelando a todos los Estados miembro de la Organizaci\u00f3n de los Estados Americanos (OEA), para que tomen las medidas necesarias que garanticen su inmediato y adecuado financiamiento. Asimismo, hacemos un llamado urgente a la creaci\u00f3n de un fondo sostenible de financiamiento para los \u00f3rganos del Sistema Interamericano de Derechos Humanos (SIDH), a fin de atender la precaria&nbsp; situaci\u00f3n que se viene dando desde hace a\u00f1os, tanto en la Comisi\u00f3n como en la Corte Interamericana de Derechos Humanos. <o:p><\/o:p><\/span><\/div>\n<div style=\"margin-bottom: 10.0pt; text-align: justify;\"><span style=\"font-family: Arial, Helvetica, sans-serif;\">La CIDH es uno de los \u00f3rganos principales de protecci\u00f3n cuyo mandato consiste en promover la observancia de los derechos humanos en la regi\u00f3n y actuar como \u00f3rgano consultivo de la OEA en la materia. Es el \u00fanico mecanismo regional que supervisa las obligaciones de todos los pa\u00edses miembros de la OEA en esta materia, y constituye el \u00faltimo recurso de defensa frente a violaciones de los derechos fundamentales en el continente. <o:p><\/o:p><\/span><\/div>\n<div style=\"margin-bottom: 10.0pt; text-align: justify;\"><span style=\"font-family: Arial, Helvetica, sans-serif;\">La CIDH es un referente internacional por su gran labor de protecci\u00f3n a miles de defensoras y defensores de derechos humanos, que viven amenazados y criminalizados en las Am\u00e9ricas. Este \u00f3rgano, vela por los derechos de los pueblos ind\u00edgenas y afrodescendientes, de las mujeres y ni\u00f1as, personas con discapacidad y de las personas LGTBI, entre otros colectivos, en su lucha por erradicar la discriminaci\u00f3n. El rol de la CIDH, no s\u00f3lo en el \u00e1mbito de protecci\u00f3n de los derechos humanos, sino tambi\u00e9n en el de acci\u00f3n para promover su cumplimiento, alcanza a casi mil millones de habitantes a lo largo y ancho de la regi\u00f3n. <o:p><\/o:p><\/span><\/div>\n<div style=\"margin-bottom: 10.0pt; text-align: justify;\"><span style=\"font-family: Arial, Helvetica, sans-serif;\">A pesar de ello, la Comisi\u00f3n Interamericana ha contado, hist\u00f3ricamente, con un presupuesto exiguo, que actualmente ha llegado al grado de comprometer la efectiva realizaci\u00f3n de sus funciones b\u00e1sicas y de su mandato, asignado por los Estados Miembro de la OEA. La propia Comisi\u00f3n anunci\u00f3 que el 31 de julio de 2016 se vencen los contratos del 40% de su personal y que no cuenta con los fondos, ni con la expectativa de recibirlos, para poder renovarlos. Adem\u00e1s inform\u00f3 la suspensi\u00f3n de las visitas a pa\u00edses previstas para este a\u00f1o, as\u00ed como la de los Per\u00edodos de Sesiones 159 y 160, programados originalmente para julio y octubre de este a\u00f1o.<o:p><\/o:p><\/span><\/div>\n<div style=\"margin-bottom: 10.0pt; text-align: justify;\"><span style=\"font-family: Arial, Helvetica, sans-serif;\">En contraste con otros \u00f3rganos de protecci\u00f3n de derechos humanos, nacionales e internacionales, el financiamiento que recibe la CIDH del fondo regular de la OEA, es decir, de los Estados miembro, es contradictorio con los deseos de los pa\u00edses de aspirar a una regi\u00f3n m\u00e1s democr\u00e1tica. En 2016, dicho fondo le asign\u00f3 un monto de alrededor de&nbsp;5.4287,9 millones de d\u00f3lares, lo que constituye un 6,44% del total del presupuesto anual de la OEA \u23afel Consejo de Europa destina el 41,5% de su presupuesto a la promoci\u00f3n y protecci\u00f3n de los derechos humanos. <o:p><\/o:p><\/span><\/div>\n<div style=\"margin-bottom: 10.0pt; text-align: justify;\"><span style=\"font-family: Arial, Helvetica, sans-serif;\">Si bien la Asamblea General de la OEA, ha aprobado en el pasado resoluciones comprometi\u00e9ndose a atender esta situaci\u00f3n, las mismas no se han materializado con el necesario aumento de recursos que le permita tanto a la Comisi\u00f3n Interamericana como a la Corte \u23afla cual, si nada cambia, ver\u00e1 reducido su presupuesto una tercera parte, para finales de este a\u00f1o\u23af, contar con el financiamiento adecuado para llevar a cabo sus mandatos. <o:p><\/o:p><\/span><\/div>\n<div style=\"margin-bottom: 10.0pt; text-align: justify;\"><span style=\"font-family: Arial, Helvetica, sans-serif;\">As\u00ed, esta petici\u00f3n tiene como fin no s\u00f3lo el que la CIDH pueda continuar con sus actividades programadas para el a\u00f1o en curso, que pueda renovar los contratos del 40% de su personal, as\u00ed como llevar a cabo sus per\u00edodos 159 y 160, sino tambi\u00e9n el que se pueda crear definitivamente una estructura que convierta en una pr\u00e1ctica sostenible la financiaci\u00f3n de este \u00f3rgano y el de la Corte Interamericana de Derechos Humanos, aumentando significativamente el presupuesto que la OEA asigna a la SIDH. <o:p><\/o:p><\/span><\/div>\n<div style=\"margin-bottom: 10.0pt; text-align: justify;\"><span style=\"font-family: Arial, Helvetica, sans-serif;\">Las organizaciones de la sociedad civil firmantes, vemos en esta crisis una oportunidad \u00fanica para consolidar el compromiso de los Estados miembro de la OEA, con los derechos humanos en el continente. Es por eso que les emplazamos a encontrar la manera de construir una estructura s\u00f3lida y robusta, que garantice la protecci\u00f3n de las herramientas que el SIDH proporciona a millones de personas en las Am\u00e9ricas. <o:p><\/o:p><\/span><\/div>\n<div style=\"margin-bottom: 10.0pt; text-align: justify;\"><span style=\"font-family: Arial, Helvetica, sans-serif;\">Atentamente,<o:p><\/o:p><\/span><\/div>\n<div><span style=\"font-family: Arial, Helvetica, sans-serif;\"><u>Argentina<\/u><o:p><\/o:p><\/span><\/div>\n<div><span style=\"font-family: Arial, Helvetica, sans-serif;\">Cl\u00ednica en Discapacidad y Derechos Humanos, Universidad Nacional de Mar del Plata<o:p><\/o:p><\/span><\/div>\n<div><span style=\"font-family: Arial, Helvetica, sans-serif;\">Centro de Estudios Legales y Sociales (CELS)<o:p><\/o:p><\/span><\/div>\n<div><\/div>\n<div><span style=\"font-family: Arial, Helvetica, sans-serif;\"><u>Brasil<\/u><o:p><\/o:p><\/span><\/div>\n<div><span style=\"font-family: Arial, Helvetica, sans-serif;\">Associa\u00e7\u00e3o Ju\u00edzes para a Democracia (AJD)<o:p><\/o:p><\/span><\/div>\n<div><span style=\"font-family: Arial, Helvetica, sans-serif;\">Articula\u00e7\u00e3o para o Monitoramento dos Direitos Humanos no Brasil<o:p><\/o:p><\/span><\/div>\n<div><span style=\"font-family: Arial, Helvetica, sans-serif;\">Centro de Agricultura Alternativa do Norte de Minas (CAA\/NM)<o:p><\/o:p><\/span><\/div>\n<div><span style=\"font-family: Arial, Helvetica, sans-serif;\">Conselho Indigenista Mission\u00e1rio (CIMI)<o:p><\/o:p><\/span><\/div>\n<div><span style=\"font-family: Arial, Helvetica, sans-serif;\">Conectas Direitos Humanos<o:p><\/o:p><\/span><\/div>\n<div><span style=\"font-family: Arial, Helvetica, sans-serif;\">FIAN Brasil<o:p><\/o:p><\/span><\/div>\n<div><span style=\"font-family: Arial, Helvetica, sans-serif;\">Grupo Tortura Nunca Mais do Rio de Janeiro<o:p><\/o:p><\/span><\/div>\n<div><span style=\"font-family: Arial, Helvetica, sans-serif;\">Instituto de Estudos Socioecon\u00f3micos \u2013 INESC<o:p><\/o:p><\/span><\/div>\n<div><span style=\"font-family: Arial, Helvetica, sans-serif;\">Justi\u00e7a Global<o:p><\/o:p><\/span><\/div>\n<div><span style=\"font-family: Arial, Helvetica, sans-serif;\">Movimento dos Atingidos e Atingidas por Barragem (MAB)<o:p><\/o:p><\/span><\/div>\n<div><\/div>\n<div><span style=\"font-family: Arial, Helvetica, sans-serif;\"><u>Bolivia<\/u><o:p><\/o:p><\/span><\/div>\n<div><span style=\"font-family: Arial, Helvetica, sans-serif;\">Oficina Jur\u00eddica Para la Mujer<o:p><\/o:p><\/span><\/div>\n<div><\/div>\n<div><span style=\"font-family: Arial, Helvetica, sans-serif;\"><u>Canad\u00e1<\/u><o:p><\/o:p><\/span><\/div>\n<div><span style=\"font-family: Arial, Helvetica, sans-serif;\">Abogados sin fronteras<o:p><\/o:p><\/span><\/div>\n<div><\/div>\n<div><span style=\"font-family: Arial, Helvetica, sans-serif;\"><u>Colombia<\/u><o:p><\/o:p><\/span><\/div>\n<div><span style=\"font-family: Arial, Helvetica, sans-serif;\">Colectivo de Abogados Jos\u00e9 Alvear Restrepo (CCAJAR)<o:p><\/o:p><\/span><\/div>\n<div><span style=\"font-family: Arial, Helvetica, sans-serif;\">Colectivo Socio jur\u00eddico Orlando Fals Borda<o:p><\/o:p><\/span><\/div>\n<div><span style=\"font-family: Arial, Helvetica, sans-serif;\">Comisi\u00f3n Colombiana de Juristas (CCJ)<o:p><\/o:p><\/span><\/div>\n<div><span style=\"font-family: Arial, Helvetica, sans-serif;\">Comisi\u00f3n Intereclesial de Justicia y Paz de Colombia<o:p><\/o:p><\/span><\/div>\n<div><span style=\"font-family: Arial, Helvetica, sans-serif;\">Consultorio Jur\u00eddico Internacional de la Facultad de Derecho de la Universidad Santo Tom\u00e1s -Bogot\u00e1-<o:p><\/o:p><\/span><\/div>\n<div><span style=\"font-family: Arial, Helvetica, sans-serif;\">Corporaci\u00f3n REINICIAR<o:p><\/o:p><\/span><\/div>\n<div><span style=\"font-family: Arial, Helvetica, sans-serif;\">Consultor\u00eda para los Derechos Humanos y el Desplazamiento Forzado (CODHES)<o:p><\/o:p><\/span><\/div>\n<div><span style=\"font-family: Arial, Helvetica, sans-serif;\">Corporaci\u00f3n Jur\u00eddica Libertad<o:p><\/o:p><\/span><\/div>\n<div><span style=\"font-family: Arial, Helvetica, sans-serif;\">Corporaci\u00f3n Jur\u00eddica Yira Castro<o:p><\/o:p><\/span><\/div>\n<div><span style=\"font-family: Arial, Helvetica, sans-serif;\">Corporaci\u00f3n Sisma Mujer<o:p><\/o:p><\/span><\/div>\n<div><span style=\"font-family: Arial, Helvetica, sans-serif;\">FIAN Colombia<o:p><\/o:p><\/span><\/div>\n<div><span style=\"font-family: Arial, Helvetica, sans-serif;\">Fundaci\u00f3n Comit\u00e9 de Solidaridad con los Presos Pol\u00edticos<o:p><\/o:p><\/span><\/div>\n<div><span style=\"font-family: Arial, Helvetica, sans-serif;\">Red Colombiana de Mujeres por los Derechos Sexuales y Reproductivos<o:p><\/o:p><\/span><\/div>\n<div><\/div>\n<div><span style=\"font-family: Arial, Helvetica, sans-serif;\"><u>Costa Rica<\/u><o:p><\/o:p><\/span><\/div>\n<div><span style=\"font-family: Arial, Helvetica, sans-serif;\">Agenda Pol\u00edtica de Mujeres<o:p><\/o:p><\/span><\/div>\n<div><span style=\"font-family: Arial, Helvetica, sans-serif;\">Asociaci\u00f3n Ciudadana ACCEDER<o:p><\/o:p><\/span><\/div>\n<div><span style=\"font-family: Arial, Helvetica, sans-serif;\">Asociaci\u00f3n Gerontol\u00f3gica Costarricense (AGECO)<o:p><\/o:p><\/span><\/div>\n<div><span style=\"font-family: Arial, Helvetica, sans-serif;\">Asociaci\u00f3n Manu<o:p><\/o:p><\/span><\/div>\n<div><span style=\"font-family: Arial, Helvetica, sans-serif;\">Beso Diverso<o:p><\/o:p><\/span><\/div>\n<div><span style=\"font-family: Arial, Helvetica, sans-serif;\">Centro de Investigaci\u00f3n y Promoci\u00f3n para Am\u00e9rica Central de Derechos Humanos (CIPAC)<o:p><\/o:p><\/span><\/div>\n<div><span style=\"font-family: Arial, Helvetica, sans-serif;\">Centro Feminista de Informaci\u00f3n y Acci\u00f3n (CEFEMINA)<o:p><\/o:p><\/span><\/div>\n<div><span style=\"font-family: Arial, Helvetica, sans-serif;\">Centro Internacional para los Derechos Humanos de los Migrantes (CIDEHUM)<o:p><\/o:p><\/span><\/div>\n<div><span style=\"font-family: Arial, Helvetica, sans-serif;\">Colectiva Caminando<o:p><\/o:p><\/span><\/div>\n<div><span style=\"font-family: Arial, Helvetica, sans-serif;\">Colectiva Irreversibles<o:p><\/o:p><\/span><\/div>\n<div><span style=\"font-family: Arial, Helvetica, sans-serif;\">Colectivo de Ciclismo Urbano \u2018Las Luci\u00e9rnagas\u2019<o:p><\/o:p><\/span><\/div>\n<div><span style=\"font-family: Arial, Helvetica, sans-serif;\">Confederaci\u00f3n de Trabajadores Rerum Novarum (CTRN)<o:p><\/o:p><\/span><\/div>\n<div><span style=\"font-family: Arial, Helvetica, sans-serif;\">Defensa de Ni\u00f1as y Ni\u00f1os (Internacional DNI)<o:p><\/o:p><\/span><\/div>\n<div><span style=\"font-family: Arial, Helvetica, sans-serif;\">Este es Mi Cuerpo<o:p><\/o:p><\/span><\/div>\n<div><span style=\"font-family: Arial, Helvetica, sans-serif;\">Familias Diversas<o:p><\/o:p><\/span><\/div>\n<div><span style=\"font-family: Arial, Helvetica, sans-serif;\">Federaci\u00f3n de Estudiantes de la Universidad de Costa Rica<o:p><\/o:p><\/span><\/div>\n<div><span style=\"font-family: Arial, Helvetica, sans-serif;\">Foro por los Derechos de las Personas con Discapacidad<o:p><\/o:p><\/span><\/div>\n<div><span style=\"font-family: Arial, Helvetica, sans-serif;\">Frente por los Derechos igualitarios<o:p><\/o:p><\/span><\/div>\n<div><span style=\"font-family: Arial, Helvetica, sans-serif;\">Fundaci\u00f3n Bandera Ecol\u00f3gica<o:p><\/o:p><\/span><\/div>\n<div><span style=\"font-family: Arial, Helvetica, sans-serif;\">Fundaci\u00f3n PANIAMOR<o:p><\/o:p><\/span><\/div>\n<div><span style=\"font-family: Arial, Helvetica, sans-serif;\">Furia Rosa<o:p><\/o:p><\/span><\/div>\n<div><span style=\"font-family: Arial, Helvetica, sans-serif;\">Grupo Poder Ciudadano<o:p><\/o:p><\/span><\/div>\n<div><span style=\"font-family: Arial, Helvetica, sans-serif;\">Hijas de la Negrita<o:p><\/o:p><\/span><\/div>\n<div><span style=\"font-family: Arial, Helvetica, sans-serif;\">MULABI &#8211; Espacio Latinoamericano de Sexualidades y Derechos<o:p><\/o:p><\/span><\/div>\n<div><span style=\"font-family: Arial, Helvetica, sans-serif;\">Peras del Olmo<o:p><\/o:p><\/span><\/div>\n<div><span style=\"font-family: Arial, Helvetica, sans-serif;\">Personas, sexualidades y g\u00e9neros (PSG)<o:p><\/o:p><\/span><\/div>\n<div><span style=\"font-family: Arial, Helvetica, sans-serif;\">\u00bfPiropos o acoso?<o:p><\/o:p><\/span><\/div>\n<div><span style=\"font-family: Arial, Helvetica, sans-serif;\">Proyecto Lyra<o:p><\/o:p><\/span><\/div>\n<div><span style=\"font-family: Arial, Helvetica, sans-serif;\">Psicology Community<o:p><\/o:p><\/span><\/div>\n<div><span style=\"font-family: Arial, Helvetica, sans-serif;\">Red Feminista contra la Violencia hacia las Mujeres<o:p><\/o:p><\/span><\/div>\n<div><span style=\"font-family: Arial, Helvetica, sans-serif;\">Servicio Jesuita para Migrantes<o:p><\/o:p><\/span><\/div>\n<div><span style=\"font-family: Arial, Helvetica, sans-serif;\">T\u00edo Hugo<o:p><\/o:p><\/span><\/div>\n<div><span style=\"font-family: Arial, Helvetica, sans-serif;\">Uni\u00f3n Asesora Afrodescendiente (UNASAF)<o:p><\/o:p><\/span><\/div>\n<div><\/div>\n<div><span style=\"font-family: Arial, Helvetica, sans-serif;\"><u>Ecuador<\/u><o:p><\/o:p><\/span><\/div>\n<div><span style=\"font-family: Arial, Helvetica, sans-serif;\">Centro de Documentaci\u00f3n en Derechos Humanos \u201cSegundo Montes Mozo S.J.\u201d (CSMM)<o:p><\/o:p><\/span><\/div>\n<div><span style=\"font-family: Arial, Helvetica, sans-serif;\">Comisi\u00f3n Ecum\u00e9nica de Derechos Humanos (CEDHU)<o:p><\/o:p><\/span><\/div>\n<div><span style=\"font-family: Arial, Helvetica, sans-serif;\">Comit\u00e9 Permanente por la Defensa de los Derechos Humanos de Guayaquil (CDH)<o:p><\/o:p><\/span><\/div>\n<div><span style=\"font-family: Arial, Helvetica, sans-serif;\">Comit\u00e9 Nacional de V\u00edctimas de Lesa Humanidad y Graves Violaciones de Derechos Humanos en Ecuador<o:p><\/o:p><\/span><\/div>\n<div><span style=\"font-family: Arial, Helvetica, sans-serif;\">Observatorio Sociolaboral y Di\u00e1logo Social en el Ecuador OSLADE<o:p><\/o:p><\/span><\/div>\n<div><span style=\"font-family: Arial, Helvetica, sans-serif;\">Pueblo Sarayaku<o:p><\/o:p><\/span><\/div>\n<div><\/div>\n<div><span style=\"font-family: Arial, Helvetica, sans-serif;\"><u>El Salvador<\/u><o:p><\/o:p><\/span><\/div>\n<div><span style=\"font-family: Arial, Helvetica, sans-serif;\">Agrupaci\u00f3n Ciudadana por la Despenalizaci\u00f3n del Aborto Terap\u00e9utico, Etico y Eugen\u00e9sico en El Salvador.<o:p><\/o:p><\/span><\/div>\n<div><span style=\"font-family: Arial, Helvetica, sans-serif;\">Asociaci\u00f3n Comunicando y Capacitando a Mujeres Trans con VIH en El Salvador (COMCAVIS TRANS)<o:p><\/o:p><\/span><\/div>\n<div><span style=\"font-family: Arial, Helvetica, sans-serif;\">Asociaci\u00f3n Pro B\u00fasqueda de Ni\u00f1as y Ni\u00f1os<o:p><\/o:p><\/span><\/div>\n<div><span style=\"font-family: Arial, Helvetica, sans-serif;\">Coalici\u00f3n Salvadore\u00f1a para la Corte Penal Internacional<o:p><\/o:p><\/span><\/div>\n<div><span style=\"font-family: Arial, Helvetica, sans-serif;\">Colectiva Feminista para el Desarrollo Local<o:p><\/o:p><\/span><\/div>\n<div><span style=\"font-family: Arial, Helvetica, sans-serif;\">Comisi\u00f3n de Derechos Humanos de El Salvador (CDHES)<o:p><\/o:p><\/span><\/div>\n<div><span style=\"font-family: Arial, Helvetica, sans-serif;\">Espacio de Mujeres Lesbianas por la Diversidad (ESMULES)<o:p><\/o:p><\/span><\/div>\n<div><span style=\"font-family: Arial, Helvetica, sans-serif;\">Fundaci\u00f3n de Estudios para la Aplicaci\u00f3n del Derecho (FESPAD)<o:p><\/o:p><\/span><\/div>\n<div><span style=\"font-family: Arial, Helvetica, sans-serif;\">Oficina de Tutela Legal Dra. Mar\u00eda Julia Hern\u00e1ndez<o:p><\/o:p><\/span><\/div>\n<div><span style=\"font-family: Arial, Helvetica, sans-serif;\">Red de Defensores y Defensoras de El Salvador<o:p><\/o:p><\/span><\/div>\n<div><span style=\"font-family: Arial, Helvetica, sans-serif;\">Red Salvadore\u00f1a de Defensoras de Derechos Humanos<o:p><\/o:p><\/span><\/div>\n<div><span style=\"font-family: Arial, Helvetica, sans-serif;\">Servicio Social Pasionista SSPAS<o:p><\/o:p><\/span><\/div>\n<div><\/div>\n<div><span style=\"font-family: Arial, Helvetica, sans-serif;\"><u>Estados Unidos<\/u><o:p><\/o:p><\/span><\/div>\n<div><span style=\"font-family: Arial, Helvetica, sans-serif;\">AFL-CIO, Central Sindical de los Estados Unidos<o:p><\/o:p><\/span><\/div>\n<div><span style=\"font-family: Arial, Helvetica, sans-serif;\"><span lang=\"EN-US\">American Civil Liberties Union (ACLU)<\/span><span lang=\"EN-US\"><o:p><\/o:p><\/span><\/span><\/div>\n<div><span style=\"font-family: Arial, Helvetica, sans-serif;\"><span lang=\"EN-US\">Center for Human Rights &amp; Constitutional Law<\/span><span lang=\"EN-US\"><o:p><\/o:p><\/span><\/span><\/div>\n<div><span style=\"font-family: Arial, Helvetica, sans-serif;\">Church World Service<o:p><\/o:p><\/span><\/div>\n<div><span style=\"font-family: Arial, Helvetica, sans-serif;\">Cl\u00ednica de Derechos Humanos de la Universidad de Texas<o:p><\/o:p><\/span><\/div>\n<div><span style=\"font-family: Arial, Helvetica, sans-serif;\"><span lang=\"EN-US\">Institute for Agriculture and Trade Policy<\/span><span lang=\"EN-US\"><o:p><\/o:p><\/span><\/span><\/div>\n<div><span style=\"font-family: Arial, Helvetica, sans-serif;\"><span lang=\"EN-US\">Institute for Policy Studies &#8211; Global Economy Program<\/span><span lang=\"EN-US\"><o:p><\/o:p><\/span><\/span><\/div>\n<div><span style=\"font-family: Arial, Helvetica, sans-serif;\"><span lang=\"EN-US\">National Security Archive<\/span><span lang=\"EN-US\"><o:p><\/o:p><\/span><\/span><\/div>\n<div><span style=\"font-family: Arial, Helvetica, sans-serif;\"><span lang=\"EN-US\">Sister Parish, Inc.<\/span><span lang=\"EN-US\"><o:p><\/o:p><\/span><\/span><\/div>\n<div><span style=\"font-family: Arial, Helvetica, sans-serif;\">Unitarian Universalist Service Committee<o:p><\/o:p><\/span><\/div>\n<div><\/div>\n<div><span style=\"font-family: Arial, Helvetica, sans-serif;\"><u>Guatemala<\/u><o:p><\/o:p><\/span><\/div>\n<div><span style=\"font-family: Arial, Helvetica, sans-serif;\">Alianza frente a la Criminalizaci\u00f3n<o:p><\/o:p><\/span><\/div>\n<div><span style=\"font-family: Arial, Helvetica, sans-serif;\">Asociaci\u00f3n El Refugio de la Ni\u00f1ez<o:p><\/o:p><\/span><\/div>\n<div><span style=\"font-family: Arial, Helvetica, sans-serif;\">Asociaci\u00f3n Familiares de Detenidos-Desaparecidos de Guatemala, FAMDEGUA<o:p><\/o:p><\/span><\/div>\n<div><span style=\"font-family: Arial, Helvetica, sans-serif;\">Asociaci\u00f3n para el Desarrollo Integral de las V\u00edctimas de la Violencia en las Verapaces, Maya Achi. (ADIVIMA)<o:p><\/o:p><\/span><\/div>\n<div><span style=\"font-family: Arial, Helvetica, sans-serif;\">Centro de Acci\u00f3n Legal-Ambiental y Social de Guatemala (CALAS)<o:p><\/o:p><\/span><\/div>\n<div><span style=\"font-family: Arial, Helvetica, sans-serif;\">Centro Internacional para Investigaciones en Derechos Humanos (CIIDH)<o:p><\/o:p><\/span><\/div>\n<div><span style=\"font-family: Arial, Helvetica, sans-serif;\">Centro para la Defensa Legal Ind\u00edgena (DLI)<o:p><\/o:p><\/span><\/div>\n<div><span style=\"font-family: Arial, Helvetica, sans-serif;\">Centro para la Acci\u00f3n Legal en Derechos Humanos (CALDH)<o:p><\/o:p><\/span><\/div>\n<div><span style=\"font-family: Arial, Helvetica, sans-serif;\">Comisi\u00f3n de Derechos Humanos de Guatemala<o:p><\/o:p><\/span><\/div>\n<div><span style=\"font-family: Arial, Helvetica, sans-serif;\">Comit\u00e9 de Desarrollo Campesino (CODECA)<o:p><\/o:p><\/span><\/div>\n<div><span style=\"font-family: Arial, Helvetica, sans-serif;\">Comunidades en Resistencia del Estor, Izabal<o:p><\/o:p><\/span><\/div>\n<div><span style=\"font-family: Arial, Helvetica, sans-serif;\">Convergencia por los Derechos Humanos<o:p><\/o:p><\/span><\/div>\n<div><span style=\"font-family: Arial, Helvetica, sans-serif;\">Grupo de Trabajo contra la Desaparici\u00f3n Forzado de Guatemala<o:p><\/o:p><\/span><\/div>\n<div><span style=\"font-family: Arial, Helvetica, sans-serif;\">Farmac\u00e9uticos Mundi Guatemala<o:p><\/o:p><\/span><\/div>\n<div><span style=\"font-family: Arial, Helvetica, sans-serif;\">Foro de ONG Internacionales en Guatemala (FONGI)<o:p><\/o:p><\/span><\/div>\n<div><span style=\"font-family: Arial, Helvetica, sans-serif;\">Fundaci\u00f3n Myrna Mack<o:p><\/o:p><\/span><\/div>\n<div><span style=\"font-family: Arial, Helvetica, sans-serif;\">Grupo Guatemalteco de Mujeres (GGM)<o:p><\/o:p><\/span><\/div>\n<div><span style=\"font-family: Arial, Helvetica, sans-serif;\">Guatemala Solidarit\u00e4t \u00d6sterreich (Austria-Guatemala)<o:p><\/o:p><\/span><\/div>\n<div><span style=\"font-family: Arial, Helvetica, sans-serif;\">Iniciativa Mesoamericana de Mujeres Defensoras de Derechos Humanos<o:p><\/o:p><\/span><\/div>\n<div><span style=\"font-family: Arial, Helvetica, sans-serif;\">Instituto de Estudios Comparados en Ciencias Penales de Guatemala (ICCPG)<o:p><\/o:p><\/span><\/div>\n<div><span style=\"font-family: Arial, Helvetica, sans-serif;\">Mujeres en Defensa del Territorio, Guatemala<o:p><\/o:p><\/span><\/div>\n<div><span style=\"font-family: Arial, Helvetica, sans-serif;\">Oficina de Derechos Humanos del Arzobispado de Guatemala (ODHAG)<o:p><\/o:p><\/span><\/div>\n<div><span style=\"font-family: Arial, Helvetica, sans-serif;\">Organizaci\u00f3n de Apoyo a una Sexualidad Integral frente al Sida (OASIS)<o:p><\/o:p><\/span><\/div>\n<div><span style=\"font-family: Arial, Helvetica, sans-serif;\">Red Nacional de Protecci\u00f3n de Defensoras de Guatemala<o:p><\/o:p><\/span><\/div>\n<div><span style=\"font-family: Arial, Helvetica, sans-serif;\">Red de la No Violencia contra las Mujeres (REDNOVI)<o:p><\/o:p><\/span><\/div>\n<div><span style=\"font-family: Arial, Helvetica, sans-serif;\">Iglesia Luterana ILUGUA de Guatemala<o:p><\/o:p><\/span><\/div>\n<div><\/div>\n<div><span style=\"font-family: Arial, Helvetica, sans-serif;\"><u>Honduras<\/u><o:p><\/o:p><\/span><\/div>\n<div><span style=\"font-family: Arial, Helvetica, sans-serif;\">Asociaci\u00f3n Colectiva de Mujeres Hondure\u00f1as (CODEMUH)<o:p><\/o:p><\/span><\/div>\n<div><span style=\"font-family: Arial, Helvetica, sans-serif;\">Asociaci\u00f3n de Jueces por la Democracia (AJD)<o:p><\/o:p><\/span><\/div>\n<div><span style=\"font-family: Arial, Helvetica, sans-serif;\">Casa Alianza Honduras<o:p><\/o:p><\/span><\/div>\n<div><span style=\"font-family: Arial, Helvetica, sans-serif;\">Comit\u00e9 por la Libertad de Expresi\u00f3n (C-Libre)<o:p><\/o:p><\/span><\/div>\n<div><span style=\"font-family: Arial, Helvetica, sans-serif;\">Centro de Investigaci\u00f3n y Promoci\u00f3n de los Derechos Humanos (CIPRODEH)<o:p><\/o:p><\/span><\/div>\n<div><span style=\"font-family: Arial, Helvetica, sans-serif;\">Comunidad Gay Sampedrana para la Salud Integral<o:p><\/o:p><\/span><\/div>\n<div><span style=\"font-family: Arial, Helvetica, sans-serif;\">Equipo de Reflexi\u00f3n, Investigaci\u00f3n y Comunicaci\u00f3n de la Compa\u00f1\u00eda de Jes\u00fas en Honduras (ERIC-SJ)<o:p><\/o:p><\/span><\/div>\n<div><span style=\"font-family: Arial, Helvetica, sans-serif;\">Espacio Asociaci\u00f3n de Cooperaci\u00f3n Internacional (ACI)<o:p><\/o:p><\/span><\/div>\n<div><span style=\"font-family: Arial, Helvetica, sans-serif;\">Foro de Mujeres por la Vida<o:p><\/o:p><\/span><\/div>\n<div><span style=\"font-family: Arial, Helvetica, sans-serif;\">Fundaci\u00f3n para la Salvaguardia del Medio Ambiente en el Democr\u00e1tico Desarrollo Socioecon\u00f3mico y de las Instituciones (FUNDAMBIENTE)<o:p><\/o:p><\/span><\/div>\n<div><span style=\"font-family: Arial, Helvetica, sans-serif;\">Movimiento Amplio por la Dignidad y la Justicia (MADJ)<o:p><\/o:p><\/span><\/div>\n<div><span style=\"font-family: Arial, Helvetica, sans-serif;\">Movimiento de Mujeres por la Paz \u00abVisitaci\u00f3n Padilla\u00bb<o:p><\/o:p><\/span><\/div>\n<div><span style=\"font-family: Arial, Helvetica, sans-serif;\">Organizaci\u00f3n Fraternal Negra Hondure\u00f1a, OFRANEH<o:p><\/o:p><\/span><\/div>\n<div><span style=\"font-family: Arial, Helvetica, sans-serif;\">Red L\u00e9sbica Cattrachas<o:p><\/o:p><\/span><\/div>\n<div><span style=\"font-family: Arial, Helvetica, sans-serif;\">Honduras Delegation, Honduras-Alemania<o:p><\/o:p><\/span><\/div>\n<div><span style=\"font-family: Arial, Helvetica, sans-serif;\">Cadena de Derechos Humanos Honduras (CADEHO), Honduras-Alemania<o:p><\/o:p><\/span><\/div>\n<div><\/div>\n<div><span style=\"font-family: Arial, Helvetica, sans-serif;\"><u>M\u00e9xico<\/u><o:p><\/o:p><\/span><\/div>\n<div><span style=\"font-family: Arial, Helvetica, sans-serif;\">Asociaci\u00f3n Jalisciense de Apoyo a los Grupos Ind\u00edgenas, A.C. (AJAGI) (Guadalajara, Jal.) <o:p><\/o:p><\/span><\/div>\n<div><span style=\"font-family: Arial, Helvetica, sans-serif;\">Bowerasa, A.C. \u201cHaciendo Camino\u201d (Chihuahua, Chih.) <o:p><\/o:p><\/span><\/div>\n<div><span style=\"font-family: Arial, Helvetica, sans-serif;\">Casa del Migrante de Saltillo (Saltillo, Coah.) <o:p><\/o:p><\/span><\/div>\n<div><span style=\"font-family: Arial, Helvetica, sans-serif;\">Cat\u00f3licas por el Derecho a Decidir, A.C. (Ciudad de M\u00e9xico) <o:p><\/o:p><\/span><\/div>\n<div><span style=\"font-family: Arial, Helvetica, sans-serif;\">Centro \u201cFray Juli\u00e1n Garc\u00e9s\u201d Derechos Humanos y Desarrollo Local, A. C. (Tlaxcala, Tlax.) <o:p><\/o:p><\/span><\/div>\n<div><span style=\"font-family: Arial, Helvetica, sans-serif;\">Centro de Apoyo al Trabajador, A.C. (CAT) (Ciudad de M\u00e9xico) <o:p><\/o:p><\/span><\/div>\n<div><span style=\"font-family: Arial, Helvetica, sans-serif;\">Centro de Derechos Humanos \u201cDon Sergio\u201d (Jiutepec, Mor.) <o:p><\/o:p><\/span><\/div>\n<div><span style=\"font-family: Arial, Helvetica, sans-serif;\">Centro de Derechos Humanos \u201cFray Bartolom\u00e9 de Las Casas\u201d, A. C. (San Crist\u00f3bal de Las Casas, Chis) <o:p><\/o:p><\/span><\/div>\n<div><span style=\"font-family: Arial, Helvetica, sans-serif;\">Centro de Derechos Humanos \u201cFray Francisco de Vitoria O.P.\u201d, A. C. (Ciudad de M\u00e9xico) <o:p><\/o:p><\/span><\/div>\n<div><span style=\"font-family: Arial, Helvetica, sans-serif;\">Centro de Derechos Humanos \u201cFray Mat\u00edas de C\u00f3rdova\u201d, A.C. (Tapachula, Chis.) <o:p><\/o:p><\/span><\/div>\n<div><span style=\"font-family: Arial, Helvetica, sans-serif;\">Centro de Derechos Humanos \u201cJuan Gerardi\u201d, A. C. (Torre\u00f3n, Coah.) <o:p><\/o:p><\/span><\/div>\n<div><span style=\"font-family: Arial, Helvetica, sans-serif;\">Centro de Derechos Humanos \u201cMiguel Agust\u00edn Pro Ju\u00e1rez\u201d, A. C. (Ciudad de M\u00e9xico) <o:p><\/o:p><\/span><\/div>\n<div><span style=\"font-family: Arial, Helvetica, sans-serif;\">Centro de Derechos Humanos de la Monta\u00f1a, Tlachinollan, A. C. (Tlapa, Gro.) <o:p><\/o:p><\/span><\/div>\n<div><span style=\"font-family: Arial, Helvetica, sans-serif;\">Centro de Derechos Humanos de las Mujeres (CEDEHM)<o:p><\/o:p><\/span><\/div>\n<div><span style=\"font-family: Arial, Helvetica, sans-serif;\">Centro de Derechos Humanos de las Mujeres (Chihuahua) <o:p><\/o:p><\/span><\/div>\n<div><span style=\"font-family: Arial, Helvetica, sans-serif;\">Centro de Derechos Humanos de los Pueblos del Sur de Veracruz \u201cBety Cari\u00f1o\u201d, A.C. (Tatahuicapan de Ju\u00e1rez, Ver.) <o:p><\/o:p><\/span><\/div>\n<div><span style=\"font-family: Arial, Helvetica, sans-serif;\">Centro de Derechos Humanos Digna Ochoa, A.C (Tonal\u00e1, Chis.) <o:p><\/o:p><\/span><\/div>\n<div><span style=\"font-family: Arial, Helvetica, sans-serif;\">Centro de Derechos Humanos Paso del Norte (Cd. Ju\u00e1rez, Chih.) <o:p><\/o:p><\/span><\/div>\n<div><span style=\"font-family: Arial, Helvetica, sans-serif;\">Centro de Derechos Humanos Toaltepeyolo (Orizaba, Veracruz) <o:p><\/o:p><\/span><\/div>\n<div><span style=\"font-family: Arial, Helvetica, sans-serif;\">Centro de Derechos Humanos Victoria Diez, A.C. (Le\u00f3n, Gto.) <o:p><\/o:p><\/span><\/div>\n<div><span style=\"font-family: Arial, Helvetica, sans-serif;\">Centro de Derechos Humanos Zeferino Ladrillero (CDHZL) (Estado de M\u00e9xico)&nbsp; Centro de Derechos Ind\u00edgenas \u201cFlor y Canto\u201d, A. C. (Oaxaca, Oax.) <o:p><\/o:p><\/span><\/div>\n<div><span style=\"font-family: Arial, Helvetica, sans-serif;\">Centro de Derechos Ind\u00edgenas A. C. (Bachaj\u00f3n, Chis.) <o:p><\/o:p><\/span><\/div>\n<div><span style=\"font-family: Arial, Helvetica, sans-serif;\">Centro de Investigaci\u00f3n y Capacitaci\u00f3n Propuesta C\u00edvica A. C. (Propuesta C\u00edvica) (Ciudad de M\u00e9xico) <o:p><\/o:p><\/span><\/div>\n<div><span style=\"font-family: Arial, Helvetica, sans-serif;\">Centro de Justicia para la Paz y el Desarrollo, A. C. (CEPAD) (Guadalajara, Jal.) <o:p><\/o:p><\/span><\/div>\n<div><span style=\"font-family: Arial, Helvetica, sans-serif;\">Centro de los Derechos del Migrante (Ciudad de M\u00e9xico) <o:p><\/o:p><\/span><\/div>\n<div><span style=\"font-family: Arial, Helvetica, sans-serif;\">Centro de Reflexi\u00f3n y Acci\u00f3n Laboral (CEREAL-DF) (Ciudad de M\u00e9xico) <o:p><\/o:p><\/span><\/div>\n<div><span style=\"font-family: Arial, Helvetica, sans-serif;\">Centro de Reflexi\u00f3n y Acci\u00f3n Laboral (CEREAL-Guadalajara) (Guadalajara, Jal.) <o:p><\/o:p><\/span><\/div>\n<div><span style=\"font-family: Arial, Helvetica, sans-serif;\">Centro Diocesano para los Derechos Humanos \u201cFray Juan de Larios\u201d, A.C. (Saltillo, Coah.) <o:p><\/o:p><\/span><\/div>\n<div><span style=\"font-family: Arial, Helvetica, sans-serif;\">Centro Juvenil Generando Dignidad (Comalcalco, Tabasco) <o:p><\/o:p><\/span><\/div>\n<div><span style=\"font-family: Arial, Helvetica, sans-serif;\">Centro Mexicano de Derecho Ambiental (CEMDA) (Ciudad de M\u00e9xico) <o:p><\/o:p><\/span><\/div>\n<div><span style=\"font-family: Arial, Helvetica, sans-serif;\">Centro Mujeres (La Paz, BCS.)&nbsp; <o:p><\/o:p><\/span><\/div>\n<div><span style=\"font-family: Arial, Helvetica, sans-serif;\">Centro Regional de Defensa de DDHH Jos\u00e9 Mar\u00eda Morelos y Pav\u00f3n, A.C. (Chilapa, Gro.) <o:p><\/o:p><\/span><\/div>\n<div><span style=\"font-family: Arial, Helvetica, sans-serif;\">Centro para el Desarrollo Integral de la Mujer (CEDIMAC) &#8211; Ciudad Juarez<o:p><\/o:p><\/span><\/div>\n<div><span style=\"font-family: Arial, Helvetica, sans-serif;\">Centro Regional de Derechos Humanos \u201cBartolom\u00e9 Carrasco\u201d, A.C. (BARCA) (Oaxaca, Oax.) <o:p><\/o:p><\/span><\/div>\n<div><span style=\"font-family: Arial, Helvetica, sans-serif;\">Ciencia Social Alternativa, A.C. KOOKAY (M\u00e9rida, Yuc.) <o:p><\/o:p><\/span><\/div>\n<div><span style=\"font-family: Arial, Helvetica, sans-serif;\">Ciudadan\u00eda Lagunera por los Derechos Humanos, A.C. (CILADHAC) (Torre\u00f3n, Coah.) <o:p><\/o:p><\/span><\/div>\n<div><span style=\"font-family: Arial, Helvetica, sans-serif;\">Ciudadanos en Apoyo a los Derechos Humanos A.C. (CADHAC), M\u00e9xico<o:p><\/o:p><\/span><\/div>\n<div><span style=\"font-family: Arial, Helvetica, sans-serif;\">Ciudadanos por una Causa en Com\u00fan A.C.<o:p><\/o:p><\/span><\/div>\n<div><span style=\"font-family: Arial, Helvetica, sans-serif;\">Colectivo contra la Tortura y la Impunidad (CCTI) (Ciudad de M\u00e9xico) <o:p><\/o:p><\/span><\/div>\n<div><span style=\"font-family: Arial, Helvetica, sans-serif;\">Colectivo Educaci\u00f3n para la Paz y los Derechos Humanos, A.C. (CEPAZDH) (San Crist\u00f3bal de Las Casas, Chis.) <o:p><\/o:p><\/span><\/div>\n<div><span style=\"font-family: Arial, Helvetica, sans-serif;\">Comisi\u00f3n de Derechos Humanos y Laborales del Valle de Tehuac\u00e1n, A.C. (Tehuac\u00e1n, Pue.) <o:p><\/o:p><\/span><\/div>\n<div><span style=\"font-family: Arial, Helvetica, sans-serif;\">Comisi\u00f3n de Solidaridad y Defensa de los Derechos Humanos, A.C. (COSYDDHAC) (Chihuahua, Chih.) <o:p><\/o:p><\/span><\/div>\n<div><span style=\"font-family: Arial, Helvetica, sans-serif;\">Comisi\u00f3n Independiente de Derechos Humanos de Morelos, A. C. (CIDHMOR) (Cuernavaca, Mor.) <o:p><\/o:p><\/span><\/div>\n<div><span style=\"font-family: Arial, Helvetica, sans-serif;\">Comisi\u00f3n Regional de Derechos Humanos \u201cMahatma Gandhi\u201d, A. C. (Tuxtepec, Oax.) <o:p><\/o:p><\/span><\/div>\n<div><span style=\"font-family: Arial, Helvetica, sans-serif;\">Comit\u00e9 Cerezo (Ciudad de M\u00e9xico) <o:p><\/o:p><\/span><\/div>\n<div><span style=\"font-family: Arial, Helvetica, sans-serif;\">Comit\u00e9 Cristiano de Solidaridad Monse\u00f1or Romero (Ciudad de M\u00e9xico) <o:p><\/o:p><\/span><\/div>\n<div><span style=\"font-family: Arial, Helvetica, sans-serif;\">Comit\u00e9 de Defensa de las Libertades Ind\u00edgenas (Palenque, Chis.) <o:p><\/o:p><\/span><\/div>\n<div><span style=\"font-family: Arial, Helvetica, sans-serif;\">Comit\u00e9 de Defensa Integral de Derechos Humanos Gobixha A.C. (CODIGODH) (Oaxaca, Oax.) <o:p><\/o:p><\/span><\/div>\n<div><span style=\"font-family: Arial, Helvetica, sans-serif;\">Comit\u00e9 de Derechos Humanos \u201cFr. Pedro Lorenzo de la Nada\u201d, A. C. (Ocosingo, Chis.) <o:p><\/o:p><\/span><\/div>\n<div><span style=\"font-family: Arial, Helvetica, sans-serif;\">Comit\u00e9 de Derechos Humanos \u201cSierra Norte de Veracruz\u201d, A. C. (Huayacocotla, Ver.) <o:p><\/o:p><\/span><\/div>\n<div><span style=\"font-family: Arial, Helvetica, sans-serif;\">Comit\u00e9 de Derechos Humanos Ajusco (Ciudad de M\u00e9xico) <o:p><\/o:p><\/span><\/div>\n<div><span style=\"font-family: Arial, Helvetica, sans-serif;\">Comit\u00e9 de Derechos Humanos de Colima, A. C. (Colima, Col.) <o:p><\/o:p><\/span><\/div>\n<div><span style=\"font-family: Arial, Helvetica, sans-serif;\">Comit\u00e9 de Derechos Humanos de Comalcalco, A. C. (CODEHUCO) (Comalcalco, Tab) <o:p><\/o:p><\/span><\/div>\n<div><span style=\"font-family: Arial, Helvetica, sans-serif;\">Comit\u00e9 de Derechos Humanos de Tabasco, A. C. (CODEHUTAB) (Villahermosa, Tab) <o:p><\/o:p><\/span><\/div>\n<div><span style=\"font-family: Arial, Helvetica, sans-serif;\">Comit\u00e9 de Derechos Humanos y Orientaci\u00f3n Miguel Hidalgo, A. C. (Dolores Hidalgo, Gto.) <o:p><\/o:p><\/span><\/div>\n<div><span style=\"font-family: Arial, Helvetica, sans-serif;\">Comit\u00e9 de Familiares de Detenidos Desaparecidos \u201cHasta Encontrarlos\u201d(Ciudad de M\u00e9xico) <o:p><\/o:p><\/span><\/div>\n<div><span style=\"font-family: Arial, Helvetica, sans-serif;\">Comit\u00e9 Sergio M\u00e9ndez Arceo Pro Derechos Humanos de Tulancingo, Hgo A.C. (Tulancingo, Hgo.) <o:p><\/o:p><\/span><\/div>\n<div><span style=\"font-family: Arial, Helvetica, sans-serif;\">Comunicaci\u00f3n e Informaci\u00f3n de la Mujer (CIMAC)<o:p><\/o:p><\/span><\/div>\n<div><span style=\"font-family: Arial, Helvetica, sans-serif;\">Consultor\u00eda T\u00e9cnica Comunitaria AC (CONTEC) (Chihuahua)&nbsp; El Caracol, A.C (Ciudad de M\u00e9xico) <o:p><\/o:p><\/span><\/div>\n<div><span style=\"font-family: Arial, Helvetica, sans-serif;\">Consultor\u00eda T\u00e9cnica Comunitaria, A.C. Chihuahua, M\u00e9xico<o:p><\/o:p><\/span><\/div>\n<div><span style=\"font-family: Arial, Helvetica, sans-serif;\">Coordinaci\u00f3n Alemana por los Derechos Humanos en M\u00e9xico<o:p><\/o:p><\/span><\/div>\n<div><span style=\"font-family: Arial, Helvetica, sans-serif;\">Direcci\u00f3n de Programas de Incidencia de la Universidad Iberoamericana Ciudad de M\u00e9xico<o:p><\/o:p><\/span><\/div>\n<div><span style=\"font-family: Arial, Helvetica, sans-serif;\">Documenta, AC<o:p><\/o:p><\/span><\/div>\n<div><span style=\"font-family: Arial, Helvetica, sans-serif;\">Estancia del Migrante Gonz\u00e1lez y Mart\u00ednez, A.C. (Quer\u00e9taro, Qro.) <o:p><\/o:p><\/span><\/div>\n<div><span style=\"font-family: Arial, Helvetica, sans-serif;\">Frente C\u00edvico Sinaloense. Secretar\u00eda de Derechos Humanos (Culiac\u00e1n, Sin.) <o:p><\/o:p><\/span><\/div>\n<div><span style=\"font-family: Arial, Helvetica, sans-serif;\">Fundaci\u00f3n para la Justicia y el Estado Democr\u00e1tico de Derecho (Ciudad de M\u00e9xico) <o:p><\/o:p><\/span><\/div>\n<div><span style=\"font-family: Arial, Helvetica, sans-serif;\">Fundar, Centro de An\u00e1lisis e Investigaci\u00f3n<o:p><\/o:p><\/span><\/div>\n<div><span style=\"font-family: Arial, Helvetica, sans-serif;\">Grupo de Informaci\u00f3n en Reproducci\u00f3n Elegida (GIRE)<o:p><\/o:p><\/span><\/div>\n<div><span style=\"font-family: Arial, Helvetica, sans-serif;\">I(DH)EAS, Litigio Estrat\u00e9gico en Derechos Humanos A.C.<o:p><\/o:p><\/span><\/div>\n<div><span style=\"font-family: Arial, Helvetica, sans-serif;\">Indignaci\u00f3n, A. C. Promoci\u00f3n y Defensa de los Derechos Humanos (M\u00e9rida, Yuc.) <o:p><\/o:p><\/span><\/div>\n<div><span style=\"font-family: Arial, Helvetica, sans-serif;\">Iniciativa Ciudadana y Desarrollo Social, INCIDE Social, A.C.<o:p><\/o:p><\/span><\/div>\n<div><span style=\"font-family: Arial, Helvetica, sans-serif;\">Institucional de Derechos Humanos y Paz (Guadalajara, Jal.) <o:p><\/o:p><\/span><\/div>\n<div><span style=\"font-family: Arial, Helvetica, sans-serif;\">Instituto de Derechos Humanos Ignacio Ellacuria, S.J. Universidad Iberoamericana- Puebla (Puebla, Pue.) <o:p><\/o:p><\/span><\/div>\n<div><span style=\"font-family: Arial, Helvetica, sans-serif;\">Instituto de Liderazgo Simone de Beauvoir<o:p><\/o:p><\/span><\/div>\n<div><span style=\"font-family: Arial, Helvetica, sans-serif;\">Instituto Guerrerense de Derechos Humanos, A. C. (Chilpancingo, Gro.) <o:p><\/o:p><\/span><\/div>\n<div><span style=\"font-family: Arial, Helvetica, sans-serif;\">Instituto Mexicano de Derechos Humanos y Democracia A.C.<o:p><\/o:p><\/span><\/div>\n<div><span style=\"font-family: Arial, Helvetica, sans-serif;\">Instituto Mexicano para el Desarrollo Comunitario, A. C. (IMDEC) (Guadalajara, Jal.) <o:p><\/o:p><\/span><\/div>\n<div><span style=\"font-family: Arial, Helvetica, sans-serif;\">Instituto Tecnol\u00f3gico y de Estudios Superiores de Occidente. Programa<o:p><\/o:p><\/span><\/div>\n<div><span style=\"font-family: Arial, Helvetica, sans-serif;\">Justicia, Derechos Humanos y G\u00e9nero, A.C. (Ciudad de M\u00e9xico) <o:p><\/o:p><\/span><\/div>\n<div><span style=\"font-family: Arial, Helvetica, sans-serif;\">La 72, Hogar-Refugio para Personas Migrantes (Tenosique, Tabasco) <o:p><\/o:p><\/span><\/div>\n<div><span style=\"font-family: Arial, Helvetica, sans-serif;\">Mujeres Ind\u00edgenas por la Conservaci\u00f3n, Investigaci\u00f3n y Aprovechamiento de los Recursos Naturales, A. C. (CIARENA) (Oaxaca) <o:p><\/o:p><\/span><\/div>\n<div><span style=\"font-family: Arial, Helvetica, sans-serif;\">Oficina de Defensor\u00eda de los Derechos de la Infancia A.C. (ODI) (Ciudad de M\u00e9xico),<o:p><\/o:p><\/span><\/div>\n<div><span style=\"font-family: Arial, Helvetica, sans-serif;\">Organizaciones Mexicanas sin fines de Lucro<o:p><\/o:p><\/span><\/div>\n<div><span style=\"font-family: Arial, Helvetica, sans-serif;\">Programa de Asuntos de G\u00e9nero de la Universidad Iberoamericana Ciudad de M\u00e9xico<o:p><\/o:p><\/span><\/div>\n<div><span style=\"font-family: Arial, Helvetica, sans-serif;\">Programa de Asuntos Migratorios de la Universidad Iberoamericana Ciudad de M\u00e9xico<o:p><\/o:p><\/span><\/div>\n<div><span style=\"font-family: Arial, Helvetica, sans-serif;\">Programa de Derechos Humanos de la Universidad Iberoamericana Ciudad de M\u00e9xico<o:p><\/o:p><\/span><\/div>\n<div><span style=\"font-family: Arial, Helvetica, sans-serif;\">Programa de Interculturalidad y Asuntos Ind\u00edgenas de la Universidad Iberoamericana, Ciudad de M\u00e9xico<o:p><\/o:p><\/span><\/div>\n<div><span style=\"font-family: Arial, Helvetica, sans-serif;\">Programa de Medio Ambiente de la Universidad Iberoamericana Ciudad de M\u00e9xico<o:p><\/o:p><\/span><\/div>\n<div><span style=\"font-family: Arial, Helvetica, sans-serif;\">Programa Institucional de Derechos Humanos y Paz<o:p><\/o:p><\/span><\/div>\n<div><span style=\"font-family: Arial, Helvetica, sans-serif;\">Programa Universitario de Derechos Humanos. UIA \u2013Le\u00f3n (Le\u00f3n, Gto.) <o:p><\/o:p><\/span><\/div>\n<div><span style=\"font-family: Arial, Helvetica, sans-serif;\">Promoci\u00f3n de los Derechos Econ\u00f3micos, Sociales y Culturales (PRODESCAC) (Estado de M\u00e9xico) <o:p><\/o:p><\/span><\/div>\n<div><span style=\"font-family: Arial, Helvetica, sans-serif;\">Proyecto de Derechos Econ\u00f3micos, Sociales y Culturales (ProDESC) (Ciudad de M\u00e9xico) <o:p><\/o:p><\/span><\/div>\n<div><span style=\"font-family: Arial, Helvetica, sans-serif;\">Proyecto sobre Organizaci\u00f3n, Desarrollo, Educaci\u00f3n e Investigaci\u00f3n (PODER) (Ciudad de M\u00e9xico) <o:p><\/o:p><\/span><\/div>\n<div><span style=\"font-family: Arial, Helvetica, sans-serif;\">Red de Periodistas de a Pie<o:p><\/o:p><\/span><\/div>\n<div><span style=\"font-family: Arial, Helvetica, sans-serif;\">Red Nacional de Organismos Civiles de Derechos Humanos \u201cTodos los Derechos para Todas y Todos\u201d<o:p><\/o:p><\/span><\/div>\n<div><span style=\"font-family: Arial, Helvetica, sans-serif;\">Respuesta Alternativa, A. C. Servicio de Derechos Humanos y Desarrollo Comunitario (San Luis Potos\u00ed) <o:p><\/o:p><\/span><\/div>\n<div><span style=\"font-family: Arial, Helvetica, sans-serif;\">Servicio, Paz y Justicia de Tabasco, A.C. (SERPATAB) (Villahermosa, Tab.) <o:p><\/o:p><\/span><\/div>\n<div><span style=\"font-family: Arial, Helvetica, sans-serif;\">Servicios de Inclusi\u00f3n Integral, A.C. (SEIINAC) (Pachuca, Hgo.) <o:p><\/o:p><\/span><\/div>\n<div><span style=\"font-family: Arial, Helvetica, sans-serif;\">Spatium Libertas, A.C.<o:p><\/o:p><\/span><\/div>\n<div><span style=\"font-family: Arial, Helvetica, sans-serif;\">Tequio Jur\u00eddico A.C. (Oaxaca, Oax.) <o:p><\/o:p><\/span><\/div>\n<div><span style=\"font-family: Arial, Helvetica, sans-serif;\">Voces Mesoamericanas, Acci\u00f3n con Pueblos Migrantes AC (San Cristobal de las Casas, Chiapas).<o:p><\/o:p><\/span><\/div>\n<div><\/div>\n<div><\/div>\n<div><span style=\"font-family: Arial, Helvetica, sans-serif;\"><u>Nicaragua<\/u><o:p><\/o:p><\/span><\/div>\n<div><span style=\"font-family: Arial, Helvetica, sans-serif;\">Centro de Asistencia Legal a Pueblos Ind\u00edgenas (CALPI)<o:p><\/o:p><\/span><\/div>\n<div><span style=\"font-family: Arial, Helvetica, sans-serif;\">Centro Nicarag\u00fcense de Derechos Humanos (CENIDH)<o:p><\/o:p><\/span><\/div>\n<div><span style=\"font-family: Arial, Helvetica, sans-serif;\">Centro por la justicia y Derechos Humanos de la Costa Atl\u00e1ntica de Nicaragua (CEJUDHCAN)<o:p><\/o:p><\/span><\/div>\n<div><span style=\"font-family: Arial, Helvetica, sans-serif;\">Iniciativa Nicarag\u00fcense de mujeres defensoras de derechos humanos<o:p><\/o:p><\/span><\/div>\n<div><span style=\"font-family: Arial, Helvetica, sans-serif;\">Movimiento Aut\u00f3nomo de Mujeres<o:p><\/o:p><\/span><\/div>\n<div><span style=\"font-family: Arial, Helvetica, sans-serif;\">Movimiento contra el abuso sexual<o:p><\/o:p><\/span><\/div>\n<div><\/div>\n<div><span style=\"font-family: Arial, Helvetica, sans-serif;\"><u>Panam\u00e1<\/u><o:p><\/o:p><\/span><\/div>\n<div><span style=\"font-family: Arial, Helvetica, sans-serif;\">Alianza Ciudadana Pro Justicia<o:p><\/o:p><\/span><\/div>\n<div><span style=\"font-family: Arial, Helvetica, sans-serif;\">Alianza de Mujeres de Panam\u00e1<o:p><\/o:p><\/span><\/div>\n<div><span style=\"font-family: Arial, Helvetica, sans-serif;\">Centro de Asistencia Legal Popular<o:p><\/o:p><\/span><\/div>\n<div><span style=\"font-family: Arial, Helvetica, sans-serif;\">Mesa Nacional de Migrantes y Refugiados de Panam\u00e1 <o:p><\/o:p><\/span><\/div>\n<div><span style=\"font-family: Arial, Helvetica, sans-serif;\">Movimiento Democr\u00e1tico Popular<o:p><\/o:p><\/span><\/div>\n<div><span style=\"font-family: Arial, Helvetica, sans-serif;\">Red de Derechos Humanos de Panam\u00e1<o:p><\/o:p><\/span><\/div>\n<div><\/div>\n<div><span style=\"font-family: Arial, Helvetica, sans-serif;\"><u>Paraguay<\/u><o:p><\/o:p><\/span><\/div>\n<div><span style=\"font-family: Arial, Helvetica, sans-serif;\">\u00c1gora Espacio Civil Paraguay<o:p><\/o:p><\/span><\/div>\n<div><\/div>\n<div><span style=\"font-family: Arial, Helvetica, sans-serif;\"><u>Per\u00fa<\/u><o:p><\/o:p><\/span><\/div>\n<div><span style=\"font-family: Arial, Helvetica, sans-serif;\">Asociaci\u00f3n Pro Derechos Humanos (APRODEH)<o:p><\/o:p><\/span><\/div>\n<div><span style=\"font-family: Arial, Helvetica, sans-serif;\">Asociaci\u00f3n Paz y Esperanza<o:p><\/o:p><\/span><\/div>\n<div><span style=\"font-family: Arial, Helvetica, sans-serif;\">Centro de Pol\u00edticas P\u00fablicas y Derechos Humanos &#8211; Per\u00fa EQUIDAD <o:p><\/o:p><\/span><\/div>\n<div><span style=\"font-family: Arial, Helvetica, sans-serif;\">Centro de Promoci\u00f3n y Defensa de los Derechos Sexuales y Reproductivos \u2013 Promsex <o:p><\/o:p><\/span><\/div>\n<div><span style=\"font-family: Arial, Helvetica, sans-serif;\">Coordinadora Nacional de Derechos Humanos (CNDDHH)<o:p><\/o:p><\/span><\/div>\n<div><\/div>\n<div><span style=\"font-family: Arial, Helvetica, sans-serif;\"><u>Uruguay<\/u><o:p><\/o:p><\/span><\/div>\n<div><span style=\"font-family: Arial, Helvetica, sans-serif;\">Instituto de Estudios Legales y Sociales del Uruguay (IELSUR)<o:p><\/o:p><\/span><\/div>\n<div><\/div>\n<div><span style=\"font-family: Arial, Helvetica, sans-serif;\"><u>Venezuela<\/u><o:p><\/o:p><\/span><\/div>\n<div><span style=\"font-family: Arial, Helvetica, sans-serif;\">Centro de Derechos Humanos de la Universidad Cat\u00f3lica Andr\u00e9s Bello <o:p><\/o:p><\/span><\/div>\n<div><span style=\"font-family: Arial, Helvetica, sans-serif;\">Espacio P\u00fablico<o:p><\/o:p><\/span><\/div>\n<div><span style=\"font-family: Arial, Helvetica, sans-serif;\">Vicar\u00eda de derechos humanos de Caracas<o:p><\/o:p><\/span><\/div>\n<div><\/div>\n<div><span style=\"font-family: Arial, Helvetica, sans-serif;\"><u>Regionales y globales<\/u><o:p><\/o:p><\/span><\/div>\n<div><span style=\"font-family: Arial, Helvetica, sans-serif;\">Acompa\u00f1amiento de Austria (ADA)<o:p><\/o:p><\/span><\/div>\n<div><span style=\"font-family: Arial, Helvetica, sans-serif;\">Alianza de Redes Ambientales (ARA)<o:p><\/o:p><\/span><\/div>\n<div><span style=\"font-family: Arial, Helvetica, sans-serif;\"><span lang=\"EN-US\">American Friends Service Committee (AFSC)<\/span><span lang=\"EN-US\"><o:p><\/o:p><\/span><\/span><\/div>\n<div><span style=\"font-family: Arial, Helvetica, sans-serif;\">Amnist\u00eda Internacional <o:p><\/o:p><\/span><\/div>\n<div><span style=\"font-family: Arial, Helvetica, sans-serif;\">Asociaci\u00f3n de Investigaci\u00f3n y Especializaci\u00f3n sobre temas Iberoamericanos (AIETI)<o:p><\/o:p><\/span><\/div>\n<div><span style=\"font-family: Arial, Helvetica, sans-serif;\">Asociaci\u00f3n Interamericana para la Defensa del Ambiente (AIDA)<o:p><\/o:p><\/span><\/div>\n<div><span style=\"font-family: Arial, Helvetica, sans-serif;\">Asociaci\u00f3n Paz con Dignidad, Espa\u00f1a<o:p><\/o:p><\/span><\/div>\n<div><span style=\"font-family: Arial, Helvetica, sans-serif;\">Asociaci\u00f3n Regional Centroamericana para el Agua y el Ambiente. <span lang=\"EN-US\">ARCA<\/span><span lang=\"EN-US\"><o:p><\/o:p><\/span><\/span><\/div>\n<div><span style=\"font-family: Arial, Helvetica, sans-serif;\"><span lang=\"EN-US\">Association for Women&#8217;s Rights in Development (Awid)<\/span><span lang=\"EN-US\"><o:p><\/o:p><\/span><\/span><\/div>\n<div><span style=\"font-family: Arial, Helvetica, sans-serif;\">Ayuda de la Iglesia Noruega (AIN)<o:p><\/o:p><\/span><\/div>\n<div><span style=\"font-family: Arial, Helvetica, sans-serif;\">Centro de Derechos Reproductivos (CDR)<o:p><\/o:p><\/span><\/div>\n<div><span style=\"font-family: Arial, Helvetica, sans-serif;\">Centro por la Justicia y el Derecho Internacional (CEJIL)<o:p><\/o:p><\/span><\/div>\n<div><span style=\"font-family: Arial, Helvetica, sans-serif;\">Coalici\u00f3n Centroamericana Democr\u00e1tica (CAD)<o:p><\/o:p><\/span><\/div>\n<div><span style=\"font-family: Arial, Helvetica, sans-serif;\">Comit\u00e9 de Am\u00e9rica Latina y el Caribe para la Defensa de los Derechos de las Mujeres (CLADEM)<o:p><\/o:p><\/span><\/div>\n<div><span style=\"font-family: Arial, Helvetica, sans-serif;\">Consejer\u00eda en Proyectos para Refugiados Latinoamericanos (PCS Centroam\u00e9rica)<o:p><\/o:p><\/span><\/div>\n<div><span style=\"font-family: Arial, Helvetica, sans-serif;\">DanChurchAid<o:p><\/o:p><\/span><\/div>\n<div><span style=\"font-family: Arial, Helvetica, sans-serif;\">Departamento internacional de la Iglesia sueca<o:p><\/o:p><\/span><\/div>\n<div><span style=\"font-family: Arial, Helvetica, sans-serif;\">Diakonia<o:p><\/o:p><\/span><\/div>\n<div><span style=\"font-family: Arial, Helvetica, sans-serif;\">Federaci\u00f3n Internacional de Derechos Humanos (FIDH)<o:p><\/o:p><\/span><\/div>\n<div><span style=\"font-family: Arial, Helvetica, sans-serif;\">Fellowship of Reconciliation Peace Presence (FOR) Presente por la Paz<o:p><\/o:p><\/span><\/div>\n<div><span style=\"font-family: Arial, Helvetica, sans-serif;\">FIAN Indonesia<o:p><\/o:p><\/span><\/div>\n<div><span style=\"font-family: Arial, Helvetica, sans-serif;\">Foro Suizo para los Derechos Humanos y la Paz en Guatemala y Honduras<o:p><\/o:p><\/span><\/div>\n<div><span style=\"font-family: Arial, Helvetica, sans-serif;\">Fundaci\u00f3n para el Debido Proceso (DPLF)<o:p><\/o:p><\/span><\/div>\n<div><span style=\"font-family: Arial, Helvetica, sans-serif;\">Fundaci\u00f3n Sueca para los Derechos Humanos<o:p><\/o:p><\/span><\/div>\n<div><span style=\"font-family: Arial, Helvetica, sans-serif;\">Grupo de Informaci\u00f3n sobre Am\u00e9rica Latina (IGLA), Viena, Austria<o:p><\/o:p><\/span><\/div>\n<div><span style=\"font-family: Arial, Helvetica, sans-serif;\">Iglesia Sueca<o:p><\/o:p><\/span><\/div>\n<div><span style=\"font-family: Arial, Helvetica, sans-serif;\">IM- Swedish Development Partner, oficina para Centroam\u00e9rica<o:p><\/o:p><\/span><\/div>\n<div><span style=\"font-family: Arial, Helvetica, sans-serif;\">Instituto Interamericano sobre Discapacidad y Desarrollo Inclusivo (IIDI)<o:p><\/o:p><\/span><\/div>\n<div><span style=\"font-family: Arial, Helvetica, sans-serif;\">Instituto Internacional sobre Raza, Igualdad y Derechos Humanos<o:p><\/o:p><\/span><\/div>\n<div><span style=\"font-family: Arial, Helvetica, sans-serif;\">InteRed, Espa\u00f1a<o:p><\/o:p><\/span><\/div>\n<div><span style=\"font-family: Arial, Helvetica, sans-serif;\">Ipas<o:p><\/o:p><\/span><\/div>\n<div><span style=\"font-family: Arial, Helvetica, sans-serif;\">JASS (Asociadas por lo Justo) Mesoam\u00e9rica<o:p><\/o:p><\/span><\/div>\n<div><span style=\"font-family: Arial, Helvetica, sans-serif;\"><span lang=\"EN-US\">Latin America Working Group (LAWG)<\/span><span lang=\"EN-US\"><o:p><\/o:p><\/span><\/span><\/div>\n<div><span style=\"font-family: Arial, Helvetica, sans-serif;\">MISEREOR, obra episcopal para el desarrollo, Alemania<o:p><\/o:p><\/span><\/div>\n<div><span style=\"font-family: Arial, Helvetica, sans-serif;\">Movimiento por la Paz (MPDL)<o:p><\/o:p><\/span><\/div>\n<div><span style=\"font-family: Arial, Helvetica, sans-serif;\">Movimiento Sueco por la Reconciliaci\u00f3n (SweFOR)<o:p><\/o:p><\/span><\/div>\n<div><span style=\"font-family: Arial, Helvetica, sans-serif;\">Oficina Ecum\u00e9nica por la Paz y la Justicia de M\u00fanich, Alemania (\u00d6ku-B\u00fcro M\u00fcnchen)<o:p><\/o:p><\/span><\/div>\n<div><span style=\"font-family: Arial, Helvetica, sans-serif;\">Oficina Regional de We Effect para Am\u00e9rica Latina<o:p><\/o:p><\/span><\/div>\n<div><span style=\"font-family: Arial, Helvetica, sans-serif;\">OXFAM IBIS<o:p><\/o:p><\/span><\/div>\n<div><span style=\"font-family: Arial, Helvetica, sans-serif;\">Oxfam Internacional<o:p><\/o:p><\/span><\/div>\n<div><span style=\"font-family: Arial, Helvetica, sans-serif;\">Peace Brigades International (PBI)<o:p><\/o:p><\/span><\/div>\n<div><span style=\"font-family: Arial, Helvetica, sans-serif;\">Plataforma Interamericana de Derechos humanos, Democracia y Desarrollo (PIDHDD Regional)<o:p><\/o:p><\/span><\/div>\n<div><span style=\"font-family: Arial, Helvetica, sans-serif;\">Plataforma Internacional contra la Impunidad<o:p><\/o:p><\/span><\/div>\n<div><span style=\"font-family: Arial, Helvetica, sans-serif;\">Protection International<o:p><\/o:p><\/span><\/div>\n<div><span style=\"font-family: Arial, Helvetica, sans-serif;\">Red Centroamericana de Acci\u00f3n del Agua. FANCA<o:p><\/o:p><\/span><\/div>\n<div><span style=\"font-family: Arial, Helvetica, sans-serif;\">Red de Organizaciones de Personas con Discapacidad de Centroam\u00e9rica y El Caribe (REDODICEC)<o:p><\/o:p><\/span><\/div>\n<div><span style=\"font-family: Arial, Helvetica, sans-serif;\">Red Europea de Comit\u00e9s Oscar Romero<o:p><\/o:p><\/span><\/div>\n<div><span style=\"font-family: Arial, Helvetica, sans-serif;\">Red Latinoamericana de G\u00e9nero y Salud Colectiva de la Asociaci\u00f3n Latinoamericana de Medicina Social RLGSC \u2013 ALAMES<o:p><\/o:p><\/span><\/div>\n<div><span style=\"font-family: Arial, Helvetica, sans-serif;\">Red Regional de Organizaciones Civiles para las Migraciones (RROCM)<o:p><\/o:p><\/span><\/div>\n<div><span style=\"font-family: Arial, Helvetica, sans-serif;\">Red Euro-Latinoamericana para la Prevenci\u00f3n de la Tortura y la Violencia Institucional (RELAPT), integrada por los siguientes organismos: Observatorio del Sistema Penal y los Derechos Humanos (OSPDH) Universidad de Barcelona, Espa\u00f1a; Universidad Santo Tom\u00e1s, Colombia; Defensa P\u00fablica de Santa Fe, Argentina; Secretaria de Derechos Humanos &#8211; Provincia de Chaco, Argentina; Defensor\u00eda de Casaci\u00f3n de la Provincia de Buenos Aires, Argentina; <o:p><\/o:p><\/span><\/div>\n<div><span style=\"font-family: Arial, Helvetica, sans-serif;\">Procuraci\u00f3n Penitenciaria de la Argentina, Argentina; Grupo Cr\u00edtica Penal Universidad Nacional de Mar del Plata, Argentina; Mecanismo Nacional de Prevenci\u00f3n de la Tortura (MNPT), Costa Rica;&nbsp; UniCUB, Brasil; UnB Brasil; Defensa P\u00fablica, Costa Rica; Universidad Nacional de Jos\u00e9 C Paz (UNPAZ ), Buenos Aires, Argentina; Servicio Paz y Justicia (SERPAJ), Uruguay;&nbsp; Universidad para la Cooperaci\u00f3n Internacional (UCI), Costa Rica; Universidad La Gran Colombia (UGC), Bogot\u00e1, Colombia; Centro de Estudios en Seguridad Ciudadana (CESC) del Instituto de Asuntos P\u00fablicos de la Universidad de Chile, Chile; Defensora General de la Naci\u00f3n, Argentina; Asociaci\u00f3n Interamericana de Defensor\u00edas P\u00fablicas (AIDEF), Argentina y Bloque de Defensores P\u00fablicos Oficiales del Mercosur (BLODEPM). <o:p><\/o:p><\/span><\/div>\n<div><span style=\"font-family: Arial, Helvetica, sans-serif;\"><span lang=\"EN-US\">Robert F. Kennedy Human Rights<\/span><span lang=\"EN-US\"><o:p><\/o:p><\/span><\/span><\/div>\n<div><span style=\"font-family: Arial, Helvetica, sans-serif;\"><span lang=\"EN-US\">Solidaridad Mundial B\u00e9lgica<\/span><span lang=\"EN-US\"><o:p><\/o:p><\/span><\/span><\/div>\n<div><span style=\"font-family: Arial, Helvetica, sans-serif;\">Terre des Hommes, Alemania<o:p><\/o:p><\/span><\/div>\n<div><span style=\"font-family: Arial, Helvetica, sans-serif;\">Tr\u00f3caire<o:p><\/o:p><\/span><\/div>\n<div><span style=\"font-family: Arial, Helvetica, sans-serif;\">Justicia Alimentaria Global (VSF)<o:p><\/o:p><\/span><\/div>\n<div><span style=\"font-family: Arial, Helvetica, sans-serif;\"><span lang=\"EN-US\">Washington Office on Latin America (WOLA)<\/span><span lang=\"EN-US\"><o:p><\/o:p><\/span><\/span><\/div>\n<div><\/div>\n<div><span style=\"font-family: Arial, Helvetica, sans-serif;\"><u>Personas individuales<\/u><o:p><\/o:p><\/span><\/div>\n<div><span style=\"font-family: Arial, Helvetica, sans-serif;\">Dra. Julia E. Mon\u00e1rrez Fragoso, profesora&nbsp; e investigadora, El Colegio de la Frontera Norte (M\u00e9xico)<o:p><\/o:p><\/span><\/div>\n<div><span style=\"font-family: Arial, Helvetica, sans-serif;\">Hannia Franceschi Barraza, profesora jubilada, Universidad de Costa Rica (Costa Rica)<o:p><\/o:p><\/span><\/div>\n<div><span style=\"font-family: Arial, Helvetica, sans-serif;\">Gabriela Delgado Ballesteros, investigadora UNAM M\u00e9xico (M\u00e9xico)<o:p><\/o:p><\/span><\/div>\n<div><span style=\"font-family: Arial, Helvetica, sans-serif;\">Seidy Salas V\u00edquez, periodista (Costa Rica)<o:p><\/o:p><\/span><\/div>\n<div><span style=\"font-family: Arial, Helvetica, sans-serif;\">David Augusto D\u00e1vila Navarro, defensor de derechos humanos y Profesor Universitario (Guatemala)<o:p><\/o:p><\/span><\/div>\n<div><span style=\"font-family: Arial, Helvetica, sans-serif;\">Roc\u00edo Culebro, defensora de derechos humanos (M\u00e9xico)<o:p><\/o:p><\/span><\/div>\n<div><span style=\"font-family: Arial, Helvetica, sans-serif;\">Edgar Cortez, defensor de derechos humanos (M\u00e9xico)<o:p><\/o:p><\/span><\/div>\n<div><span style=\"font-family: Arial, Helvetica, sans-serif;\">Sonia Sol\u00eds Uma\u00f1a, antrop\u00f3loga social, profesora de la Universidad de Costa Rica (Costa Rica)<o:p><\/o:p><\/span><\/div>\n<div><span style=\"font-family: Arial, Helvetica, sans-serif;\">Maritza Muralles, bibliotecaria (Guatemala)<o:p><\/o:p><\/span><\/div>\n<div><span style=\"font-family: Arial, Helvetica, sans-serif;\">Jose Montero Pe\u00f1a, defensor de derechos humanos, Costa Rica<o:p><\/o:p><\/span><\/div>\n<div><span style=\"font-family: Arial, Helvetica, sans-serif;\">Farith Simon Campa\u00f1a, decano del Colegio de Jurisprudencia de la Universidad San Francisco de Quito, Ecuador<o:p><\/o:p><\/span><\/div>\n<div><span style=\"font-family: Arial, Helvetica, sans-serif;\">Daniela Salazar Mar\u00edn, vicedecana del Colegio de Jurisprudencia de la Universidad San Francisco de Quito, Ecuador<o:p><\/o:p><\/span><\/div>\n<div><span style=\"font-family: Arial, Helvetica, sans-serif;\">Juan Pablo Alb\u00e1n Alencastro, director del Consultorio Jur\u00eddico Gratuito del Colegio de Jurisprudencia de la Universidad San Francisco de Quito, Ecuador<o:p><\/o:p><\/span><\/div>\n<div><span style=\"font-family: Arial, Helvetica, sans-serif;\">Natalia Serrano \u00c1lvarez, activista y defensora de derechos humanos, Costa Rica<o:p><\/o:p><\/span><\/div>\n<div><span style=\"font-family: Arial, Helvetica, sans-serif;\">Luis Diego Molina Moreira, activista y defensor de derechos humanos, Costa Rica<o:p><\/o:p><\/span><\/div>\n<div><span style=\"font-family: Arial, Helvetica, sans-serif;\">Nadiezda Serrano \u00c1lvarez, ingeniera agr\u00f3noma y activista, Costa Rica<o:p><\/o:p><\/span><\/div>\n<div><span style=\"font-family: Arial, Helvetica, sans-serif;\">Luisa Ochoa Chaves, profesora, Universidad de Costa Rica<o:p><\/o:p><\/span><\/div>\n<div><span style=\"font-family: Arial, Helvetica, sans-serif;\">Jos\u00e9 Luis Ospina, defensor de derechos humanos (Colombia) <o:p><\/o:p><\/span><\/div>\n<div><span style=\"font-family: Arial, Helvetica, sans-serif;\">M.A. Helen Amrhein, abogada y consultora independiente, Costa Rica<o:p><\/o:p><\/span><\/div>\n<div><span style=\"font-family: Arial, Helvetica, sans-serif;\">Robert Mercatante, defensor de derechos humanos, Estados Unidos<o:p><\/o:p><\/span><\/div>\n<div><span style=\"font-family: Arial, Helvetica, sans-serif;\">Reina Auxiliadora Rivera Joya, defensora de Derechos humanos Honduras<o:p><\/o:p><\/span><\/div>\n<div><span style=\"font-family: Arial, Helvetica, sans-serif;\">Anabella Sibri\u00e1n, defensora de los derechos humanos, Guatemala<o:p><\/o:p><\/span><\/div>\n<div><span style=\"font-family: Arial, Helvetica, sans-serif;\">Aura Lolita Ch\u00e1vez, defensora de los derechos humanos, Guatemala<o:p><\/o:p><\/span><\/div>\n<div><span style=\"font-family: Arial, Helvetica, sans-serif;\">Jos\u00e9 Antonio Caballero, defensor de los derechos humanos, M\u00e9xico<o:p><\/o:p><\/span><\/div>\n<div><span style=\"font-family: Arial, Helvetica, sans-serif;\">Pedro Carrera, defensor de los derechos humanos, Guatemala<o:p><\/o:p><\/span><\/div>\n<p><\/p>\n<div><span style=\"font-family: Arial, Helvetica, sans-serif;\">Victoria Mar\u00eda Napky Talavera, Abogada, Honduras<\/span><o:p><\/o:p><\/div>\n","protected":false},"excerpt":{"rendered":"<p>La Coalici\u00f3n de organizaciones por los Derechos Humanos en las Am\u00e9ricas, adem\u00e1s de otras redes regionales y globales de sociedad civil, queremos mostrar nuestra preocupaci\u00f3n por la grave crisis financiera que atraviesa la Comisi\u00f3n Interamericana de Derechos Humanos (CIDH). Es por eso que suscribimos la presente carta, apelando a todos los Estados miembro de la [&hellip;]<\/p>\n","protected":false},"author":2,"featured_media":0,"comment_status":"open","ping_status":"open","sticky":false,"template":"","format":"standard","meta":{"footnotes":""},"categories":[1],"tags":[],"class_list":["post-1329","post","type-post","status-publish","format-standard","hentry","category-sin-categoria"],"_links":{"self":[{"href":"https:\/\/cedehm.org.mx\/en\/wp-json\/wp\/v2\/posts\/1329","targetHints":{"allow":["GET"]}}],"collection":[{"href":"https:\/\/cedehm.org.mx\/en\/wp-json\/wp\/v2\/posts"}],"about":[{"href":"https:\/\/cedehm.org.mx\/en\/wp-json\/wp\/v2\/types\/post"}],"author":[{"embeddable":true,"href":"https:\/\/cedehm.org.mx\/en\/wp-json\/wp\/v2\/users\/2"}],"replies":[{"embeddable":true,"href":"https:\/\/cedehm.org.mx\/en\/wp-json\/wp\/v2\/comments?post=1329"}],"version-history":[{"count":0,"href":"https:\/\/cedehm.org.mx\/en\/wp-json\/wp\/v2\/posts\/1329\/revisions"}],"wp:attachment":[{"href":"https:\/\/cedehm.org.mx\/en\/wp-json\/wp\/v2\/media?parent=1329"}],"wp:term":[{"taxonomy":"category","embeddable":true,"href":"https:\/\/cedehm.org.mx\/en\/wp-json\/wp\/v2\/categories?post=1329"},{"taxonomy":"post_tag","embeddable":true,"href":"https:\/\/cedehm.org.mx\/en\/wp-json\/wp\/v2\/tags?post=1329"}],"curies":[{"name":"wp","href":"https:\/\/api.w.org\/{rel}","templated":true}]}}