{"id":1531,"date":"2012-10-26T16:24:00","date_gmt":"2012-10-26T16:24:00","guid":{"rendered":"https:\/\/cedehm.org.mx\/en\/2012\/10\/26\/quien-las-defiende\/"},"modified":"2012-10-26T16:24:00","modified_gmt":"2012-10-26T16:24:00","slug":"quien-las-defiende","status":"publish","type":"post","link":"https:\/\/cedehm.org.mx\/en\/2012\/10\/26\/quien-las-defiende\/","title":{"rendered":"Qui\u00e9n las defiende\u2026"},"content":{"rendered":"<p><\/p>\n<div style=\"font-family: Arial, Helvetica, Verdana, 'Bitstream Vera Sans', sans-serif; font-weight: 800; line-height: 18px; margin: 10px 0px; padding: 0px; text-align: justify;\">\n<div style=\"line-height: normal; margin-bottom: 0.0001pt;\"><b><span style=\"font-family: Arial, sans-serif;\">Por: Luc\u00eda Lagunes Huerta*<o:p><\/o:p><\/span><\/b><\/div>\n<div style=\"line-height: normal; margin-bottom: 0.0001pt;\"><b><span style=\"font-family: Arial, sans-serif;\">Cimacnoticias | M\u00e9xico, DF.-&nbsp;24\/10\/2012<\/span><\/b><span style=\"font-family: 'Times New Roman', serif;\"><o:p><\/o:p><\/span><\/div>\n<div style=\"line-height: normal; margin-bottom: 0.0001pt;\"><\/div>\n<div style=\"line-height: normal; margin-bottom: 0.0001pt;\"><span style=\"font-family: Arial, sans-serif;\">Manuela Martha Sol\u00eds fue asesinada el lunes pasado junto a su pareja Ismael Solorio, ambos militaban en el movimiento de El Barz\u00f3n defendiendo los derechos de poblaciones afectadas por la instalaci\u00f3n de una mina.<\/span><span style=\"font-family: Arial, sans-serif;\"><br \/><\/span><span style=\"font-family: Arial, sans-serif;\">&nbsp;<\/span><span style=\"font-family: Arial, sans-serif;\"><br \/><\/span><span style=\"font-family: Arial, sans-serif;\">A partir de este crimen, los focos rojos se encendieron por la seguridad e integridad de la abogada Lucha Castro. \u00bfQui\u00e9n la proteger\u00e1? \u00bfQu\u00e9 tanto el reciente Consejo Consultivo del Mecanismo Federal de Protecci\u00f3n para Periodistas y Personas Defensoras de Derechos Humanos lograr\u00e1 salvar vidas?<\/span><span style=\"font-family: Arial, sans-serif;\"><br \/><\/span><span style=\"font-family: Arial, sans-serif;\">&nbsp;<\/span><span style=\"font-family: Arial, sans-serif;\"><br \/><\/span><span style=\"font-family: Arial, sans-serif;\">\u00bfQui\u00e9n defiende a las personas defensoras de Derechos Humanos? \u00bfQu\u00e9 instancia lograr\u00e1 anular la sentencia que daba Lucha Castro en febrero pasado al recibir el Premio Internacional por parte de la Asociaci\u00f3n Pro Derechos Humanos de Espa\u00f1a? \u201cTodas las mujeres mexicanas que desde los diferentes \u00e1mbitos defienden los Derechos Humanos, muchas veces, a costa de su propia vida\u201d.<\/span><span style=\"font-family: Arial, sans-serif;\"><br \/><\/span><span style=\"font-family: Arial, sans-serif;\">&nbsp;<\/span><span style=\"font-family: Arial, sans-serif;\"><br \/><\/span><span style=\"font-family: Arial, sans-serif;\">\u00bfC\u00f3mo lograr que no se vuelva a repetir los cr\u00edmenes contras las defensoras Marisela Escobedo y Manuela Sol\u00eds Contreras, ambas con amenazas previas, amenazas que eran del conocimiento de los gobiernos estatales y federales, quienes con la inacci\u00f3n permitieron que ocurrieran?<\/span><span style=\"font-family: Arial, sans-serif;\"><br \/><\/span><span style=\"font-family: Arial, sans-serif;\">&nbsp;<\/span><span style=\"font-family: Arial, sans-serif;\"><br \/><\/span><span style=\"font-family: Arial, sans-serif;\">No es la primera vez que Lucha Castro recibe amenazas. Esta abogada de Justicia para Nuestras Hijas ha estado del lado de las causas dignas, por ello es tambi\u00e9n abogada de El Barz\u00f3n, es activista y defensora de Derechos Humanos y ha sido amenazada.<\/span><span style=\"font-family: Arial, sans-serif;\"><br \/><\/span><span style=\"font-family: Arial, sans-serif;\">&nbsp;<\/span><span style=\"font-family: Arial, sans-serif;\"><br \/><\/span><span style=\"font-family: Arial, sans-serif;\">Cuando en este pa\u00eds ser defensora se vuelve un peligro es se\u00f1al de que algo anda muy mal. Cuando una organizaci\u00f3n, AUDDHAC,&nbsp; registra en un a\u00f1o, 2011, 188 casos de personas defensoras de Derechos Humanos que sufrieron violencia por su labor, no es buena se\u00f1al para la democracia y la estabilidad social de un pa\u00eds.<\/span><span style=\"font-family: Arial, sans-serif;\"><br \/><\/span><span style=\"font-family: Arial, sans-serif;\">&nbsp;<\/span><span style=\"font-family: Arial, sans-serif;\"><br \/><\/span><span style=\"font-family: Arial, sans-serif;\">Estas cifras no tendr\u00edan que existir, no tendr\u00eda que haber informes que documenten la violencia y los asesinatos contra las personas que defienden los Derechos Humanos de toda la poblaci\u00f3n. No tendr\u00eda que ser M\u00e9xico el segundo pa\u00eds m\u00e1s peligroso para ellas, no tendr\u00eda que preocuparnos que defensoras como Lucha Castro corran peligro.<\/span><span style=\"font-family: Arial, sans-serif;\"><br \/><\/span><span style=\"font-family: Arial, sans-serif;\">&nbsp;<\/span><span style=\"font-family: Arial, sans-serif;\"><br \/><\/span><span style=\"font-family: Arial, sans-serif;\">No tendr\u00edamos que lamentar homicidios como los de Manuela o los de Fabiola Osorio Bern\u00e1ldez, asesinada a tiros en la puerta de su domicilio en Acapulco, Guerrero, quien se opon\u00eda a la construcci\u00f3n de un muelle tur\u00edstico en la Laguna de Coyuca.<\/span><span style=\"font-family: Arial, sans-serif;\"><br \/><\/span><span style=\"font-family: Arial, sans-serif;\">&nbsp;<\/span><span style=\"font-family: Arial, sans-serif;\"><br \/><\/span><span style=\"font-family: Arial, sans-serif;\">Si el Estado protegiera a las defensoras, nadie se atrever\u00eda a amenazar, intimidar y mucho menos atentar contra sus vidas.<\/span><span style=\"font-family: Arial, sans-serif;\"><br \/><\/span><span style=\"font-family: Arial, sans-serif;\">&nbsp;<\/span><span style=\"font-family: Arial, sans-serif;\"><br \/><\/span><span style=\"font-family: Arial, sans-serif;\">Que en 13 entidades federativas se registren atentados contra personas defensoras es inaceptable, que a las defensoras mujeres se les amenace reiteradamente debe ser motivo para declarar la Alerta de Violencia de G\u00e9nero en esos 13 estados. Nada es demasiado cuando se trata de proteger la vida.<\/span><span style=\"font-family: Arial, sans-serif;\"><br \/><\/span><span style=\"font-family: Arial, sans-serif;\">&nbsp;<\/span><span style=\"font-family: Arial, sans-serif;\"><br \/><\/span><span style=\"font-family: Arial, sans-serif;\">Cuando se atenta contra quien nos defiende no s\u00f3lo se afectan las garant\u00edas propias de todo ser humano, sino que se deja en la indefensi\u00f3n a todas aquellas personas por quienes se trabaja; se lacera el papel fundamental que estas personas juegan en la construcci\u00f3n de una sociedad democr\u00e1tica s\u00f3lida y el logro pleno del Estado de Derecho, afirma la Comisi\u00f3n Interamericana de Derechos Humanos.<\/span><span style=\"font-family: Arial, sans-serif;\"><br \/><\/span><span style=\"font-family: Arial, sans-serif;\">&nbsp;<\/span><span style=\"font-family: Arial, sans-serif;\"><br \/><\/span><span style=\"font-family: Arial, sans-serif;\">\u00bfQui\u00e9n las defiende? \u00c9sta es la verdadera prueba de fuego para el Mecanismo de Protecci\u00f3n. Si no funciona, ser\u00e1 la respuesta a las sospechas de que el Estado lo quiso as\u00ed y eso a nadie le conviene.<\/span><span style=\"font-family: 'Times New Roman', serif; font-size: 13.5pt;\"><o:p><\/o:p><\/span><\/div>\n<\/div>\n","protected":false},"excerpt":{"rendered":"<p>Por: Luc\u00eda Lagunes Huerta* Cimacnoticias | M\u00e9xico, DF.-&nbsp;24\/10\/2012 Manuela Martha Sol\u00eds fue asesinada el lunes pasado junto a su pareja Ismael Solorio, ambos militaban en el movimiento de El Barz\u00f3n defendiendo los derechos de poblaciones afectadas por la instalaci\u00f3n de una mina.&nbsp;A partir de este crimen, los focos rojos se encendieron por la seguridad e [&hellip;]<\/p>\n","protected":false},"author":2,"featured_media":0,"comment_status":"open","ping_status":"open","sticky":false,"template":"","format":"standard","meta":{"footnotes":""},"categories":[1],"tags":[],"class_list":["post-1531","post","type-post","status-publish","format-standard","hentry","category-sin-categoria"],"_links":{"self":[{"href":"https:\/\/cedehm.org.mx\/en\/wp-json\/wp\/v2\/posts\/1531","targetHints":{"allow":["GET"]}}],"collection":[{"href":"https:\/\/cedehm.org.mx\/en\/wp-json\/wp\/v2\/posts"}],"about":[{"href":"https:\/\/cedehm.org.mx\/en\/wp-json\/wp\/v2\/types\/post"}],"author":[{"embeddable":true,"href":"https:\/\/cedehm.org.mx\/en\/wp-json\/wp\/v2\/users\/2"}],"replies":[{"embeddable":true,"href":"https:\/\/cedehm.org.mx\/en\/wp-json\/wp\/v2\/comments?post=1531"}],"version-history":[{"count":0,"href":"https:\/\/cedehm.org.mx\/en\/wp-json\/wp\/v2\/posts\/1531\/revisions"}],"wp:attachment":[{"href":"https:\/\/cedehm.org.mx\/en\/wp-json\/wp\/v2\/media?parent=1531"}],"wp:term":[{"taxonomy":"category","embeddable":true,"href":"https:\/\/cedehm.org.mx\/en\/wp-json\/wp\/v2\/categories?post=1531"},{"taxonomy":"post_tag","embeddable":true,"href":"https:\/\/cedehm.org.mx\/en\/wp-json\/wp\/v2\/tags?post=1531"}],"curies":[{"name":"wp","href":"https:\/\/api.w.org\/{rel}","templated":true}]}}