{"id":1165,"date":"2020-05-10T14:03:00","date_gmt":"2020-05-10T14:03:00","guid":{"rendered":""},"modified":"2021-01-13T21:08:22","modified_gmt":"2021-01-13T21:08:22","slug":"novena-marcha-de-la-dignidad-nacional-madres-buscando-sus-familiares-desaparecidos-buscando-la-verdad-y-la-justicia","status":"publish","type":"post","link":"https:\/\/cedehm.org.mx\/es\/2020\/05\/10\/novena-marcha-de-la-dignidad-nacional-madres-buscando-sus-familiares-desaparecidos-buscando-la-verdad-y-la-justicia\/","title":{"rendered":"NOVENA MARCHA DE LA DIGNIDAD NACIONAL: MADRES BUSCANDO SUS FAMILIARES DESAPARECIDOS, BUSCANDO LA VERDAD Y LA JUSTICIA"},"content":{"rendered":"<div align=\"center\" style=\"text-align: center;\"><a href=\"https:\/\/cedehm.org.mx\/es\/wp-content\/uploads\/2020\/05\/1559ca9b-bb88-4628-81f6-1e4f5977f2c1.jpeg\" style=\"margin-left: 1em; margin-right: 1em;\"><img loading=\"lazy\" decoding=\"async\" border=\"0\" data-original-height=\"486\" data-original-width=\"1280\" height=\"242\" src=\"https:\/\/cedehm.org.mx\/es\/wp-content\/uploads\/2020\/05\/1559ca9b-bb88-4628-81f6-1e4f5977f2c1-300x114.jpeg\" width=\"640\" \/><\/a><\/div>\n<div style=\"clear: both; text-align: center;\"><\/div>\n<div align=\"center\" style=\"text-align: center;\"><span style=\"font-family: &quot;arial&quot; , &quot;helvetica&quot; , sans-serif;\"><span><span lang=\"ES-TRAD\"><b><br \/><\/b><\/span><\/span><\/span><\/div>\n<div align=\"center\" style=\"text-align: center;\"><span style=\"font-family: &quot;arial&quot; , &quot;helvetica&quot; , sans-serif;\"><span><span lang=\"ES-TRAD\"><b><br \/><\/b><\/span><\/span><\/span><\/div>\n<div align=\"center\" style=\"text-align: center;\"><span style=\"font-family: &quot;arial&quot; , &quot;helvetica&quot; , sans-serif;\"><span><span lang=\"ES-TRAD\"><b>La b\u00fasqueda no debe parar<\/b><\/span><\/span><span lang=\"ES-TRAD\"><o:p><\/o:p><\/span><\/span><\/div>\n<div align=\"right\" style=\"text-align: right;\"><span style=\"font-family: &quot;arial&quot; , &quot;helvetica&quot; , sans-serif;\"><span><span lang=\"ES-TRAD\">10 de mayo del 2020<\/span><\/span><\/span><\/div>\n<div align=\"right\" style=\"text-align: right;\"><span><span lang=\"ES-TRAD\"><span style=\"font-family: &quot;arial&quot; , &quot;helvetica&quot; , sans-serif;\"><br \/><\/span><\/span><\/span><\/div>\n<div style=\"text-align: justify;\"><span style=\"font-family: &quot;arial&quot; , &quot;helvetica&quot; , sans-serif;\"><span><span lang=\"ES-TRAD\">Nuevamente este 10 de mayo nos movilizamos a nivel mundial, madres y familiares de personas desaparecidas en M\u00e9xico. En medio de la emergencia sanitaria, no dejaremos de sumar nuestras voces, nos pronunciamos desde cada rinc\u00f3n del pa\u00eds, para seguir exigiendo el <b>regreso a casa de todas las personas desaparecidas, verdad, justicia y garant\u00eda de no repetici\u00f3n. <\/b><\/span><\/span><span lang=\"ES-TRAD\"><o:p><\/o:p><\/span><\/span><\/div>\n<div style=\"text-align: justify;\"><span><span lang=\"ES-TRAD\"><b><span style=\"font-family: &quot;arial&quot; , &quot;helvetica&quot; , sans-serif;\"><br \/><\/span><\/b><\/span><\/span><\/div>\n<div style=\"text-align: justify;\"><span style=\"font-family: &quot;arial&quot; , &quot;helvetica&quot; , sans-serif;\"><span><span lang=\"ES-TRAD\">El pa\u00eds <\/span><\/span><span><span lang=\"ES-TRAD\">entra en esta contingencia <\/span><\/span><span><span lang=\"ES-TRAD\">a la par de estar enfrentando desde hace muchos a\u00f1os otra grav\u00edsima emergencia, las <b>m\u00e1s de 61 mil personas desaparecidas, los m\u00e1s de 37 mil cuerpos sin identificar y una din\u00e1mica de desaparici\u00f3n que contin\u00faa cotidianamente.<o:p><\/o:p><\/b><\/span><\/span><\/span><\/div>\n<div style=\"text-align: justify;\"><span><span lang=\"ES-TRAD\"><b><span style=\"font-family: &quot;arial&quot; , &quot;helvetica&quot; , sans-serif;\"><br \/><\/span><\/b><\/span><\/span><\/div>\n<div style=\"text-align: justify;\"><span style=\"font-family: &quot;arial&quot; , &quot;helvetica&quot; , sans-serif;\"><span><span lang=\"ES-TRAD\">La priorizaci\u00f3n de las medidas para contener la pandemia no puede dejar de lado la importancia de continuar la b\u00fasqueda para regresar a casa a todas nuestras personas desaparecidas, <\/span><\/span><span><span lang=\"ES-TRAD\">por lo que la b\u00fasqueda e investigaci\u00f3n que lleve a la localizaci\u00f3n de personas desaparecidas, debe ser declarada una actividad esencial en todo el pa\u00eds. <\/span><\/span><span lang=\"ES-TRAD\"><o:p><\/o:p><\/span><\/span><\/div>\n<div style=\"text-align: justify;\"><span><span lang=\"ES-TRAD\"><span style=\"font-family: &quot;arial&quot; , &quot;helvetica&quot; , sans-serif;\"><br \/><\/span><\/span><\/span><\/div>\n<div style=\"text-align: justify;\"><span style=\"font-family: &quot;arial&quot; , &quot;helvetica&quot; , sans-serif;\"><span><span lang=\"ES-TRAD\">Entendemos la b\u00fasqueda como las diversas acciones necesarias para lograr su pronta localizaci\u00f3n, la verdad y la justicia, por ello, demandamos al Estado mexicano que:<\/span><\/span><span lang=\"ES-TRAD\"><o:p><\/o:p><\/span><\/span><\/div>\n<div style=\"text-align: justify;\"><span><span lang=\"ES-TRAD\"><span style=\"font-family: &quot;arial&quot; , &quot;helvetica&quot; , sans-serif;\"><br \/><\/span><\/span><\/span><\/div>\n<div style=\"margin-left: 8.7pt; mso-list: l1 level1 lfo2; text-align: justify; text-indent: -8.7pt;\"><!--[if !supportLists]--><span style=\"font-family: &quot;arial&quot; , &quot;helvetica&quot; , sans-serif;\"><span lang=\"ES-TRAD\"><span style=\"mso-list: Ignore;\">\u2022<span style=\"font-size: 7pt; font-stretch: normal; font-style: normal; font-variant: normal; font-weight: normal; line-height: normal;\">&nbsp; <\/span><\/span><\/span><!--[endif]--><span><span lang=\"ES-TRAD\">Se garantice una <\/span><\/span><span><span lang=\"ES-TRAD\">efectiva b\u00fasqueda inmediata.<\/span><\/span><span lang=\"ES-TRAD\"><o:p><\/o:p><\/span><\/span><\/div>\n<div style=\"margin-left: 8.7pt; mso-list: l1 level1 lfo2; text-align: justify; text-indent: -8.7pt;\"><!--[if !supportLists]--><span style=\"font-family: &quot;arial&quot; , &quot;helvetica&quot; , sans-serif;\"><span lang=\"ES-TRAD\"><span style=\"mso-list: Ignore;\">\u2022<span style=\"font-size: 7pt; font-stretch: normal; font-style: normal; font-variant: normal; font-weight: normal; line-height: normal;\">&nbsp; <\/span><\/span><\/span><!--[endif]--><span><span lang=\"ES-TRAD\">La Fiscal\u00eda General de la Rep\u00fablica, en su unidad de investigaci\u00f3n de Desaparici\u00f3n Forzada, y las Fiscal\u00edas Estatales, intensifiquen la revisi\u00f3n de expedientes y an\u00e1lisis de contexto y fortalezca todas las bases de datos. Tambi\u00e9n, que se realice un mapeo geogr\u00e1fico de fosas y hallazgos para establecer rutas de b\u00fasqueda inmediata y la confronta de perfiles gen\u00e9ticos con hallazgos estatales y nacionales, entre otras labores necesarias.<\/span><\/span><span lang=\"ES-TRAD\"><o:p><\/o:p><\/span><\/span><\/div>\n<div style=\"margin-left: 8.7pt; mso-list: l1 level1 lfo2; text-align: justify; text-indent: -8.7pt;\"><!--[if !supportLists]--><span style=\"font-family: &quot;arial&quot; , &quot;helvetica&quot; , sans-serif;\"><span lang=\"ES-TRAD\"><span style=\"mso-list: Ignore;\">\u2022<span style=\"font-size: 7pt; font-stretch: normal; font-style: normal; font-variant: normal; font-weight: normal; line-height: normal;\">&nbsp; <\/span><\/span><\/span><!--[endif]--><span><span lang=\"ES-TRAD\">Avanzar sustantivamente en la implementaci\u00f3n de la Ley General de Desaparici\u00f3n en los estados<\/span><\/span><span lang=\"ES-TRAD\"><o:p><\/o:p><\/span><\/span><\/div>\n<div style=\"margin-left: 8.7pt; mso-list: l1 level1 lfo2; text-align: justify; text-indent: -8.7pt;\"><!--[if !supportLists]--><span style=\"font-family: &quot;arial&quot; , &quot;helvetica&quot; , sans-serif;\"><span lang=\"ES-TRAD\"><span style=\"mso-list: Ignore;\">\u2022<span style=\"font-size: 7pt; font-stretch: normal; font-style: normal; font-variant: normal; font-weight: normal; line-height: normal;\">&nbsp; <\/span><\/span><\/span><!--[endif]--><span><span lang=\"ES-TRAD\">La Comisi\u00f3n Nacional de B\u00fasqueda de Personas, Comisiones Estatales y Congresos locales, avancen en los diversos procesos de armonizaci\u00f3n legislativa nacional y local<\/span><\/span><span lang=\"ES-TRAD\"><o:p><\/o:p><\/span><\/span><\/div>\n<div style=\"margin-left: 8.7pt; mso-list: l1 level1 lfo2; text-align: justify; text-indent: -8.7pt;\"><!--[if !supportLists]--><span style=\"font-family: &quot;arial&quot; , &quot;helvetica&quot; , sans-serif;\"><span lang=\"ES-TRAD\"><span style=\"mso-list: Ignore;\">\u2022<span style=\"font-size: 7pt; font-stretch: normal; font-style: normal; font-variant: normal; font-weight: normal; line-height: normal;\">&nbsp; <\/span><\/span><\/span><!--[endif]--><span><span lang=\"ES-TRAD\">Se presente a la brevedad la base de datos y metodolog\u00eda del Registro Nacional de Personas desaparecidas<\/span><\/span><span lang=\"ES-TRAD\"><o:p><\/o:p><\/span><\/span><\/div>\n<div style=\"margin-left: 8.7pt; mso-list: l1 level1 lfo2; text-align: justify; text-indent: -8.7pt;\"><!--[if !supportLists]--><span style=\"font-family: &quot;arial&quot; , &quot;helvetica&quot; , sans-serif;\"><span lang=\"ES-TRAD\"><span style=\"mso-list: Ignore;\">\u2022<span style=\"font-size: 7pt; font-stretch: normal; font-style: normal; font-variant: normal; font-weight: normal; line-height: normal;\">&nbsp; <\/span><\/span><\/span><!--[endif]--><span><span lang=\"ES-TRAD\">Se resuelvan ya las condiciones para el funcionamiento del Mecanismo Extraordinario de Identificaci\u00f3n Forense <\/span><\/span><span lang=\"ES-TRAD\"><o:p><\/o:p><\/span><\/span><\/div>\n<div style=\"text-align: justify;\"><span><span lang=\"ES-TRAD\"><span style=\"font-family: &quot;arial&quot; , &quot;helvetica&quot; , sans-serif;\"><br \/><\/span><\/span><\/span><\/div>\n<div style=\"text-align: justify;\"><span style=\"font-family: &quot;arial&quot; , &quot;helvetica&quot; , sans-serif;\"><span><span lang=\"ES-TRAD\">Estas exigencias deben cumplirse con un <b>enfoque de derechos humanos, con la participaci\u00f3n real y efectiva de las familias<\/b>, <b>con enfoque diferenciado en la b\u00fasqueda, <\/b>la debida coordinaci\u00f3n interinstitucional y la disponibilidad de todos los recursos necesarios. <\/span><\/span><span lang=\"ES-TRAD\"><o:p><\/o:p><\/span><\/span><\/div>\n<div style=\"text-align: justify;\"><span><span lang=\"ES-TRAD\"><span style=\"font-family: &quot;arial&quot; , &quot;helvetica&quot; , sans-serif;\"><br \/><\/span><\/span><\/span><\/div>\n<div style=\"text-align: justify;\"><span style=\"font-family: &quot;arial&quot; , &quot;helvetica&quot; , sans-serif;\"><span><span lang=\"ES-TRAD\">Esta crisis sanitaria remarca los graves problemas de inequidad, desigualdad e injusticia social expresados en la violaci\u00f3n a los derechos sociales y otros. Estamos llamadas a sumar esfuerzos para transformar esta realidad hacia la construcci\u00f3n de un mundo con justicia y dignidad para todas y todos, en el que no exista m\u00e1s la desaparici\u00f3n de personas. <\/span><\/span><span lang=\"ES-TRAD\"><o:p><\/o:p><\/span><\/span><\/div>\n<div style=\"text-align: justify;\"><span><span lang=\"ES-TRAD\"><span style=\"font-family: &quot;arial&quot; , &quot;helvetica&quot; , sans-serif;\"><br \/><\/span><\/span><\/span><\/div>\n<div style=\"text-align: justify;\"><span style=\"font-family: &quot;arial&quot; , &quot;helvetica&quot; , sans-serif;\"><span><span lang=\"ES-TRAD\">As\u00ed, en medio de esta pandemia por el COVID-19, nos hemos mantenido organizadas, y en este d\u00eda tan significativo, nos movilizamos para reiterar nuestras exigencias, as\u00ed como lo hemos hecho desde hace 9 a\u00f1os cuando las organizaciones de familiares y ONGs del norte del pa\u00eds, nos convocaron a marchar por la presentaci\u00f3n de nuestros seres queridos.<\/span><\/span><span lang=\"ES-TRAD\"><o:p><\/o:p><\/span><\/span><\/div>\n<div style=\"text-align: justify;\"><span><span lang=\"ES-TRAD\"><span style=\"font-family: &quot;arial&quot; , &quot;helvetica&quot; , sans-serif;\"><br \/><\/span><\/span><\/span><\/div>\n<div style=\"text-align: justify;\"><span style=\"font-family: &quot;arial&quot; , &quot;helvetica&quot; , sans-serif;\"><span><b><span lang=\"ES-TRAD\">El coraz\u00f3n de nuestra lucha ha sido la exigencia de buscar a las personas desaparecidas desde los a\u00f1os 60 en M\u00e9xico y Centroam\u00e9rica<\/span><\/b><span lang=\"ES-TRAD\">, y hoy desde nuestras distintas trincheras, dentro y fuera del pa\u00eds, caminamos de otras maneras, con los corazones en marcha alzando la voz, porque no estamos completas y la b\u00fasqueda no debe parar.<\/span><\/span><span lang=\"ES-TRAD\"><o:p><\/o:p><\/span><\/span><\/div>\n<div style=\"text-align: justify;\"><span><span lang=\"ES-TRAD\"><span style=\"font-family: &quot;arial&quot; , &quot;helvetica&quot; , sans-serif;\"><br \/><\/span><\/span><\/span><\/div>\n<div align=\"center\" style=\"text-align: center;\"><b><span lang=\"ES-TRAD\"><span style=\"font-family: &quot;arial&quot; , &quot;helvetica&quot; , sans-serif;\">\u00a1Hasta encontrarles!<\/span><o:p><\/o:p><\/span><\/b><\/div>\n<div align=\"center\" style=\"text-align: center;\"><\/div>\n<div align=\"center\" style=\"line-height: 18.0pt; margin-bottom: 24.0pt; tab-stops: 36.0pt 72.0pt 108.0pt 144.0pt 180.0pt 216.0pt 252.0pt 288.0pt 324.0pt 360.0pt 396.0pt 432.0pt; text-align: center;\"><span><span lang=\"ES-TRAD\" style=\"background: white; font-family: &quot;helvetica&quot; , serif; font-size: 12.0pt;\">Atentamente<\/span><\/span><span><span lang=\"ES-TRAD\" style=\"background: white; font-family: &quot;helvetica&quot; , serif; font-size: 12.0pt;\"><br \/><\/span><\/span><b><span lang=\"ES-TRAD\" style=\"background: white; font-family: &quot;helvetica&quot; , serif; font-size: 12.0pt;\">Movimiento por Nuestros Desaparecidos en M\u00e9xico<\/span><\/b><span><span lang=\"ES-TRAD\" style=\"background: white; font-family: &quot;helvetica&quot; , serif; font-size: 12.0pt;\"><o:p><\/o:p><\/span><\/span><\/div>\n<div style=\"line-height: 18.0pt; margin-bottom: 24.0pt; tab-stops: 36.0pt 72.0pt 108.0pt 144.0pt 180.0pt 216.0pt 252.0pt 288.0pt 324.0pt 360.0pt 396.0pt 432.0pt; text-align: justify;\"><span lang=\"ES-TRAD\" style=\"background: white; font-family: &quot;helvetica&quot; , serif; font-size: 12.0pt;\">Integrado por m\u00e1s de 60 colectivos de familiares de personas desaparecidas, provenientes de 22 entidades federativas de M\u00e9xico y tres pa\u00edses de Centroam\u00e9rica.<\/span><span lang=\"ES-TRAD\" style=\"background: white; font-family: &quot;helvetica&quot; , serif; font-size: 12.0pt;\"><o:p><\/o:p><\/span><\/div>\n<div style=\"line-height: 18.0pt; margin-bottom: 24.0pt; tab-stops: 36.0pt 72.0pt 108.0pt 144.0pt 180.0pt 216.0pt 252.0pt 288.0pt 324.0pt 360.0pt 396.0pt 432.0pt; text-align: justify;\"><span lang=\"ES-TRAD\" style=\"background: white; font-family: &quot;helvetica&quot; , serif; font-size: 12.0pt;\">Colectivos de familiares:<\/span><span lang=\"ES-TRAD\" style=\"background: white; font-family: &quot;helvetica&quot; , serif; font-size: 12.0pt;\"><o:p><\/o:p><\/span><\/div>\n<div style=\"line-height: 18.0pt; margin-bottom: 24.0pt; tab-stops: 36.0pt 72.0pt 108.0pt 144.0pt 180.0pt 216.0pt 252.0pt 288.0pt 324.0pt 360.0pt 396.0pt 432.0pt; text-align: justify;\"><span lang=\"ES-TRAD\" style=\"background: white; font-family: &quot;helvetica&quot; , serif; font-size: 12.0pt;\">Asociaci\u00f3n de Familiares de Detenidos Desaparecidos y V\u00edctimas de Violaciones a los Derechos Humanos en M\u00e9xico AFADEM-FEDEFAM (Guerrero); Asociaci\u00f3n Unidos por los Desaparecidos de Baja California (Baja California); Agrupaci\u00f3n de Mujeres Organizadas por los Ejecutados, Secuestrados y Desaparecidos de Nuevo Le\u00f3n, AMORES; Buscando Desaparecidos M\u00e9xico, B\u00daSCAME; Colectivo BCS Sin ellos No AC (Baja California Sur); Colectivo Con Justicia y Esperanza de San Luis de la Paz (Guanajuato); Buscando a Nuestros Desaparecidos y Desaparecidas Veracruz; Colectivo 21 de Mayo (Tamaulipas); Colectivo Colibr\u00ed (Estado de M\u00e9xico); Colectivo Uniendo Esperanzas (Estado de M\u00e9xico); Busc\u00e1ndote con Amor Estado de M\u00e9xico (Estado de M\u00e9xico); Uniendo Cristales, A.C; Colectivo el Solecito de Veracruz; Colectivo Solecito C\u00f3rdoba; Colectivo Solecito Cardel; Colectivo Solecito Tierra Blanca; B\u00fasqueda Colectiva Coatzacoalcos Zona Sur (Veracruz); Colectivo Juntos por Hidalgo; Comit\u00e9 de Familiares de Personas Detenidas Desaparecidas en M\u00e9xico, COFADDEM \u201cAlzando Voces\u201d (Michoac\u00e1n); Comit\u00e9 de Familiares y Amigos Secuestrados, Desaparecidos y Asesinados en Guerrero (Guerrero); Familias de Acapulco en Busca de sus Desaparecidos A. C.; Comit\u00e9 de Familias Migrantes Desaparecidos del Salvador COFAMIDE (El Salvador); Comit\u00e9-Familias Unidas de Chiapas Buscando a Nuestros Migrantes \u201cJunax Ko\u2019otontik\u201d (Chiapas); Colectivo Busc\u00e1ndote con Amor (Estado de M\u00e9xico); Desaparecidos de El Fuerte y Zona Norte \u201cLas Rastreadoras\u201d (Sinaloa); Desaparecidos Justicia, A.C. (Quer\u00e9taro); Desaparecidos Quer\u00e9taro; Deudos y Defensores por la Dignidad de Nuestros Desaparecidos (Estado de M\u00e9xico); Familias Enlaces Xalapa (Veracruz); Familiares de Desaparecidos de Orizaba y C\u00f3rdoba (Veracruz); Familiares en B\u00fasqueda Mar\u00eda Herrera, A.C (Ciudad de M\u00e9xico); Familiares acompa\u00f1ados por el Centro de Derechos Humanos de las Mujeres (CEDEHM) (Chihuahua); Familiares de mujeres desaparecidas acompa\u00f1ados por el Centro para el Desarrollo Integral de la Mujer (CEDIMAC) (Chihuahua); Colectivo Familias Unidas por la Verdad y la Justicia (Chihuahua); Familias Unidas por Nuestros Desaparecidos Jalisco (Jalisco); Familiares en B\u00fasqueda Mar\u00eda Herrera Poza Rica (Veracruz); B\u00fasqueda Mar\u00eda Herrera Xalapa; Fuerzas Unidas por Nuestros Desaparecidos \u2013Regi\u00f3n Sureste (FUUNDEC-FUNDEM); Fuerzas Unidas por Nuestros Desaparecidos en M\u00e9xico \u2013 Regi\u00f3n Centro (FUUNDEC-FUNDEM); Fuerzas Unidas por Nuestros Desaparecidos \u2013 Regi\u00f3n Laguna (FUUNDEC-FUNDEM); Fuerzas Unidas por Nuestros Desaparecidos en Nuevo Le\u00f3n (FUNDENL); Grupo V.I.D.A. V\u00edctimas por sus Derechos en Acci\u00f3n (Coahuila); Madres en B\u00fasqueda Coatzacoalcos (Veracruz); Colectivo Madres Luna de C\u00f3rdoba (Veracruz); Madres en B\u00fasqueda Bel\u00e9n Gonz\u00e1lez (Veracruz); AFAMIDEG- Asociaci\u00f3n de Familiares de Personas Migrantes Desaparecidas de Guatemala, A.C; COFAMIPRO- Comit\u00e9 de Familiares de Migrantes Desaparecidos del Progreso, Honduras; COFAMICENH- Comit\u00e9 de Familiares de Migrantes Desaparecidos del Centro de Honduras;&nbsp; Por Amor a Ellxs (Jalisco); Red de Madres Buscando a sus Hijos Veracruz; Red de Desaparecidos en Tamaulipas, A.C.; Justicia Tamaulipas A. C.; De frente hasta encontrarte A.C Tamaulipas; Siguiendo Tus Pasos, Colectivo de Familiares de Desaparecidos de Ensenada; Colectivo de Familiares y Amigos Desaparecidos en Tamaulipas; Madres Unidas por Nuestros Hijos San Fernando Tamaulipas; Red Eslabones por los Derechos Humanos: Eslabones Nuevo Le\u00f3n, Eslabones Estado de M\u00e9xico, Eslabones Morelos y Eslabones Michoac\u00e1n; Red Nacional de Enlaces; Regresando a Casa Morelos; Rastreadoras por la Paz (Sinaloa): Colectivo Alondras Unidas en B\u00fasqueda y Justicia de Nuestros Desaparecidos; Tesoros Perdidos Hasta Encontrarlos (Sinaloa); Sabuesos Guerreras, A.C. (Sinaloa); Uni\u00f3n de Madres con Hijos Desaparecidos de los 70\u00b4s de Sinaloa; Una Luz de Esperanza (Sinaloa); Voces Unidas por la Vida (Sinaloa); V\u00edctimas de la guerra sucia de los a\u00f1os 70\u00b4s; Familias Unidas en Busca de una Esperanza (Zacatecas); Familias Unidas por Nayarit, AC.; Guerreras Buscadoras de Sonora; Guerreras en Busca de Nuestros Tesoros (Nayarit); &nbsp;Zacatecanos por la Paz (Zacatecas); Unidas por el Dolor (Sinaloa); Organizaci\u00f3n Justicia Para Nuestras Hijas A.C.<\/span><span lang=\"ES-TRAD\" style=\"background: white; font-family: &quot;helvetica&quot; , serif; font-size: 12.0pt;\"><o:p><\/o:p><\/span><\/div>\n<div style=\"line-height: 18.0pt; margin-bottom: 24.0pt; tab-stops: 36.0pt 72.0pt 108.0pt 144.0pt 180.0pt 216.0pt 252.0pt 288.0pt 324.0pt 360.0pt 396.0pt 432.0pt; text-align: justify;\"><span lang=\"ES-TRAD\" style=\"background: white; font-family: &quot;helvetica&quot; , serif; font-size: 12.0pt;\">Acompa\u00f1ado por 35 organizaciones de la sociedad civil de distintas entidades federativas, incluyendo la Ciudad de M\u00e9xico.<\/span><\/div>\n","protected":false},"excerpt":{"rendered":"<p>La b\u00fasqueda no debe parar 10 de mayo del 2020 Nuevamente este 10 de mayo nos movilizamos a nivel mundial, madres y familiares de personas desaparecidas en M\u00e9xico. En medio de la emergencia sanitaria, no dejaremos de sumar nuestras voces, nos pronunciamos desde cada rinc\u00f3n del pa\u00eds, para seguir exigiendo el regreso a casa de [&hellip;]<\/p>\n","protected":false},"author":2,"featured_media":930,"comment_status":"open","ping_status":"open","sticky":false,"template":"","format":"standard","meta":{"footnotes":""},"categories":[1],"tags":[],"class_list":["post-1165","post","type-post","status-publish","format-standard","has-post-thumbnail","hentry","category-sin-categoria"],"_links":{"self":[{"href":"https:\/\/cedehm.org.mx\/es\/wp-json\/wp\/v2\/posts\/1165","targetHints":{"allow":["GET"]}}],"collection":[{"href":"https:\/\/cedehm.org.mx\/es\/wp-json\/wp\/v2\/posts"}],"about":[{"href":"https:\/\/cedehm.org.mx\/es\/wp-json\/wp\/v2\/types\/post"}],"author":[{"embeddable":true,"href":"https:\/\/cedehm.org.mx\/es\/wp-json\/wp\/v2\/users\/2"}],"replies":[{"embeddable":true,"href":"https:\/\/cedehm.org.mx\/es\/wp-json\/wp\/v2\/comments?post=1165"}],"version-history":[{"count":0,"href":"https:\/\/cedehm.org.mx\/es\/wp-json\/wp\/v2\/posts\/1165\/revisions"}],"wp:featuredmedia":[{"embeddable":true,"href":"https:\/\/cedehm.org.mx\/es\/wp-json\/wp\/v2\/media\/930"}],"wp:attachment":[{"href":"https:\/\/cedehm.org.mx\/es\/wp-json\/wp\/v2\/media?parent=1165"}],"wp:term":[{"taxonomy":"category","embeddable":true,"href":"https:\/\/cedehm.org.mx\/es\/wp-json\/wp\/v2\/categories?post=1165"},{"taxonomy":"post_tag","embeddable":true,"href":"https:\/\/cedehm.org.mx\/es\/wp-json\/wp\/v2\/tags?post=1165"}],"curies":[{"name":"wp","href":"https:\/\/api.w.org\/{rel}","templated":true}]}}