{"id":1167,"date":"2020-05-06T20:34:00","date_gmt":"2020-05-06T20:34:00","guid":{"rendered":""},"modified":"2021-01-13T21:08:22","modified_gmt":"2021-01-13T21:08:22","slug":"presupuesto-para-la-atencion-de-mujeres-que-viven-violencia-durante-la-jornada-de-sana-distancia","status":"publish","type":"post","link":"https:\/\/cedehm.org.mx\/es\/2020\/05\/06\/presupuesto-para-la-atencion-de-mujeres-que-viven-violencia-durante-la-jornada-de-sana-distancia\/","title":{"rendered":"Presupuesto para la atenci\u00f3n de mujeres que viven violencia durante la \u201cJornada de Sana Distancia\u201d"},"content":{"rendered":"<p><\/p>\n<div align=\"right\" style=\"margin-top: 12.0pt; text-align: right;\"><span lang=\"es\" style=\"line-height: 115%;\"><span style=\"font-family: &quot;arial&quot; , &quot;helvetica&quot; , sans-serif;\">6 de mayo del 2020 <o:p><\/o:p><\/span><\/span><\/div>\n<div style=\"margin-top: 12.0pt;\"><b style=\"mso-bidi-font-weight: normal;\"><span lang=\"es\" style=\"line-height: 115%;\"><span style=\"font-family: &quot;arial&quot; , &quot;helvetica&quot; , sans-serif;\">Carta abierta a Andr\u00e9s Manuel L\u00f3pez Obrador, Presidente de los Estados Unidos Mexicanos y a Olga S\u00e1nchez Cordero, Secretaria de Gobernaci\u00f3n<o:p><\/o:p><\/span><\/span><\/b><\/div>\n<div style=\"margin-top: 12.0pt; text-align: justify;\"><b style=\"mso-bidi-font-weight: normal;\"><span lang=\"es\" style=\"line-height: 115%;\"><span style=\"font-family: &quot;arial&quot; , &quot;helvetica&quot; , sans-serif;\">Asunto: Presupuesto para la atenci\u00f3n de mujeres que viven violencia durante la \u201cJornada de Sana Distancia\u201d<o:p><\/o:p><\/span><\/span><\/b><\/div>\n<div style=\"margin-top: 12.0pt; text-align: justify;\"><span lang=\"es\" style=\"line-height: 115%;\"><span style=\"font-family: &quot;arial&quot; , &quot;helvetica&quot; , sans-serif;\">Distinguido Sr. Presidente de la Rep\u00fablica,<o:p><\/o:p><\/span><\/span><\/div>\n<div style=\"margin-top: 12.0pt; text-align: justify;\"><span lang=\"es\" style=\"line-height: 115%;\"><span style=\"font-family: &quot;arial&quot; , &quot;helvetica&quot; , sans-serif;\">Distinguida Sra. Secretaria de Gobernaci\u00f3n,<o:p><\/o:p><\/span><\/span><\/div>\n<div style=\"margin-top: 12.0pt; text-align: justify;\"><span lang=\"es\" style=\"line-height: 115%;\"><span style=\"font-family: &quot;arial&quot; , &quot;helvetica&quot; , sans-serif;\">Quienes suscribimos la presente, nos dirigimos a ustedes, en su calidad de representantes de la poblaci\u00f3n mexicana, para externar las incertidumbres que nos provocan <span style=\"mso-spacerun: yes;\">&nbsp;<\/span>las medidas de austeridad publicadas en el Diario Oficial de la Federaci\u00f3n el 23 de abril de 2020.<span style=\"mso-spacerun: yes;\">&nbsp; <\/span>Consideramos que las medidas de austeridad mencionadas podr\u00edan tener implicaciones en los programas orientados a garantizar los derechos humanos de las mujeres, particularmente aquellos destinados a la atenci\u00f3n y prevenci\u00f3n de las violencias.<o:p><\/o:p><\/span><\/span><\/div>\n<div style=\"margin-top: 12.0pt; text-align: justify;\"><span lang=\"es\" style=\"line-height: 115%;\"><span style=\"font-family: &quot;arial&quot; , &quot;helvetica&quot; , sans-serif;\">Tal como la Secretaria de Gobernaci\u00f3n ha reconocido, las violencias contra las mujeres han aumentado durante la \u201cJornada de Sana Distancia\u201d. La informaci\u00f3n publicada por el Secretariado Ejecutivo del Sistema Nacional de Seguridad P\u00fablica (SESNSP) confirma que durante el mes de marzo el n\u00famero telef\u00f3nico 911 registr\u00f3 115,614 llamadas de emergencia de mujeres a nivel nacional, cifra que representa un incremento del 22.31% con respecto a febrero. , Es decir, en el mes de marzo el 911 recibi\u00f3 en promedio 155 llamadas cada hora diariamente. <span style=\"mso-spacerun: yes;\">&nbsp;<\/span><o:p><\/o:p><\/span><\/span><\/div>\n<div style=\"text-align: justify;\"><\/div>\n<div style=\"text-align: justify;\"><span lang=\"es\" style=\"line-height: 115%;\"><span style=\"font-family: &quot;arial&quot; , &quot;helvetica&quot; , sans-serif;\">Cabe recordar que de acuerdo a las cifras del Secretariado Ejecutivo del Sistema Nacional de Seguridad P\u00fablica<a href=\"file:\/\/\/C:\/Users\/Usuario%20CEDEHM\/Downloads\/Carta%20abierta%20AMLO%20.docx#_ftn1\" name=\"_ftnref1\" style=\"mso-footnote-id: ftn1;\" title=\"\"><sup><span style=\"mso-special-character: footnote;\"><!--[if !supportFootnotes]--><sup><span lang=\"es\" style=\"line-height: 115%;\">[1]<\/span><\/sup><!--[endif]--><\/span><\/sup><\/a> en los primeros tres meses de 2020 fueron <b style=\"mso-bidi-font-weight: normal;\">asesinadas 960 mujeres<\/b> <b style=\"mso-bidi-font-weight: normal;\">y ni\u00f1as<\/b>, 240 de estos asesinatos est\u00e1n siendo investigados como feminicidios.<o:p><\/o:p><\/span><\/span><\/div>\n<div style=\"margin-left: 54.0pt; text-align: justify; text-indent: -18.0pt;\"><\/div>\n<div style=\"text-align: justify;\"><span lang=\"es\" style=\"line-height: 115%;\"><span style=\"font-family: &quot;arial&quot; , &quot;helvetica&quot; , sans-serif;\">Recientemente, el Secretario General de las Naciones Unidas, Antonio Guterres, reconoci\u00f3 un incremento alarmante de las violencias en contra de las mujeres a nivel global, al estar confinadas con parejas abusivas y agresoras. Por eso, enfatiz\u00f3 la importancia de que los Estados cuenten con servicios de atenci\u00f3n y recursos adecuados y suficientes para ellas. <b style=\"mso-bidi-font-weight: normal;\"><o:p><\/o:p><\/b><\/span><\/span><\/div>\n<div style=\"margin-top: 12.0pt; text-align: justify;\"><span lang=\"es\" style=\"line-height: 115%;\"><span style=\"font-family: &quot;arial&quot; , &quot;helvetica&quot; , sans-serif;\">Cabe se\u00f1alar que, desde el 2019, se ha reducido el presupuesto para programas sociales con enfoque de g\u00e9nero, entre los cuales se encuentran el programa de Estancias Infantiles para Apoyar a Madres Trabajadoras, el programa Salud materna, sexual y reproductiva, el programa para Promover la atenci\u00f3n y prevenci\u00f3n de la violencia contra las mujeres, entre otros.<o:p><\/o:p><\/span><\/span><\/div>\n<div style=\"margin-top: 12.0pt; text-align: justify;\"><span lang=\"es\" style=\"line-height: 115%;\"><span style=\"font-family: &quot;arial&quot; , &quot;helvetica&quot; , sans-serif;\">A la fecha, de acuerdo a la Red Nacional de Refugios, AC los 69 espacios de prevenci\u00f3n, atenci\u00f3n y protecci\u00f3n con los que cuenta se encuentran al 80 o hasta el 100 por ciento de su capacidad y no se cuenta con recursos extraordinarios para que los Refugios hagan frente a la contingencia sanitaria como lo son las Casas de Emergencia que permitir\u00edan mitigar la propagaci\u00f3n del coronavirus dentro de los Refugios as\u00ed como las Casas de Transici\u00f3n para aquellas mujeres que al finalizar su proceso no cuentan con opciones de vivienda y ahora menos ante el impacto econ\u00f3mico que el COVID-19 representa para las mujeres.<o:p><\/o:p><\/span><\/span><\/div>\n<div style=\"margin-top: 12.0pt; text-align: justify;\"><span lang=\"es\" style=\"line-height: 115%;\"><span style=\"font-family: &quot;arial&quot; , &quot;helvetica&quot; , sans-serif;\">Asimismo, preocupa que el 3 de abril el Instituto Nacional de los Pueblos Ind\u00edgenas (INPI) public\u00f3 que se suspende la entrega del recurso presupuestado en el PEF20202 para las Casas de las Mujeres Ind\u00edgenas (CAMIS), con el argumento de que \u201cno hay condiciones para los proyectos y para proteger a las beneficiarias\u201d, lo cual es alarmante ya que las violencias contra las mujeres tambi\u00e9n afectas en las regiones ind\u00edgenas.<span style=\"mso-spacerun: yes;\">&nbsp;&nbsp;&nbsp;&nbsp;&nbsp;&nbsp;&nbsp; <\/span><b style=\"mso-bidi-font-weight: normal;\"><o:p><\/o:p><\/b><\/span><\/span><\/div>\n<div style=\"margin-top: 12.0pt; text-align: justify;\"><b style=\"mso-bidi-font-weight: normal;\"><span lang=\"es\" style=\"line-height: 115%;\"><o:p><span style=\"font-family: &quot;arial&quot; , &quot;helvetica&quot; , sans-serif;\">&nbsp;<\/span><\/o:p><\/span><\/b><span style=\"background-color: white; font-family: &quot;arial&quot; , &quot;helvetica&quot; , sans-serif;\">Ante este panorama de considerable aumento de las violencias contra las mujeres durante las medidas de aislamiento social, es vital que las instituciones que les atienden se vean reforzadas para poder hacer frente al incremento de casos a los que se enfrentan. Siendo de suma importancia que estas tengan certeza en relaci\u00f3n al presupuesto que tienen disponible para continuar operando, misma que no se ve reflejada en la redacci\u00f3n presentada en el decreto emitido el 23 de abril del 2020.<\/span><\/div>\n<div style=\"background: white; line-height: 137%; margin-bottom: 12.0pt; margin-left: 0cm; margin-right: 0cm; margin-top: 12.0pt; text-align: justify;\"><span style=\"font-family: &quot;arial&quot; , &quot;helvetica&quot; , sans-serif;\"><span lang=\"es\" style=\"color: black; line-height: 137%;\">Del mismo modo, es de suma importancia que las medidas se\u00f1aladas como programas prioritarios, en la fracci\u00f3n V del decreto en cuesti\u00f3n, sean gestionadas con la perspectiva de g\u00e9nero debida. Por lo mismo, dichos programas deben incluir en su ejecuci\u00f3n una visi\u00f3n de las afectaciones diferenciadas a las que hacen frente las mujeres durante la contingencia sanitaria. El enfoque de g\u00e9nero no debe ser excluido de estos esfuerzos, presentar soluciones gen\u00e9ricas a situaciones de violencias y desigualdad exacerbadas por la situaci\u00f3n actual ser\u00eda inaceptable.<\/span><span lang=\"es\" style=\"line-height: 137%;\"><o:p><\/o:p><\/span><\/span><\/div>\n<div style=\"margin-top: 12.0pt; text-align: justify;\"><span lang=\"es\" style=\"line-height: 115%;\"><span style=\"font-family: &quot;arial&quot; , &quot;helvetica&quot; , sans-serif;\">Por todo lo anterior, las organizaciones firmantes solicitamos:<o:p><\/o:p><\/span><\/span><\/div>\n<ol start=\"1\" style=\"margin-top: 0cm;\" type=\"1\">\n<li style=\"margin-top: 12.0pt; mso-list: l0 level1 lfo1; text-align: justify;\"><span lang=\"es\" style=\"line-height: 115%;\"><span style=\"font-family: &quot;arial&quot; , &quot;helvetica&quot; , sans-serif;\">Detallar qu\u00e9 programas      presupuestarios est\u00e1n incluidos en el punto 38 del inciso V, del decreto      emitido el 23 de abril 2020.<o:p><\/o:p><\/span><\/span><\/li>\n<\/ol>\n<div style=\"margin-bottom: .0001pt; margin-bottom: 0cm; margin-left: 36.0pt; margin-right: 0cm; margin-top: 12.0pt; text-align: justify;\"><span lang=\"es\" style=\"line-height: 115%;\"><span style=\"font-family: &quot;arial&quot; , &quot;helvetica&quot; , sans-serif;\">Particularmente, nos interesa saber si se incluyen programas orientados a la prevenci\u00f3n y atenci\u00f3n de las violencias contra las mujeres; si cuentan con el presupuesto necesario para seguir su operaci\u00f3n durante la contingencia sanitaria, y a\u00fan despu\u00e9s de \u00e9sta, dado que el decreto est\u00e1 vigente hasta el 31 de diciembre de 2020. En caso de que no sea as\u00ed, informarnos cu\u00e1les son las previsiones de recursos extraordinarios para garantizar el acceso de las mujeres a una vida libre de violencia durante esta pandemia.<o:p><\/o:p><\/span><\/span><\/div>\n<ol start=\"2\" style=\"margin-top: 0cm;\" type=\"1\">\n<li style=\"margin-top: 12.0pt; mso-list: l0 level1 lfo1; text-align: justify;\"><span lang=\"es\" style=\"line-height: 115%;\"><span style=\"font-family: &quot;arial&quot; , &quot;helvetica&quot; , sans-serif;\">Claridad y transparencia      sobre el monto y los mecanismos a trav\u00e9s de los cuales se van a ejercer      los recursos destinados a atender las violencias contra las mujeres      durante y despu\u00e9s de la contingencia sanitaria.<\/span><\/span><\/li>\n<\/ol>\n<div style=\"margin-top: 12.0pt; text-align: justify;\"><b><span lang=\"es\" style=\"line-height: 115%;\"><span style=\"font-family: &quot;arial&quot; , &quot;helvetica&quot; , sans-serif;\">Cordialmente, <o:p><\/o:p><\/span><\/span><\/b><\/div>\n<div style=\"margin-top: 12.0pt; text-align: justify;\"><span lang=\"es\" style=\"line-height: 115%;\"><span style=\"font-family: &quot;arial&quot; , &quot;helvetica&quot; , sans-serif;\">Amnist\u00eda Internacional M\u00e9xico<o:p><\/o:p><\/span><\/span><\/div>\n<div style=\"margin-top: 12.0pt; text-align: justify;\"><span lang=\"es\" style=\"line-height: 115%;\"><span style=\"font-family: &quot;arial&quot; , &quot;helvetica&quot; , sans-serif;\">EQUIS Justicia para las Mujeres<o:p><\/o:p><\/span><\/span><\/div>\n<div style=\"margin-top: 12.0pt; text-align: justify;\"><span lang=\"es\" style=\"line-height: 115%;\"><span style=\"font-family: &quot;arial&quot; , &quot;helvetica&quot; , sans-serif;\">Fondo Semillas<o:p><\/o:p><\/span><\/span><\/div>\n<div style=\"margin-top: 12.0pt; text-align: justify;\"><span lang=\"es\" style=\"line-height: 115%;\"><span style=\"font-family: &quot;arial&quot; , &quot;helvetica&quot; , sans-serif;\">Cat\u00f3licas por el Derecho a Decidir<o:p><\/o:p><\/span><\/span><\/div>\n<div style=\"margin-top: 12.0pt; text-align: justify;\"><span lang=\"es\" style=\"line-height: 115%;\"><span style=\"font-family: &quot;arial&quot; , &quot;helvetica&quot; , sans-serif;\">Centro de Derechos Humanos de las Mujeres A.C.<o:p><\/o:p><\/span><\/span><\/div>\n<div style=\"margin-top: 12.0pt; text-align: justify;\"><span lang=\"es\" style=\"line-height: 115%;\"><span style=\"font-family: &quot;arial&quot; , &quot;helvetica&quot; , sans-serif;\">Red Nacional de Refugios, A.C. <o:p><\/o:p><\/span><\/span><\/div>\n<div style=\"margin-top: 12.0pt; text-align: justify;\"><span lang=\"es\" style=\"line-height: 115%;\"><span style=\"font-family: &quot;arial&quot; , &quot;helvetica&quot; , sans-serif;\">Comunicaci\u00f3n e Informaci\u00f3n de la Mujer A.C.<o:p><\/o:p><\/span><\/span><\/div>\n<div style=\"margin-top: 12.0pt; text-align: justify;\"><span lang=\"es\" style=\"line-height: 115%;\"><span style=\"font-family: &quot;arial&quot; , &quot;helvetica&quot; , sans-serif;\">Luchadoras<o:p><\/o:p><\/span><\/span><\/div>\n<div style=\"margin-top: 12.0pt; text-align: justify;\"><span lang=\"es\" style=\"line-height: 115%;\"><span style=\"font-family: &quot;arial&quot; , &quot;helvetica&quot; , sans-serif;\">Observatorio Ciudadano Nacional del Feminicidio<o:p><\/o:p><\/span><\/span><\/div>\n<div style=\"margin-top: 12.0pt; text-align: justify;\"><span lang=\"es\" style=\"line-height: 115%;\"><span style=\"font-family: &quot;arial&quot; , &quot;helvetica&quot; , sans-serif;\">Proyecto sobre Organizaci\u00f3n, Desarrollo, Educaci\u00f3n e Investigaci\u00f3n (PODER)<o:p><\/o:p><\/span><\/span><\/div>\n<div style=\"margin-top: 12.0pt; text-align: justify;\"><span lang=\"es\" style=\"line-height: 115%;\"><span style=\"font-family: &quot;arial&quot; , &quot;helvetica&quot; , sans-serif;\">Instituto de Liderazgo Simone de Beauvoir.<o:p><\/o:p><\/span><\/span><\/div>\n<div style=\"margin-top: 12.0pt; text-align: justify;\"><span lang=\"es\" style=\"line-height: 115%;\"><span style=\"font-family: &quot;arial&quot; , &quot;helvetica&quot; , sans-serif;\">Fundar, Centro de An\u00e1lisis e Investigaci\u00f3n A.C. <o:p><\/o:p><\/span><\/span><\/div>\n<div style=\"mso-element: footnote-list;\"><!--[if !supportFootnotes]--><span style=\"font-family: &quot;arial&quot; , &quot;helvetica&quot; , sans-serif;\"><br clear=\"all\" \/> <\/span><\/p>\n<hr align=\"left\" size=\"1\" width=\"33%\" \/><!--[endif]--> <\/p>\n<div style=\"mso-element: footnote;\">\n<div style=\"line-height: normal;\"><span style=\"font-family: &quot;arial&quot; , &quot;helvetica&quot; , sans-serif;\"><a href=\"file:\/\/\/C:\/Users\/Usuario%20CEDEHM\/Downloads\/Carta%20abierta%20AMLO%20.docx#_ftnref1\" name=\"_ftn1\" style=\"mso-footnote-id: ftn1;\" title=\"\"><sup><span lang=\"es\"><span style=\"mso-special-character: footnote;\"><!--[if !supportFootnotes]--><sup><span lang=\"es\" style=\"line-height: 115%;\">[1]<\/span><\/sup><!--[endif]--><\/span><\/span><\/sup><\/a><span lang=\"es\"> <\/span><span lang=\"es\"><a href=\"https:\/\/drive.google.com\/file\/d\/1jew7rwBA09ub6dgROme4uFaOwYaF6hHv\/edit\"><span style=\"color: #1155cc;\">https:\/\/drive.google.com\/file\/d\/1jew7rwBA09ub6dgROme4uFaOwYaF6hHv\/edit<\/span><\/a><\/span><span lang=\"es\"><o:p><\/o:p><\/span><\/span><\/div>\n<\/div>\n<\/div>\n<p><\/p>\n","protected":false},"excerpt":{"rendered":"<p>6 de mayo del 2020 Carta abierta a Andr\u00e9s Manuel L\u00f3pez Obrador, Presidente de los Estados Unidos Mexicanos y a Olga S\u00e1nchez Cordero, Secretaria de Gobernaci\u00f3n Asunto: Presupuesto para la atenci\u00f3n de mujeres que viven violencia durante la \u201cJornada de Sana Distancia\u201d Distinguido Sr. Presidente de la Rep\u00fablica, Distinguida Sra. Secretaria de Gobernaci\u00f3n, Quienes suscribimos [&hellip;]<\/p>\n","protected":false},"author":2,"featured_media":0,"comment_status":"open","ping_status":"open","sticky":false,"template":"","format":"standard","meta":{"footnotes":""},"categories":[1],"tags":[],"class_list":["post-1167","post","type-post","status-publish","format-standard","hentry","category-sin-categoria"],"_links":{"self":[{"href":"https:\/\/cedehm.org.mx\/es\/wp-json\/wp\/v2\/posts\/1167","targetHints":{"allow":["GET"]}}],"collection":[{"href":"https:\/\/cedehm.org.mx\/es\/wp-json\/wp\/v2\/posts"}],"about":[{"href":"https:\/\/cedehm.org.mx\/es\/wp-json\/wp\/v2\/types\/post"}],"author":[{"embeddable":true,"href":"https:\/\/cedehm.org.mx\/es\/wp-json\/wp\/v2\/users\/2"}],"replies":[{"embeddable":true,"href":"https:\/\/cedehm.org.mx\/es\/wp-json\/wp\/v2\/comments?post=1167"}],"version-history":[{"count":0,"href":"https:\/\/cedehm.org.mx\/es\/wp-json\/wp\/v2\/posts\/1167\/revisions"}],"wp:attachment":[{"href":"https:\/\/cedehm.org.mx\/es\/wp-json\/wp\/v2\/media?parent=1167"}],"wp:term":[{"taxonomy":"category","embeddable":true,"href":"https:\/\/cedehm.org.mx\/es\/wp-json\/wp\/v2\/categories?post=1167"},{"taxonomy":"post_tag","embeddable":true,"href":"https:\/\/cedehm.org.mx\/es\/wp-json\/wp\/v2\/tags?post=1167"}],"curies":[{"name":"wp","href":"https:\/\/api.w.org\/{rel}","templated":true}]}}