{"id":1284,"date":"2017-03-29T06:21:00","date_gmt":"2017-03-29T06:21:00","guid":{"rendered":"https:\/\/cedehm.org.mx\/es\/2017\/03\/29\/realiza-el-centro-de-derechos-humanos-de-las-mujeres-en-coordinacion-con-la-fiscalia-general-del-estado-mesa-panel-para-el-fortalecimiento-del-sistema-de-atencion-a-victimas\/"},"modified":"2017-03-29T06:21:00","modified_gmt":"2017-03-29T06:21:00","slug":"realiza-el-centro-de-derechos-humanos-de-las-mujeres-en-coordinacion-con-la-fiscalia-general-del-estado-mesa-panel-para-el-fortalecimiento-del-sistema-de-atencion-a-victimas","status":"publish","type":"post","link":"https:\/\/cedehm.org.mx\/es\/2017\/03\/29\/realiza-el-centro-de-derechos-humanos-de-las-mujeres-en-coordinacion-con-la-fiscalia-general-del-estado-mesa-panel-para-el-fortalecimiento-del-sistema-de-atencion-a-victimas\/","title":{"rendered":"Realiza el Centro de Derechos Humanos de las Mujeres en coordinaci\u00f3n con la Fiscal\u00eda General del Estado mesa panel para el fortalecimiento del sistema de atenci\u00f3n a v\u00edctimas"},"content":{"rendered":"<div style=\"clear: both; text-align: center;\"><\/div>\n<div style=\"text-align: justify; text-justify: inter-ideograph;\"><\/div>\n<div style=\"text-align: justify; text-justify: inter-ideograph;\"><span style=\"font-family: &quot;arial&quot; , &quot;helvetica&quot; , sans-serif;\"><span lang=\"ES-TRAD\"><br \/><\/span><\/span><\/div>\n<div style=\"clear: both; text-align: center;\"><\/div>\n<div style=\"clear: both; text-align: center;\"><a href=\"https:\/\/2.bp.blogspot.com\/-woGjnlrPfY0\/WNtSXtkvlpI\/AAAAAAAACVg\/YlYqMsINzfEKQBxZRBgGkQW7Cw5l5qrEACLcB\/s1600\/WhatsApp%2BImage%2B2017-03-28%2Bat%2B22.44.43.jpeg\" style=\"margin-left: 1em; margin-right: 1em;\"><img loading=\"lazy\" decoding=\"async\" border=\"0\" height=\"560\" src=\"https:\/\/2.bp.blogspot.com\/-woGjnlrPfY0\/WNtSXtkvlpI\/AAAAAAAACVg\/YlYqMsINzfEKQBxZRBgGkQW7Cw5l5qrEACLcB\/s640\/WhatsApp%2BImage%2B2017-03-28%2Bat%2B22.44.43.jpeg\" width=\"640\" \/><\/a><\/div>\n<div style=\"text-align: justify; text-justify: inter-ideograph;\"><span style=\"font-family: &quot;arial&quot; , &quot;helvetica&quot; , sans-serif;\"><span lang=\"ES-TRAD\"><br \/><\/span><\/span><\/div>\n<div style=\"text-align: justify; text-justify: inter-ideograph;\"><span style=\"font-family: &quot;arial&quot; , &quot;helvetica&quot; , sans-serif;\"><span lang=\"ES-TRAD\"><br \/><\/span><\/span><\/div>\n<div style=\"text-align: justify; text-justify: inter-ideograph;\"><span style=\"font-family: &quot;arial&quot; , &quot;helvetica&quot; , sans-serif;\"><span lang=\"ES-TRAD\">Chihuahua, Chih. a 28 de marzo de 2017.- El d\u00eda de ayer el Centro de Derechos Humanos de las Mujeres (CEDEHM) en coordinaci\u00f3n con la Fiscal\u00eda General del Estado realiz\u00f3 &nbsp;la &nbsp;Mesa panel \u201cDe v\u00edctimas a constructoras de justicia: un nuevo enfoque en la atenci\u00f3n\u201d CEAV Chihuahua,&nbsp; para&nbsp; compartir las experiencias de atenci\u00f3n a v\u00edctimas con un enfoque interdisciplinario, integral y transformador, desde las organizaciones de la sociedad civil en la incorporaci\u00f3n de modelos institucionales, como parte del proyecto del CEDEHM con Enfoque DH y USAID para el fortalecimiento del sistema de atenci\u00f3n a v\u00edctimas en el estado de Chihuahua.<\/span><o:p><\/o:p><\/span><\/div>\n<div style=\"text-align: justify; text-justify: inter-ideograph;\"><\/div>\n<div style=\"text-align: justify; text-justify: inter-ideograph;\"><span style=\"font-family: &quot;arial&quot; , &quot;helvetica&quot; , sans-serif;\"><span lang=\"ES-TRAD\">La mesa panel fue dirigida al personal de la Fiscal\u00eda General del Estado, espec\u00edficamente a quienes formar\u00e1n parte de la Comisi\u00f3n Ejecutiva de Atenci\u00f3n a V\u00edctimas, como son asesoras y asesores jur\u00eddicos, psic\u00f3logas y psic\u00f3logos, trabajadoras sociales de las cuatro zonas del estado.<\/span><o:p><\/o:p><\/span><\/div>\n<div style=\"text-align: justify; text-justify: inter-ideograph;\"><\/div>\n<div style=\"text-align: justify; text-justify: inter-ideograph;\"><span style=\"font-family: &quot;arial&quot; , &quot;helvetica&quot; , sans-serif;\"><span lang=\"ES-TRAD\">Durante el evento se cont\u00f3 con la presencia de Wendy Ch\u00e1vez Villanueva, Titular de la Fiscal\u00eda Especializada en atenci\u00f3n a mujeres v\u00edctimas del delito por razones de g\u00e9nero, en representaci\u00f3n del Gobernador del Estado de Chihuahua, Javier Corral Jurado; Bianca Bustillos Gonz\u00e1lez, en representaci\u00f3n del Fiscal General del Estado, C\u00e9sar Augusto Peniche Espejel; Mario Salvador Garnica Leyva, magistrado del Tribunal Superior de Justicia; v\u00edctimas de violaciones a derechos humanos y organizaciones de la sociedad civil que les acompa\u00f1an. <\/span><o:p><\/o:p><\/span><\/div>\n<div style=\"text-align: justify; text-justify: inter-ideograph;\"><\/div>\n<div style=\"text-align: justify; text-justify: inter-ideograph;\"><span style=\"font-family: &quot;arial&quot; , &quot;helvetica&quot; , sans-serif;\"><span lang=\"ES-TRAD\">Tambi\u00e9n asistieron funcionarias y funcionarios p\u00fablicos de otras dependencias involucradas en el proceso de atenci\u00f3n a v\u00edctimas, como la Secretar\u00eda de Salud, el Instituto Chihuahuense de las Mujeres y el Centro de Atenci\u00f3n y Prevenci\u00f3n Psicol\u00f3gica.<\/span><o:p><\/o:p><\/span><\/div>\n<div style=\"tab-stops: 69.8pt; text-align: justify; text-justify: inter-ideograph;\"><\/div>\n<div style=\"text-align: justify; text-justify: inter-ideograph;\"><span style=\"font-family: &quot;arial&quot; , &quot;helvetica&quot; , sans-serif;\"><span lang=\"ES-TRAD\">La jornada inici\u00f3 con la conferencia magistral de Carlos Martin Beristain, m\u00e9dico y doctor en psicolog\u00eda, referente internacional en la atenci\u00f3n psicosocial a las v\u00edctimas; enfatizando que&nbsp;las situaciones graves a derechos humanos se deben a un sistema pol\u00edtico basado en la corrupci\u00f3n e impunidad, que ha provocado un Estado de derecho d\u00e9bil, dejando de lado la afirmaci\u00f3n de los derechos de las v\u00edctimas. <\/span><span style=\"background: white; color: #212121;\"><o:p><\/o:p><\/span><\/span><\/div>\n<div style=\"text-align: justify; text-justify: inter-ideograph;\"><\/div>\n<div style=\"text-align: justify; text-justify: inter-ideograph;\"><span style=\"font-family: &quot;arial&quot; , &quot;helvetica&quot; , sans-serif;\"><span lang=\"ES-TRAD\">Despu\u00e9s se realizaron mesas tem\u00e1ticas, donde se escucharon las voces de varias personas que han sufrido violaciones a sus derechos humanos y el tortuoso camino que enfrentan en la b\u00fasqueda de la justicia, las afectaciones y los cambios en la visi\u00f3n de mundo y en su proyecto de vida. Las organizaciones de la sociedad civil que les acompa\u00f1an compartieron la importancia de su labor al brindar atenci\u00f3n a v\u00edctimas con un trato digno, evitando estigmas, ayud\u00e1ndoles a entender y enfrentar su proceso y no s\u00f3lo a descargar emociones, creando confianza y credibilidad como base de su labor. <\/span><o:p><\/o:p><\/span><\/div>\n<div style=\"text-align: justify; text-justify: inter-ideograph;\"><\/div>\n<div style=\"text-align: justify; text-justify: inter-ideograph;\"><span style=\"font-family: &quot;arial&quot; , &quot;helvetica&quot; , sans-serif;\"><span lang=\"ES-TRAD\">Con la presencia de las comisionadas de las CEAV de los estados de San Luis Potos\u00ed y Nuevo Le\u00f3n se abordaron las buenas pr\u00e1cticas y obst\u00e1culos en la atenci\u00f3n institucional a las v\u00edctimas en M\u00e9xico, resaltando la importancia de dejar atr\u00e1s lo asistencial y comenzar con el abordaje integral en la atenci\u00f3n, y la necesidad de romper esquemas y tener apertura para nuevas formas de trabajo, mediante la especializaci\u00f3n y el compromiso de brindar un trato digno.<\/span><span lang=\"ES-TRAD\" style=\"background: white; color: #212121;\">&nbsp;&nbsp;<\/span><span lang=\"ES-TRAD\" style=\"color: #212121;\"><br \/><!--[if !supportLineBreakNewLine]--><br \/><!--[endif]--><\/span><span style=\"background: white; color: #212121;\"><o:p><\/o:p><\/span><\/span><\/div>\n<div style=\"text-align: justify; text-justify: inter-ideograph;\"><span lang=\"ES-TRAD\"><span style=\"font-family: &quot;arial&quot; , &quot;helvetica&quot; , sans-serif;\">Para finalizar el evento, integrantes del CEDEHM presentaron el modelo de atenci\u00f3n a las v\u00edctimas que se brinda con la finalidad de que se apropien de sus procesos y se conviertan en constructoras de justicia.<o:p><\/o:p><\/span><\/span><\/div>\n<div style=\"text-align: justify; text-justify: inter-ideograph;\"><\/div>\n<div style=\"text-align: justify; text-justify: inter-ideograph;\"><span lang=\"ES-TRAD\"><span style=\"font-family: &quot;arial&quot; , &quot;helvetica&quot; , sans-serif;\">El evento result\u00f3 un espacio en el cual se tejieron redes para acompa\u00f1ar la transici\u00f3n actual de la Fiscal\u00eda de Atenci\u00f3n a V\u00edctimas a la Comisi\u00f3n Ejecutiva.<\/span><\/span><o:p><\/o:p><\/div>\n<div style=\"text-align: justify; text-justify: inter-ideograph;\"><\/div>\n<p><\/p>\n<div><!--[if !supportAnnotations]--> <\/p>\n<hr align=\"left\" class=\"msocomoff\" size=\"1\" width=\"33%\" \/><!--[endif]--><\/div>\n","protected":false},"excerpt":{"rendered":"<p>Chihuahua, Chih. a 28 de marzo de 2017.- El d\u00eda de ayer el Centro de Derechos Humanos de las Mujeres (CEDEHM) en coordinaci\u00f3n con la Fiscal\u00eda General del Estado realiz\u00f3 &nbsp;la &nbsp;Mesa panel \u201cDe v\u00edctimas a constructoras de justicia: un nuevo enfoque en la atenci\u00f3n\u201d CEAV Chihuahua,&nbsp; para&nbsp; compartir las experiencias de atenci\u00f3n a v\u00edctimas [&hellip;]<\/p>\n","protected":false},"author":2,"featured_media":0,"comment_status":"open","ping_status":"open","sticky":false,"template":"","format":"standard","meta":{"footnotes":""},"categories":[1],"tags":[],"class_list":["post-1284","post","type-post","status-publish","format-standard","hentry","category-sin-categoria"],"_links":{"self":[{"href":"https:\/\/cedehm.org.mx\/es\/wp-json\/wp\/v2\/posts\/1284","targetHints":{"allow":["GET"]}}],"collection":[{"href":"https:\/\/cedehm.org.mx\/es\/wp-json\/wp\/v2\/posts"}],"about":[{"href":"https:\/\/cedehm.org.mx\/es\/wp-json\/wp\/v2\/types\/post"}],"author":[{"embeddable":true,"href":"https:\/\/cedehm.org.mx\/es\/wp-json\/wp\/v2\/users\/2"}],"replies":[{"embeddable":true,"href":"https:\/\/cedehm.org.mx\/es\/wp-json\/wp\/v2\/comments?post=1284"}],"version-history":[{"count":0,"href":"https:\/\/cedehm.org.mx\/es\/wp-json\/wp\/v2\/posts\/1284\/revisions"}],"wp:attachment":[{"href":"https:\/\/cedehm.org.mx\/es\/wp-json\/wp\/v2\/media?parent=1284"}],"wp:term":[{"taxonomy":"category","embeddable":true,"href":"https:\/\/cedehm.org.mx\/es\/wp-json\/wp\/v2\/categories?post=1284"},{"taxonomy":"post_tag","embeddable":true,"href":"https:\/\/cedehm.org.mx\/es\/wp-json\/wp\/v2\/tags?post=1284"}],"curies":[{"name":"wp","href":"https:\/\/api.w.org\/{rel}","templated":true}]}}