{"id":1288,"date":"2017-03-14T15:43:00","date_gmt":"2017-03-14T15:43:00","guid":{"rendered":"https:\/\/cedehm.org.mx\/es\/2017\/03\/14\/posicionamiento-sobre-las-actas-de-nacimiento-en-el-estado-de-chihuahua\/"},"modified":"2017-03-14T15:43:00","modified_gmt":"2017-03-14T15:43:00","slug":"posicionamiento-sobre-las-actas-de-nacimiento-en-el-estado-de-chihuahua","status":"publish","type":"post","link":"https:\/\/cedehm.org.mx\/es\/2017\/03\/14\/posicionamiento-sobre-las-actas-de-nacimiento-en-el-estado-de-chihuahua\/","title":{"rendered":"Posicionamiento sobre las actas de nacimiento en el estado de Chihuahua"},"content":{"rendered":"<div style=\"clear: both; text-align: center;\"><a href=\"https:\/\/2.bp.blogspot.com\/-pknyuQRSBQc\/WMgPfQn6vTI\/AAAAAAAACTU\/WljLcIClF4MqPQzsqFZ1_ZgmMpNwy-XMACLcB\/s1600\/actas2.jpg\" style=\"margin-left: 1em; margin-right: 1em;\"><img loading=\"lazy\" decoding=\"async\" border=\"0\" height=\"218\" src=\"https:\/\/2.bp.blogspot.com\/-pknyuQRSBQc\/WMgPfQn6vTI\/AAAAAAAACTU\/WljLcIClF4MqPQzsqFZ1_ZgmMpNwy-XMACLcB\/s400\/actas2.jpg\" width=\"400\" \/><\/a><\/div>\n<div style=\"clear: both; text-align: center;\"><\/div>\n<div style=\"line-height: normal; margin-bottom: .0001pt; margin-bottom: 0cm;\"><span style=\"font-family: &quot;arial&quot; , &quot;helvetica&quot; , sans-serif;\"><br \/><\/span><\/div>\n<div style=\"line-height: normal; margin-bottom: .0001pt; margin-bottom: 0cm;\"><span style=\"font-family: &quot;arial&quot; , &quot;helvetica&quot; , sans-serif;\"><br \/><\/span><\/div>\n<div style=\"line-height: normal; margin-bottom: .0001pt; margin-bottom: 0cm;\"><span style=\"font-family: &quot;arial&quot; , &quot;helvetica&quot; , sans-serif;\"><b>A la Comunidad chihuahuense en general<o:p><\/o:p><\/b><\/span><\/div>\n<div style=\"line-height: normal; margin-bottom: .0001pt; margin-bottom: 0cm;\"><\/div>\n<div style=\"line-height: normal; margin-bottom: .0001pt; margin-bottom: 0cm;\"><span style=\"font-family: &quot;arial&quot; , &quot;helvetica&quot; , sans-serif;\"><b>Y en particular:<o:p><\/o:p><\/b><\/span><\/div>\n<div style=\"line-height: normal; margin-bottom: .0001pt; margin-bottom: 0cm;\"><\/div>\n<div style=\"line-height: normal; margin-bottom: .0001pt; margin-bottom: 0cm;\"><span style=\"font-family: &quot;arial&quot; , &quot;helvetica&quot; , sans-serif;\"><b>Al Gobierno del Estado de Chihuahua y a su Registro Civil.<o:p><\/o:p><\/b><\/span><\/div>\n<div style=\"line-height: normal; margin-bottom: .0001pt; margin-bottom: 0cm;\"><\/div>\n<div style=\"line-height: normal; margin-bottom: .0001pt; margin-bottom: 0cm;\"><span style=\"font-family: &quot;arial&quot; , &quot;helvetica&quot; , sans-serif;\"><b>A \u201cEl Heraldo de Chihuahua\u201d, a \u201cEl tiempo\u201d<\/b><o:p><\/o:p><\/span><\/div>\n<div><\/div>\n<div style=\"text-align: justify;\"><\/div>\n<div style=\"line-height: normal; margin-bottom: .0001pt; margin-bottom: 0cm; text-align: justify;\"><span style=\"font-family: &quot;arial&quot; , &quot;helvetica&quot; , sans-serif;\">Chihuahua, Chih. a 14 de Marzo del 2017.- Nos preocupan profundamente las interpretaciones pervertidas que se le han dado al concepto de filiaci\u00f3n en las actas de nacimiento que se utilizan desde Mayo del 2016. La filiaci\u00f3n no es otra cosa que el v\u00ednculo jur\u00eddico consangu\u00edneo o civil de la persona registrada, lo que incluye a sus ascendientes y descendientes.<o:p><\/o:p><\/span><\/div>\n<div style=\"text-align: justify;\"><\/div>\n<div style=\"text-align: justify;\"><span style=\"font-family: &quot;arial&quot; , &quot;helvetica&quot; , sans-serif;\">Consideramos importante reconocer el servicio que brind\u00f3 la instituci\u00f3n cat\u00f3lica al registrar&nbsp; los nacimientos, matrimonios y defunciones hasta bien entrado el siglo XIX. Sin embargo, parece que no han ca\u00eddo en cuenta a\u00fan de que esa atribuci\u00f3n ces\u00f3 desde entonces. Ahora la responsabilidad de todos los registros civiles son potestad del Estado. Y \u00e9ste, en apego a la constituci\u00f3n pol\u00edtica que lo regula, no puede hacerlo en un marco distinto que el de los derechos humanos y la rep\u00fablica que representa.<o:p><\/o:p><\/span><\/div>\n<div style=\"text-align: justify;\"><\/div>\n<div style=\"text-align: justify;\"><span style=\"font-family: &quot;arial&quot; , &quot;helvetica&quot; , sans-serif;\">Los Derechos Humanos NO son una moda, componen un marco objetivo de derecho, vinculante por completo al Estado mexicano desde la reforma constitucional del 2011. Integran m\u00faltiples acuerdos, convenios y pactos internacionales de Derecho y han costado la vida de miles de personas que han entregado su vida por defenderlos y ejercerlos.<o:p><\/o:p><\/span><\/div>\n<div style=\"text-align: justify;\"><\/div>\n<div style=\"text-align: justify;\"><span style=\"font-family: &quot;arial&quot; , &quot;helvetica&quot; , sans-serif;\">Instamos al Registro Civil a no ceder un \u00e1pice de aquellos acuerdos federales a partir de los cuales podemos integrarnos con regularidad en la l\u00f3gica del Registro Nacional. No estamos dispuestas a tener actas diferenciadas que luego nos obliguen a pagar m\u00e1s para que puedan certificarse de acuerdo a los lineamientos del Registro Nacional.<o:p><\/o:p><\/span><\/div>\n<div style=\"text-align: justify;\"><\/div>\n<div style=\"text-align: justify;\"><span style=\"font-family: &quot;arial&quot; , &quot;helvetica&quot; , sans-serif;\">Consideramos que ser\u00eda&nbsp; una verg\u00fcenza inaudita que a Chihuahua se le conociera por una situaci\u00f3n retr\u00f3grada de semejantes proporciones. Y a este respecto, le informamos a El Heraldo y a El Tiempo, los \u201cmedios de comunicaci\u00f3n\u201d que desde d\u00edas pasados se han encargado de promover esta campa\u00f1a de desinformaci\u00f3n, alarmista y chocante, que estamos especialmente preocupadas y molestas por su forma de manipular la informaci\u00f3n. Una encuesta en l\u00ednea con alrededor de 2000 votantes, no da cuenta en lo absoluto de la opini\u00f3n generalizada de la poblaci\u00f3n. Y el tema de este cambio en las actas, a todas luces justificado jur\u00eddicamente, no hab\u00eda suscitado mayores comentarios hasta que ustedes, perversamente han buscado alarmar y generar miedo. Es una pena que a falta de argumentos utilicen precisamente el miedo para azuzar.<o:p><\/o:p><\/span><\/div>\n<div style=\"text-align: justify;\"><\/div>\n<div style=\"text-align: justify;\"><span style=\"font-family: &quot;arial&quot; , &quot;helvetica&quot; , sans-serif;\">Por un estado completamente laico, por una nueva sociedad justa, igualitaria y libre.<o:p><\/o:p><\/span><\/div>\n<div style=\"background: white; line-height: normal; margin-bottom: .0001pt; margin-bottom: 0cm;\"><\/div>\n<div style=\"line-height: normal; margin-bottom: .0001pt; margin-bottom: 0cm; text-align: justify;\"><span style=\"font-family: &quot;arial&quot; , &quot;helvetica&quot; , sans-serif;\">Centro de Atenci\u00f3n a la Mujer Trabajadora, A.C. (CAMT)<o:p><\/o:p><\/span><\/div>\n<div style=\"line-height: normal; margin-bottom: .0001pt; margin-bottom: 0cm; text-align: justify;\"><span style=\"font-family: &quot;arial&quot; , &quot;helvetica&quot; , sans-serif;\">Centro de Derechos Humanos de las Mujeres, A.C. (CEDEHM)<o:p><\/o:p><\/span><\/div>\n<div style=\"line-height: normal; margin-bottom: .0001pt; margin-bottom: 0cm; text-align: justify;\"><span style=\"font-family: &quot;arial&quot; , &quot;helvetica&quot; , sans-serif;\">Colectivo Epist\u00e9mico de Teor\u00eda Cr\u00edtica de Chihuahua<o:p><\/o:p><\/span><\/div>\n<div style=\"line-height: normal; margin-bottom: .0001pt; margin-bottom: 0cm; text-align: justify;\"><span style=\"font-family: &quot;arial&quot; , &quot;helvetica&quot; , sans-serif;\">C\u00edrculo de Estudios de G\u00e9nero, A.C.<o:p><\/o:p><\/span><\/div>\n<div style=\"line-height: normal; margin-bottom: .0001pt; margin-bottom: 0cm; text-align: justify;\"><span style=\"font-family: &quot;arial&quot; , &quot;helvetica&quot; , sans-serif;\">Ecos de Mirabal<o:p><\/o:p><\/span><\/div>\n<div style=\"line-height: normal; margin-bottom: .0001pt; margin-bottom: 0cm; text-align: justify;\"><span style=\"font-family: &quot;arial&quot; , &quot;helvetica&quot; , sans-serif;\">F\u00e1tima, I.B.P.<o:p><\/o:p><\/span><\/div>\n<div style=\"line-height: normal; margin-bottom: .0001pt; margin-bottom: 0cm; text-align: justify;\"><span style=\"font-family: &quot;arial&quot; , &quot;helvetica&quot; , sans-serif;\">Grupo Abogadas Dem\u00f3cratas<o:p><\/o:p><\/span><\/div>\n<div style=\"line-height: normal; margin-bottom: .0001pt; margin-bottom: 0cm; text-align: justify;\"><span style=\"font-family: &quot;arial&quot; , &quot;helvetica&quot; , sans-serif;\">Grupo Feminista 8 de marzo<o:p><\/o:p><\/span><\/div>\n<div style=\"line-height: normal; margin-bottom: .0001pt; margin-bottom: 0cm; text-align: justify;\"><span style=\"font-family: &quot;arial&quot; , &quot;helvetica&quot; , sans-serif;\">Grupo Promotor de los Derechos Pol\u00edticos de las Ciudadanas<o:p><\/o:p><\/span><\/div>\n<div style=\"line-height: normal; margin-bottom: .0001pt; margin-bottom: 0cm; text-align: justify;\"><span style=\"font-family: &quot;arial&quot; , &quot;helvetica&quot; , sans-serif;\">Justicia para Nuestras Hijas<o:p><\/o:p><\/span><\/div>\n<div style=\"line-height: normal; margin-bottom: .0001pt; margin-bottom: 0cm; text-align: justify;\"><span style=\"font-family: &quot;arial&quot; , &quot;helvetica&quot; , sans-serif;\">Kak\u00fam Colectiva<o:p><\/o:p><\/span><\/div>\n<div style=\"line-height: normal; margin-bottom: .0001pt; margin-bottom: 0cm; text-align: justify;\"><span style=\"font-family: &quot;arial&quot; , &quot;helvetica&quot; , sans-serif;\">Mujeres Barzonistas<o:p><\/o:p><\/span><\/div>\n<div style=\"line-height: normal; margin-bottom: .0001pt; margin-bottom: 0cm; text-align: justify;\"><span style=\"font-family: &quot;arial&quot; , &quot;helvetica&quot; , sans-serif;\">Mujeres por M\u00e9xico en Chihuahua, A.C.<o:p><\/o:p><\/span><\/div>\n<div style=\"line-height: normal; margin-bottom: .0001pt; margin-bottom: 0cm; text-align: justify;\"><span style=\"font-family: &quot;arial&quot; , &quot;helvetica&quot; , sans-serif;\">Observa Ciudadan@, Observatorio para el Acceso a la Informaci\u00f3n P\u00fablica<o:p><\/o:p><\/span><\/div>\n<div style=\"line-height: normal; margin-bottom: .0001pt; margin-bottom: 0cm; text-align: justify;\"><span style=\"font-family: &quot;arial&quot; , &quot;helvetica&quot; , sans-serif;\">Organizaci\u00f3n para la Defensa del Patrimonio Familiar y los Derechos Humanos, A. C. (UCD Chihuahua)<br \/>Red Mesa de Mujeres en ciudad Ju\u00e1rez<o:p><\/o:p><\/span><\/div>\n<div style=\"line-height: normal; margin-bottom: .0001pt; margin-bottom: 0cm; text-align: justify;\"><span style=\"font-family: &quot;arial&quot; , &quot;helvetica&quot; , sans-serif;\">Red por la Participaci\u00f3n Ciudadana<o:p><\/o:p><\/span><\/div>\n<div style=\"clear: both; text-align: center;\"><\/div>\n<div style=\"line-height: normal; margin-bottom: .0001pt; margin-bottom: 0cm; text-align: justify;\"><span style=\"font-family: &quot;arial&quot; , &quot;helvetica&quot; , sans-serif;\">Transforma, A.C.<\/span><o:p><\/o:p><\/div>\n<p><\/p>\n","protected":false},"excerpt":{"rendered":"<p>A la Comunidad chihuahuense en general Y en particular: Al Gobierno del Estado de Chihuahua y a su Registro Civil. A \u201cEl Heraldo de Chihuahua\u201d, a \u201cEl tiempo\u201d Chihuahua, Chih. a 14 de Marzo del 2017.- Nos preocupan profundamente las interpretaciones pervertidas que se le han dado al concepto de filiaci\u00f3n en las actas de [&hellip;]<\/p>\n","protected":false},"author":2,"featured_media":0,"comment_status":"open","ping_status":"open","sticky":false,"template":"","format":"standard","meta":{"footnotes":""},"categories":[1],"tags":[],"class_list":["post-1288","post","type-post","status-publish","format-standard","hentry","category-sin-categoria"],"_links":{"self":[{"href":"https:\/\/cedehm.org.mx\/es\/wp-json\/wp\/v2\/posts\/1288","targetHints":{"allow":["GET"]}}],"collection":[{"href":"https:\/\/cedehm.org.mx\/es\/wp-json\/wp\/v2\/posts"}],"about":[{"href":"https:\/\/cedehm.org.mx\/es\/wp-json\/wp\/v2\/types\/post"}],"author":[{"embeddable":true,"href":"https:\/\/cedehm.org.mx\/es\/wp-json\/wp\/v2\/users\/2"}],"replies":[{"embeddable":true,"href":"https:\/\/cedehm.org.mx\/es\/wp-json\/wp\/v2\/comments?post=1288"}],"version-history":[{"count":0,"href":"https:\/\/cedehm.org.mx\/es\/wp-json\/wp\/v2\/posts\/1288\/revisions"}],"wp:attachment":[{"href":"https:\/\/cedehm.org.mx\/es\/wp-json\/wp\/v2\/media?parent=1288"}],"wp:term":[{"taxonomy":"category","embeddable":true,"href":"https:\/\/cedehm.org.mx\/es\/wp-json\/wp\/v2\/categories?post=1288"},{"taxonomy":"post_tag","embeddable":true,"href":"https:\/\/cedehm.org.mx\/es\/wp-json\/wp\/v2\/tags?post=1288"}],"curies":[{"name":"wp","href":"https:\/\/api.w.org\/{rel}","templated":true}]}}