{"id":1303,"date":"2016-12-16T18:58:00","date_gmt":"2016-12-16T18:58:00","guid":{"rendered":"https:\/\/cedehm.org.mx\/es\/2016\/12\/16\/a-6-anos-del-asesinato-impune-de-marisela-escobedo\/"},"modified":"2016-12-16T18:58:00","modified_gmt":"2016-12-16T18:58:00","slug":"a-6-anos-del-asesinato-impune-de-marisela-escobedo","status":"publish","type":"post","link":"https:\/\/cedehm.org.mx\/es\/2016\/12\/16\/a-6-anos-del-asesinato-impune-de-marisela-escobedo\/","title":{"rendered":"A 6 a\u00f1os del asesinato impune de Marisela Escobedo"},"content":{"rendered":"<div style=\"text-align: justify; text-justify: inter-ideograph;\"><span lang=\"ES-TRAD\"><span style=\"font-family: Arial, Helvetica, sans-serif;\">Chihuahua, Chih., 16 de diciembre de 2016.- En el marco del sexto aniversario del asesinato de Marisela Escobedo, las organizaciones que suscribimos la presente recordamos:<o:p><\/o:p><\/span><\/span><\/div>\n<div style=\"text-align: justify; text-justify: inter-ideograph;\"><span style=\"font-family: Arial, Helvetica, sans-serif;\"><br \/><\/span><\/div>\n<div style=\"text-align: justify; text-justify: inter-ideograph;\"><span lang=\"ES-TRAD\"><span style=\"font-family: Arial, Helvetica, sans-serif;\">Que Marisela Escobedo fue una defensora de derechos humanos a quien le arrebataron su vida por exigir justicia, verdad y reparaci\u00f3n por el asesinato de su hija Rub\u00ed y que fue v\u00edctima de la incompetencia del Estado para garantizar su vida e integridad. <o:p><\/o:p><\/span><\/span><\/div>\n<div style=\"text-align: justify; text-justify: inter-ideograph;\"><span style=\"font-family: Arial, Helvetica, sans-serif;\"><br \/><\/span><\/div>\n<div style=\"text-align: justify; text-justify: inter-ideograph;\"><span lang=\"ES-TRAD\"><span style=\"font-family: Arial, Helvetica, sans-serif;\">Que el caso se mantiene en total impunidad. Nadie ha sido castigado por el asesinato de Marisela Escobedo y las evidencias que existen en el expediente y que se\u00f1alan al autor material del homicidio, no han avanzado. <o:p><\/o:p><\/span><\/span><\/div>\n<div style=\"text-align: justify; text-justify: inter-ideograph;\"><span style=\"font-family: Arial, Helvetica, sans-serif;\"><br \/><\/span><\/div>\n<div style=\"text-align: justify; text-justify: inter-ideograph;\"><span lang=\"ES-TRAD\"><span style=\"font-family: Arial, Helvetica, sans-serif;\">No existe ninguna investigaci\u00f3n penal abierta por la serie de amenazas y agresiones que llevaron a la familia de Marisela a solicitar asilo pol\u00edtico en el extranjero.<o:p><\/o:p><\/span><\/span><\/div>\n<div style=\"text-align: justify; text-justify: inter-ideograph;\"><span style=\"font-family: Arial, Helvetica, sans-serif;\"><br \/><\/span><\/div>\n<div style=\"text-align: justify; text-justify: inter-ideograph;\"><span lang=\"ES-TRAD\"><span style=\"font-family: Arial, Helvetica, sans-serif;\">Que la recomendaci\u00f3n 44\/2013 emitida por la Comisi\u00f3n Nacional de Derechos Humanos el 28 de octubre de 2013 y dirigida al Gobierno del Estado de Chihuahua permanece sin ser cumplida a cabalidad.<o:p><\/o:p><\/span><\/span><\/div>\n<div style=\"text-align: justify; text-justify: inter-ideograph;\"><span style=\"font-family: Arial, Helvetica, sans-serif;\"><br \/><\/span><\/div>\n<div style=\"text-align: justify; text-justify: inter-ideograph;\"><span lang=\"ES-TRAD\"><span style=\"font-family: Arial, Helvetica, sans-serif;\">Que el caso de Marisela Escobedo, se suma a m\u00e1s de una decena de homicidios de personas defensoras de derechos humanos en el Estado de Chihuahua, lo cual ubica a la entidad en el lugar n\u00famero 1 en este tipo de agresiones contra este colectivo, de conformidad con lo se\u00f1alado por la CNDH en su Recomendaci\u00f3n General 25\/2016. <o:p><\/o:p><\/span><\/span><\/div>\n<div style=\"text-align: justify; text-justify: inter-ideograph;\"><span style=\"font-family: Arial, Helvetica, sans-serif;\"><br \/><\/span><\/div>\n<div style=\"text-align: justify; text-justify: inter-ideograph;\"><span lang=\"ES-TRAD\"><span style=\"font-family: Arial, Helvetica, sans-serif;\">Demandamos medidas efectivas para prevenir, investigar, sancionar y erradicar la violencia contra las mujeres en el estado de Chihuahua.<o:p><\/o:p><\/span><\/span><\/div>\n<div style=\"text-align: justify; text-justify: inter-ideograph;\"><span style=\"font-family: Arial, Helvetica, sans-serif;\"><br \/><\/span><\/div>\n<div style=\"text-align: justify; text-justify: inter-ideograph;\"><span lang=\"ES-TRAD\"><span style=\"font-family: Arial, Helvetica, sans-serif;\">Demandamos una investigaci\u00f3n exhaustiva, imparcial y oficiosa del crimen de Marisela Escobedo y de todos los asesinatos de personas defensoras de derechos humanos que permanecen en la impunidad, as\u00ed como otras agresiones y amenazas en contra de colectivos y organizaciones de la sociedad civil.<o:p><\/o:p><\/span><\/span><\/div>\n<div style=\"text-align: justify; text-justify: inter-ideograph;\"><span style=\"font-family: Arial, Helvetica, sans-serif;\"><br \/><\/span><\/div>\n<div style=\"text-align: justify; text-justify: inter-ideograph;\"><span lang=\"ES-TRAD\"><span style=\"font-family: Arial, Helvetica, sans-serif;\">Demandamos que se implementen las medidas de protecci\u00f3n necesarias para que las personas defensoras de derechos humanos en el estado de Chihuahua puedan ejercer su labor en plenas condiciones de seguridad.<o:p><\/o:p><\/span><\/span><\/div>\n<div style=\"text-align: justify; text-justify: inter-ideograph;\"><span style=\"font-family: Arial, Helvetica, sans-serif;\"><br \/><\/span><\/div>\n<div style=\"text-align: justify; text-justify: inter-ideograph;\"><span lang=\"ES-TRAD\"><span style=\"font-family: Arial, Helvetica, sans-serif;\">Reivindicamos la lucha de Marisela Escobedo quien dio su vida con la esperanza de que el feminicidio de su hija fuera el \u00faltimo en este Estado. <o:p><\/o:p><\/span><\/span><\/div>\n<div style=\"text-align: justify; text-justify: inter-ideograph;\"><span lang=\"ES-TRAD\"><span style=\"font-family: Arial, Helvetica, sans-serif;\"><br \/><\/span><\/span><\/div>\n<div style=\"text-align: justify; text-justify: inter-ideograph;\"><span style=\"font-family: Arial, Helvetica, sans-serif;\"><br \/><\/span><\/div>\n<div><span style=\"font-family: &quot;arial&quot; , &quot;helvetica&quot; , sans-serif;\"><span lang=\"ES-TRAD\" style=\"background: white; color: windowtext; font-family: Arial, Helvetica, sans-serif; mso-ascii-font-family: Helvetica; mso-ascii-theme-font: major-latin; mso-bidi-font-family: Helvetica; mso-bidi-theme-font: major-latin; mso-hansi-font-family: Helvetica; mso-hansi-theme-font: major-latin;\">Alejandra Nu\u00f1o Ru\u00edz-Velasco<\/span><\/span><br \/><span style=\"font-family: Arial, Helvetica, sans-serif;\"><span lang=\"ES-TRAD\" style=\"background: white; color: windowtext; mso-ascii-font-family: Helvetica; mso-ascii-theme-font: major-latin; mso-bidi-font-family: Helvetica; mso-bidi-theme-font: major-latin; mso-hansi-font-family: Helvetica; mso-hansi-theme-font: major-latin;\">Ang\u00e9lica Nadurille \u00c1lvarez<\/span><span lang=\"ES-TRAD\" style=\"color: windowtext; mso-ascii-font-family: Helvetica; mso-ascii-theme-font: major-latin; mso-bidi-font-family: Helvetica; mso-bidi-theme-font: major-latin; mso-hansi-font-family: Helvetica; mso-hansi-theme-font: major-latin;\">&nbsp;<span style=\"background: white;\"><o:p><\/o:p><\/span><\/span><\/span><\/div>\n<div><span lang=\"ES-TRAD\" style=\"background: white; color: windowtext; mso-ascii-font-family: Helvetica; mso-ascii-theme-font: major-latin; mso-bidi-font-family: Helvetica; mso-bidi-theme-font: major-latin; mso-hansi-font-family: Helvetica; mso-hansi-theme-font: major-latin;\"><span style=\"font-family: Arial, Helvetica, sans-serif;\">Ang\u00e9lica de la Pe\u00f1a G\u00f3mez<o:p><\/o:p><\/span><\/span><\/div>\n<div><span lang=\"ES-TRAD\" style=\"background: white; color: windowtext; mso-ascii-font-family: Helvetica; mso-ascii-theme-font: major-latin; mso-bidi-font-family: Helvetica; mso-bidi-theme-font: major-latin; mso-hansi-font-family: Helvetica; mso-hansi-theme-font: major-latin;\"><span style=\"font-family: Arial, Helvetica, sans-serif;\">Claudia Alonso Pesado<o:p><\/o:p><\/span><\/span><\/div>\n<div><span lang=\"ES-TRAD\" style=\"background: white; color: windowtext; mso-ascii-font-family: Helvetica; mso-ascii-theme-font: major-latin; mso-bidi-font-family: Helvetica; mso-bidi-theme-font: major-latin; mso-hansi-font-family: Helvetica; mso-hansi-theme-font: major-latin;\"><span style=\"font-family: Arial, Helvetica, sans-serif;\">Claudia Castello Rebollar<o:p><\/o:p><\/span><\/span><\/div>\n<div><span lang=\"ES-TRAD\" style=\"background: white; color: windowtext; mso-ascii-font-family: Helvetica; mso-ascii-theme-font: major-latin; mso-bidi-font-family: Helvetica; mso-bidi-theme-font: major-latin; mso-hansi-font-family: Helvetica; mso-hansi-theme-font: major-latin;\"><span style=\"font-family: Arial, Helvetica, sans-serif;\">Claudia Sof\u00eda Corichi Garc\u00eda<o:p><\/o:p><\/span><\/span><\/div>\n<div><span lang=\"ES-TRAD\" style=\"background: white; color: windowtext; mso-ascii-font-family: Helvetica; mso-ascii-theme-font: major-latin; mso-bidi-font-family: Helvetica; mso-bidi-theme-font: major-latin; mso-hansi-font-family: Helvetica; mso-hansi-theme-font: major-latin;\"><span style=\"font-family: Arial, Helvetica, sans-serif;\">Dora Maria Talamante Lemas<o:p><\/o:p><\/span><\/span><\/div>\n<div><span lang=\"ES-TRAD\" style=\"background: white; color: windowtext; mso-ascii-font-family: Helvetica; mso-ascii-theme-font: major-latin; mso-bidi-font-family: Helvetica; mso-bidi-theme-font: major-latin; mso-hansi-font-family: Helvetica; mso-hansi-theme-font: major-latin;\"><span style=\"font-family: Arial, Helvetica, sans-serif;\">Elizabeth Avila Carrancio<o:p><\/o:p><\/span><\/span><\/div>\n<div><span lang=\"ES-TRAD\" style=\"background: white; color: windowtext; mso-ascii-font-family: Helvetica; mso-ascii-theme-font: major-latin; mso-bidi-font-family: Helvetica; mso-bidi-theme-font: major-latin; mso-hansi-font-family: Helvetica; mso-hansi-theme-font: major-latin;\"><span style=\"font-family: Arial, Helvetica, sans-serif;\">Gabriela Delgado Ballesteros<o:p><\/o:p><\/span><\/span><\/div>\n<div><span lang=\"ES-TRAD\" style=\"background: white; color: windowtext; mso-ascii-font-family: Helvetica; mso-ascii-theme-font: major-latin; mso-bidi-font-family: Helvetica; mso-bidi-theme-font: major-latin; mso-hansi-font-family: Helvetica; mso-hansi-theme-font: major-latin;\"><span style=\"font-family: Arial, Helvetica, sans-serif;\">Gloria Careaga P\u00e9rez<o:p><\/o:p><\/span><\/span><\/div>\n<div><span style=\"font-family: Arial, Helvetica, sans-serif;\"><span lang=\"ES-TRAD\" style=\"background: white; color: windowtext; mso-ascii-font-family: Helvetica; mso-ascii-theme-font: major-latin; mso-bidi-font-family: Helvetica; mso-bidi-theme-font: major-latin; mso-hansi-font-family: Helvetica; mso-hansi-theme-font: major-latin;\">Gloria Ram\u00edrez<\/span><span lang=\"ES-TRAD\" style=\"color: windowtext; mso-ascii-font-family: Helvetica; mso-ascii-theme-font: major-latin; mso-bidi-font-family: Helvetica; mso-bidi-theme-font: major-latin; mso-hansi-font-family: Helvetica; mso-hansi-theme-font: major-latin;\">&nbsp;<o:p><\/o:p><\/span><\/span><\/div>\n<div><span lang=\"ES-TRAD\" style=\"background: white; color: windowtext; mso-ascii-font-family: Helvetica; mso-ascii-theme-font: major-latin; mso-bidi-font-family: Helvetica; mso-bidi-theme-font: major-latin; mso-hansi-font-family: Helvetica; mso-hansi-theme-font: major-latin;\"><span style=\"font-family: Arial, Helvetica, sans-serif;\">Juan Carlos Sol\u00eds<o:p><\/o:p><\/span><\/span><\/div>\n<div><span style=\"font-family: Arial, Helvetica, sans-serif;\"><span lang=\"ES-TRAD\" style=\"background: white; color: windowtext; mso-ascii-font-family: Helvetica; mso-ascii-theme-font: major-latin; mso-bidi-font-family: Helvetica; mso-bidi-theme-font: major-latin; mso-hansi-font-family: Helvetica; mso-hansi-theme-font: major-latin;\">Mar\u00eda Beatriz Cosio Nava<\/span><span lang=\"ES-TRAD\" style=\"color: windowtext; mso-ascii-font-family: Helvetica; mso-ascii-theme-font: major-latin; mso-bidi-font-family: Helvetica; mso-bidi-theme-font: major-latin; mso-hansi-font-family: Helvetica; mso-hansi-theme-font: major-latin;\">&nbsp;<o:p><\/o:p><\/span><\/span><\/div>\n<div><span lang=\"ES-TRAD\" style=\"background: white; color: windowtext; mso-ascii-font-family: Helvetica; mso-ascii-theme-font: major-latin; mso-bidi-font-family: Helvetica; mso-bidi-theme-font: major-latin; mso-hansi-font-family: Helvetica; mso-hansi-theme-font: major-latin;\"><span style=\"font-family: Arial, Helvetica, sans-serif;\">Mar\u00eda del Carmen Alanis<br \/>Mar\u00eda Fernanda Rodr\u00edguez Calva<o:p><\/o:p><\/span><\/span><\/div>\n<div><span lang=\"ES-TRAD\" style=\"background: white; color: windowtext; mso-ascii-font-family: Helvetica; mso-ascii-theme-font: major-latin; mso-bidi-font-family: Helvetica; mso-bidi-theme-font: major-latin; mso-hansi-font-family: Helvetica; mso-hansi-theme-font: major-latin;\"><span style=\"font-family: Arial, Helvetica, sans-serif;\">Martha Luc\u00eda M\u00edcher Camarena<o:p><\/o:p><\/span><\/span><\/div>\n<div><span lang=\"ES-TRAD\" style=\"background: white; color: windowtext; mso-ascii-font-family: Helvetica; mso-ascii-theme-font: major-latin; mso-bidi-font-family: Helvetica; mso-bidi-theme-font: major-latin; mso-hansi-font-family: Helvetica; mso-hansi-theme-font: major-latin;\"><span style=\"font-family: Arial, Helvetica, sans-serif;\">Milagros del Pilar Herrero Buchanan<o:p><\/o:p><\/span><\/span><\/div>\n<div><span lang=\"ES-TRAD\" style=\"background: white; color: windowtext; mso-ascii-font-family: Helvetica; mso-ascii-theme-font: major-latin; mso-bidi-font-family: Helvetica; mso-bidi-theme-font: major-latin; mso-hansi-font-family: Helvetica; mso-hansi-theme-font: major-latin;\"><span style=\"font-family: Arial, Helvetica, sans-serif;\">Nithia Castorena Castorena<o:p><\/o:p><\/span><\/span><\/div>\n<div><span lang=\"ES-TRAD\" style=\"background: white; color: windowtext; mso-ascii-font-family: Helvetica; mso-ascii-theme-font: major-latin; mso-bidi-font-family: Helvetica; mso-bidi-theme-font: major-latin; mso-hansi-font-family: Helvetica; mso-hansi-theme-font: major-latin;\"><span style=\"font-family: Arial, Helvetica, sans-serif;\">Norma Reyes Ter\u00e1n<o:p><\/o:p><\/span><\/span><\/div>\n<div><span lang=\"ES-TRAD\" style=\"background: white; color: windowtext; mso-ascii-font-family: Helvetica; mso-ascii-theme-font: major-latin; mso-bidi-font-family: Helvetica; mso-bidi-theme-font: major-latin; mso-hansi-font-family: Helvetica; mso-hansi-theme-font: major-latin;\"><span style=\"font-family: Arial, Helvetica, sans-serif;\">Patricia Olamendi<o:p><\/o:p><\/span><\/span><\/div>\n<div><span lang=\"ES-TRAD\" style=\"background: white; color: windowtext; mso-ascii-font-family: Helvetica; mso-ascii-theme-font: major-latin; mso-bidi-font-family: Helvetica; mso-bidi-theme-font: major-latin; mso-hansi-font-family: Helvetica; mso-hansi-theme-font: major-latin;\"><span style=\"font-family: Arial, Helvetica, sans-serif;\">Refugio Esther Morales P\u00e9rez <o:p><\/o:p><\/span><\/span><\/div>\n<div><span lang=\"ES-TRAD\" style=\"background: white; color: windowtext; mso-ascii-font-family: Helvetica; mso-ascii-theme-font: major-latin; mso-bidi-font-family: Helvetica; mso-bidi-theme-font: major-latin; mso-hansi-font-family: Helvetica; mso-hansi-theme-font: major-latin;\"><span style=\"font-family: Arial, Helvetica, sans-serif;\">Rosario Guerra<o:p><\/o:p><\/span><\/span><\/div>\n<div><span style=\"font-family: Arial, Helvetica, sans-serif;\"><br \/><\/span><\/div>\n<div><span style=\"font-family: Arial, Helvetica, sans-serif;\"><span lang=\"ES-TRAD\"><span style=\"font-family: &quot;arial&quot; , &quot;helvetica&quot; , sans-serif;\">Alianza Sierra Madre, A.C. (ASMAC) &nbsp; &nbsp; &nbsp; &nbsp; &nbsp; &nbsp; &nbsp; &nbsp; &nbsp; &nbsp; &nbsp; &nbsp; &nbsp; &nbsp; &nbsp; &nbsp; &nbsp; &nbsp; &nbsp; &nbsp; &nbsp; &nbsp; &nbsp; &nbsp; &nbsp; &nbsp; &nbsp; &nbsp; &nbsp; &nbsp; &nbsp; &nbsp; &nbsp; &nbsp; &nbsp; &nbsp; &nbsp; &nbsp; &nbsp; &nbsp; &nbsp; &nbsp; &nbsp; &nbsp; <\/span><\/span><span style=\"background-color: white;\">Asociaci\u00f3n Internacional de Educadores por La Paz<\/span><\/span><\/div>\n<div><span lang=\"ES-TRAD\" style=\"background: white; color: windowtext; mso-ascii-font-family: Helvetica; mso-ascii-theme-font: major-latin; mso-bidi-font-family: Helvetica; mso-bidi-theme-font: major-latin; mso-hansi-font-family: Helvetica; mso-hansi-theme-font: major-latin;\"><span style=\"font-family: Arial, Helvetica, sans-serif;\">C\u00e1tedra Unesco de Derechos Humanos de la UNAM<span>&nbsp;<o:p><\/o:p><\/span><\/span><\/span><\/div>\n<div><span lang=\"ES-TRAD\" style=\"background: white; color: windowtext; mso-ascii-font-family: Helvetica; mso-ascii-theme-font: major-latin; mso-bidi-font-family: Helvetica; mso-bidi-font-weight: bold; mso-bidi-theme-font: major-latin; mso-hansi-font-family: Helvetica; mso-hansi-theme-font: major-latin;\"><span style=\"font-family: Arial, Helvetica, sans-serif;\">Centro de Derechos Humanos de las Mujeres, A.C. (CEDEHM)<o:p><\/o:p><\/span><\/span><\/div>\n<div><span style=\"font-family: Arial, Helvetica, sans-serif;\"><span lang=\"ES-TRAD\" style=\"background: white; color: windowtext; mso-ascii-font-family: Helvetica; mso-ascii-theme-font: major-latin; mso-bidi-font-family: Helvetica; mso-bidi-font-weight: bold; mso-bidi-theme-font: major-latin; mso-hansi-font-family: Helvetica; mso-hansi-theme-font: major-latin;\">Colectiva Ciudad y G\u00e9nero, A.C<\/span>.<o:p><\/o:p><\/span><\/div>\n<div><span lang=\"ES-TRAD\" style=\"background: white; color: windowtext; mso-ascii-font-family: Helvetica; mso-ascii-theme-font: major-latin; mso-bidi-font-family: Helvetica; mso-bidi-theme-font: major-latin; mso-hansi-font-family: Helvetica; mso-hansi-theme-font: major-latin;\"><span style=\"font-family: Arial, Helvetica, sans-serif;\">Comisi\u00f3n de Solidaridad y Defensa de los Derechos Humanos, A.C. (Cosyddhac)<\/span><\/span><br \/><span style=\"font-family: Arial, Helvetica, sans-serif;\"><span lang=\"ES-TRAD\" style=\"background: white; color: windowtext; mso-ascii-font-family: Helvetica; mso-ascii-theme-font: major-latin; mso-bidi-font-family: Helvetica; mso-bidi-theme-font: major-latin; mso-hansi-font-family: Helvetica; mso-hansi-theme-font: major-latin;\"><span style=\"font-family: &quot;arial&quot; , &quot;helvetica&quot; , sans-serif;\"><o:p><\/o:p><\/span><\/span><span style=\"background-color: white;\">Coordinaci\u00f3n Feminista Olimpia de Gouges, A.C.<\/span><span style=\"background-color: white;\">&nbsp;<\/span><\/span><\/div>\n<div><span style=\"background: white; color: windowtext; mso-ansi-language: ES-MX; mso-ascii-font-family: Helvetica; mso-ascii-theme-font: major-latin; mso-bidi-font-family: Helvetica; mso-bidi-font-weight: bold; mso-bidi-theme-font: major-latin; mso-hansi-font-family: Helvetica; mso-hansi-theme-font: major-latin;\"><span style=\"font-family: Arial, Helvetica, sans-serif;\">El Barz\u00f3n Chihuahua<o:p><\/o:p><\/span><\/span><\/div>\n<div><span style=\"background: white; color: windowtext; mso-ansi-language: ES-MX; mso-ascii-font-family: Helvetica; mso-ascii-theme-font: major-latin; mso-bidi-font-family: Helvetica; mso-bidi-font-weight: bold; mso-bidi-theme-font: major-latin; mso-hansi-font-family: Helvetica; mso-hansi-theme-font: major-latin;\"><span style=\"font-family: Arial, Helvetica, sans-serif;\">Ecos de Mirabal<o:p><\/o:p><\/span><\/span><\/div>\n<div><span lang=\"ES-TRAD\" style=\"background: white; color: windowtext; mso-ascii-font-family: Helvetica; mso-ascii-theme-font: major-latin; mso-bidi-font-family: Helvetica; mso-bidi-theme-font: major-latin; mso-hansi-font-family: Helvetica; mso-hansi-theme-font: major-latin;\"><span style=\"font-family: Arial, Helvetica, sans-serif;\">Fundaci\u00f3n Arcoiris por el respeto a la diversidad sexual <o:p><\/o:p><\/span><\/span><\/div>\n<div><span style=\"font-family: Arial, Helvetica, sans-serif;\"><span lang=\"ES-TRAD\" style=\"background: white; color: windowtext; mso-ascii-font-family: Helvetica; mso-ascii-theme-font: major-latin; mso-bidi-font-family: Helvetica; mso-bidi-font-weight: bold; mso-bidi-theme-font: major-latin; mso-hansi-font-family: Helvetica; mso-hansi-theme-font: major-latin;\">Grupo de Abogadas Dem\u00f3cratas<\/span><span lang=\"ES-TRAD\" style=\"background: white; color: windowtext; mso-ascii-font-family: Helvetica; mso-ascii-theme-font: major-latin; mso-bidi-font-family: Helvetica; mso-bidi-theme-font: major-latin; mso-hansi-font-family: Helvetica; mso-hansi-theme-font: major-latin;\"><o:p><\/o:p><\/span><\/span><\/div>\n<div><span lang=\"ES-TRAD\" style=\"background: white; color: windowtext; mso-ascii-font-family: Helvetica; mso-ascii-theme-font: major-latin; mso-bidi-font-family: Helvetica; mso-bidi-font-weight: bold; mso-bidi-theme-font: major-latin; mso-hansi-font-family: Helvetica; mso-hansi-theme-font: major-latin;\"><span style=\"font-family: Arial, Helvetica, sans-serif;\">Grupo Feminista 8 de marzo<o:p><\/o:p><\/span><\/span><\/div>\n<div><span lang=\"ES-TRAD\" style=\"background: white; color: windowtext; mso-ascii-font-family: Helvetica; mso-ascii-theme-font: major-latin; mso-bidi-font-family: Helvetica; mso-bidi-font-weight: bold; mso-bidi-theme-font: major-latin; mso-hansi-font-family: Helvetica; mso-hansi-theme-font: major-latin;\"><span style=\"font-family: Arial, Helvetica, sans-serif;\">Grupo Promotor de los Derechos Pol\u00edticos de las Ciudadanas<\/span><\/span><br \/><span style=\"font-family: Arial, Helvetica, sans-serif;\"><span lang=\"ES-TRAD\" style=\"background: white; color: windowtext; mso-ascii-font-family: Helvetica; mso-ascii-theme-font: major-latin; mso-bidi-font-family: Helvetica; mso-bidi-font-weight: bold; mso-bidi-theme-font: major-latin; mso-hansi-font-family: Helvetica; mso-hansi-theme-font: major-latin;\"><span style=\"font-family: &quot;arial&quot; , &quot;helvetica&quot; , sans-serif;\"><o:p><\/o:p><\/span><\/span><span style=\"background-color: white;\">Hij@s de la Luna<\/span><\/span><\/div>\n<div><span lang=\"ES-TRAD\" style=\"background: white; color: windowtext; mso-ascii-font-family: Helvetica; mso-ascii-theme-font: major-latin; mso-bidi-font-family: Helvetica; mso-bidi-font-weight: bold; mso-bidi-theme-font: major-latin; mso-hansi-font-family: Helvetica; mso-hansi-theme-font: major-latin;\"><span style=\"font-family: Arial, Helvetica, sans-serif;\">Justicia para Nuestras Hijas, A.C.<o:p><\/o:p><\/span><\/span><\/div>\n<div><span style=\"background: white; color: windowtext; mso-ansi-language: ES-MX; mso-ascii-font-family: Helvetica; mso-ascii-theme-font: major-latin; mso-bidi-font-family: Helvetica; mso-bidi-font-weight: bold; mso-bidi-theme-font: major-latin; mso-hansi-font-family: Helvetica; mso-hansi-theme-font: major-latin;\"><span style=\"font-family: Arial, Helvetica, sans-serif;\">Mujeres Barzonistas<o:p><\/o:p><\/span><\/span><\/div>\n<div style=\"text-align: justify; text-justify: inter-ideograph;\"><span lang=\"ES-TRAD\" style=\"background: white; color: windowtext; mso-ascii-font-family: Helvetica; mso-ascii-theme-font: major-latin; mso-bidi-font-family: Helvetica; mso-bidi-font-weight: bold; mso-bidi-theme-font: major-latin; mso-hansi-font-family: Helvetica; mso-hansi-theme-font: major-latin;\"><span style=\"font-family: Arial, Helvetica, sans-serif;\">Mujeres por M\u00e9xico en Chihuahua, A.C.<o:p><\/o:p><\/span><\/span><\/div>\n<div><span style=\"background: white; color: windowtext; mso-ansi-language: ES-MX; mso-ascii-font-family: Helvetica; mso-ascii-theme-font: major-latin; mso-bidi-font-family: Helvetica; mso-bidi-font-weight: bold; mso-bidi-theme-font: major-latin; mso-hansi-font-family: Helvetica; mso-hansi-theme-font: major-latin;\"><span style=\"font-family: Arial, Helvetica, sans-serif;\">Mukira, A.C.<o:p><\/o:p><\/span><\/span><\/div>\n<div style=\"background: white; border: none; mso-padding-alt: 0cm 0cm 0cm 0cm;\"><span style=\"font-family: Arial, Helvetica, sans-serif;\"><span style=\"background-attachment: initial; background-clip: initial; background-image: initial; background-origin: initial; background-position: initial; background-repeat: initial; background-size: initial; border: none;\">Observa Ciudadan@<\/span><span style=\"border: none;\">, <span style=\"background-attachment: initial; background-clip: initial; background-image: initial; background-origin: initial; background-position: initial; background-repeat: initial; background-size: initial;\">Observatorio para el Acceso a la Informaci\u00f3n P\u00fablica<\/span><o:p><\/o:p><\/span><\/span><\/div>\n<div style=\"text-align: justify; text-justify: inter-ideograph;\"><span lang=\"ES-TRAD\" style=\"background: white; color: windowtext; mso-ascii-font-family: Helvetica; mso-ascii-theme-font: major-latin; mso-bidi-font-family: Helvetica; mso-bidi-font-weight: bold; mso-bidi-theme-font: major-latin; mso-hansi-font-family: Helvetica; mso-hansi-theme-font: major-latin;\"><span style=\"font-family: Arial, Helvetica, sans-serif;\">Organizaci\u00f3n para la Defensa del Patrimonio Familiar y los Derechos Humanos, A. C. (UCD Chihuahua)<\/span><\/span><br \/><span style=\"font-family: Arial, Helvetica, sans-serif;\"><span lang=\"ES-TRAD\" style=\"background: white; color: windowtext; mso-ascii-font-family: Helvetica; mso-ascii-theme-font: major-latin; mso-bidi-font-family: Helvetica; mso-bidi-font-weight: bold; mso-bidi-theme-font: major-latin; mso-hansi-font-family: Helvetica; mso-hansi-theme-font: major-latin;\"><span style=\"font-family: &quot;arial&quot; , &quot;helvetica&quot; , sans-serif;\"><o:p><\/o:p><\/span><\/span><span style=\"background-color: white; text-align: left;\">Poiesis S.C.<\/span><span style=\"background-color: white; text-align: left;\">&nbsp;<\/span><\/span><\/div>\n<div><span lang=\"ES-TRAD\" style=\"background: white; color: windowtext; mso-ascii-font-family: Helvetica; mso-ascii-theme-font: major-latin; mso-bidi-font-family: Helvetica; mso-bidi-theme-font: major-latin; mso-hansi-font-family: Helvetica; mso-hansi-theme-font: major-latin;\"><span style=\"font-family: Arial, Helvetica, sans-serif;\">Red de profesoras e&nbsp;Investigadoras de Derechos&nbsp;Humanos de M\u00e9xico<span><o:p><\/o:p><\/span><\/span><\/span><br \/><span lang=\"ES-TRAD\" style=\"background: white; color: windowtext; mso-ascii-font-family: Helvetica; mso-ascii-theme-font: major-latin; mso-bidi-font-family: Helvetica; mso-bidi-theme-font: major-latin; mso-hansi-font-family: Helvetica; mso-hansi-theme-font: major-latin;\"><span style=\"font-family: Arial, Helvetica, sans-serif;\">Red Plural de Mujeres de Zacatecas<\/span><\/span><\/div>\n<div style=\"text-align: justify; text-justify: inter-ideograph;\"><span lang=\"ES-TRAD\" style=\"background: white; color: windowtext; mso-ascii-font-family: Helvetica; mso-ascii-theme-font: major-latin; mso-bidi-font-family: Helvetica; mso-bidi-font-weight: bold; mso-bidi-theme-font: major-latin; mso-hansi-font-family: Helvetica; mso-hansi-theme-font: major-latin;\"><span style=\"font-family: Arial, Helvetica, sans-serif;\">Red por la Participaci\u00f3n Ciudadana, A.C.<o:p><\/o:p><\/span><\/span><\/div>\n<div style=\"text-align: justify; text-justify: inter-ideograph;\"><span lang=\"ES-TRAD\" style=\"background: white; color: windowtext; mso-ascii-font-family: Helvetica; mso-ascii-theme-font: major-latin; mso-bidi-font-family: Helvetica; mso-bidi-theme-font: major-latin; mso-hansi-font-family: Helvetica; mso-hansi-theme-font: major-latin;\"><span style=\"font-family: Arial, Helvetica, sans-serif;\">Spatium Libertas, A.C.<o:p><\/o:p><\/span><\/span><\/div>\n<div><span style=\"background: white; color: windowtext; mso-ansi-language: ES-MX; mso-ascii-font-family: Helvetica; mso-ascii-theme-font: major-latin; mso-bidi-font-family: Helvetica; mso-bidi-font-weight: bold; mso-bidi-theme-font: major-latin; mso-hansi-font-family: Helvetica; mso-hansi-theme-font: major-latin;\"><span style=\"font-family: Arial, Helvetica, sans-serif;\">Transforma, A.C. <o:p><\/o:p><\/span><\/span><\/div>\n<div><span style=\"font-family: Arial, Helvetica, sans-serif;\"><span lang=\"ES-TRAD\" style=\"background: white; color: windowtext; mso-ascii-font-family: Helvetica; mso-ascii-theme-font: major-latin; mso-bidi-font-family: Helvetica; mso-bidi-theme-font: major-latin; mso-hansi-font-family: Helvetica; mso-hansi-theme-font: major-latin;\">Uno de Siete Migrando A.C.<\/span><span lang=\"ES-TRAD\" style=\"color: windowtext; mso-ascii-font-family: Helvetica; mso-ascii-theme-font: major-latin; mso-bidi-font-family: Helvetica; mso-bidi-theme-font: major-latin; mso-hansi-font-family: Helvetica; mso-hansi-theme-font: major-latin;\"><br \/><span style=\"background: white; mso-bidi-font-weight: bold;\">Vanguardia De Mujeres De Ixtapaluca<\/span><\/span><\/span><\/div>\n<div><span lang=\"ES-TRAD\" style=\"background: white; color: windowtext; mso-ascii-font-family: Helvetica; mso-ascii-theme-font: major-latin; mso-bidi-font-family: Helvetica; mso-bidi-font-weight: bold; mso-bidi-theme-font: major-latin; mso-hansi-font-family: Helvetica; mso-hansi-theme-font: major-latin;\"><span style=\"font-family: Arial, Helvetica, sans-serif;\">Wikipol\u00edtica nodo Chihuahua<\/span><o:p><\/o:p><\/span><\/div>\n<div><span lang=\"ES-TRAD\" style=\"background: white; color: windowtext; mso-ascii-font-family: Helvetica; mso-ascii-theme-font: major-latin; mso-bidi-font-family: Helvetica; mso-bidi-font-weight: bold; mso-bidi-theme-font: major-latin; mso-hansi-font-family: Helvetica; mso-hansi-theme-font: major-latin;\"><span style=\"font-family: &quot;arial&quot; , &quot;helvetica&quot; , sans-serif;\"><br \/><\/span><\/span><\/div>\n<div><span lang=\"ES-TRAD\" style=\"background: white; color: windowtext; mso-ascii-font-family: Helvetica; mso-ascii-theme-font: major-latin; mso-bidi-font-family: Helvetica; mso-bidi-font-weight: bold; mso-bidi-theme-font: major-latin; mso-hansi-font-family: Helvetica; mso-hansi-theme-font: major-latin;\"><span style=\"font-family: &quot;arial&quot; , &quot;helvetica&quot; , sans-serif;\"><br \/><\/span><\/span><\/div>\n<div style=\"clear: both; text-align: center;\"><a href=\"https:\/\/3.bp.blogspot.com\/-RRahrLUjPwI\/WFQ5KaxEAbI\/AAAAAAAACLY\/9HqXnAAxd2odQ5NKFgptJ-0TyqHEeiBNwCLcB\/s1600\/marisela%2Bcon%2B%2Bfoto%2Bde%2BRubi.jpg\" style=\"margin-left: 1em; margin-right: 1em;\"><img loading=\"lazy\" decoding=\"async\" border=\"0\" height=\"241\" src=\"https:\/\/3.bp.blogspot.com\/-RRahrLUjPwI\/WFQ5KaxEAbI\/AAAAAAAACLY\/9HqXnAAxd2odQ5NKFgptJ-0TyqHEeiBNwCLcB\/s400\/marisela%2Bcon%2B%2Bfoto%2Bde%2BRubi.jpg\" width=\"400\" \/><\/a><\/div>\n<div><span lang=\"ES-TRAD\" style=\"background: white; color: windowtext; mso-ascii-font-family: Helvetica; mso-ascii-theme-font: major-latin; mso-bidi-font-family: Helvetica; mso-bidi-font-weight: bold; mso-bidi-theme-font: major-latin; mso-hansi-font-family: Helvetica; mso-hansi-theme-font: major-latin;\"><span style=\"font-family: &quot;arial&quot; , &quot;helvetica&quot; , sans-serif;\"><br \/><\/span><\/span><\/div>\n","protected":false},"excerpt":{"rendered":"<p>Chihuahua, Chih., 16 de diciembre de 2016.- En el marco del sexto aniversario del asesinato de Marisela Escobedo, las organizaciones que suscribimos la presente recordamos: Que Marisela Escobedo fue una defensora de derechos humanos a quien le arrebataron su vida por exigir justicia, verdad y reparaci\u00f3n por el asesinato de su hija Rub\u00ed y que [&hellip;]<\/p>\n","protected":false},"author":2,"featured_media":0,"comment_status":"open","ping_status":"open","sticky":false,"template":"","format":"standard","meta":{"footnotes":""},"categories":[1],"tags":[],"class_list":["post-1303","post","type-post","status-publish","format-standard","hentry","category-sin-categoria"],"_links":{"self":[{"href":"https:\/\/cedehm.org.mx\/es\/wp-json\/wp\/v2\/posts\/1303","targetHints":{"allow":["GET"]}}],"collection":[{"href":"https:\/\/cedehm.org.mx\/es\/wp-json\/wp\/v2\/posts"}],"about":[{"href":"https:\/\/cedehm.org.mx\/es\/wp-json\/wp\/v2\/types\/post"}],"author":[{"embeddable":true,"href":"https:\/\/cedehm.org.mx\/es\/wp-json\/wp\/v2\/users\/2"}],"replies":[{"embeddable":true,"href":"https:\/\/cedehm.org.mx\/es\/wp-json\/wp\/v2\/comments?post=1303"}],"version-history":[{"count":0,"href":"https:\/\/cedehm.org.mx\/es\/wp-json\/wp\/v2\/posts\/1303\/revisions"}],"wp:attachment":[{"href":"https:\/\/cedehm.org.mx\/es\/wp-json\/wp\/v2\/media?parent=1303"}],"wp:term":[{"taxonomy":"category","embeddable":true,"href":"https:\/\/cedehm.org.mx\/es\/wp-json\/wp\/v2\/categories?post=1303"},{"taxonomy":"post_tag","embeddable":true,"href":"https:\/\/cedehm.org.mx\/es\/wp-json\/wp\/v2\/tags?post=1303"}],"curies":[{"name":"wp","href":"https:\/\/api.w.org\/{rel}","templated":true}]}}