{"id":1305,"date":"2016-12-05T18:55:00","date_gmt":"2016-12-05T18:55:00","guid":{"rendered":"https:\/\/cedehm.org.mx\/es\/2016\/12\/05\/audiencia-sobre-desaparicion-de-personas-en-mexico-en-la-comision-interamericana-de-derechos-humanos\/"},"modified":"2016-12-05T18:55:00","modified_gmt":"2016-12-05T18:55:00","slug":"audiencia-sobre-desaparicion-de-personas-en-mexico-en-la-comision-interamericana-de-derechos-humanos","status":"publish","type":"post","link":"https:\/\/cedehm.org.mx\/es\/2016\/12\/05\/audiencia-sobre-desaparicion-de-personas-en-mexico-en-la-comision-interamericana-de-derechos-humanos\/","title":{"rendered":"Audiencia sobre Desaparici\u00f3n de Personas en M\u00e9xico en la Comisi\u00f3n Interamericana de Derechos Humanos"},"content":{"rendered":"<div style=\"background-color: white; color: #202020; line-height: 24px; margin-bottom: 10px; margin-top: 10px; padding: 0px; text-align: justify;\"><strong><span style=\"font-family: Arial, Helvetica, sans-serif;\">Audiencia sobre Desaparici\u00f3n de Personas en M\u00e9xico<\/span><\/strong><\/div>\n<div style=\"background-color: white; color: #202020; line-height: 24px; margin-bottom: 10px; margin-top: 10px; padding: 0px; text-align: justify;\"><strong><span style=\"font-family: Arial, Helvetica, sans-serif;\">Comisi\u00f3n Interamericana de Derechos Humanos<\/span><\/strong><\/div>\n<div style=\"background-color: white; color: #202020; line-height: 24px; margin-bottom: 10px; margin-top: 10px; padding: 0px; text-align: justify;\"><strong><span style=\"font-family: Arial, Helvetica, sans-serif;\">159 Periodo de Sesiones<\/span><\/strong><\/div>\n<div style=\"background-color: white; color: #202020; line-height: 24px; margin-bottom: 10px; margin-top: 10px; padding: 0px; text-align: justify;\"><strong><span style=\"font-family: Arial, Helvetica, sans-serif;\">Panam\u00e1, 5 de diciembre de 2016<\/span><\/strong><\/div>\n<div style=\"background-color: white; color: #202020; text-align: justify;\"><span style=\"font-family: Arial, Helvetica, sans-serif;\">&nbsp;<\/p>\n<div style=\"clear: both; text-align: center;\"><a href=\"https:\/\/3.bp.blogspot.com\/-49kvRPj60YI\/WEW30U1T_xI\/AAAAAAAACKM\/wqwbzUS9Xnk4HlrbJSe7KJspjwFBIhkggCLcB\/s1600\/fc6e8b18-9020-4b66-99db-0c11aa3cd50d.jpg\" style=\"margin-left: 1em; margin-right: 1em;\"><img loading=\"lazy\" decoding=\"async\" border=\"0\" height=\"265\" src=\"https:\/\/3.bp.blogspot.com\/-49kvRPj60YI\/WEW30U1T_xI\/AAAAAAAACKM\/wqwbzUS9Xnk4HlrbJSe7KJspjwFBIhkggCLcB\/s400\/fc6e8b18-9020-4b66-99db-0c11aa3cd50d.jpg\" width=\"400\" \/><\/a><\/div>\n<div style=\"clear: both; text-align: center;\"><\/div>\n<p><\/span><\/div>\n<div style=\"background-color: white; color: #202020; line-height: 24px; margin-bottom: 10px; margin-top: 10px; padding: 0px; text-align: justify;\"><span style=\"font-family: Arial, Helvetica, sans-serif;\">El Movimiento Nacional por Nuestros Desaparecidos observa con preocupaci\u00f3n que las desapariciones de personas contin\u00faan en aumento, y la mayor\u00eda permanecen en una situaci\u00f3n de impunidad. A pesar de los avances anunciados por el Estado mexicano, no contamos con estructuras operativas que garanticen la b\u00fasqueda de personas desaparecidas. En el mejor de los casos los esfuerzos de algunos servidores p\u00fablicos no encuentran eco en el compromiso del Estado en su conjunto para enfrentar las desapariciones en el pa\u00eds. Persisten deficiencias estructurales en la b\u00fasqueda e investigaci\u00f3n de las desapariciones forzadas y por particulares que van desde la falta de recursos suficientes y personal especializado, hasta actitudes de servidores p\u00fablicos que contin\u00faan optando por estigmatizar y criminalizar a las v\u00edctimas para evadir su responsabilidad de iniciar la b\u00fasqueda inmediata y la investigaci\u00f3n.<\/span><\/div>\n<div style=\"background-color: white; color: #202020; line-height: 24px; margin-bottom: 10px; margin-top: 10px; padding: 0px; text-align: justify;\"><span style=\"font-family: Arial, Helvetica, sans-serif;\">A pesar de los diversos foros y di\u00e1logos que el Movimiento ha sostenido con el Gobierno Federal y el Senado de la Rep\u00fablica, despu\u00e9s de m\u00e1s de a\u00f1o y medio, no tenemos una Ley General de Desaparici\u00f3n Forzada y por Particulares que cree las bases para una b\u00fasqueda y una investigaci\u00f3n eficaces. Preocupa adem\u00e1s que a la aprobaci\u00f3n de la Ley General de Desaparici\u00f3n le siga la creaci\u00f3n de Instituto Aut\u00f3nomo Forense y una reforma profunda a la procuraci\u00f3n de justicia de donde surja la nueva Fiscal\u00eda que sea capaz de atajar los altos \u00edndices de impunidad y particularmente las graves violaciones a derechos humanos y los casos graves de corrupci\u00f3n que azotan el pa\u00eds. De otro modo las investigaciones seguir\u00e1n siendo ineficaces.<\/span><\/div>\n<div style=\"background-color: white; color: #202020; line-height: 24px; margin-bottom: 10px; margin-top: 10px; padding: 0px; text-align: justify;\"><span style=\"font-family: Arial, Helvetica, sans-serif;\">La falta de una respuesta eficaz a la fecha, ha llevado a que los familiares de personas desaparecidas, movidos por la necesidad de saber el paradero de su familiar y frente a la negligencia de las autoridades, emprendan acciones de b\u00fasqueda e investigaci\u00f3n por su propia cuenta en contextos de alto riesgo. La ausencia de medidas de protecci\u00f3n para los familiares profundiza su vulnerabilidad frente a casos que involucran organizaciones de la delincuencia organizada. En este sentido, lamentamos el asesinato del Se\u00f1or Jos\u00e9 Jes\u00fas Jim\u00e9nez Gaona, quien buscaba a su hija desaparecida desde 2011 y era integrante de la Brigada Nacional de B\u00fasqueda de personas desaparecidas, que muri\u00f3 al ser atacado con disparos en Poza Rica, Veracruz, el pasado 22 de junio. Como consecuencia del ataque, su esposa Francisca V\u00e1zquez Mendoza fue gravemente herida.<\/span><\/div>\n<div style=\"background-color: white; color: #202020; line-height: 24px; margin-bottom: 10px; margin-top: 10px; padding: 0px; text-align: justify;\"><span style=\"font-family: Arial, Helvetica, sans-serif;\">La presente audiencia tiene como objetivo presentar las actuales preocupaciones sobre b\u00fasqueda e investigaci\u00f3n, en un largo proceso del cual la CIDH tiene ya amplio conocimiento. De este modo s\u00f3lo nos enfocaremos en los siguientes aspectos: el proceso de dictaminaci\u00f3n de la Ley General de Desaparici\u00f3n Forzada y por Particulares ante el Senado de la Rep\u00fablica, la impunidad persistente y la necesidad de contar con una Fiscal\u00eda realmente aut\u00f3noma que permita romper los ciclos de la impunidad y los efectos de la corrupci\u00f3n; y los riesgos que enfrentan los familiares de personas desaparecidas en el contexto de las brigadas nacionales de b\u00fasqueda.<\/span><\/div>\n<div style=\"background-color: white; color: #202020; line-height: 24px; margin-bottom: 10px; margin-top: 10px; padding: 0px; text-align: justify;\"><span style=\"font-family: Arial, Helvetica, sans-serif;\">El Movimiento por Nuestros Desaparecidos en M\u00e9xico presenta en esta audiencia estos cinco&nbsp;petitorios:<\/span><\/div>\n<ol style=\"background-color: white; color: #202020;\">\n<li style=\"text-align: justify;\"><span style=\"font-family: Arial, Helvetica, sans-serif;\">El compromiso del Estado para transitar a un m\u00e9todo de dictaminaci\u00f3n de la Ley General de Desaparici\u00f3n Forzada y por Particulares, que permita la retroalimentaci\u00f3n de propuestas, dote de un ritmo m\u00e1s acelerado de trabajo y acuerdo, donde participe a la par el Senado, el Ejecutivo y los representantes de los colectivos agrupados en el Movimiento por Nuestros Desaparecidos en M\u00e9xico.<\/span><\/li>\n<li style=\"text-align: justify;\"><span style=\"font-family: Arial, Helvetica, sans-serif;\">El compromiso del Estado mexicano por coordinar esquemas de protecci\u00f3n de familiares de personas desaparecidas, en riesgo, y particularmente de manera preventiva en el contexto de las Brigadas Nacionales de B\u00fasqueda.<\/span><\/li>\n<li style=\"text-align: justify;\"><span style=\"font-family: Arial, Helvetica, sans-serif;\">El compromiso del Estado mexicano para que en di\u00e1logo con este Movimiento, entable lo m\u00e1s pronto posible, convenios con organismos forenses especializados (como el Equipo Argentino de Antropolog\u00eda Forense y la Comisi\u00f3n Internacional de Personas No Localizadas ICMP, entre otros) y que en el marco de un plan nacional de exhumaci\u00f3n e identificaci\u00f3n de personas, se agilicen los esfuerzos por procesar las fosas clandestinas y comunes del pa\u00eds, y la identificaci\u00f3n de cuerpos sin nombre a un ritmo de al menos 14 mil al a\u00f1o, como lo demuestra la experiencia internacional.<\/span><\/li>\n<li style=\"text-align: justify;\"><span style=\"font-family: Arial, Helvetica, sans-serif;\">El compromiso del Estado mexicano por iniciar con las organizaciones de la sociedad civil, incluido este Movimiento, un di\u00e1logo serio sobre un Instituto Aut\u00f3nomo Forense y las caracter\u00edsticas que debe tener la nueva Fiscal\u00eda General de la Rep\u00fablica y su Fiscal, cuyos resultados consensados sean materia para una reforma legislativa.<\/span><\/li>\n<li style=\"text-align: justify;\"><span style=\"font-family: Arial, Helvetica, sans-serif;\">El compromiso de la CIDH y del Estado mexicano de que el Mecanismo de Seguimiento a las Recomendaciones sobre el Caso Ayotzinapa de la CIDH, en virtud de las recomendaciones estructurales del GIEI, d\u00e9 seguimiento a estos petitorios.<\/span><\/li>\n<\/ol>\n<div style=\"background-color: white; color: #202020; line-height: 24px; margin-bottom: 10px; margin-top: 10px; padding: 0px; text-align: justify;\"><span style=\"font-family: Arial, Helvetica, sans-serif;\">El Movimiento por Nuestros Desaparecidos en M\u00e9xico considera que los esfuerzos del Estado mexicano por alcanzar el estado de derecho, hoy deben ser acompa\u00f1ados de manera cercana por los organismos regionales e internacionales de derechos humanos para superar los obst\u00e1culos que, de otra manera, la experiencia nos ha demostrado que no es posible.<\/span><\/div>\n<div style=\"background-color: white; color: #202020; line-height: 24px; margin-bottom: 10px; margin-top: 10px; padding: 0px; text-align: justify;\"><span style=\"font-family: Arial, Helvetica, sans-serif;\">Confiamos que el escrutinio internacional fortalece las voces de los familiares de personas desaparecidas que contin\u00faan buscando verdad y justicia, y luchando por el derecho de que sus familiares sean buscados, y en el caso de haber fallecido, enterrarlos dignamente.<\/p>\n<p>Aqu\u00ed puedes ver el documento completo de la audiencia:<br \/><a href=\"http:\/\/sinlasfamiliasno.us14.list-manage1.com\/track\/click?u=17854a2679afbb9f1550e37e7&amp;id=bb1169b52d&amp;e=7ba9672d28\" style=\"color: #2baadf;\" target=\"_blank\" rel=\"noopener\">http:\/\/sinlasfamiliasno.org\/audiencia-desaparicion-forzada\/<\/a><\/p>\n<p><a href=\"http:\/\/sinlasfamiliasno.us14.list-manage2.com\/track\/click?u=17854a2679afbb9f1550e37e7&amp;id=a0fe675dfa&amp;e=7ba9672d28\" style=\"color: #2baadf;\" target=\"_blank\" rel=\"noopener\">Aqu\u00ed&nbsp;<\/a>pueden descargar algunas fotos<\/p>\n<p>Para m\u00e1s informaci\u00f3n escriba a info@sinlasfamiliasno.org<\/span><\/div>\n<div style=\"background-color: white; color: #202020; line-height: 24px; margin-bottom: 10px; margin-top: 10px; padding: 0px; text-align: justify;\"><strong><span style=\"font-family: Arial, Helvetica, sans-serif;\">Movimiento por Nuestros Desaparecidos en M\u00e9xico<\/span><\/strong><\/div>\n<div style=\"background-color: white; color: #202020; line-height: 24px; margin-bottom: 10px; margin-top: 10px; padding: 0px; text-align: justify;\"><span style=\"font-family: Arial, Helvetica, sans-serif;\"><strong>Colectivos de Familiares de M\u00e9xico y CA<\/strong>: Asociaci\u00f3n de Familiares de Detenidos Desaparecidos y V\u00edctimas de Violaciones a los Derechos Humanos en M\u00e9xico AFADEM-FEDEFAM (Guerrero); Agrupaci\u00f3n de Mujeres Organizadas por los Ejecutados, Secuestrados y Desaparecidos de Nuevo Le\u00f3n, AMORES (Nuevo Le\u00f3n); Asociaci\u00f3n Unidos por los Desaparecidos de Baja California (Baja California); Buscando a los Desaparecidos y Desaparecidas de Xalapa (Veracruz; Colectivo Colibr\u00ed (Estado de M\u00e9xico); Colectivo el Solecito de Veracruz; Comit\u00e9 de Familiares de Personas Desaparecidas en M\u00e9xico, \u201cAlzando Voces\u201d COFADDEM (Michoac\u00e1n); Comit\u00e9 de Familiares y Amigos Secuestrados, Desaparecidos y Asesinados en Guerrero (Guerrero); Comit\u00e9 de Familias Migrantes Desaparecidos del Salvador COFAMIDE (El Salvador); Comit\u00e9-Familias Unidas de Chiapas Buscando a Nuestros Migrantes \u00abJunax Ko&#8217;otontik\u00bb (Chiapas); Desaparecidos de El Fuerte Sinaloa (Sinaloa); Desaparecidos Justicia, A.C. (Quer\u00e9taro); Deudos y Defensores por la Dignidad de Nuestros Desaparecidos (Estado de M\u00e9xico); Familiares de Desaparecidos y Desaparecidas de Xalapa (Veracruz); Familiares Enlaces Xalapa (Veracruz);Familiares de Orizaba y C\u00f3rdoba (Veracruz); Familiares en B\u00fasqueda Mar\u00eda Herrera, A.C (Distrito Federal); Familiares acompa\u00f1ados por el Centro de Derechos Humanos de&nbsp; las Mujeres (CEDHEM) (Chihuahua); Familiares organizados con Centro de Derechos Humanos Paso del Norte (Chihuahua); Familias Unidas en la B\u00fasqueda y Localizaci\u00f3n de Desaparecidos de Piedras Negras (Coahuila); Familias Unidas por Nuestros Desaparecidos Jalisco (Jalisco); Familiares Enlaces Xalapa (Veracruz); Frente de V\u00edctimas del Estado de Morelos (Morelos); Fuerzas Unidas por Nuestros Desaparecidos en Coahuila (FUUNDEC); Fuerzas Unidas por Nuestros Desaparecidos en M\u00e9xico \u2013 Regi\u00f3n Centro; Fuerzas Unidas por Nuestros Desaparecidos en M\u00e9xico (FUNDEM); Fuerzas Unidas por Nuestros Desaparecidos en Nuevo Le\u00f3n (FUNDLN); Grupo V.I.D.A. V\u00edctimas por sus Derechos en Acci\u00f3n (Coahuila); Justicia para Nuestras Hijas (Chihuahua); Los Otros Desaparecidos de Iguala (Guerrero); Colectivo Madres Unidas (Chihuahua); Movimiento por la Paz con Justicia y Dignidad; Personas Migrantes Desaparecidas de Guatemala; Plataforma de V\u00edctimas de Desaparici\u00f3n en M\u00e9xico (Distrito Federal); Por Amor a Ellxs (Jalisco); Red de Madres Buscando a sus Hijos, A.C.; Red Eslabones por los Derechos Humanos; Red Nacional de Enlaces; Uni\u00f3n de Madres con Hijos Desaparecidos de Sinaloa.; V\u00edctimas y Ofendidos del Estado de Morelos, A.C.; Voces Unidas por la Vida, Sinaloa.<\/p>\n<p><strong>Organizaciones de la Sociedad Civil de M\u00e9xico, CA y EUA y asesores que han participado en el proceso de la Ley.<\/strong><\/span><\/div>\n","protected":false},"excerpt":{"rendered":"<p>Audiencia sobre Desaparici\u00f3n de Personas en M\u00e9xico Comisi\u00f3n Interamericana de Derechos Humanos 159 Periodo de Sesiones Panam\u00e1, 5 de diciembre de 2016 &nbsp; El Movimiento Nacional por Nuestros Desaparecidos observa con preocupaci\u00f3n que las desapariciones de personas contin\u00faan en aumento, y la mayor\u00eda permanecen en una situaci\u00f3n de impunidad. A pesar de los avances anunciados [&hellip;]<\/p>\n","protected":false},"author":2,"featured_media":0,"comment_status":"open","ping_status":"open","sticky":false,"template":"","format":"standard","meta":{"footnotes":""},"categories":[1],"tags":[],"class_list":["post-1305","post","type-post","status-publish","format-standard","hentry","category-sin-categoria"],"_links":{"self":[{"href":"https:\/\/cedehm.org.mx\/es\/wp-json\/wp\/v2\/posts\/1305","targetHints":{"allow":["GET"]}}],"collection":[{"href":"https:\/\/cedehm.org.mx\/es\/wp-json\/wp\/v2\/posts"}],"about":[{"href":"https:\/\/cedehm.org.mx\/es\/wp-json\/wp\/v2\/types\/post"}],"author":[{"embeddable":true,"href":"https:\/\/cedehm.org.mx\/es\/wp-json\/wp\/v2\/users\/2"}],"replies":[{"embeddable":true,"href":"https:\/\/cedehm.org.mx\/es\/wp-json\/wp\/v2\/comments?post=1305"}],"version-history":[{"count":0,"href":"https:\/\/cedehm.org.mx\/es\/wp-json\/wp\/v2\/posts\/1305\/revisions"}],"wp:attachment":[{"href":"https:\/\/cedehm.org.mx\/es\/wp-json\/wp\/v2\/media?parent=1305"}],"wp:term":[{"taxonomy":"category","embeddable":true,"href":"https:\/\/cedehm.org.mx\/es\/wp-json\/wp\/v2\/categories?post=1305"},{"taxonomy":"post_tag","embeddable":true,"href":"https:\/\/cedehm.org.mx\/es\/wp-json\/wp\/v2\/tags?post=1305"}],"curies":[{"name":"wp","href":"https:\/\/api.w.org\/{rel}","templated":true}]}}