{"id":1307,"date":"2016-11-24T19:47:00","date_gmt":"2016-11-24T19:47:00","guid":{"rendered":"https:\/\/cedehm.org.mx\/es\/2016\/11\/24\/la-desaparicion-forzada-de-nitza-paola-rocio-irene-y-jose-angel-alvarado-sera-analizada-por-la-corte-interamericana-de-derechos-humanos\/"},"modified":"2016-11-24T19:47:00","modified_gmt":"2016-11-24T19:47:00","slug":"la-desaparicion-forzada-de-nitza-paola-rocio-irene-y-jose-angel-alvarado-sera-analizada-por-la-corte-interamericana-de-derechos-humanos","status":"publish","type":"post","link":"https:\/\/cedehm.org.mx\/es\/2016\/11\/24\/la-desaparicion-forzada-de-nitza-paola-rocio-irene-y-jose-angel-alvarado-sera-analizada-por-la-corte-interamericana-de-derechos-humanos\/","title":{"rendered":"La desaparici\u00f3n forzada de Nitza Paola, Roc\u00edo Irene y Jos\u00e9 \u00c1ngel Alvarado ser\u00e1 analizada por la Corte Interamericana de Derechos Humanos"},"content":{"rendered":"<div align=\"center\" style=\"line-height: normal; margin-bottom: .0001pt; margin-bottom: 0cm; text-align: center;\"><\/div>\n<div style=\"line-height: normal; margin-bottom: .0001pt; margin-bottom: 0cm; text-align: justify;\"><\/div>\n<div style=\"clear: both; text-align: center;\"><a href=\"https:\/\/1.bp.blogspot.com\/-VBFVYqQDCpM\/WDdDrmKxhbI\/AAAAAAAACI0\/wMlae9XTI1gAdvgEYmEWH5Vf6I5_9LawQCLcB\/s1600\/lgoos.png\" style=\"margin-left: 1em; margin-right: 1em;\"><img loading=\"lazy\" decoding=\"async\" border=\"0\" height=\"109\" src=\"https:\/\/1.bp.blogspot.com\/-VBFVYqQDCpM\/WDdDrmKxhbI\/AAAAAAAACI0\/wMlae9XTI1gAdvgEYmEWH5Vf6I5_9LawQCLcB\/s640\/lgoos.png\" width=\"640\" \/><\/a><\/div>\n<p><\/p>\n<div style=\"line-height: normal; margin-bottom: .0001pt; margin-bottom: 0cm; text-align: justify;\"><span lang=\"ES\" style=\"font-family: &quot;Arial&quot;,&quot;sans-serif&quot;; font-size: 11.5pt; mso-ansi-language: ES; mso-bidi-font-family: &quot;Times New Roman&quot;; mso-bidi-font-size: 11.0pt; mso-bidi-theme-font: minor-bidi;\"><br \/><\/span><\/div>\n<div style=\"line-height: normal; margin-bottom: .0001pt; margin-bottom: 0cm; text-align: justify;\"><span lang=\"ES\" style=\"font-family: &quot;Arial&quot;,&quot;sans-serif&quot;; font-size: 11.5pt; mso-ansi-language: ES; mso-bidi-font-family: &quot;Times New Roman&quot;; mso-bidi-font-size: 11.0pt; mso-bidi-theme-font: minor-bidi;\"><br \/><\/span><\/div>\n<div style=\"line-height: normal; margin-bottom: .0001pt; margin-bottom: 0cm; text-align: justify;\"><span lang=\"ES\" style=\"font-family: &quot;Arial&quot;,&quot;sans-serif&quot;; font-size: 11.5pt; mso-ansi-language: ES; mso-bidi-font-family: &quot;Times New Roman&quot;; mso-bidi-font-size: 11.0pt; mso-bidi-theme-font: minor-bidi;\">Chihuahua, Chih., 24 de noviembre de 2016. El pasado 22 de noviembre, la Comisi\u00f3n Interamericana de Derechos Humanos (CIDH) inform\u00f3 sobre el sometimiento del caso de Nitza Paola, Roc\u00edo Irene y Jos\u00e9 \u00c1ngel Alvarado a la Corte Interamericana de Derechos Humanos porque el Estado mexicano incumpli\u00f3 con las cinco recomendaciones emitidas en el caso. <o:p><\/o:p><\/span><\/div>\n<div style=\"line-height: normal; margin-bottom: .0001pt; margin-bottom: 0cm; text-align: justify;\"><\/div>\n<div style=\"line-height: normal; margin-bottom: .0001pt; margin-bottom: 0cm; text-align: justify;\"><span lang=\"ES\" style=\"font-family: &quot;Arial&quot;,&quot;sans-serif&quot;; font-size: 11.5pt; mso-ansi-language: ES; mso-bidi-font-family: &quot;Times New Roman&quot;; mso-bidi-font-size: 11.0pt; mso-bidi-theme-font: minor-bidi;\">De acuerdo con el comunicado de la CIDH, \u201c<\/span><span lang=\"ES\" style=\"background: white; font-family: &quot;Arial&quot;,&quot;sans-serif&quot;; font-size: 11.5pt; mso-ansi-language: ES; mso-bidi-font-family: Helvetica; mso-bidi-font-size: 9.0pt;\">El caso se relaciona con la desaparici\u00f3n forzada de Nitza Paola Alvarado Espinoza, Jos\u00e9 \u00c1ngel Alvarado Herrera y Roc\u00edo Irene Alvarado Reyes, por parte de agentes estatales <\/span><span lang=\"ES\" style=\"background: white; font-family: &quot;Arial&quot;,&quot;sans-serif&quot;; font-size: 11.5pt; mso-ansi-language: ES; mso-bidi-font-size: 9.0pt;\">[militares]<\/span><span lang=\"ES\" style=\"background: white; font-family: &quot;Arial&quot;,&quot;sans-serif&quot;; font-size: 11.5pt; mso-ansi-language: ES; mso-bidi-font-family: Helvetica; mso-bidi-font-size: 9.0pt;\">, en el Ejido Benito Ju\u00e1rez, Estado de Chihuahua, M\u00e9xico, desde el 29 de diciembre de 2009. A la fecha, se desconoce el destino o paradero de las tres v\u00edctimas desaparecidas.\u201d Asimismo, seg\u00fan explica la Comisi\u00f3n Interamericana, \u201cEl caso tambi\u00e9n se relaciona con la situaci\u00f3n de impunidad en que se encuentran las tres desapariciones. La aplicaci\u00f3n de la justicia militar a este caso result\u00f3 violatoria del derecho a contar con una autoridad competente, independiente e imparcial para la obtenci\u00f3n de justicia.\u201d<\/span><span lang=\"ES\" style=\"font-family: &quot;Arial&quot;,&quot;sans-serif&quot;; font-size: 11.5pt; mso-ansi-language: ES; mso-bidi-font-family: Helvetica; mso-bidi-font-size: 9.0pt;\"><o:p><\/o:p><\/span><\/div>\n<div style=\"line-height: normal; margin-bottom: .0001pt; margin-bottom: 0cm; text-align: justify;\"><\/div>\n<div style=\"line-height: normal; margin-bottom: .0001pt; margin-bottom: 0cm; text-align: justify;\"><span lang=\"ES\" style=\"font-family: &quot;Arial&quot;,&quot;sans-serif&quot;; font-size: 11.5pt; mso-ansi-language: ES; mso-bidi-font-family: &quot;Times New Roman&quot;; mso-bidi-font-size: 11.0pt; mso-bidi-theme-font: minor-bidi;\">Este anuncio, en v\u00edsperas del D\u00eda Internacional de la Eliminaci\u00f3n de la Violencia contra la Mujer que se conmemora el 25 de noviembre, es fundamental por diversos motivos. Primero, porque la CIDH escuch\u00f3 las solicitudes de las y los familiares de Nitza, Roc\u00edo y Jos\u00e9 \u00c1ngel para que el caso fuera enviado a la Corte Interamericana dada la incapacidad del Estado mexicano de brindar una atenci\u00f3n adecuada. En segundo lugar, porque el caso se relaciona con una de las violaciones de derechos humanos m\u00e1s complejas y m\u00faltiples cometida en contra de dos mujeres y un hombre. En este 25 de noviembre, recordamos a todas las personas desaparecidas, en especial a todas las ni\u00f1as y mujeres que se encuentran en esa situaci\u00f3n.<o:p><\/o:p><\/span><\/div>\n<div style=\"line-height: normal; margin-bottom: .0001pt; margin-bottom: 0cm; text-align: justify;\"><\/div>\n<div style=\"line-height: normal; margin-bottom: .0001pt; margin-bottom: 0cm; text-align: justify;\"><span lang=\"ES\" style=\"font-family: &quot;Arial&quot;,&quot;sans-serif&quot;; font-size: 11.5pt; mso-ansi-language: ES; mso-bidi-font-family: &quot;Times New Roman&quot;; mso-bidi-font-size: 11.0pt; mso-bidi-theme-font: minor-bidi;\">Al haber sometido el caso Alvarado a la Corte Interamericana, la CIDH ha reconocido la valent\u00eda, la persistencia, el sufrimiento y el riesgo en que han vivido los familiares de Nitza, Roc\u00edo y Jos\u00e9 \u00c1ngel, quienes han sido amenazados\/as, desplazados forzadamente y algunos\/as de ellos han tenido que solicitar asilo en Estados Unidos. Por tal motivo, tanto las v\u00edctimas desaparecidas como los y los familiares cuentan con medidas provisionales otorgadas por la Corte Interamericana de Derechos Humanos desde 2010.<o:p><\/o:p><\/span><\/div>\n<div style=\"line-height: normal; margin-bottom: .0001pt; margin-bottom: 0cm; text-align: justify;\"><\/div>\n<div style=\"line-height: normal; margin-bottom: .0001pt; margin-bottom: 0cm; text-align: justify;\"><span lang=\"ES\" style=\"background: white; font-family: &quot;Arial&quot;,&quot;sans-serif&quot;; font-size: 11.5pt; mso-ansi-language: ES; mso-bidi-font-family: Helvetica; mso-bidi-font-size: 9.0pt;\">En su comunicado, la CIDH reconoci\u00f3 la importancia del caso en tanto \u201cconstituye el primero en cuanto a la desaparici\u00f3n forzada en el contexto de la lucha contra el narcotr\u00e1fico y la delincuencia organizada en M\u00e9xico. En ese sentido, la relevancia del caso obedece a que se trata de una problem\u00e1tica actual que ha venido en aumento en los \u00faltimos a\u00f1os y que ha merecido pronunciamientos, recomendaciones y expresiones de profunda preocupaci\u00f3n por parte de la Comisi\u00f3n y de m\u00faltiples organismos internacionales y mandatos especiales en el \u00e1mbito de las Naciones Unidas. Los hechos del caso constituyen un ejemplo de los factores que contribuyen a que esta grave violaci\u00f3n de derechos humanos tenga lugar en dicho contexto y que no sea debidamente investigada y sancionada como consecuencia de m\u00faltiples mecanismos de encubrimiento y obstrucci\u00f3n. Asimismo, el caso ofrece a la Corte Interamericana la posibilidad de pronunciarse sobre otras violaciones conexas derivadas de las amenazas y hostigamientos que sufren los n\u00facleos familiares de las v\u00edctimas desaparecidas.\u201d<\/span><span lang=\"ES\" style=\"font-family: &quot;Arial&quot;,&quot;sans-serif&quot;; font-size: 11.5pt; mso-ansi-language: ES; mso-bidi-font-family: &quot;Times New Roman&quot;; mso-bidi-font-size: 11.0pt; mso-bidi-theme-font: minor-bidi;\"><o:p><\/o:p><\/span><\/div>\n<div style=\"line-height: normal; margin-bottom: .0001pt; margin-bottom: 0cm; text-align: justify;\"><\/div>\n<div style=\"line-height: normal; margin-bottom: .0001pt; margin-bottom: 0cm; text-align: justify;\"><span lang=\"ES\" style=\"font-family: &quot;Arial&quot;,&quot;sans-serif&quot;; font-size: 11.5pt; mso-ansi-language: ES; mso-bidi-font-family: &quot;Times New Roman&quot;; mso-bidi-font-size: 11.0pt; mso-bidi-theme-font: minor-bidi;\">De manera adicional, y en el marco de las discusiones en el Congreso de la Uni\u00f3n sobre el marco jur\u00eddico relativo al rol de las Fuerzas Armadas en M\u00e9xico, este caso recuerda las graves violaciones de derechos humanos que ha tenido el actuar del ej\u00e9rcito en nuestro pa\u00eds y la urgencia de suprimir sus funciones en la seguridad p\u00fablica: de los siete casos con sentencia condenatoria por parte de la Corte Interamericana, cuatro de ellos tienen que ver con la actuaci\u00f3n de las Fuerzas Armadas, especialmente en la comisi\u00f3n de torturas y desapariciones forzadas.<o:p><\/o:p><\/span><\/div>\n<div style=\"line-height: normal; margin-bottom: .0001pt; margin-bottom: 0cm; text-align: justify;\"><\/div>\n<div style=\"line-height: normal; margin-bottom: .0001pt; margin-bottom: 0cm; text-align: justify;\"><span lang=\"ES\" style=\"font-family: &quot;Arial&quot;,&quot;sans-serif&quot;; font-size: 11.5pt; mso-ansi-language: ES; mso-bidi-font-family: &quot;Times New Roman&quot;; mso-bidi-font-size: 11.0pt; mso-bidi-theme-font: minor-bidi;\">A casi siete a\u00f1os de que se dieron <a href=\"https:\/\/www.blogger.com\/null\" name=\"_GoBack\"><\/a>los hechos, las y los familiares de Nitza Paola, Roc\u00edo Irene y Jos\u00e9 \u00c1ngel Alvarado y las organizaciones que les acompa\u00f1amos esperamos que este caso sirva no solo para obtener una reparaci\u00f3n integral sino para que se adopten medidas estructurales que impacten en los m\u00e1s de 28,000 casos de personas desaparecidas para que, de una vez por todas, se erradique esta pr\u00e1ctica aterradora, extendida y tortuosa, y que la verdad, justicia y reparaci\u00f3n se garanticen en todos esos casos.<o:p><\/o:p><\/span><\/div>\n<div style=\"line-height: normal; margin-bottom: .0001pt; margin-bottom: 0cm; text-align: justify;\"><\/div>\n<div style=\"line-height: normal; margin-bottom: .0001pt; margin-bottom: 0cm; text-align: justify;\"><\/div>\n<div style=\"line-height: normal; margin-bottom: .0001pt; margin-bottom: 0cm; text-align: justify;\"><\/div>\n<p><span lang=\"ES\" style=\"font-family: &quot;Arial&quot;,&quot;sans-serif&quot;; font-size: 11.5pt; line-height: 115%; mso-ansi-language: ES; mso-bidi-font-family: &quot;Times New Roman&quot;; mso-bidi-font-size: 11.0pt; mso-bidi-language: AR-SA; mso-bidi-theme-font: minor-bidi; mso-fareast-font-family: Calibri; mso-fareast-language: EN-US; mso-fareast-theme-font: minor-latin;\">El comunicado de la CIDH se encuentra disponible en: <\/span><span lang=\"EN-US\" style=\"font-family: &quot;Calibri&quot;,&quot;sans-serif&quot;; font-size: 11.0pt; line-height: 115%; mso-ansi-language: EN-US; mso-ascii-theme-font: minor-latin; mso-bidi-font-family: &quot;Times New Roman&quot;; mso-bidi-language: AR-SA; mso-bidi-theme-font: minor-bidi; mso-fareast-font-family: Calibri; mso-fareast-language: EN-US; mso-fareast-theme-font: minor-latin; mso-hansi-theme-font: minor-latin;\"><a href=\"http:\/\/www.oas.org\/es\/cidh\/prensa\/comunicados\/2016\/173.asp\"><span lang=\"ES\" style=\"font-family: &quot;Arial&quot;,&quot;sans-serif&quot;; font-size: 11.5pt; line-height: 115%; mso-ansi-language: ES; mso-bidi-font-family: &quot;Times New Roman&quot;; mso-bidi-font-size: 11.0pt; mso-bidi-theme-font: minor-bidi;\">http:\/\/www.oas.org\/es\/cidh\/prensa\/comunicados\/2016\/173.asp<\/span><\/a><\/span><\/p>\n","protected":false},"excerpt":{"rendered":"<p>Chihuahua, Chih., 24 de noviembre de 2016. El pasado 22 de noviembre, la Comisi\u00f3n Interamericana de Derechos Humanos (CIDH) inform\u00f3 sobre el sometimiento del caso de Nitza Paola, Roc\u00edo Irene y Jos\u00e9 \u00c1ngel Alvarado a la Corte Interamericana de Derechos Humanos porque el Estado mexicano incumpli\u00f3 con las cinco recomendaciones emitidas en el caso. De [&hellip;]<\/p>\n","protected":false},"author":2,"featured_media":0,"comment_status":"open","ping_status":"open","sticky":false,"template":"","format":"standard","meta":{"footnotes":""},"categories":[1],"tags":[],"class_list":["post-1307","post","type-post","status-publish","format-standard","hentry","category-sin-categoria"],"_links":{"self":[{"href":"https:\/\/cedehm.org.mx\/es\/wp-json\/wp\/v2\/posts\/1307","targetHints":{"allow":["GET"]}}],"collection":[{"href":"https:\/\/cedehm.org.mx\/es\/wp-json\/wp\/v2\/posts"}],"about":[{"href":"https:\/\/cedehm.org.mx\/es\/wp-json\/wp\/v2\/types\/post"}],"author":[{"embeddable":true,"href":"https:\/\/cedehm.org.mx\/es\/wp-json\/wp\/v2\/users\/2"}],"replies":[{"embeddable":true,"href":"https:\/\/cedehm.org.mx\/es\/wp-json\/wp\/v2\/comments?post=1307"}],"version-history":[{"count":0,"href":"https:\/\/cedehm.org.mx\/es\/wp-json\/wp\/v2\/posts\/1307\/revisions"}],"wp:attachment":[{"href":"https:\/\/cedehm.org.mx\/es\/wp-json\/wp\/v2\/media?parent=1307"}],"wp:term":[{"taxonomy":"category","embeddable":true,"href":"https:\/\/cedehm.org.mx\/es\/wp-json\/wp\/v2\/categories?post=1307"},{"taxonomy":"post_tag","embeddable":true,"href":"https:\/\/cedehm.org.mx\/es\/wp-json\/wp\/v2\/tags?post=1307"}],"curies":[{"name":"wp","href":"https:\/\/api.w.org\/{rel}","templated":true}]}}