{"id":1311,"date":"2016-10-28T03:11:00","date_gmt":"2016-10-28T03:11:00","guid":{"rendered":"https:\/\/cedehm.org.mx\/es\/2016\/10\/28\/ordena-juez-a-ministerio-publico-investigar-a-jose-luis-garcia-por-abuso-de-autoridad-contra-ema-saldana\/"},"modified":"2016-10-28T03:11:00","modified_gmt":"2016-10-28T03:11:00","slug":"ordena-juez-a-ministerio-publico-investigar-a-jose-luis-garcia-por-abuso-de-autoridad-contra-ema-saldana","status":"publish","type":"post","link":"https:\/\/cedehm.org.mx\/es\/2016\/10\/28\/ordena-juez-a-ministerio-publico-investigar-a-jose-luis-garcia-por-abuso-de-autoridad-contra-ema-saldana\/","title":{"rendered":"Ordena Juez a Ministerio P\u00fablico investigar a Jos\u00e9 Luis Garc\u00eda por abuso de autoridad contra Ema Salda\u00f1a"},"content":{"rendered":"<div style=\"text-align: justify;\"><\/div>\n<div style=\"clear: both; font-family: Arial, sans-serif; font-size: 12pt; text-align: center;\"><a href=\"https:\/\/2.bp.blogspot.com\/-5YL8qRWwxOY\/WBLBtMf_SlI\/AAAAAAAACFY\/r0ktAb56FRE86D5vUyFT94kOZFqA1ZhRwCLcB\/s1600\/garcia.jpg\" style=\"margin-left: 1em; margin-right: 1em;\"><img loading=\"lazy\" decoding=\"async\" border=\"0\" height=\"213\" src=\"https:\/\/2.bp.blogspot.com\/-5YL8qRWwxOY\/WBLBtMf_SlI\/AAAAAAAACFY\/r0ktAb56FRE86D5vUyFT94kOZFqA1ZhRwCLcB\/s400\/garcia.jpg\" width=\"400\" \/><\/a><\/div>\n<div style=\"clear: both; text-align: center;\"><i><span style=\"font-family: &quot;arial&quot; , &quot;helvetica&quot; , sans-serif; font-size: x-small;\">Foto: cortes\u00eda<\/span><\/i><\/div>\n<p><\/p>\n<div style=\"text-align: justify;\"><\/div>\n<div style=\"text-align: justify;\"><span style=\"font-family: &quot;arial&quot; , &quot;sans-serif&quot;; font-size: 12.0pt; line-height: 107%;\">Chihuahua, Chih., 27 de octubre de 2016.- El Ministerio P\u00fablico debe investigar cabalmente la acusaci\u00f3n de abuso de autoridad que interpuso Emma Salda\u00f1a Lobera, directora del Instituto Chihuahuense de la Mujer, en contra de Jos\u00e9 Luis Garc\u00eda Rodr\u00edguez, quien fuera secretario de Desarrollo Social del Gobierno del Estado, orden\u00f3 Octavio Rodr\u00edguez Gayt\u00e1n, juez de Control del Supremo Tribunal de Justicia.<o:p><\/o:p><\/span><\/div>\n<div style=\"text-align: justify;\"><span style=\"font-family: &quot;arial&quot; , &quot;sans-serif&quot;; font-size: 12.0pt; line-height: 107%;\"><br \/><\/span><\/div>\n<div style=\"text-align: justify;\"><span style=\"font-family: &quot;arial&quot; , &quot;sans-serif&quot;; font-size: 12.0pt; line-height: 107%;\">Al final de la audiencia de control que se prolong\u00f3 por m\u00e1s de tres horas, el juez revoc\u00f3 la determinaci\u00f3n del Ministerio P\u00fablico de no ejercer acci\u00f3n penal contra el exfuncionario por el delito de abuso de autoridad.<o:p><\/o:p><\/span><\/div>\n<div style=\"text-align: justify;\"><span style=\"font-family: &quot;arial&quot; , &quot;sans-serif&quot;; font-size: 12.0pt; line-height: 107%;\"><br \/><\/span><\/div>\n<div style=\"text-align: justify;\"><span style=\"font-family: &quot;arial&quot; , &quot;sans-serif&quot;; font-size: 12.0pt; line-height: 107%;\">Ema Salda\u00f1a, como directora del Instituto Chihuahuense de la Mujer, s\u00ed era subordinada de Jos\u00e9 Luis Garc\u00eda, en su calidad de secretario de Desarrollo Social, se\u00f1al\u00f3 tajante el juez, rechazando uno de los argumentos que emiti\u00f3 el Ministerio P\u00fablico para no ejercer acci\u00f3n penal contra el exfuncionario.<o:p><\/o:p><\/span><\/div>\n<div style=\"text-align: justify;\"><span style=\"font-family: &quot;arial&quot; , &quot;sans-serif&quot;; font-size: 12.0pt; line-height: 107%;\"><br \/><\/span><\/div>\n<div style=\"text-align: justify;\"><span style=\"font-family: &quot;arial&quot; , &quot;sans-serif&quot;; font-size: 12.0pt; line-height: 107%;\">Por lo tanto, el entonces secretario de Desarrollo Social s\u00ed pudo cometer abuso de autoridad en contra de la directora del Instituto Chihuahuense de la Mujer, puntualiz\u00f3 el juez, descalificando otro de los argumentos del Ministerio P\u00fablico.<o:p><\/o:p><\/span><\/div>\n<div style=\"text-align: justify;\"><span style=\"font-family: &quot;arial&quot; , &quot;sans-serif&quot;; font-size: 12.0pt; line-height: 107%;\"><br \/><\/span><\/div>\n<div style=\"text-align: justify;\"><span style=\"font-family: &quot;arial&quot; , &quot;sans-serif&quot;; font-size: 12.0pt; line-height: 107%;\">El abuso de autoridad afecta el servicio p\u00fablico, pero tambi\u00e9n a la persona, por lo tanto s\u00ed es competencia del Ministerio P\u00fablico investigar este delito en el caso concreto de Jos\u00e9 Luis Garc\u00eda y Ema Salda\u00f1a, indic\u00f3 el juez, desechando otro m\u00e1s de los argumentos del Ministerio P\u00fablico.<o:p><\/o:p><\/span><\/div>\n<div style=\"text-align: justify;\"><span style=\"font-family: &quot;arial&quot; , &quot;sans-serif&quot;; font-size: 12.0pt; line-height: 107%;\"><br \/><\/span><\/div>\n<div style=\"text-align: justify;\"><span style=\"font-family: &quot;arial&quot; , &quot;sans-serif&quot;; font-size: 12.0pt; line-height: 107%;\">El juez tambi\u00e9n insisti\u00f3 en la conveniencia de que el Ministerio P\u00fablico realice a cabalidad las investigaciones, debido a que en este caso uno de los argumentos que esgrimi\u00f3 Irma Villanueva N\u00e1jera, abogada coadyuvante de Salda\u00f1a Lobera, fue que la autoridad ministerial decidi\u00f3 no ejercer acci\u00f3n penal contra el exfuncionario a pesar de que todav\u00eda no conclu\u00eda el desahogo de pruebas de la v\u00edctima.<o:p><\/o:p><\/span><\/div>\n<div style=\"text-align: justify;\"><span style=\"font-family: &quot;arial&quot; , &quot;sans-serif&quot;; font-size: 12.0pt; line-height: 107%;\"><br \/><\/span><\/div>\n<div style=\"text-align: justify;\"><span style=\"font-family: &quot;arial&quot; , &quot;sans-serif&quot;; font-size: 12.0pt; line-height: 107%;\">Asimismo, el juez se\u00f1al\u00f3 al Ministerio P\u00fablico que con su resoluci\u00f3n vulner\u00f3 los derechos de la v\u00edctima reconocidos en la Constituci\u00f3n, la Convenci\u00f3n sobre la Eliminaci\u00f3n de Todas las Formas de Discriminaci\u00f3n contra la Mujer (CEDAW) y la Convenci\u00f3n Interamericana para Prevenir, Sancionar y Erradicar la Violencia contra la Mujer (Convenci\u00f3n de Bel\u00e9m do Par\u00e1), concediendo la raz\u00f3n a las acusadoras coadyuvantes del Centro de Derechos Humanos de las Mujeres (CEDEHM).<o:p><\/o:p><\/span><\/div>\n<div style=\"text-align: justify;\"><span style=\"font-family: &quot;arial&quot; , &quot;sans-serif&quot;; font-size: 12.0pt; line-height: 107%;\"><br \/><\/span><\/div>\n<div style=\"text-align: justify;\"><span style=\"font-family: &quot;arial&quot; , &quot;sans-serif&quot;; font-size: 12.0pt; line-height: 107%;\">Las abogadas coadyuvantes de Ema Salda\u00f1a, impugnaron la decisi\u00f3n que tom\u00f3 el Ministerio P\u00fablico a finales de septiembre de no ejercer acci\u00f3n penal contra Garc\u00eda Rodr\u00edguez.<o:p><\/o:p><\/span><\/div>\n<div style=\"text-align: justify;\"><span style=\"font-family: &quot;arial&quot; , &quot;sans-serif&quot;; font-size: 12.0pt; line-height: 107%;\"><br \/><\/span><\/div>\n<div style=\"text-align: justify;\"><span style=\"font-family: &quot;arial&quot; , &quot;sans-serif&quot;; font-size: 12.0pt; line-height: 107%;\">La audiencia de control se llev\u00f3 a cabo este jueves, de 13:00 a 16:30 horas, en la Sala Seis del Supremo Tribunal de Justicia del Estado, donde el juez de Control Octavio Rodr\u00edguez Gayt\u00e1n escuch\u00f3 a todas las partes antes de tomar la decisi\u00f3n de revocar la decisi\u00f3n de la autoridad ministerial.<o:p><\/o:p><\/span><\/div>\n<div style=\"text-align: justify;\"><span style=\"font-family: &quot;arial&quot; , &quot;sans-serif&quot;; font-size: 12.0pt; line-height: 107%;\"><br \/><\/span><\/div>\n<div style=\"text-align: justify;\"><span style=\"font-family: &quot;arial&quot; , &quot;sans-serif&quot;; font-size: 12.0pt; line-height: 107%;\">Ejerciendo su derecho a hablar, Ema Salda\u00f1a le dijo al juez que durante su relaci\u00f3n de subordinada con el exsecretario de Desarrollo Social se sinti\u00f3 violentada y vulnerada.<o:p><\/o:p><\/span><\/div>\n<div style=\"text-align: justify;\"><span style=\"font-family: &quot;arial&quot; , &quot;sans-serif&quot;; font-size: 12.0pt; line-height: 107%;\"><br \/><\/span><\/div>\n<div style=\"text-align: justify;\"><span style=\"font-family: &quot;arial&quot; , &quot;sans-serif&quot;; font-size: 12.0pt; line-height: 107%;\">Emma Salda\u00f1a denunci\u00f3 a Jos\u00e9 Luis Garc\u00eda el pasado 6 de junio por un maltrato institucional reiterado.<o:p><\/o:p><\/span><\/div>\n<div style=\"text-align: justify;\"><span style=\"font-family: &quot;arial&quot; , &quot;sans-serif&quot;; font-size: 12.0pt; line-height: 107%;\"><br \/><\/span><\/div>\n<div style=\"text-align: justify;\"><span style=\"font-family: &quot;arial&quot; , &quot;sans-serif&quot;; font-size: 12.0pt; line-height: 107%;\">Al t\u00e9rmino de la audiencia, Irma Villanueva confi\u00f3 en que ahora s\u00ed el Ministerio P\u00fablico desahogue todas las pruebas, para que integre bien la carpeta de investigaci\u00f3n y el caso pueda ser judicializado. Record\u00f3 que el exfuncionario tambi\u00e9n fue acusado de discriminaci\u00f3n, delito que sigue vigente en el proceso ministerial.<\/span><\/div>\n<div style=\"text-align: justify;\"><span style=\"font-family: &quot;arial&quot; , &quot;sans-serif&quot;; font-size: 12.0pt; line-height: 107%;\"><br \/><\/span><\/div>\n<div style=\"text-align: justify;\"><span style=\"font-family: &quot;arial&quot; , &quot;sans-serif&quot;; font-size: 12.0pt; line-height: 107%;\"><o:p><\/o:p><\/span><span style=\"font-family: &quot;arial&quot; , &quot;sans-serif&quot;; font-size: 12.0pt; line-height: 107%;\">Por lo anterior, esperamos que el Ministerio P\u00fablico realice una investigaci\u00f3n exhaustiva, completa e imparcial, y que en el momento oportuno solicite la formulaci\u00f3n y vinculaci\u00f3n a proceso de Jos\u00e9 Luis Garc\u00eda Rodr\u00edguez.<o:p><\/o:p><\/span><\/div>\n","protected":false},"excerpt":{"rendered":"<p>Foto: cortes\u00eda Chihuahua, Chih., 27 de octubre de 2016.- El Ministerio P\u00fablico debe investigar cabalmente la acusaci\u00f3n de abuso de autoridad que interpuso Emma Salda\u00f1a Lobera, directora del Instituto Chihuahuense de la Mujer, en contra de Jos\u00e9 Luis Garc\u00eda Rodr\u00edguez, quien fuera secretario de Desarrollo Social del Gobierno del Estado, orden\u00f3 Octavio Rodr\u00edguez Gayt\u00e1n, juez [&hellip;]<\/p>\n","protected":false},"author":2,"featured_media":0,"comment_status":"open","ping_status":"open","sticky":false,"template":"","format":"standard","meta":{"footnotes":""},"categories":[1],"tags":[],"class_list":["post-1311","post","type-post","status-publish","format-standard","hentry","category-sin-categoria"],"_links":{"self":[{"href":"https:\/\/cedehm.org.mx\/es\/wp-json\/wp\/v2\/posts\/1311","targetHints":{"allow":["GET"]}}],"collection":[{"href":"https:\/\/cedehm.org.mx\/es\/wp-json\/wp\/v2\/posts"}],"about":[{"href":"https:\/\/cedehm.org.mx\/es\/wp-json\/wp\/v2\/types\/post"}],"author":[{"embeddable":true,"href":"https:\/\/cedehm.org.mx\/es\/wp-json\/wp\/v2\/users\/2"}],"replies":[{"embeddable":true,"href":"https:\/\/cedehm.org.mx\/es\/wp-json\/wp\/v2\/comments?post=1311"}],"version-history":[{"count":0,"href":"https:\/\/cedehm.org.mx\/es\/wp-json\/wp\/v2\/posts\/1311\/revisions"}],"wp:attachment":[{"href":"https:\/\/cedehm.org.mx\/es\/wp-json\/wp\/v2\/media?parent=1311"}],"wp:term":[{"taxonomy":"category","embeddable":true,"href":"https:\/\/cedehm.org.mx\/es\/wp-json\/wp\/v2\/categories?post=1311"},{"taxonomy":"post_tag","embeddable":true,"href":"https:\/\/cedehm.org.mx\/es\/wp-json\/wp\/v2\/tags?post=1311"}],"curies":[{"name":"wp","href":"https:\/\/api.w.org\/{rel}","templated":true}]}}