{"id":1317,"date":"2016-08-31T01:06:00","date_gmt":"2016-08-31T01:06:00","guid":{"rendered":"https:\/\/cedehm.org.mx\/es\/2016\/08\/31\/dia-internacional-de-las-victimas-de-desapariciones-forzadas\/"},"modified":"2016-08-31T01:06:00","modified_gmt":"2016-08-31T01:06:00","slug":"dia-internacional-de-las-victimas-de-desapariciones-forzadas","status":"publish","type":"post","link":"https:\/\/cedehm.org.mx\/es\/2016\/08\/31\/dia-internacional-de-las-victimas-de-desapariciones-forzadas\/","title":{"rendered":"D\u00eda internacional de las v\u00edctimas de desapariciones forzadas"},"content":{"rendered":"<div align=\"center\" style=\"line-height: 150%; text-align: center;\"><i><span style=\"font-family: Arial, Helvetica, sans-serif;\">Mediante la resoluci\u00f3n 65\/209 del 21 de diciembre de 2010, la Asamblea General de Naciones Unidas declar\u00f3 el 30 de agosto D\u00eda Internacional de las V\u00edctimas de Desapariciones Forzadas.<o:p><\/o:p><\/span><\/i><\/div>\n<div align=\"center\" style=\"line-height: 150%; text-align: center;\"><i><span style=\"font-family: Arial, Helvetica, sans-serif;\"><br \/><\/span><\/i><\/div>\n<div style=\"clear: both; text-align: center;\"><a href=\"https:\/\/1.bp.blogspot.com\/-mNVPw0H0nyA\/V8Ys-KNn9jI\/AAAAAAAACCw\/rUGiB6e5tG82YJFzTJyX-LwgO1j0QywHwCLcB\/s1600\/IMG_4217.JPG\" style=\"margin-left: 1em; margin-right: 1em;\"><img loading=\"lazy\" decoding=\"async\" border=\"0\" height=\"426\" src=\"https:\/\/1.bp.blogspot.com\/-mNVPw0H0nyA\/V8Ys-KNn9jI\/AAAAAAAACCw\/rUGiB6e5tG82YJFzTJyX-LwgO1j0QywHwCLcB\/s640\/IMG_4217.JPG\" width=\"640\" \/><\/a><\/div>\n<div align=\"center\" style=\"line-height: 150%; text-align: center;\"><i><span style=\"font-family: Arial, Helvetica, sans-serif;\"><br \/><\/span><\/i><\/div>\n<div align=\"center\" style=\"line-height: 150%; text-align: center;\"><i><span style=\"font-family: Arial, Helvetica, sans-serif;\"><br \/><\/span><\/i><\/div>\n<div style=\"line-height: 150%; text-align: justify;\"><span style=\"font-family: Arial, Helvetica, sans-serif;\">De acuerdo con la Convenci\u00f3n Internacional de Naciones Unidas, la desaparici\u00f3n forzada de personas consiste en el arresto, la detenci\u00f3n, el secuestro o cualquier otra forma de privaci\u00f3n de la libertad que sean obra de agentes del Estado o por personas o grupos de personas que act\u00faan con la autorizaci\u00f3n, el apoyo o la aquiescencia del Estado, seguida de la negativa a reconocer dicha privaci\u00f3n de libertad o del ocultamiento de la suerte o el paradero de la persona desaparecida, sustray\u00e9ndola a la protecci\u00f3n de la ley. <o:p><\/o:p><\/span><\/div>\n<div style=\"line-height: 150%; text-align: justify;\"><span style=\"font-family: Arial, Helvetica, sans-serif;\"><br \/><\/span><\/div>\n<div style=\"line-height: 150%; margin-bottom: 10.0pt; text-align: justify;\"><span><span lang=\"ES-TRAD\"><span style=\"font-family: Arial, Helvetica, sans-serif;\">En los \u00faltimos a\u00f1os, la desaparici\u00f3n de personas en nuestro pa\u00eds se ha presentado en varios estados, siendo Chihuahua la entidad que ocupa el sexto lugar, de una cifra reconocida por el Gobierno Federal de m\u00e1s de 28,000 personas a nivel nacional. Como consecuencia de la lucha contra el crimen organizado, en Chihuahua se ha presentado un alarmante incremento de personas desaparecidas desde el a\u00f1o de 2006, entre las que se encuentran nuestros familiares desaparecidos que estamos en esta plaza y las que no han podido venir por miedo a seguir sufriendo el maltrato, la falta de atenci\u00f3n y las puertas cerradas de las autoridades. <o:p><\/o:p><\/span><\/span><\/span><\/div>\n<div style=\"line-height: 150%; margin-bottom: 10.0pt; text-align: justify;\"><span><span lang=\"ES-TRAD\"><span style=\"font-family: Arial, Helvetica, sans-serif;\">Pese a esta realidad, el gobierno actual ha negado la existencia de las desapariciones forzadas que se han cometido en el estado de Chihuahua, lo que nos invisibiliza y nos condena a no tener verdad ni justicia. <o:p><\/o:p><\/span><\/span><\/span><\/div>\n<div style=\"line-height: 150%; text-align: justify;\"><span style=\"font-family: Arial, Helvetica, sans-serif;\">Cuando inicia la guerra contra el narcotr\u00e1fico, Chihuahua se convierte en el laboratorio de todas las violencias, los ojos del mundo se posaron en nuestro estado, las planas de los peri\u00f3dicos daban cuenta de los cr\u00edmenes que a diario se comet\u00edan, se contabilizaban los muertos cada d\u00eda, al final del mes se daba la cifra total, se comparaba con el mes anterior, se contaban los autom\u00f3viles robados, los secuestros, las extorsiones, se militarizaba el estado.<o:p><\/o:p><\/span><\/div>\n<div style=\"line-height: 150%; text-align: justify;\"><span style=\"font-family: Arial, Helvetica, sans-serif;\"><br \/><\/span><\/div>\n<div style=\"line-height: 150%; text-align: justify;\"><span style=\"font-family: Arial, Helvetica, sans-serif;\">Pero nadie vio a las familias a las que le desaparec\u00edan a uno de ellos, nadie ve\u00eda a las madres que acud\u00edamos a la fiscal\u00eda a denunciar la desaparici\u00f3n de nuestra hija o hijo, nadie ve\u00eda el maltrato a esta madre de familia por parte del ministerio p\u00fablico que le ped\u00eda regresara despu\u00e9s, nadie ve\u00eda que la denuncia se convert\u00eda en una hoja simple que hablaba de una persona ausente, s\u00ed, solo ausente, \u00bfqu\u00e9 significa ser ausente?<o:p><\/o:p><\/span><\/div>\n<div style=\"line-height: 150%; text-align: justify;\"><span style=\"font-family: Arial, Helvetica, sans-serif;\">Nadie hablaba de los desaparecidos, los desaparecidos estaban desaparecidos a los ojos de todos.<o:p><\/o:p><\/span><\/div>\n<div style=\"line-height: 150%; text-align: justify;\"><span style=\"font-family: Arial, Helvetica, sans-serif;\"><br \/><\/span><\/div>\n<div style=\"line-height: 150%; text-align: justify;\"><span style=\"font-family: Arial, Helvetica, sans-serif;\">Los desaparecidos solo exist\u00edan para sus familias, \u00e9stas y solas los busc\u00e1bamos, hac\u00edamos nuestras propias indagatorias, los familiares nunca dejamos de buscarles, los seguimos buscando, nos convertimos en investigadoras, fuimos v\u00edctimas de las autoridades,&nbsp; fuimos cuestionadas, nos hac\u00edan sentir culpables por la desaparici\u00f3n de nuestro ser querido, fuimos estigmatizadas por una sociedad insensible, nos empobrecimos, perdimos empleos, perdimos a nuestros amigos, ya no nos invitaron a las fiestas porque llor\u00e1bamos en ellas.<o:p><\/o:p><\/span><\/div>\n<div style=\"line-height: 150%; text-align: justify;\"><span style=\"font-family: Arial, Helvetica, sans-serif;\"><br \/><\/span><\/div>\n<div style=\"line-height: 150%; text-align: justify;\"><span style=\"font-family: Arial, Helvetica, sans-serif;\">No dejaron ni dejamos de buscar, somos las familias que ante toda la adversidad, somos las que los buscan, compartimos el dolor, platicamos, buscamos a otras, nos juntamos y decidimos luchar, sabemos que son muchas las que tienen el coraz\u00f3n roto, pero no sabemos cu\u00e1ntas son, buscamos a otras en otros estados, sabemos que hay quien nos pueden escuchar, buscamos a las organizaciones que defienden los derechos humanos, las encontramos, nos sentimos escuchadas, nos sentimos acompa\u00f1adas en esta larga y triste lucha.<o:p><\/o:p><\/span><\/div>\n<div style=\"line-height: 150%; text-align: justify;\"><span style=\"font-family: Arial, Helvetica, sans-serif;\"><br \/><\/span><\/div>\n<div style=\"line-height: 150%; text-align: justify;\"><span style=\"font-family: Arial, Helvetica, sans-serif;\">Nadie ve\u00eda lo que hoy conocemos, la gran tragedia nacional. <span><span lang=\"ES-TRAD\">Tampoco el Gobernador reconoci\u00f3 que hab\u00eda desapariciones.<o:p><\/o:p><\/span><\/span><\/span><\/div>\n<div style=\"line-height: 150%; text-align: justify;\"><span style=\"font-family: Arial, Helvetica, sans-serif;\"><span><span lang=\"ES-TRAD\"><br \/><\/span><\/span><\/span><\/div>\n<div style=\"line-height: 150%; text-align: justify;\"><span style=\"background: white;\"><span style=\"font-family: Arial, Helvetica, sans-serif;\">La lucha contra las desapariciones forzadas debe ser una lucha de TODO el pueblo y en este sentido, los movimientos y organizaciones que luchan por mejorar las condiciones de vida son los primeros que est\u00e1n obligados \u00e9ticamente a luchar contra esta pol\u00edtica de Terrorismo de Estado.<\/span><\/span><\/div>\n<div style=\"line-height: 150%; text-align: justify;\"><span style=\"background: white;\"><span style=\"font-family: Arial, Helvetica, sans-serif;\"><br \/><\/span><\/span><\/div>\n<div style=\"line-height: 150%; text-align: justify;\"><span style=\"background: white;\"><span style=\"font-family: Arial, Helvetica, sans-serif;\"><o:p><\/o:p><\/span><\/span><span style=\"background: white;\"><span style=\"font-family: Arial, Helvetica, sans-serif;\">La lucha contra las desapariciones forzadas y por la presentaci\u00f3n con vida de los detenidos-desaparecidos tiene que desarrollarse en el plano de la organizaci\u00f3n, movilizaci\u00f3n y la denuncia, al mismo tiempo que se desarrolla en el plano jur\u00eddico, de derechos humanos y medi\u00e1tico.<o:p><\/o:p><\/span><\/span><\/div>\n<div style=\"line-height: 150%; text-align: justify;\"><span style=\"background: white;\"><span style=\"font-family: Arial, Helvetica, sans-serif;\"><br \/><\/span><\/span><\/div>\n<div style=\"line-height: 150%; text-align: justify;\"><span style=\"background: white;\"><span style=\"font-family: Arial, Helvetica, sans-serif;\">La desaparici\u00f3n forzada es una pol\u00edtica de Estado por comisi\u00f3n y aquiescencia y la desaparici\u00f3n a manos de particulares se comete gracias a la omisi\u00f3n del Estado. No diluyamos esa responsabilidad. Ni Estado fallido, ni Estado incapaz o rebasado, lo que vivimos es Terrorismo de Estado y crimen organizado.<o:p><\/o:p><\/span><\/span><\/div>\n<div style=\"line-height: 150%; text-align: justify;\"><span style=\"background: white;\"><span style=\"font-family: Arial, Helvetica, sans-serif;\"><br \/><\/span><\/span><\/div>\n<div style=\"line-height: 150%; text-align: justify;\"><span style=\"background: white;\"><span style=\"font-family: Arial, Helvetica, sans-serif;\">Exigimos una Ley General Contra la Desaparici\u00f3n Forzada y desaparici\u00f3n a manos de particulares elaborada desde las organizaciones de v\u00edctimas, organizaciones de derechos humanos y populares. <o:p><\/o:p><\/span><\/span><\/div>\n<div style=\"line-height: 150%; text-align: justify;\"><span style=\"background: white;\"><span style=\"font-family: Arial, Helvetica, sans-serif;\"><br \/><\/span><\/span><\/div>\n<div style=\"line-height: 150%; text-align: justify;\"><span style=\"background: white;\"><span style=\"font-family: Arial, Helvetica, sans-serif;\">No avalaremos una Ley General que no corresponda a los est\u00e1ndares internacionales. Los derechos a la verdad, memoria, justicia, reparaci\u00f3n integral y medidas de no repetici\u00f3n \u00a1NO SON NEGOCIABLES! <o:p><\/o:p><\/span><\/span><\/div>\n<div style=\"line-height: 150%; text-align: justify;\"><span style=\"background: white;\"><span style=\"font-family: Arial, Helvetica, sans-serif;\"><br \/><\/span><\/span><\/div>\n<div style=\"line-height: 150%; text-align: justify;\"><span style=\"font-family: Arial, Helvetica, sans-serif;\"><span style=\"background: white;\">No aceptamos el enga\u00f1o de la promesa de verdad por justicia, si no hay castigo a los responsables estaremos permitiendo que contin\u00faen las desapariciones forzadas y que miles de familias padezcan el dolor que hoy padecemos nosotras.<\/span><o:p><\/o:p><\/span><\/div>\n<div style=\"line-height: 150%; text-align: justify;\"><\/div>\n<div style=\"line-height: 150%;\"><b><span style=\"font-family: Arial, Helvetica, sans-serif;\">Sr. C\u00e9sar Duarte: <o:p><\/o:p><\/span><\/b><\/div>\n<div style=\"line-height: 150%;\"><b><span style=\"font-family: Arial, Helvetica, sans-serif;\"><br \/><\/span><\/b><\/div>\n<div style=\"line-height: 150%;\"><span style=\"font-family: Arial, Helvetica, sans-serif;\">El 4 de octubre de 2010, durante la toma de protesta de ley como Gobernador Constitucional del Estado de Chihuahua dijo:<o:p><\/o:p><\/span><\/div>\n<div style=\"line-height: 150%;\"><span style=\"font-family: Arial, Helvetica, sans-serif;\"><br \/><\/span><\/div>\n<div style=\"line-height: 150%;\"><span style=\"font-family: Arial, Helvetica, sans-serif;\">&nbsp;<span style=\"background: white;\">\u201cDecirle&nbsp;a los chihuahuenses que honrar\u00e9 la palabra que me otorgaron el 4 de julio,<span>&nbsp;<\/span><strong>no les voy a fallar!<o:p><\/o:p><\/strong><\/span><\/span><\/div>\n<div style=\"line-height: 150%;\"><span style=\"font-family: Arial, Helvetica, sans-serif;\"><span style=\"background: white;\"><strong><br \/><\/strong><\/span><\/span><\/div>\n<p><\/p>\n<div style=\"line-height: 150%;\"><strong><span lang=\"EN-US\" style=\"background: white;\"><span style=\"font-family: Arial, Helvetica, sans-serif;\">Duarte: \u00a1Nos fallaste!<\/span><\/span><\/strong><o:p><\/o:p><\/div>\n","protected":false},"excerpt":{"rendered":"<p>Mediante la resoluci\u00f3n 65\/209 del 21 de diciembre de 2010, la Asamblea General de Naciones Unidas declar\u00f3 el 30 de agosto D\u00eda Internacional de las V\u00edctimas de Desapariciones Forzadas. De acuerdo con la Convenci\u00f3n Internacional de Naciones Unidas, la desaparici\u00f3n forzada de personas consiste en el arresto, la detenci\u00f3n, el secuestro o cualquier otra forma [&hellip;]<\/p>\n","protected":false},"author":2,"featured_media":0,"comment_status":"open","ping_status":"open","sticky":false,"template":"","format":"standard","meta":{"footnotes":""},"categories":[1],"tags":[],"class_list":["post-1317","post","type-post","status-publish","format-standard","hentry","category-sin-categoria"],"_links":{"self":[{"href":"https:\/\/cedehm.org.mx\/es\/wp-json\/wp\/v2\/posts\/1317","targetHints":{"allow":["GET"]}}],"collection":[{"href":"https:\/\/cedehm.org.mx\/es\/wp-json\/wp\/v2\/posts"}],"about":[{"href":"https:\/\/cedehm.org.mx\/es\/wp-json\/wp\/v2\/types\/post"}],"author":[{"embeddable":true,"href":"https:\/\/cedehm.org.mx\/es\/wp-json\/wp\/v2\/users\/2"}],"replies":[{"embeddable":true,"href":"https:\/\/cedehm.org.mx\/es\/wp-json\/wp\/v2\/comments?post=1317"}],"version-history":[{"count":0,"href":"https:\/\/cedehm.org.mx\/es\/wp-json\/wp\/v2\/posts\/1317\/revisions"}],"wp:attachment":[{"href":"https:\/\/cedehm.org.mx\/es\/wp-json\/wp\/v2\/media?parent=1317"}],"wp:term":[{"taxonomy":"category","embeddable":true,"href":"https:\/\/cedehm.org.mx\/es\/wp-json\/wp\/v2\/categories?post=1317"},{"taxonomy":"post_tag","embeddable":true,"href":"https:\/\/cedehm.org.mx\/es\/wp-json\/wp\/v2\/tags?post=1317"}],"curies":[{"name":"wp","href":"https:\/\/api.w.org\/{rel}","templated":true}]}}