{"id":1318,"date":"2016-08-29T17:40:00","date_gmt":"2016-08-29T17:40:00","guid":{"rendered":"https:\/\/cedehm.org.mx\/es\/2016\/08\/29\/a-un-ano-de-impunidad-en-la-desaparicion-de-siete-personas-que-instalaban-antena-para-gobierno-de-chihuahua\/"},"modified":"2016-08-29T17:40:00","modified_gmt":"2016-08-29T17:40:00","slug":"a-un-ano-de-impunidad-en-la-desaparicion-de-siete-personas-que-instalaban-antena-para-gobierno-de-chihuahua","status":"publish","type":"post","link":"https:\/\/cedehm.org.mx\/es\/2016\/08\/29\/a-un-ano-de-impunidad-en-la-desaparicion-de-siete-personas-que-instalaban-antena-para-gobierno-de-chihuahua\/","title":{"rendered":"A un a\u00f1o de impunidad en la desaparici\u00f3n de siete personas que instalaban antena para gobierno de Chihuahua"},"content":{"rendered":"<div align=\"center\" style=\"text-align: center;\"><b><i><span style=\"background: white; font-family: Arial, sans-serif; line-height: 115%;\"><br \/><\/span><\/i><\/b><\/div>\n<div align=\"center\" style=\"text-align: center;\"><b><i><span style=\"background: white; font-family: Arial, sans-serif; line-height: 115%;\">Un caso emblem\u00e1tico de trato con indolencia<\/span><\/i><\/b><b><i><span style=\"background: white; font-family: &quot;Arial&quot;,&quot;sans-serif&quot;;\">.<o:p><\/o:p><\/span><\/i><\/b><\/div>\n<div><\/div>\n<div align=\"center\" style=\"background: white; text-align: center;\"><span style=\"font-family: &quot;Arial&quot;,&quot;sans-serif&quot;; font-size: 12.0pt; line-height: 115%; mso-fareast-font-family: &quot;Times New Roman&quot;; mso-fareast-language: ES-MX;\"><br \/><\/span><\/div>\n<div style=\"clear: both; text-align: center;\"><a href=\"https:\/\/1.bp.blogspot.com\/-3eUujkxmfrE\/V8RzhFD3FII\/AAAAAAAACCU\/Gev7fKC9Czc5G_v_NzGBrwZPl13-IOLDwCLcB\/s1600\/IMG_4021.JPG\" style=\"margin-left: 1em; margin-right: 1em;\"><img loading=\"lazy\" decoding=\"async\" border=\"0\" height=\"426\" src=\"https:\/\/1.bp.blogspot.com\/-3eUujkxmfrE\/V8RzhFD3FII\/AAAAAAAACCU\/Gev7fKC9Czc5G_v_NzGBrwZPl13-IOLDwCLcB\/s640\/IMG_4021.JPG\" width=\"640\" \/><\/a><\/div>\n<div align=\"center\" style=\"background: white; text-align: center;\"><span style=\"font-family: &quot;Arial&quot;,&quot;sans-serif&quot;; font-size: 12.0pt; line-height: 115%; mso-fareast-font-family: &quot;Times New Roman&quot;; mso-fareast-language: ES-MX;\"><br \/><\/span><\/div>\n<div align=\"center\" style=\"background: white; text-align: center;\"><span style=\"font-family: &quot;Arial&quot;,&quot;sans-serif&quot;; font-size: 12.0pt; line-height: 115%; mso-fareast-font-family: &quot;Times New Roman&quot;; mso-fareast-language: ES-MX;\"><br \/><\/span><\/div>\n<div align=\"center\" style=\"background: white; text-align: center;\"><span style=\"font-family: &quot;Arial&quot;,&quot;sans-serif&quot;; font-size: 12.0pt; line-height: 115%; mso-fareast-font-family: &quot;Times New Roman&quot;; mso-fareast-language: ES-MX;\"><b>1. Elizandro Gonz\u00e1lez Gardea, 17 a\u00f1os.<o:p><\/o:p><\/b><\/span><\/div>\n<div align=\"center\" style=\"text-align: center;\"><span style=\"font-family: &quot;Arial&quot;,&quot;sans-serif&quot;; font-size: 12.0pt; line-height: 115%; mso-fareast-font-family: &quot;Times New Roman&quot;; mso-fareast-language: ES-MX;\"><b>2. Carlos Antonio Perales Carrera, 28 a\u00f1os.<o:p><\/o:p><\/b><\/span><\/div>\n<div align=\"center\" style=\"background: white; text-align: center;\"><span style=\"font-family: &quot;Arial&quot;,&quot;sans-serif&quot;; font-size: 12.0pt; line-height: 115%; mso-fareast-font-family: &quot;Times New Roman&quot;; mso-fareast-language: ES-MX;\"><b>3. D\u00e1maso Luna Ceballos, 45 a\u00f1os.<o:p><\/o:p><\/b><\/span><\/div>\n<div align=\"center\" style=\"background: white; text-align: center;\"><span style=\"font-family: &quot;Arial&quot;,&quot;sans-serif&quot;; font-size: 12.0pt; line-height: 115%; mso-fareast-font-family: &quot;Times New Roman&quot;; mso-fareast-language: ES-MX;\"><b>4. Ram\u00f3n Garc\u00eda Betance, 45 a\u00f1os.<o:p><\/o:p><\/b><\/span><\/div>\n<div align=\"center\" style=\"background: white; text-align: center;\"><span style=\"font-family: &quot;Arial&quot;,&quot;sans-serif&quot;; font-size: 12.0pt; line-height: 115%; mso-fareast-font-family: &quot;Times New Roman&quot;; mso-fareast-language: ES-MX;\"><b>5. Jos\u00e9 Refugio Gardea, 55 a\u00f1os.<o:p><\/o:p><\/b><\/span><\/div>\n<div align=\"center\" style=\"background: white; text-align: center;\"><span style=\"font-family: &quot;Arial&quot;,&quot;sans-serif&quot;; font-size: 12.0pt; line-height: 115%; mso-fareast-font-family: &quot;Times New Roman&quot;; mso-fareast-language: ES-MX;\"><b>6. Miguel Reyes Mart\u00ednez, 55 a\u00f1os.<o:p><\/o:p><\/b><\/span><\/div>\n<div align=\"center\" style=\"background: white; text-align: center;\"><span style=\"font-family: &quot;Arial&quot;,&quot;sans-serif&quot;; font-size: 12.0pt; line-height: 115%; mso-fareast-font-family: &quot;Times New Roman&quot;; mso-fareast-language: ES-MX;\"><b>7. Bogar Uriel Marrufo Alonso, 33 a\u00f1os.<\/b><o:p><\/o:p><\/span><\/div>\n<div align=\"center\" style=\"background: white; text-align: center;\"><span style=\"font-family: &quot;Arial&quot;,&quot;sans-serif&quot;; font-size: 12.0pt; line-height: 115%; mso-fareast-font-family: &quot;Times New Roman&quot;; mso-fareast-language: ES-MX;\"><br \/><\/span><\/div>\n<div style=\"background: white; text-align: justify;\"><span style=\"background-attachment: initial; background-clip: initial; background-image: initial; background-origin: initial; background-position: initial; background-repeat: initial; background-size: initial; font-family: Arial, sans-serif; font-size: 12pt; line-height: 115%;\">Fueron contratados hace un a\u00f1o para instalar una antena de la Red Nacional de Telecomunicaciones contra el narcotr\u00e1fico en el municipio de Galeana. La&nbsp; relevancia de este caso estriba en que los trabajadores realizaban esta obra para el gobierno, la antena de referencia es para el servicio del gobierno en todos sus niveles y se hac\u00eda con recursos provenientes del Gobierno de EEUU, como parte del acuerdo de M\u00e9xico con Estados Unidos en la Iniciativa M\u00e9rida, tambi\u00e9n conocida como Plan M\u00e9rida.&nbsp; <o:p><\/o:p><\/span><\/div>\n<div style=\"background: white; text-align: justify;\"><span style=\"background-attachment: initial; background-clip: initial; background-image: initial; background-origin: initial; background-position: initial; background-repeat: initial; background-size: initial; font-family: Arial, sans-serif; font-size: 12pt; line-height: 115%;\"><br \/><\/span><\/div>\n<div style=\"background: white; text-align: justify;\"><span style=\"font-family: &quot;Arial&quot;,&quot;sans-serif&quot;; font-size: 12.0pt; line-height: 115%; mso-fareast-font-family: &quot;Times New Roman&quot;; mso-fareast-language: ES-MX;\">Dicho trabajo se hace con la supervisi\u00f3n del Departamento de Estado de los Estados Unidos, ya que es quien aporta los recursos econ\u00f3micos y realiza la licitaci\u00f3n para adjudicar las obras.<o:p><\/o:p><\/span><\/div>\n<div style=\"background: white; text-align: justify;\"><span style=\"font-family: &quot;Arial&quot;,&quot;sans-serif&quot;; font-size: 12.0pt; line-height: 115%; mso-fareast-font-family: &quot;Times New Roman&quot;; mso-fareast-language: ES-MX;\"><br \/><\/span><\/div>\n<div style=\"background: white; margin-bottom: 0.0001pt; text-align: justify;\"><span style=\"font-family: &quot;Arial&quot;,&quot;sans-serif&quot;; font-size: 12.0pt; mso-fareast-font-family: &quot;Times New Roman&quot;; mso-fareast-language: ES-MX;\">El grupo sali\u00f3 el 22 de&nbsp; agosto de&nbsp; 2015 rumbo al campamento en la colonia Lebar\u00f3n, municipio de Galeana, Chihuahua a bordo&nbsp; de&nbsp; una&nbsp; camioneta&nbsp; Ford, modelo 1995, con placas EA82111, que conduc\u00eda Ram\u00f3n. Ese mismo d\u00eda avisaron que hab\u00edan llegado al campamento; fue a partir del 29 de agosto del 2015, que las familias perdieron comunicaci\u00f3n con ellos, algunas personas que pasaron por el lugar les dijeron que el campamento estaba vac\u00edo.<o:p><\/o:p><\/span><\/div>\n<div style=\"background: white; margin-bottom: 0.0001pt; text-align: justify;\"><\/div>\n<div style=\"background: white; margin-bottom: 0.0001pt; text-align: justify;\"><span style=\"font-family: &quot;Arial&quot;,&quot;sans-serif&quot;; font-size: 12.0pt; mso-fareast-font-family: &quot;Times New Roman&quot;; mso-fareast-language: ES-MX;\">Cuando las familias reclamaron a las autoridades la falta de investigaciones para localizar al grupo de desaparecidos la primera reacci\u00f3n fue negar los hechos. Cuando ya no les fue posible ocultar la situaci\u00f3n, trataron de criminalizarlos, incluso con la absurda declaraci\u00f3n del Fiscal General diciendo que los trabajadores hab\u00edan sido contratados por un l\u00edder criminal de Villa Ahumada. \u00bfinstalar una antena de gobierno con recursos de Estados Unidos? <o:p><\/o:p><\/span><\/div>\n<div style=\"background: white; margin-bottom: 0.0001pt; text-align: justify;\"><span style=\"font-family: &quot;Arial&quot;,&quot;sans-serif&quot;; font-size: 12.0pt; mso-fareast-font-family: &quot;Times New Roman&quot;; mso-fareast-language: ES-MX;\"><br \/><\/span><\/div>\n<div style=\"background: white;\"><span style=\"font-family: &quot;Arial&quot;,&quot;sans-serif&quot;; font-size: 12.0pt; line-height: 115%; mso-fareast-font-family: &quot;Times New Roman&quot;; mso-fareast-language: ES-MX;\">Despu\u00e9s de un a\u00f1o, las autoridades justifican que no realizan ninguna b\u00fasqueda porque no tienen recursos para gasolina. Ellos como las 1,799 personas desaparecidas en el estado de Chihuahua que no son buscadas. <o:p><\/o:p><\/span><\/div>\n<div style=\"background: white;\"><span style=\"font-family: &quot;Arial&quot;,&quot;sans-serif&quot;; font-size: 12.0pt; line-height: 115%; mso-fareast-font-family: &quot;Times New Roman&quot;; mso-fareast-language: ES-MX;\"><br \/><\/span><\/div>\n<div style=\"background: white; margin-bottom: 0.0001pt; text-align: justify;\"><span style=\"font-family: &quot;Arial&quot;,&quot;sans-serif&quot;; font-size: 12.0pt; mso-fareast-font-family: &quot;Times New Roman&quot;; mso-fareast-language: ES-MX;\">El Gobierno del Estado <b><u>miente<\/u><\/b> en este y muchos otros casos, <b><u>miente<\/u> <\/b>cuando les dice a las familias que siguen busc\u00e1ndoles, cuando en realidad no los buscan. <b><u>Miente<\/u><\/b>cuando dice que no tienen responsabilidad, que trabajaban para los narcos. <b><u>Miente<\/u><\/b> doblemente porque el trabajo era para ellos<\/span>.<span style=\"font-family: &quot;Arial&quot;,&quot;sans-serif&quot;; font-size: 12.0pt; mso-fareast-font-family: &quot;Times New Roman&quot;; mso-fareast-language: ES-MX;\"> Le <b><u>miente<\/u><\/b> al gobierno federal, le ha informado que ya los localizaron, que por lo menos dos de ellos ya est\u00e1n con su familia, y nadie de ellos ha regresado. <o:p><\/o:p><\/span><\/div>\n<div style=\"background: white; margin-bottom: 0.0001pt; text-align: justify;\"><\/div>\n<div style=\"background: white; margin-bottom: 0.0001pt; text-align: justify;\"><span style=\"font-family: &quot;Arial&quot;,&quot;sans-serif&quot;; font-size: 12.0pt; mso-fareast-font-family: &quot;Times New Roman&quot;; mso-fareast-language: ES-MX;\">Las&nbsp; familias&nbsp; atraviesan&nbsp; por&nbsp; una&nbsp; severa&nbsp; crisis&nbsp; econ\u00f3mica debido&nbsp; a&nbsp; la&nbsp; p\u00e9rdida&nbsp; del&nbsp; principal&nbsp; proveedor&nbsp; del&nbsp; hogar,&nbsp; particularmente en los casos de los que tienen hijos e hijas menores de edad, a quienes no se les cubren las necesidades b\u00e1sicas. <o:p><\/o:p><\/span><\/div>\n<div style=\"background: white; margin-bottom: 0.0001pt; text-align: justify;\"><\/div>\n<div style=\"background: white; margin-bottom: 0.0001pt; text-align: justify;\"><span style=\"font-family: &quot;Arial&quot;,&quot;sans-serif&quot;; font-size: 12.0pt; mso-fareast-font-family: &quot;Times New Roman&quot;; mso-fareast-language: ES-MX;\">Las familias est\u00e1n abandonadas por el Estado, no se cumple con las leyes de v\u00edctimas que obligan al gobierno a la atenci\u00f3n humanitaria.<o:p><\/o:p><\/span><\/div>\n<div style=\"background: white; margin-bottom: 0.0001pt; text-align: justify;\"><\/div>\n<div style=\"background: white; margin-bottom: 0.0001pt;\"><\/div>\n<div align=\"center\" style=\"background: white; margin-bottom: 0.0001pt; text-align: center;\"><b><span style=\"font-family: &quot;Arial&quot;,&quot;sans-serif&quot;; font-size: 12.0pt; mso-fareast-font-family: &quot;Times New Roman&quot;; mso-fareast-language: ES-MX;\">\u00a1Exigimos que los busquen, exigimos saber que pas\u00f3, tenemos derecho a la verdad y la justicia!<o:p><\/o:p><\/span><\/b><\/div>\n<div style=\"background: white;\"><\/div>\n<div style=\"background: white;\"><\/div>\n<p><\/p>\n<div align=\"right\" style=\"background: white; text-align: right;\"><span style=\"font-family: &quot;Arial&quot;,&quot;sans-serif&quot;; font-size: 12.0pt; line-height: 115%; mso-fareast-font-family: &quot;Times New Roman&quot;; mso-fareast-language: ES-MX;\">Chihuahua, Chih. a 29 de agosto de 2016<o:p><\/o:p><\/span><\/div>\n","protected":false},"excerpt":{"rendered":"<p>Un caso emblem\u00e1tico de trato con indolencia. 1. Elizandro Gonz\u00e1lez Gardea, 17 a\u00f1os. 2. Carlos Antonio Perales Carrera, 28 a\u00f1os. 3. D\u00e1maso Luna Ceballos, 45 a\u00f1os. 4. Ram\u00f3n Garc\u00eda Betance, 45 a\u00f1os. 5. Jos\u00e9 Refugio Gardea, 55 a\u00f1os. 6. Miguel Reyes Mart\u00ednez, 55 a\u00f1os. 7. Bogar Uriel Marrufo Alonso, 33 a\u00f1os. Fueron contratados hace un [&hellip;]<\/p>\n","protected":false},"author":2,"featured_media":0,"comment_status":"open","ping_status":"open","sticky":false,"template":"","format":"standard","meta":{"footnotes":""},"categories":[1],"tags":[],"class_list":["post-1318","post","type-post","status-publish","format-standard","hentry","category-sin-categoria"],"_links":{"self":[{"href":"https:\/\/cedehm.org.mx\/es\/wp-json\/wp\/v2\/posts\/1318","targetHints":{"allow":["GET"]}}],"collection":[{"href":"https:\/\/cedehm.org.mx\/es\/wp-json\/wp\/v2\/posts"}],"about":[{"href":"https:\/\/cedehm.org.mx\/es\/wp-json\/wp\/v2\/types\/post"}],"author":[{"embeddable":true,"href":"https:\/\/cedehm.org.mx\/es\/wp-json\/wp\/v2\/users\/2"}],"replies":[{"embeddable":true,"href":"https:\/\/cedehm.org.mx\/es\/wp-json\/wp\/v2\/comments?post=1318"}],"version-history":[{"count":0,"href":"https:\/\/cedehm.org.mx\/es\/wp-json\/wp\/v2\/posts\/1318\/revisions"}],"wp:attachment":[{"href":"https:\/\/cedehm.org.mx\/es\/wp-json\/wp\/v2\/media?parent=1318"}],"wp:term":[{"taxonomy":"category","embeddable":true,"href":"https:\/\/cedehm.org.mx\/es\/wp-json\/wp\/v2\/categories?post=1318"},{"taxonomy":"post_tag","embeddable":true,"href":"https:\/\/cedehm.org.mx\/es\/wp-json\/wp\/v2\/tags?post=1318"}],"curies":[{"name":"wp","href":"https:\/\/api.w.org\/{rel}","templated":true}]}}