{"id":1330,"date":"2016-05-25T15:29:00","date_gmt":"2016-05-25T15:29:00","guid":{"rendered":"https:\/\/cedehm.org.mx\/es\/2016\/05\/25\/carta-publica-diocesis-de-la-tarahumara-exige-a-las-autoridades-alto-a-la-tala-ilegal-y-la-impunidad-ambiental\/"},"modified":"2016-05-25T15:29:00","modified_gmt":"2016-05-25T15:29:00","slug":"carta-publica-diocesis-de-la-tarahumara-exige-a-las-autoridades-alto-a-la-tala-ilegal-y-la-impunidad-ambiental","status":"publish","type":"post","link":"https:\/\/cedehm.org.mx\/es\/2016\/05\/25\/carta-publica-diocesis-de-la-tarahumara-exige-a-las-autoridades-alto-a-la-tala-ilegal-y-la-impunidad-ambiental\/","title":{"rendered":"Carta p\u00fablica: Di\u00f3cesis de la Tarahumara exige a las autoridades alto a la tala ilegal y la impunidad ambiental"},"content":{"rendered":"<p><span style=\"font-family: Arial, Helvetica, sans-serif;\">Al Presidente de la Rep\u00fablica.<\/span><br \/><span style=\"font-family: Arial, Helvetica, sans-serif;\">Al actual Gobernador del Estado y al que resulte electo.&nbsp;<\/span><br \/><span style=\"font-family: Arial, Helvetica, sans-serif;\">A la sociedad civil en general y a los medios de comunicaci\u00f3n.&nbsp;<\/span><br \/><span style=\"font-family: Arial, Helvetica, sans-serif;\"><br \/><\/span><span style=\"font-family: Arial, Helvetica, sans-serif;\"><br \/><\/span><\/p>\n<div style=\"text-align: justify;\"><span style=\"font-family: Arial, Helvetica, sans-serif;\">Reunidos en nuestra reciente Asamblea Diocesana los sacerdotes, religiosas, religiosos, laicos y laicas que trabajamos en la Di\u00f3cesis de Tarahumara queremos hacer la siguiente denuncia p\u00fablica:&nbsp;<\/span><\/div>\n<p><span style=\"font-family: Arial, Helvetica, sans-serif;\"><br \/><\/span><\/p>\n<div style=\"text-align: justify;\"><span style=\"font-family: Arial, Helvetica, sans-serif;\">Hace m\u00e1s de 16 a\u00f1os expres\u00e1bamos claramente nuestra inconformidad ante el atentado contra la vida que sufr\u00edan todos los habitantes de la Sierra Tarahumara, una preocupaci\u00f3n que sigue vigente debido a la explotaci\u00f3n irracional del bosque. En aquel tiempo dec\u00edamos que se ha llegado al punto de no retorno, es decir, si damos un paso m\u00e1s all\u00e1 en esta situaci\u00f3n de desgaste ecol\u00f3gico no se podr\u00e1 nunca m\u00e1s detener la desertificaci\u00f3n y ahora lo estamos constatando a pesar de los esfuerzos que se han hecho (Cfr. Declaraci\u00f3n en torno a la explotaci\u00f3n forestal. Di\u00f3cesis de Tarahumara, 29 de Marzo del 2000).&nbsp;<\/span><\/div>\n<p><span style=\"font-family: Arial, Helvetica, sans-serif;\"><br \/><\/span><span style=\"font-family: Arial, Helvetica, sans-serif;\">Hoy, m\u00e1s que en todos los a\u00f1os anteriores, vemos una explotaci\u00f3n irracional del bosque, inconsciente, criminal y seguramente irreversible en gran parte de la Sierra Tarahumara por sus consecuencias en el entorno, especialmente en la captaci\u00f3n del agua que nutre las cuencas hidrol\u00f3gicas que abastecen gran parte de los Estados de Chihuahua, Sinaloa, Sonora y la del R\u00edo Conchos hacia el Golfo de M\u00e9xico.&nbsp;<\/span><br \/><span style=\"font-family: Arial, Helvetica, sans-serif;\"><br \/><\/span><\/p>\n<div style=\"text-align: justify;\"><span style=\"font-family: Arial, Helvetica, sans-serif;\">Se ha acrecentado la explotaci\u00f3n del bosque de una manera intensa y lo vemos constantemente por los caminos de la Sierra: ya se perdi\u00f3 la verg\u00fcenza y la discreci\u00f3n al hacer lo il\u00edcito. Ahora vemos con gran dolor que de manera descarada se da la explotaci\u00f3n sin ning\u00fan control de los recursos forestales, burlando todas las medidas legales que anta\u00f1o regulaban la tala de pinos para evitar la devastaci\u00f3n del bosque, hasta llegar al colmo con los incendios provocados por manos criminales para ocultar su saqueo.&nbsp;<\/span><\/div>\n<p><span style=\"font-family: Arial, Helvetica, sans-serif;\"><br \/><\/span><\/p>\n<div style=\"text-align: justify;\"><span style=\"font-family: Arial, Helvetica, sans-serif;\">Aunado a esta realidad de devastaci\u00f3n ambiental que hemos expuesto, el Sistema Ejidal ofrece escasa protecci\u00f3n al territorio ancestral y a los bienes naturales, los bosques, plantas, animales silvestres y agua de los cuales los pueblos tarahumar (rar\u00e1muri) y tepehu\u00e1n (\u00f3dame) han vivido.&nbsp;<\/span><\/div>\n<p><span style=\"font-family: Arial, Helvetica, sans-serif;\"><br \/><\/span><\/p>\n<div style=\"text-align: justify;\"><span style=\"font-family: Arial, Helvetica, sans-serif;\">La codicia de unos pocos beneficiados y la impunidad ambiental han llevado a que adem\u00e1s de lo anterior, cada d\u00eda la delincuencia organizada se adue\u00f1e de predios y aserraderos, y la madera extra\u00edda circule amparada con permisos ileg\u00edtimos.&nbsp;<\/span><\/div>\n<p><span style=\"font-family: Arial, Helvetica, sans-serif;\"><br \/><\/span><\/p>\n<div style=\"text-align: justify;\"><span style=\"font-family: Arial, Helvetica, sans-serif;\">Frente a estos hechos, como Di\u00f3cesis de Tarahumara y junto con los pueblos ind\u00edgenas y mestizos, hemos buscado caminos que generen la sustentabilidad de los bosques. Sin embargo, al sistema econ\u00f3mico global esta opci\u00f3n no le redit\u00faa y sigue imponiendo proyectos extractivos que da\u00f1an a los ecosistemas.&nbsp;<\/span><\/div>\n<p><span style=\"font-family: Arial, Helvetica, sans-serif;\"><br \/><\/span><\/p>\n<div style=\"text-align: justify;\"><span style=\"font-family: Arial, Helvetica, sans-serif;\">Ante esta situaci\u00f3n los pueblos ind\u00edgenas, que han aprendido de la historia a no confrontar de forma directa, responden de manera amable a los embates del gobierno y los empresarios, cosa que se interpreta como indiferencia y capitalizan para justificar el despojo.&nbsp;<\/span><\/div>\n<div style=\"text-align: justify;\"><span style=\"font-family: Arial, Helvetica, sans-serif;\"><br \/><\/span><\/div>\n<div style=\"text-align: justify;\"><span style=\"font-family: Arial, Helvetica, sans-serif;\">Sin embargo, los pueblos originarios viven y guardan una propuesta m\u00edstica de la vida: buscan la armon\u00eda en todo, el respeto hacia todos y tienen una relaci\u00f3n \u00edntima con la naturaleza. De acuerdo a su cosmovisi\u00f3n todo tiene vida consciente: el aguaje siente, el pino sufre, los animales dialogan, las estrellas nos miran y hay seres vivos no visibles para nosotros, que somos tan dados a una compresi\u00f3n parcial de la vida.&nbsp;<\/span><\/div>\n<p><span style=\"font-family: Arial, Helvetica, sans-serif;\"><br \/><\/span><\/p>\n<div style=\"text-align: justify;\"><span style=\"font-family: Arial, Helvetica, sans-serif;\">Hemos amenazado de muerte a la madre tierra que nos da vida con nuestro dualismo occidental que separa siempre las cosas sin entender que todos somos una unidad. Esta situaci\u00f3n nos recuerda que debemos ser conscientes de que la vida es un regalo que se cuida entre todos, por esto, invitamos a que procuremos por los medios que est\u00e9n a nuestro alcance a cuidar del bosque de la Sierra Tarahumara, de manera que subsista para las siguientes generaciones. Que nos sumemos en construir propuestas para el cuidado responsable de nuestro ecosistema, que es patrimonio com\u00fan de quienes queremos vivir con sentido y esperanza porque sabemos que este mundo es un encargo que Dios nos da para cuidar la vida.&nbsp;<\/span><\/div>\n<p><span style=\"font-family: Arial, Helvetica, sans-serif;\"><br \/><\/span><span style=\"font-family: Arial, Helvetica, sans-serif;\"><b>Por eso exigimos a las autoridades:&nbsp;<\/b><\/span><br \/><span style=\"font-family: Arial, Helvetica, sans-serif;\"><br \/><\/span><span style=\"font-family: Arial, Helvetica, sans-serif;\">Que pongan un alto a la tala ilegal y a la impunidad ambiental. &nbsp;<\/span><br \/><span style=\"font-family: Arial, Helvetica, sans-serif;\">Que investiguen y sancionen a los responsables.&nbsp;<\/span><br \/><span style=\"font-family: Arial, Helvetica, sans-serif;\"><br \/><\/span><\/p>\n<div style=\"text-align: center;\"><span style=\"font-family: Arial, Helvetica, sans-serif;\">Mayor informaci\u00f3n y\/o apoyo: cuidemosbosquetarahumara@gmail.com&nbsp;<\/span><\/div>\n<div style=\"text-align: center;\"><span style=\"font-family: Arial, Helvetica, sans-serif;\">Firmas que apoyan y avalan esta denuncia por parte de la Di\u00f3cesis de la Tarahumara<\/span><span style=\"font-family: Arial, Helvetica, sans-serif;\"><br \/><\/span><\/div>\n<div style=\"text-align: center;\"><span style=\"font-family: Arial, Helvetica, sans-serif;\"><br \/><\/span><\/div>\n<div style=\"text-align: center;\"><span style=\"font-family: Arial, Helvetica, sans-serif;\"><br \/><\/span><\/div>\n<div style=\"clear: both; text-align: center;\"><a href=\"https:\/\/2.bp.blogspot.com\/-gbEBRp28-j4\/V0XEp_ny6fI\/AAAAAAAAB8Y\/1ATs1yrSvpM1ctMP6fi3V0uF2rsOy7Y_ACLcB\/s1600\/firmas%2Bdiocesis%2Btarahumara.png\" style=\"margin-left: 1em; margin-right: 1em;\"><img loading=\"lazy\" decoding=\"async\" border=\"0\" height=\"400\" src=\"https:\/\/2.bp.blogspot.com\/-gbEBRp28-j4\/V0XEp_ny6fI\/AAAAAAAAB8Y\/1ATs1yrSvpM1ctMP6fi3V0uF2rsOy7Y_ACLcB\/s400\/firmas%2Bdiocesis%2Btarahumara.png\" width=\"330\" \/><\/a><\/div>\n<div style=\"text-align: center;\"><span style=\"font-family: Arial, Helvetica, sans-serif;\"><br \/><\/span><\/div>\n","protected":false},"excerpt":{"rendered":"<p>Al Presidente de la Rep\u00fablica.Al actual Gobernador del Estado y al que resulte electo.&nbsp;A la sociedad civil en general y a los medios de comunicaci\u00f3n.&nbsp; Reunidos en nuestra reciente Asamblea Diocesana los sacerdotes, religiosas, religiosos, laicos y laicas que trabajamos en la Di\u00f3cesis de Tarahumara queremos hacer la siguiente denuncia p\u00fablica:&nbsp; Hace m\u00e1s de 16 [&hellip;]<\/p>\n","protected":false},"author":2,"featured_media":0,"comment_status":"open","ping_status":"open","sticky":false,"template":"","format":"standard","meta":{"footnotes":""},"categories":[1],"tags":[],"class_list":["post-1330","post","type-post","status-publish","format-standard","hentry","category-sin-categoria"],"_links":{"self":[{"href":"https:\/\/cedehm.org.mx\/es\/wp-json\/wp\/v2\/posts\/1330","targetHints":{"allow":["GET"]}}],"collection":[{"href":"https:\/\/cedehm.org.mx\/es\/wp-json\/wp\/v2\/posts"}],"about":[{"href":"https:\/\/cedehm.org.mx\/es\/wp-json\/wp\/v2\/types\/post"}],"author":[{"embeddable":true,"href":"https:\/\/cedehm.org.mx\/es\/wp-json\/wp\/v2\/users\/2"}],"replies":[{"embeddable":true,"href":"https:\/\/cedehm.org.mx\/es\/wp-json\/wp\/v2\/comments?post=1330"}],"version-history":[{"count":0,"href":"https:\/\/cedehm.org.mx\/es\/wp-json\/wp\/v2\/posts\/1330\/revisions"}],"wp:attachment":[{"href":"https:\/\/cedehm.org.mx\/es\/wp-json\/wp\/v2\/media?parent=1330"}],"wp:term":[{"taxonomy":"category","embeddable":true,"href":"https:\/\/cedehm.org.mx\/es\/wp-json\/wp\/v2\/categories?post=1330"},{"taxonomy":"post_tag","embeddable":true,"href":"https:\/\/cedehm.org.mx\/es\/wp-json\/wp\/v2\/tags?post=1330"}],"curies":[{"name":"wp","href":"https:\/\/api.w.org\/{rel}","templated":true}]}}