{"id":1336,"date":"2016-05-08T18:11:00","date_gmt":"2016-05-08T18:11:00","guid":{"rendered":"https:\/\/cedehm.org.mx\/es\/2016\/05\/08\/madres-y-familiares-de-personas-desaparecidas-de-chihuahua-viajan-a-la-ciudad-de-mexico-para-participar-en-la-quinta-marcha-de-la-dignidad-nacional\/"},"modified":"2016-05-08T18:11:00","modified_gmt":"2016-05-08T18:11:00","slug":"madres-y-familiares-de-personas-desaparecidas-de-chihuahua-viajan-a-la-ciudad-de-mexico-para-participar-en-la-quinta-marcha-de-la-dignidad-nacional","status":"publish","type":"post","link":"https:\/\/cedehm.org.mx\/es\/2016\/05\/08\/madres-y-familiares-de-personas-desaparecidas-de-chihuahua-viajan-a-la-ciudad-de-mexico-para-participar-en-la-quinta-marcha-de-la-dignidad-nacional\/","title":{"rendered":"MADRES Y FAMILIARES DE PERSONAS DESAPARECIDAS DE CHIHUAHUA VIAJAN A LA CIUDAD DE M\u00c9XICO PARA PARTICIPAR EN LA QUINTA MARCHA DE LA DIGNIDAD NACIONAL"},"content":{"rendered":"<div style=\"margin-bottom: 0.0001pt; text-align: justify;\"><span lang=\"ES\"><span style=\"font-family: Arial, Helvetica, sans-serif;\">Chihuahua, Chih., 8 de mayo de 2016.- &nbsp;Este 10 de mayo miles de madres en M\u00e9xico no tienen nada que celebrar. Ese d\u00eda les recordar\u00e1 la ausencia de un hijo o hija que no han encontrado. Tambi\u00e9n les recordar\u00e1 la impunidad en que se encuentran sus casos y, en el caso de Chihuahua, la falta de reconocimiento de la problem\u00e1tica as\u00ed como y el trato de indolencia que han sufrido de las autoridades.<o:p><\/o:p><\/span><\/span><\/div>\n<div style=\"margin-bottom: 0.0001pt; text-align: justify;\"><\/div>\n<div style=\"margin-bottom: 0.0001pt; text-align: justify;\"><span lang=\"ES\"><span style=\"font-family: Arial, Helvetica, sans-serif;\">Con dolor, coraje e indignaci\u00f3n, decenas de madres, familiares e integrantes del Centro de Derechos Humanos de las Mujeres (CEDEHM), salieron hoy de la ciudad Chihuahua para sumarse a la \u201cV Marcha de la Dignidad Nacional, madres buscando a sus hijos, hijas, verdad y justicia\u201d en la Ciudad de M\u00e9xico, en donde de nueva cuenta exigir\u00e1n conocer el paradero de sus hijos e hijas, as\u00ed como el cese a la impunidad para que la tortura continua en que se viven se termine pronto.<o:p><\/o:p><\/span><\/span><\/div>\n<div style=\"margin-bottom: 0.0001pt; text-align: justify;\"><\/div>\n<div style=\"margin-bottom: 0.0001pt; text-align: justify;\"><span lang=\"ES\"><span style=\"font-family: Arial, Helvetica, sans-serif;\">De acuerdo con el Registro Nacional de Datos de Personas Extraviadas o Desaparecidas (RNPED), el estado de Chihuahua tiene 1,870 personas reportadas como desaparecidas, la mayor\u00eda de ellas ocurridas durante la administraci\u00f3n de C\u00e9sar Duarte J\u00e1quez, el gobernador que hace unos meses declar\u00f3 que el 99% de las desapariciones hab\u00eda ocurrido fuera de su sexenio y que s\u00f3lo permanec\u00eda un caso por ser resuelto.<o:p><\/o:p><\/span><\/span><\/div>\n<div style=\"margin-bottom: 0.0001pt; text-align: justify;\"><\/div>\n<div style=\"margin-bottom: 0.0001pt; text-align: justify;\"><span lang=\"ES\"><span style=\"font-family: Arial, Helvetica, sans-serif;\">No obstante lo se\u00f1alado por el Gobernador, en su informe \u201cUn trato de indolencia: La respuesta del Estado frente a la Desaparici\u00f3n de Personas en M\u00e9xico\u201d, Amnist\u00eda Internacional sit\u00faa a Ciudad Cuauht\u00e9moc como un lugar paradigm\u00e1tico de la Rep\u00fablica Mexicana por la cantidad de desapariciones que se comete.<o:p><\/o:p><\/span><\/span><\/div>\n<div style=\"margin-bottom: 0.0001pt; text-align: justify;\"><\/div>\n<div style=\"margin-bottom: 0.0001pt; text-align: justify;\"><span lang=\"ES\"><span style=\"font-family: Arial, Helvetica, sans-serif;\">La falta de reconocimiento de la problem\u00e1tica por el Gobernador Duarte es s\u00f3lo uno de los problemas que sufren las familias en Chihuahua. La impunidad de los casos; la ausencia de acciones y planes de b\u00fasqueda; la corrupci\u00f3n y colusi\u00f3n de las autoridades; el riesgo en que se encuentran los familiares por buscar a sus seres queridos y exigir justicia; la mala fe en las diligencias de identificaci\u00f3n de restos; el maltrato que sufren de funcionarios\/as; y la falta de pol\u00edticas adecuadas de educaci\u00f3n, vivienda y trabajo son algunas de las carencias que sufren los familiares en Chihuahua.<o:p><\/o:p><\/span><\/span><\/div>\n<div style=\"margin-bottom: 0.0001pt; text-align: justify;\"><\/div>\n<div style=\"margin-bottom: 0.0001pt; text-align: justify;\"><span style=\"font-family: Arial, Helvetica, sans-serif;\"><span lang=\"ES\">Aunado a lo anterior, los y las familiares se han enfrentado a campa\u00f1as de desprestigio por la denuncia de sus casos. Lo anterior ha significado que recientemente el <\/span>Relator Especial sobre la Situaci\u00f3n de Las Personas Defensoras de los Derechos Humanos de la Organizaci\u00f3n de las Naciones Unidas (ONU) <span lang=\"ES\">\u2013quien hace unos d\u00edas estuvo en Chihuahua y escuch\u00f3 a varias madres y padres de personas desaparecidas- expresara <\/span><span lang=\"ES\">\u201cpreocupaci\u00f3n por los actos de hostigamiento e intimidaci\u00f3n llevados a cabo en contra de organizaciones, incluyendo<b> <\/b>los integrantes de la Red Nacional en Defensa de los Derechos Humanos, colectivos y familiares, en un contexto de activismo organizado y manifestaciones pac\u00edficas en el tema de desapariciones en el pa\u00eds.\u201d<o:p><\/o:p><\/span><\/span><\/div>\n<div style=\"margin-bottom: 0.0001pt; text-align: justify;\"><\/div>\n<div style=\"margin-bottom: 0.0001pt; text-align: justify;\"><\/div>\n<div style=\"margin-bottom: 0.0001pt; text-align: justify;\"><span lang=\"ES\"><span style=\"font-family: Arial, Helvetica, sans-serif;\">Como ha sido costumbre, este 10 de mayo, las madres, padres, hijos\/as y otros familiares marchar\u00e1n del Monumento a la Madre al \u00c1ngel de la Independencia exigiendo a las autoridades que est\u00e9n a la altura del dolor que viven miles de personas en M\u00e9xico y que adopten a la brevedad una legislaci\u00f3n sobre desaparici\u00f3n de personas que responda a la gravedad del problema. Pero, de manera m\u00e1s importante, las madres caminar\u00e1n recordando a sus hijos e hijas, asegur\u00e1ndoles que no habr\u00e1 perd\u00f3n ni olvido. Junto con otros familiares y organizaciones, los pasos de las madres ser\u00e1n sostenidos con la fuerza que les da el amor incondicional que tienen para sus hijos e hijas.<o:p><\/o:p><\/span><\/span><\/div>\n<div style=\"margin-bottom: 0.0001pt; text-align: justify;\"><\/div>\n<div style=\"margin-bottom: 0.0001pt; text-align: justify;\">                             <\/div>\n<div style=\"margin-bottom: 0.0001pt; text-align: justify;\"><span lang=\"ES\"><span style=\"font-family: Arial, Helvetica, sans-serif;\">El Centro de Derechos Humanos de las Mujeres reitera su solidaridad, apoyo admiraci\u00f3n y cari\u00f1o para las madres, padres, hijos, hijas, hermanas, hermanos y dem\u00e1s familiares cuya fuerza, valent\u00eda y amor nos animan a seguir caminando con ellos\/as en la exigencia de verdad, justicia y reparaci\u00f3n para todas las personas desaparecidas.<\/span><span style=\"font-family: Arial, sans-serif; font-size: 11.5pt;\"><o:p><\/o:p><\/span><\/span><\/div>\n<div style=\"margin-bottom: 0.0001pt; text-align: justify;\"><span lang=\"ES\"><span style=\"font-family: Arial, Helvetica, sans-serif;\"><br \/><\/span><\/span><\/div>\n<div style=\"margin-bottom: 0.0001pt; text-align: justify;\"><span lang=\"ES\"><span style=\"font-family: Arial, Helvetica, sans-serif;\"><br \/><\/span><\/span><\/div>\n<div style=\"margin-bottom: 0.0001pt; text-align: justify;\"><span lang=\"ES\"><span style=\"font-family: Arial, Helvetica, sans-serif;\"><a href=\"http:\/\/3.bp.blogspot.com\/-SrUHRCt4oAk\/Vy-BLlofe3I\/AAAAAAAAB7A\/d2e5uA5NGOQTHko7O9MqavjIvvYqV5H2ACK4B\/s1600\/IMAG1590%2B%25281%2529.jpg\"><img loading=\"lazy\" decoding=\"async\" border=\"0\" height=\"360\" src=\"https:\/\/3.bp.blogspot.com\/-SrUHRCt4oAk\/Vy-BLlofe3I\/AAAAAAAAB7A\/d2e5uA5NGOQTHko7O9MqavjIvvYqV5H2ACK4B\/s640\/IMAG1590%2B%25281%2529.jpg\" width=\"640\" \/><\/a><\/span><\/span><\/div>\n","protected":false},"excerpt":{"rendered":"<p>Chihuahua, Chih., 8 de mayo de 2016.- &nbsp;Este 10 de mayo miles de madres en M\u00e9xico no tienen nada que celebrar. Ese d\u00eda les recordar\u00e1 la ausencia de un hijo o hija que no han encontrado. Tambi\u00e9n les recordar\u00e1 la impunidad en que se encuentran sus casos y, en el caso de Chihuahua, la falta [&hellip;]<\/p>\n","protected":false},"author":2,"featured_media":0,"comment_status":"open","ping_status":"open","sticky":false,"template":"","format":"standard","meta":{"footnotes":""},"categories":[1],"tags":[],"class_list":["post-1336","post","type-post","status-publish","format-standard","hentry","category-sin-categoria"],"_links":{"self":[{"href":"https:\/\/cedehm.org.mx\/es\/wp-json\/wp\/v2\/posts\/1336","targetHints":{"allow":["GET"]}}],"collection":[{"href":"https:\/\/cedehm.org.mx\/es\/wp-json\/wp\/v2\/posts"}],"about":[{"href":"https:\/\/cedehm.org.mx\/es\/wp-json\/wp\/v2\/types\/post"}],"author":[{"embeddable":true,"href":"https:\/\/cedehm.org.mx\/es\/wp-json\/wp\/v2\/users\/2"}],"replies":[{"embeddable":true,"href":"https:\/\/cedehm.org.mx\/es\/wp-json\/wp\/v2\/comments?post=1336"}],"version-history":[{"count":0,"href":"https:\/\/cedehm.org.mx\/es\/wp-json\/wp\/v2\/posts\/1336\/revisions"}],"wp:attachment":[{"href":"https:\/\/cedehm.org.mx\/es\/wp-json\/wp\/v2\/media?parent=1336"}],"wp:term":[{"taxonomy":"category","embeddable":true,"href":"https:\/\/cedehm.org.mx\/es\/wp-json\/wp\/v2\/categories?post=1336"},{"taxonomy":"post_tag","embeddable":true,"href":"https:\/\/cedehm.org.mx\/es\/wp-json\/wp\/v2\/tags?post=1336"}],"curies":[{"name":"wp","href":"https:\/\/api.w.org\/{rel}","templated":true}]}}