{"id":1355,"date":"2015-09-22T02:04:00","date_gmt":"2015-09-22T02:04:00","guid":{"rendered":"https:\/\/cedehm.org.mx\/es\/2015\/09\/22\/lucha-castro-es-nombrada-embajadora-de-la-campana-celebrando-mexico-de-discovery-channel\/"},"modified":"2015-09-22T02:04:00","modified_gmt":"2015-09-22T02:04:00","slug":"lucha-castro-es-nombrada-embajadora-de-la-campana-celebrando-mexico-de-discovery-channel","status":"publish","type":"post","link":"https:\/\/cedehm.org.mx\/es\/2015\/09\/22\/lucha-castro-es-nombrada-embajadora-de-la-campana-celebrando-mexico-de-discovery-channel\/","title":{"rendered":"LUCHA CASTRO ES NOMBRADA EMBAJADORA DE LA CAMPA\u00d1A CELEBRANDO M\u00c9XICO DE DISCOVERY CHANNEL"},"content":{"rendered":"<div style=\"background: white; line-height: 16.0pt; margin-bottom: .0001pt; margin-bottom: 0cm; text-align: justify;\"><span style=\"font-family: Arial, Helvetica, sans-serif;\">Lucha Castro, coordinadora general del Centro de Derechos Humanos de las Mujeres en Chihuahua, fue nombrada por la cadena global Discovery Channel, embajadora de la Campa\u00f1a Celebrando M\u00e9xico 2015, presentada el pasado jueves 17 de septiembre en la ciudad de M\u00e9xico. <o:p><\/o:p><\/span><\/div>\n<div style=\"background: white; line-height: 16.0pt; margin-bottom: .0001pt; margin-bottom: 0cm; text-align: justify;\"><\/div>\n<div style=\"background: white; line-height: 16.0pt; margin-bottom: .0001pt; margin-bottom: 0cm; text-align: justify;\"><span style=\"font-family: Arial, Helvetica, sans-serif;\">Discovery es una marca global dedicada a crear contenido de alta calidad basado en la vida real, y por cuarto a\u00f1o lanz\u00f3 la campa\u00f1a \u201cDiscovery Celebrando M\u00e9xico\u201d con el objetivo de inspirar a las audiencias, a trav\u00e9s de personajes e historias sobresalientes en nuestro pa\u00eds,&nbsp;a dejar huella a trav\u00e9s de su trabajo diario o acciones concretas e incluyentes en diversos \u00e1mbitos.<o:p><\/o:p><\/span><\/div>\n<div style=\"background: white; line-height: 16.0pt; margin-bottom: .0001pt; margin-bottom: 0cm; text-align: justify;\"><\/div>\n<div style=\"background: white; line-height: 16.0pt; margin-bottom: .0001pt; margin-bottom: 0cm; text-align: justify;\"><span style=\"font-family: Arial, Helvetica, sans-serif;\">La sede del evento fue el Antiguo Colegio San Ildefonso, lugar donde fueron presentados las y los 13 embajadores que este a\u00f1o forman parte de la campa\u00f1a, que ser\u00e1 mostrada por un a\u00f1o, a partir del 18 de septiembre, a trav\u00e9s de las diferentes plataformas del canal, compartiendo las historias de \u00e9xito de los personajes seleccionados.<o:p><\/o:p><\/span><\/div>\n<div style=\"background: white; line-height: 16.0pt; margin-bottom: .0001pt; margin-bottom: 0cm; text-align: justify;\"><\/div>\n<div style=\"background: white; line-height: 16.0pt; margin-bottom: .0001pt; margin-bottom: 0cm; text-align: justify;\"><span style=\"font-family: Arial, Helvetica, sans-serif;\">Las y los embajadores de este a\u00f1o son: Luz Estela \u201cLucha\u201d Castro, abogada, te\u00f3loga y defensora de los derechos humanos; Alberto Barrita, Luis Arturo Dan y Sergi Vidal, j\u00f3venes ganadores del primer lugar de la competencia internacional organizada por la International Air and <i>Space Program<\/i> (IASP NASA) y la Agencia Espacial Mexicana; Deborah Berebichez, &nbsp;la primera mujer mexicana en obtener un doctorado en F\u00edsica por la Universidad de Stanford; Rogelio Cruz, Doctor en Medicina Fetal por la Universidad de Barcelona, Pionero de la cirug\u00eda fetal en M\u00e9xico y el mundo; Horacio Franco, uno de los artistas mexicanos m\u00e1s reconocidos y aclamados por la cr\u00edtica como uno de los representantes m\u00e1s dignos de la flauta a nivel mundial; Charlie Iturriaga, supervisor de efectos visuales, con m\u00e1s de dos d\u00e9cadas en la industria cinematogr\u00e1fica; Abigail Mendoza, cocinera y artesana zapoteca; &nbsp;Rommel Pacheco, &nbsp;&nbsp;clavadista Ol\u00edmpico, finalista en los Juegos Ol\u00edmpicos de Atenas 2004 y Beijing 2008; Eduardo y Diego Rabasa y Felipe Rosete, socios, directores y miembros del consejo de Sexto Piso, una de las editoriales independientes m\u00e1s grandes de M\u00e9xico.&nbsp;<o:p><\/o:p><\/span><\/div>\n<div style=\"background: white; line-height: 16.0pt; margin-bottom: .0001pt; margin-bottom: 0cm; text-align: justify;\"><\/div>\n<p><\/p>\n<div style=\"background: white; line-height: 16.0pt; margin-bottom: .0001pt; margin-bottom: 0cm; text-align: justify;\"><span style=\"font-family: Arial, Helvetica, sans-serif;\">\u201cEstas acciones de visibilidad ayudan a eliminar los prejuicios que existen en algunos sectores sobre las activistas y es un importante reconocimiento a los aportes y liderazgos\u201d mencion\u00f3 Lucha Castro al presentar la c\u00e1psula y recibir la distinci\u00f3n a nombre de todas las defensoras del pa\u00eds.&nbsp;<\/span><span style=\"font-size: 11.5pt;\"><o:p><\/o:p><\/span><\/div>\n<div style=\"background: white; line-height: 16.0pt; margin-bottom: .0001pt; margin-bottom: 0cm; text-align: justify;\"><span style=\"font-family: Arial, Helvetica, sans-serif;\"><br \/><\/span><\/div>\n<div style=\"background: white; line-height: 16.0pt; margin-bottom: .0001pt; margin-bottom: 0cm; text-align: justify;\"><span style=\"font-family: Arial, Helvetica, sans-serif;\"><br \/><\/span><\/div>\n<div style=\"clear: both; text-align: center;\"><a href=\"http:\/\/1.bp.blogspot.com\/-_Fbk450Qik8\/VgC2-6mXMsI\/AAAAAAAABmE\/aHCmoTLk_bU\/s1600\/IMG_2721.JPG\" style=\"margin-left: 1em; margin-right: 1em;\"><img loading=\"lazy\" decoding=\"async\" border=\"0\" height=\"640\" src=\"http:\/\/1.bp.blogspot.com\/-_Fbk450Qik8\/VgC2-6mXMsI\/AAAAAAAABmE\/aHCmoTLk_bU\/s640\/IMG_2721.JPG\" width=\"426\" \/><\/a><\/div>\n<div style=\"background: white; line-height: 16.0pt; margin-bottom: .0001pt; margin-bottom: 0cm; text-align: justify;\"><span style=\"font-family: Arial, Helvetica, sans-serif;\"><br \/><\/span><\/div>\n<div style=\"background: white; line-height: 16.0pt; margin-bottom: .0001pt; margin-bottom: 0cm; text-align: justify;\"><span style=\"font-family: Arial, Helvetica, sans-serif;\"><br \/><\/span><\/div>\n<div style=\"background: white; line-height: 16.0pt; margin-bottom: .0001pt; margin-bottom: 0cm; text-align: justify;\"><span style=\"font-family: Arial, Helvetica, sans-serif;\"><br \/><\/span><\/div>\n<div style=\"background: white; line-height: 16.0pt; margin-bottom: .0001pt; margin-bottom: 0cm; text-align: justify;\"><span style=\"font-family: Arial, Helvetica, sans-serif;\"><br \/><\/span><\/div>\n","protected":false},"excerpt":{"rendered":"<p>Lucha Castro, coordinadora general del Centro de Derechos Humanos de las Mujeres en Chihuahua, fue nombrada por la cadena global Discovery Channel, embajadora de la Campa\u00f1a Celebrando M\u00e9xico 2015, presentada el pasado jueves 17 de septiembre en la ciudad de M\u00e9xico. Discovery es una marca global dedicada a crear contenido de alta calidad basado en [&hellip;]<\/p>\n","protected":false},"author":2,"featured_media":0,"comment_status":"open","ping_status":"open","sticky":false,"template":"","format":"standard","meta":{"footnotes":""},"categories":[1],"tags":[],"class_list":["post-1355","post","type-post","status-publish","format-standard","hentry","category-sin-categoria"],"_links":{"self":[{"href":"https:\/\/cedehm.org.mx\/es\/wp-json\/wp\/v2\/posts\/1355","targetHints":{"allow":["GET"]}}],"collection":[{"href":"https:\/\/cedehm.org.mx\/es\/wp-json\/wp\/v2\/posts"}],"about":[{"href":"https:\/\/cedehm.org.mx\/es\/wp-json\/wp\/v2\/types\/post"}],"author":[{"embeddable":true,"href":"https:\/\/cedehm.org.mx\/es\/wp-json\/wp\/v2\/users\/2"}],"replies":[{"embeddable":true,"href":"https:\/\/cedehm.org.mx\/es\/wp-json\/wp\/v2\/comments?post=1355"}],"version-history":[{"count":0,"href":"https:\/\/cedehm.org.mx\/es\/wp-json\/wp\/v2\/posts\/1355\/revisions"}],"wp:attachment":[{"href":"https:\/\/cedehm.org.mx\/es\/wp-json\/wp\/v2\/media?parent=1355"}],"wp:term":[{"taxonomy":"category","embeddable":true,"href":"https:\/\/cedehm.org.mx\/es\/wp-json\/wp\/v2\/categories?post=1355"},{"taxonomy":"post_tag","embeddable":true,"href":"https:\/\/cedehm.org.mx\/es\/wp-json\/wp\/v2\/tags?post=1355"}],"curies":[{"name":"wp","href":"https:\/\/api.w.org\/{rel}","templated":true}]}}