{"id":1360,"date":"2015-08-11T01:37:00","date_gmt":"2015-08-11T01:37:00","guid":{"rendered":"https:\/\/cedehm.org.mx\/es\/2015\/08\/11\/organizaciones-de-derechos-humanos-instan-a-la-segunda-sala-penal-del-tsj-que-resuelva-con-independencia-la-situacion-juridica-de-lider-del-cecop\/"},"modified":"2015-08-11T01:37:00","modified_gmt":"2015-08-11T01:37:00","slug":"organizaciones-de-derechos-humanos-instan-a-la-segunda-sala-penal-del-tsj-que-resuelva-con-independencia-la-situacion-juridica-de-lider-del-cecop","status":"publish","type":"post","link":"https:\/\/cedehm.org.mx\/es\/2015\/08\/11\/organizaciones-de-derechos-humanos-instan-a-la-segunda-sala-penal-del-tsj-que-resuelva-con-independencia-la-situacion-juridica-de-lider-del-cecop\/","title":{"rendered":"Organizaciones de Derechos Humanos instan a la Segunda Sala Penal del TSJ que resuelva con independencia la situaci\u00f3n jur\u00eddica de l\u00edder del CECOP"},"content":{"rendered":"<div style=\"clear: both; text-align: center;\"><a href=\"http:\/\/1.bp.blogspot.com\/-tfvmYWpgNiU\/VclRp7521_I\/AAAAAAAABj4\/43_oMGUWD0s\/s1600\/LOGOS.jpg\" style=\"margin-left: 1em; margin-right: 1em;\"><img loading=\"lazy\" decoding=\"async\" border=\"0\" height=\"328\" src=\"http:\/\/1.bp.blogspot.com\/-tfvmYWpgNiU\/VclRp7521_I\/AAAAAAAABj4\/43_oMGUWD0s\/s400\/LOGOS.jpg\" width=\"400\" \/><\/a><\/div>\n<p><\/p>\n<div style=\"mso-list: l0 level1 lfo1; text-align: justify; text-indent: -18.0pt; text-justify: inter-ideograph;\"><!--[if !supportLists]--><span lang=\"ES-TRAD\" style=\"font-size: 11pt;\"><span style=\"font-family: Symbol;\">\u00b7<\/span><span style=\"font-family: 'Times New Roman'; font-size: 7pt; font-stretch: normal;\">&nbsp;&nbsp;&nbsp;&nbsp;<\/span><span style=\"font-size: 7pt; font-stretch: normal;\"><span style=\"font-family: Arial, Helvetica, sans-serif;\">&nbsp;&nbsp;&nbsp;&nbsp; <\/span><\/span><\/span><!--[endif]--><b><span lang=\"ES-TRAD\" style=\"font-size: 11pt;\"><span style=\"font-family: Arial, Helvetica, sans-serif;\">Segunda Sala Penal debe de valorar las violaciones a la debida diligencia y defensa adecuada a la que fue sujeto Marco Antonio S\u00faastegui y decidir apegada a derecho restituyendo su libertad.<o:p><\/o:p><\/span><\/span><\/b><\/div>\n<div style=\"mso-list: l0 level1 lfo1; text-align: justify; text-indent: -18.0pt; text-justify: inter-ideograph;\"><!--[if !supportLists]--><span style=\"font-family: Arial, Helvetica, sans-serif;\"><span lang=\"ES-TRAD\" style=\"font-size: 11pt;\">\u00b7<span style=\"font-size: 7pt; font-stretch: normal;\">&nbsp;&nbsp;&nbsp;&nbsp;&nbsp;&nbsp;&nbsp;&nbsp; <\/span><\/span><!--[endif]--><b><span lang=\"ES-TRAD\" style=\"font-size: 11pt;\">Criminalizaci\u00f3n contra personas defensoras de derechos humanos, como la de Marco Antonio, contin\u00faa siendo una pr\u00e1ctica preocupante. <o:p><\/o:p><\/span><\/b><\/span><\/div>\n<div style=\"text-align: justify; text-justify: inter-ideograph;\"><\/div>\n<div style=\"text-align: justify; text-justify: inter-ideograph;\"><span style=\"font-family: Arial, Helvetica, sans-serif;\"><b><span lang=\"ES-TRAD\" style=\"font-size: 11pt;\">M\u00e9xico, 10 de agosto de 2015.<\/span><\/b><span lang=\"ES-TRAD\" style=\"font-size: 11pt;\">En el contexto de la pr\u00f3xima sesi\u00f3n de la Segunda Sala Penal del Tribunal Superior de Justicia del estado de Guerrero (TSJG) a llevarse a cabo el 14 de agosto de 2015, organizaciones de derechos humanos firmantes instamos a las y los integrantes de la mencionada Sala a que emitan, sin mayor dilaci\u00f3n, con apego a la ley y revisando cuidadosamente las pruebas presentadas, la resoluci\u00f3n del recurso de apelaci\u00f3n dentro de la toca penal VI-459\/2014, en la que se le imputa injustamente el delito de robo al defensor Marco Antonio Su\u00e1stegui, quien se encuentra privado de su libertad desde hace m\u00e1s de un a\u00f1o, en el Penal de la Uni\u00f3n de Montes de Oca, Guerrero.<o:p><\/o:p><\/span><\/span><\/div>\n<div style=\"text-align: justify; text-justify: inter-ideograph;\"><\/div>\n<div style=\"text-align: justify; text-justify: inter-ideograph;\"><span style=\"font-family: Arial, Helvetica, sans-serif;\"><span lang=\"ES-TRAD\" style=\"font-size: 11pt;\">Las organizaciones adherentes hemos seguido la situaci\u00f3n jur\u00eddica del Se\u00f1or Marco Antonio Su\u00e1stegui desde el momento de su detenci\u00f3n en junio de 2014, su traslado ilegal y la consolidaci\u00f3n de diversos procesos judiciales integrados en contra del defensor comunitario, <\/span><span lang=\"ES\" style=\"font-size: 11pt;\">lo que nos ha permitido reconocer que \u00e9stos procesos son una clara acci\u00f3n para obstruir su labor como defensor; as\u00ed como que se han utilizado mecanismos ilegales e inconstitucionales \u2013 como el traslado a un penal federal de m\u00e1xima seguridad en Nayarit \u2013 para obstruir su derecho a la debida diligencia y a una defensa adecuada, tal y como fue reconocido por la Jueza Tercera de Distrito del estado de Guerrero el d\u00eda 28 de enero del 2015, dentro del juicio de amparo 649\/2014, lo que permiti\u00f3 su traslado a Guerrero. <o:p><\/o:p><\/span><\/span><\/div>\n<div style=\"text-align: justify; text-justify: inter-ideograph;\"><\/div>\n<div style=\"text-align: justify; text-justify: inter-ideograph;\"><span style=\"font-family: Arial, Helvetica, sans-serif;\"><span lang=\"ES\" style=\"font-size: 11pt;\">Por todo lo anterior, estamos convencidas que la persecuci\u00f3n al defensor y a otras y otros integrantes del Consejo de Ejidos y Comunidades Opositores a la presa La Parota (CECOP), se debe a la<\/span><span lang=\"ES-TRAD\" style=\"font-size: 11pt;\">continua amenaza de imponer el proyecto hidroel\u00e9ctrico La Parota, hoy bajo el nombre del Proyecto \u201cNuevo Guerrero\u201d. En ese marco, es que instamos respetuosas de la independencia judicial, a que la Segunda Sala Penal del TSJG <\/span><span lang=\"ES\" style=\"font-size: 11pt;\">a que valore con independencia las pruebas que la defensa de Marco Antonio Su\u00e1stegui ha presentado en la audiencia de vista del 14 de julio, las cuales evidencian su inocencia, al destacar que los testimonios en su contra no cuentan con sustento para acreditar lo denunciado, ni documentales que prueben la posesi\u00f3n de los alegados bienes robados del supuesto agraviado y por el contario demuestran la fabricaci\u00f3n de los cargos contra el defensor, poniendo en relieve las claras violaciones al debido proceso que ha enfrentado. De as\u00ed hacerlo, externamos nuestra confianza en que dicha resoluci\u00f3n se decidir\u00e1 apegada a derecho y restituir\u00e1 la libertad a Marco Antonio, absolvi\u00e9ndolo del delito imputado.<o:p><\/o:p><\/span><\/span><\/div>\n<div style=\"text-align: justify; text-justify: inter-ideograph;\"><\/div>\n<div style=\"text-align: justify; text-justify: inter-ideograph;\"><span lang=\"ES\" style=\"font-size: 11pt;\"><span style=\"font-family: Arial, Helvetica, sans-serif;\">Cabe reiterar que la situaci\u00f3n de las personas defensoras en Guerrero continua siendo preocupante pues es uno de los estados con mayores \u00edndices de amenazas, agresiones y constantes campa\u00f1as deslegitimadoras en su contra; violentando d\u00eda con d\u00eda el derecho a defender derechos humanos. A eso se le a\u00f1aden las pr\u00e1cticas recurrentes de criminalizaci\u00f3n y el uso indebido del sistema de justicia penal en contra de personas defensoras en el pa\u00eds y particularmente en Guerrero, donde ha sido documentado en diversas ocasiones que el Ejecutivo ha utilizado estas pr\u00e1cticas para obstruir su labor. <o:p><\/o:p><\/span><\/span><\/div>\n<div style=\"text-align: justify; text-justify: inter-ideograph;\"><\/div>\n<div style=\"text-align: justify; text-justify: inter-ideograph;\"><span lang=\"ES\" style=\"font-size: 11pt;\"><span style=\"font-family: Arial, Helvetica, sans-serif;\">Por ello, el d\u00eda de hoy, la Segunda Sala Penal del TSJG tiene en sus mano no s\u00f3lo la decisi\u00f3n sobre la libertad del integrante del CECOP, sino tambi\u00e9n la oportunidad de demostrar la independencia judicial en el estado. Por nuestra parte, seguiremos pendientes de la situaci\u00f3n jur\u00eddica de Marco Antonio y de las otras y otros integrantes del CECOP. <o:p><\/o:p><\/span><\/span><\/div>\n<div style=\"text-align: justify; text-justify: inter-ideograph;\"><\/div>\n<div><b><span lang=\"ES\" style=\"font-size: 11pt;\"><span style=\"font-family: Arial, Helvetica, sans-serif;\">Acci\u00f3n Urgente para Defensores de los Derechos Humanos (ACUDDEH)<o:p><\/o:p><\/span><\/span><\/b><\/div>\n<div><b><span lang=\"ES\" style=\"font-size: 11pt;\"><span style=\"font-family: Arial, Helvetica, sans-serif;\">Asistencia Legal por los Derechos Humanos A.C. (ASILEGAL)<o:p><\/o:p><\/span><\/span><\/b><\/div>\n<div><b><span lang=\"ES\" style=\"font-size: 11pt;\"><span style=\"font-family: Arial, Helvetica, sans-serif;\">Asociadas por lo Justo \u2013 JASS<o:p><\/o:p><\/span><\/span><\/b><\/div>\n<div><b><span lang=\"ES\" style=\"font-size: 11pt;\"><span style=\"font-family: Arial, Helvetica, sans-serif;\">Casa del Migrante de Saltillo (Coahuila)<o:p><\/o:p><\/span><\/span><\/b><\/div>\n<div><span style=\"font-family: Arial, Helvetica, sans-serif;\"><b><span lang=\"ES\" style=\"font-size: 11pt;\">Centro de Derechos Humanos de las Mujeres, A.C.&nbsp; <\/span><\/b><b><span lang=\"ES\" style=\"font-size: 11pt;\">\u2013<\/span><\/b><b><span lang=\"ES\" style=\"font-size: 11pt;\"> CEDEHM (Chihuahua)<o:p><\/o:p><\/span><\/b><\/span><\/div>\n<div><b><span lang=\"ES\" style=\"font-size: 11pt;\"><span style=\"font-family: Arial, Helvetica, sans-serif;\">Centro de Derechos Humanos Fray Bartolom\u00e9 de Las Casas, A.C. (Chiapas)<o:p><\/o:p><\/span><\/span><\/b><\/div>\n<div><span style=\"font-family: Arial, Helvetica, sans-serif;\"><b><span lang=\"ES\" style=\"font-size: 11pt;\">Centro de Derechos Humanos Miguel Agust\u00edn Pro Ju\u00e1rez <\/span><\/b><b><span lang=\"ES\" style=\"font-size: 11pt;\"><o:p><\/o:p><\/span><\/b><\/span><\/div>\n<div><b><span lang=\"ES\" style=\"font-size: 11pt;\"><span style=\"font-family: Arial, Helvetica, sans-serif;\">Centro de Derechos Humanos Paso del Norte (Chihuahua)<o:p><\/o:p><\/span><\/span><\/b><\/div>\n<div><b><span lang=\"ES\" style=\"font-size: 11pt;\"><span style=\"font-family: Arial, Helvetica, sans-serif;\">Centro de Derechos Humanos Zeferino Ladrillero<o:p><\/o:p><\/span><\/span><\/b><\/div>\n<div><b><span lang=\"ES\" style=\"font-size: 11pt;\"><span style=\"font-family: Arial, Helvetica, sans-serif;\">Centro de Investigaci\u00f3n y Capacitaci\u00f3n Propuesta C\u00edvica A. C. (Propuesta C\u00edvica)<o:p><\/o:p><\/span><\/span><\/b><\/div>\n<div><b><span lang=\"ES\" style=\"font-size: 11pt;\"><span style=\"font-family: Arial, Helvetica, sans-serif;\">Centro Diocesano para los Derechos Humanos \u201cFray Juan de Larios\u201d, A.C. (Coahuila)<o:p><\/o:p><\/span><\/span><\/b><\/div>\n<div><b><span lang=\"ES\" style=\"font-size: 11pt;\"><span style=\"font-family: Arial, Helvetica, sans-serif;\">Centro Nacional de Comunicaci\u00f3n Social (Cencos)<o:p><\/o:p><\/span><\/span><\/b><\/div>\n<div><b><span lang=\"ES\" style=\"font-size: 11pt;\"><span style=\"font-family: Arial, Helvetica, sans-serif;\">Centro Regional de Derechos Humanos \u201cBartolom\u00e9 Carrasco\u201d, A.C. &#8211; BARCADH (Oaxaca)<o:p><\/o:p><\/span><\/span><\/b><\/div>\n<div><span style=\"font-family: Arial, Helvetica, sans-serif;\"><b><span lang=\"ES\" style=\"font-size: 11pt;\">Centro Regional de Derechos Humanos Jos\u00e9 Mar\u00eda Morelos y Pav\u00f3n A.C. (Guerrero)<\/span><\/b><b><span lang=\"ES\" style=\"font-size: 11pt;\"><o:p><\/o:p><\/span><\/b><\/span><\/div>\n<div><span style=\"font-family: Arial, Helvetica, sans-serif;\"><b><span lang=\"ES\" style=\"font-size: 11pt;\">Ciudadanos en Apoyo a los derechos Humanos, A.C. \u2013 CADHAC (Nuevo Le\u00f3n)<\/span><\/b><b><span lang=\"ES\" style=\"font-size: 11pt;\"><o:p><\/o:p><\/span><\/b><\/span><\/div>\n<div><b><span lang=\"ES\" style=\"font-size: 11pt;\"><span style=\"font-family: Arial, Helvetica, sans-serif;\">Comit\u00e9 Cerezo M\u00e9xico<o:p><\/o:p><\/span><\/span><\/b><\/div>\n<div><b><span lang=\"ES\" style=\"font-size: 11pt;\"><span style=\"font-family: Arial, Helvetica, sans-serif;\">Comisi\u00f3n de Solidaridad y Defensa de los Derechos Humanos, A.C. \u2013 Cosyddhac \u2013 (Chihuahua)<o:p><\/o:p><\/span><\/span><\/b><\/div>\n<div><b><span lang=\"ES\" style=\"font-size: 11pt;\"><span style=\"font-family: Arial, Helvetica, sans-serif;\">Comisi\u00f3n Mexicana de Defensa y Promoci\u00f3n de los Derechos Humanos (CMDPDH)<o:p><\/o:p><\/span><\/span><\/b><\/div>\n<div><b><span lang=\"ES\" style=\"font-size: 11pt;\"><span style=\"font-family: Arial, Helvetica, sans-serif;\">Consorcio para el Di\u00e1logo Parlamentario y la Equidad Oaxaca (Oaxaca)<o:p><\/o:p><\/span><\/span><\/b><\/div>\n<div><b><span lang=\"ES\" style=\"font-size: 11pt;\"><span style=\"font-family: Arial, Helvetica, sans-serif;\">Fundar, Centro de An\u00e1lisis e Investigaci\u00f3n <o:p><\/o:p><\/span><\/span><\/b><\/div>\n<div><b><span lang=\"ES\" style=\"font-size: 11pt;\"><span style=\"font-family: Arial, Helvetica, sans-serif;\">Instituto Mexicano de Derechos Humanos y Democracias (IMDHD)<o:p><\/o:p><\/span><\/span><\/b><\/div>\n<div><b><span lang=\"ES\" style=\"font-size: 11pt;\"><span style=\"font-family: Arial, Helvetica, sans-serif;\">Servicios y Asesor\u00eda para la Paz A.C. (Serapaz)<o:p><\/o:p><\/span><\/span><\/b><\/div>\n<div><b><span lang=\"ES\" style=\"font-size: 11pt;\"><span style=\"font-family: Arial, Helvetica, sans-serif;\">SMR, Scalabrinianas: Misi\u00f3n con Migrantes y Refugiados<o:p><\/o:p><\/span><\/span><\/b><\/div>\n<p><\/p>\n<div style=\"mso-layout-grid-align: none; mso-pagination: none; text-align: justify; text-autospace: none; text-justify: inter-ideograph;\"><span style=\"font-family: Arial, Helvetica, sans-serif;\"><b><span lang=\"ES\" style=\"font-size: 11pt;\">Red Nacional de Organismos Civiles de Derechos Humanos \u201cTodos los Derechos para Todas y Todos\u201d<\/span><\/b><span lang=\"ES\" style=\"font-size: 11pt;\"> (conformada por 75 organizaciones en 21 estados de la Rep\u00fablica mexicana): Agenda LGBT (Estado de M\u00e9xico); Alianza Sierra Madre, A.C. (Chihuahua); Asistencia Legal por los Derechos Humanos, A.C. (AsiLegal) (Distrito Federal); Asociaci\u00f3n Jalisciense de Apoyo a los Grupos Ind\u00edgenas, A.C. (AJAGI) (Guadalajara, Jal.); Bowerasa, A.C. \u201cHaciendo Camino\u201d (Chihuahua, Chih.); Casa del Migrante Saltillo (Saltillo, Coah.); Cat\u00f3licas por el Derecho a Decidir, A.C. (Distrito Federal); Centro \u201cFray Juli\u00e1n Garc\u00e9s\u201d Derechos Humanos y Desarrollo Local, A. C. (Tlaxcala, Tlax.); Centro de Apoyo al Trabajador, A.C. (CAT) (Distrito Federal); Centro de Derechos Humanos \u201cFray Bartolom\u00e9 de Las Casas\u201d, A. C. (San Crist\u00f3bal de Las Casas, Chis); Centro de Derechos Humanos Digna Ochoa, A.C (Tonal\u00e1, Chis.); Centro de Derechos Humanos \u201cFray Francisco de Vitoria O.P.\u201d, A. C. (Distrito Federal); Centro de Derechos Humanos \u201cMiguel Agust\u00edn Pro Ju\u00e1rez\u201d, A. C. (Distrito Federal); Centro de Derechos Humanos \u201cDon Sergio\u201d (Jiutepec, Mor.); Centro de Derechos Humanos \u201cFray Mat\u00edas de C\u00f3rdova\u201d, A.C. (Tapachula, Chis.); Centro de Derechos Humanos de la Monta\u00f1a, Tlachinollan, A. C. (Tlapa, Gro.); Centro de Derechos Humanos de las Mujeres (Chihuahua); Centro de Derechos Humanos de los Pueblos del Sur de Veracruz \u201cBety Cari\u00f1o\u201d, A.C. (Tatahuicapan de Ju\u00e1rez, Ver.); Centro de Derechos Humanos \u201cJuan Gerardi\u201d, A. C. (Torre\u00f3n, Coah.); Centro de Derechos Humanos Paso del Norte (Cd. Ju\u00e1rez, Chih.); Centro de Derechos Humanos Victoria Diez, A.C. (Le\u00f3n, Gto.); Centro de Derechos Ind\u00edgenas \u201cFlor y Canto\u201d, A. C. (Oaxaca, Oax.); Centro de Derechos Humanos Toaltepeyolo (Orizaba, Veracruz); Centro de Derechos Ind\u00edgenas A. C. (Bachaj\u00f3n, Chis.); Centro de los Derechos del Migrante (Distrito Federal); Centro de Justicia para la Paz y el Desarrollo, A. C. (CEPAD) (Guadalajara, Jal.); Centro de Reflexi\u00f3n y Acci\u00f3n Laboral (CEREAL-DF) (Distrito Federal); Centro de Reflexi\u00f3n y Acci\u00f3n Laboral (CEREAL-Guadalajara) (Guadalajara, Jal.); Centro Diocesano para los Derechos Humanos \u201cFray Juan de Larios\u201d, A.C. (Saltillo, Coah.); Centro Juvenil Generando Dignidad (Comalcalco, Tabasco); Centro Mexicano de Derecho Ambiental (CEMDA) (Distrito Federal); Centro Mujeres (La Paz, BCS.); Centro Regional de Defensa de DDHH Jos\u00e9 Mar\u00eda Morelos y Pav\u00f3n, A.C. (Chilapa, Gro.); Centro Regional de Derechos Humanos \u201cBartolom\u00e9 Carrasco\u201d, A.C. (BARCA) (Oaxaca, Oax.); Ciencia Social Alternativa, A.C. KOOKAY (M\u00e9rida, Yuc.); Ciudadan\u00eda Lagunera por los Derechos Humanos, A.C. (CILADHAC) (Torre\u00f3n, Coah.); Colectivo Educaci\u00f3n para la Paz y los Derechos Humanos, A.C. (CEPAZDH) (San Crist\u00f3bal de Las Casas, Chis.); Colectivo contra la Tortura y la Impunidad (CCTI) (Distrito Federal); Comit\u00e9 Cerezo (Distrito Federal); Comit\u00e9 Cristiano de Solidaridad Monse\u00f1or Romero (Distrito Federal); Comit\u00e9 de Familiares de Detenidos Desaparecidos \u201cHasta Encontrarlos\u201d(Distrito Federal); Comisi\u00f3n de Derechos Humanos y Laborales del Valle de Tehuac\u00e1n, A.C. (Tehuac\u00e1n, Pue.); Comisi\u00f3n de Solidaridad y Defensa de los Derechos Humanos, A.C. (COSYDDHAC) (Chihuahua, Chih.); Comisi\u00f3n Independiente de Derechos Humanos de Morelos, A. C. (CIDHMOR) (Cuernavaca, Mor.); Comisi\u00f3n Regional de Derechos Humanos \u201cMahatma Gandhi\u201d, A. C. (Tuxtepec, Oax.); Comit\u00e9 de Defensa Integral de Derechos Humanos Gobixha A.C. (CODIGODH) (Oaxaca, Oax.); Comit\u00e9 de Defensa de las Libertades Ind\u00edgenas (Palenque, Chis.); Comit\u00e9 de Derechos Humanos Ajusco (Distrito Federal); Comit\u00e9 de Derechos Humanos \u201cFr. Pedro Lorenzo de la Nada\u201d, A. C. (Ocosingo, Chis.); Comit\u00e9 de Derechos Humanos \u201cSierra Norte de Veracruz\u201d, A. C. (Huayacocotla, Ver.); Comit\u00e9 de Derechos Humanos de Colima, A. C. (Colima, Col.); Comit\u00e9 de Derechos Humanos de Comalcalco, A. C. (CODEHUCO) (Comalcalco, Tab); Comit\u00e9 de Derechos Humanos de Tabasco, A. C. (CODEHUTAB) (Villahermosa, Tab); Comit\u00e9 de Derechos Humanos y Orientaci\u00f3n Miguel Hidalgo, A. C. (Dolores Hidalgo, Gto.); Comit\u00e9 Sergio M\u00e9ndez Arceo Pro Derechos Humanos de Tulancingo, Hgo A.C. (Tulancingo, Hgo.); El Caracol, A.C (Distrito Federal); Estancia del Migrante Gonz\u00e1lez y Mart\u00ednez, A.C. (Quer\u00e9taro, Qro.); Frente C\u00edvico Sinaloense. Secretar\u00eda de Derechos Humanos (Culiac\u00e1n, Sin.); Fundaci\u00f3n para la Justicia y el Estado Democr\u00e1tico de Derecho (Distrito Federal); Indignaci\u00f3n, A. C. Promoci\u00f3n y Defensa de los Derechos Humanos (M\u00e9rida, Yuc.); Iniciativas para la Identidad y la Inclusi\u00f3n A.C. (INICIA) (San Crist\u00f3bal de Las Casas, Chis.); Instituto de Derechos Humanos Ignacio Ellacuria, S.J. Universidad Iberoamericana- Puebla (Puebla, Pue.); Instituto Guerrerense de Derechos Humanos, A. C. (Chilpancingo, Gro.); Instituto Mexicano de Derechos Humanos y Democracia (Distrito Federal); Instituto Mexicano para el Desarrollo Comunitario, A. C. (IMDEC) (Guadalajara, Jal.); Instituto Tecnol\u00f3gico y de Estudios Superiores de Occidente. Programa Institucional de Derechos Humanos y Paz (Guadalajara, Jal.); Mujeres Ind\u00edgenas por la Conservaci\u00f3n, Investigaci\u00f3n y Aprovechamiento de los Recursos Naturales, A. C. (CIARENA) (Oaxaca); Oficina de Defensor\u00eda de los Derechos de la Infancia A.C. (ODI) (Distrito Federal), Programa Universitario de Derechos Humanos. UIA \u2013Le\u00f3n (Le\u00f3n, Gto.); Proyecto de Derechos Econ\u00f3micos, Sociales y Culturales (ProDESC) (Distrito Federal); Proyecto sobre Organizaci\u00f3n, Desarrollo, Educaci\u00f3n e Investigaci\u00f3n (PODER) (Distrito Federal); Promoci\u00f3n de los Derechos Econ\u00f3micos, Sociales y Culturales (PRODESCAC) (Estado de M\u00e9xico); Respuesta Alternativa, A. C. Servicio de Derechos Humanos y Desarrollo Comunitario (San Luis Potos\u00ed); Servicio, Paz y Justicia de Tabasco, A.C. (SERPATAB) (Villahermosa, Tab.); Servicios de Inclusi\u00f3n Integral, A.C. (SEIINAC) (Pachuca, Hgo.); Tequio Jur\u00eddico A.C. (Oaxaca, Oax.)<\/span><\/span><span lang=\"ES\" style=\"font-family: &quot;Arial Narrow&quot;,&quot;sans-serif&quot;; font-size: 11.0pt; mso-ansi-language: ES; mso-bidi-font-family: Arial;\"><o:p><\/o:p><\/span><\/div>\n","protected":false},"excerpt":{"rendered":"<p>\u00b7&nbsp;&nbsp;&nbsp;&nbsp;&nbsp;&nbsp;&nbsp;&nbsp; Segunda Sala Penal debe de valorar las violaciones a la debida diligencia y defensa adecuada a la que fue sujeto Marco Antonio S\u00faastegui y decidir apegada a derecho restituyendo su libertad. \u00b7&nbsp;&nbsp;&nbsp;&nbsp;&nbsp;&nbsp;&nbsp;&nbsp; Criminalizaci\u00f3n contra personas defensoras de derechos humanos, como la de Marco Antonio, contin\u00faa siendo una pr\u00e1ctica preocupante. M\u00e9xico, 10 de agosto de [&hellip;]<\/p>\n","protected":false},"author":2,"featured_media":0,"comment_status":"open","ping_status":"open","sticky":false,"template":"","format":"standard","meta":{"footnotes":""},"categories":[1],"tags":[],"class_list":["post-1360","post","type-post","status-publish","format-standard","hentry","category-sin-categoria"],"_links":{"self":[{"href":"https:\/\/cedehm.org.mx\/es\/wp-json\/wp\/v2\/posts\/1360","targetHints":{"allow":["GET"]}}],"collection":[{"href":"https:\/\/cedehm.org.mx\/es\/wp-json\/wp\/v2\/posts"}],"about":[{"href":"https:\/\/cedehm.org.mx\/es\/wp-json\/wp\/v2\/types\/post"}],"author":[{"embeddable":true,"href":"https:\/\/cedehm.org.mx\/es\/wp-json\/wp\/v2\/users\/2"}],"replies":[{"embeddable":true,"href":"https:\/\/cedehm.org.mx\/es\/wp-json\/wp\/v2\/comments?post=1360"}],"version-history":[{"count":0,"href":"https:\/\/cedehm.org.mx\/es\/wp-json\/wp\/v2\/posts\/1360\/revisions"}],"wp:attachment":[{"href":"https:\/\/cedehm.org.mx\/es\/wp-json\/wp\/v2\/media?parent=1360"}],"wp:term":[{"taxonomy":"category","embeddable":true,"href":"https:\/\/cedehm.org.mx\/es\/wp-json\/wp\/v2\/categories?post=1360"},{"taxonomy":"post_tag","embeddable":true,"href":"https:\/\/cedehm.org.mx\/es\/wp-json\/wp\/v2\/tags?post=1360"}],"curies":[{"name":"wp","href":"https:\/\/api.w.org\/{rel}","templated":true}]}}