{"id":1401,"date":"2014-11-20T20:54:00","date_gmt":"2014-11-20T20:54:00","guid":{"rendered":"https:\/\/cedehm.org.mx\/es\/2014\/11\/20\/frente-a-la-gravisima-situacion-en-materia-de-desaparicion-forzada-mexico-guarda-silencio-ante-instancias-supervisoras-de-la-problematica\/"},"modified":"2014-11-20T20:54:00","modified_gmt":"2014-11-20T20:54:00","slug":"frente-a-la-gravisima-situacion-en-materia-de-desaparicion-forzada-mexico-guarda-silencio-ante-instancias-supervisoras-de-la-problematica","status":"publish","type":"post","link":"https:\/\/cedehm.org.mx\/es\/2014\/11\/20\/frente-a-la-gravisima-situacion-en-materia-de-desaparicion-forzada-mexico-guarda-silencio-ante-instancias-supervisoras-de-la-problematica\/","title":{"rendered":"FRENTE A LA GRAV\u00cdSIMA SITUACI\u00d3N EN MATERIA DE DESAPARICI\u00d3N FORZADA, M\u00c9XICO GUARDA SILENCIO ANTE INSTANCIAS SUPERVISORAS DE LA PROBLEM\u00c1TICA"},"content":{"rendered":"<div style=\"background: white; margin-bottom: 0.0001pt; text-align: justify;\"><span style=\"font-family: Arial, Helvetica, sans-serif;\"><b><i><span lang=\"ES-TRAD\" style=\"color: windowtext;\">El informe presentados por el Comit<\/span><\/i><i><span lang=\"ES-TRAD\" style=\"color: windowtext;\">\u00e9<\/span><\/i><i><span lang=\"ES-TRAD\" style=\"color: windowtext;\"> <\/span><\/i><i><span lang=\"ES-TRAD\" style=\"color: windowtext;\">contra la Desaparici<\/span><\/i><i><span lang=\"ES-TRAD\" style=\"color: windowtext;\">\u00f3<\/span><\/i><i><span lang=\"ES-TRAD\" style=\"color: windowtext;\">n Forzada a la Asamblea General de la ONU destaca en varios apartados el silencio de M<\/span><\/i><i><span lang=\"ES-TRAD\" style=\"color: windowtext;\">\u00e9<\/span><\/i><i><span lang=\"ES-TRAD\" style=\"color: windowtext;\">xico ante solicitudes puntuales de respuesta e intervenci<\/span><\/i><i><span lang=\"ES-TRAD\" style=\"color: windowtext;\">\u00f3<\/span><\/i><i><span lang=\"ES-TRAD\" style=\"color: windowtext;\">n<\/span><\/i><\/b><i><span lang=\"ES-TRAD\" style=\"color: windowtext;\"><o:p><\/o:p><\/span><\/i><\/span><\/div>\n<div style=\"background: white; margin-bottom: 0.0001pt; text-align: justify;\"><\/div>\n<div style=\"background: white; margin-bottom: 0.0001pt; text-align: justify;\"><\/div>\n<div style=\"background: white; margin-bottom: 0.0001pt; text-align: justify;\"><span style=\"font-family: Arial, Helvetica, sans-serif;\"><span lang=\"ES-TRAD\">20 de noviembre de 2014. En d<\/span><span lang=\"ES-TRAD\">\u00ed<\/span><span lang=\"ES-TRAD\">as recientes, el Comit<\/span><span lang=\"ES-TRAD\">\u00e9<\/span><span lang=\"ES-TRAD\"> <\/span><span lang=\"ES-TRAD\">contra la Desaparici<\/span><span lang=\"ES-TRAD\">\u00f3<\/span><span lang=\"ES-TRAD\">n Forzada, supervisor de la Convenci<\/span><span lang=\"ES-TRAD\">\u00f3<\/span><span lang=\"ES-TRAD\">n Internacional para la Protecci<\/span><span lang=\"ES-TRAD\">\u00f3<\/span><span lang=\"ES-TRAD\">n de Todas las Personas contra las Desapariciones Forzadas, present<\/span><span lang=\"ES-TRAD\">\u00f3<\/span><span lang=\"ES-TRAD\"> <\/span><span lang=\"ES-TRAD\">a la Asamblea General de las Naciones Unidas su informe relativo al quinto y sexto per<\/span><span lang=\"ES-TRAD\">\u00ed<\/span><span lang=\"ES-TRAD\">odos de sesiones, celebrados los d<\/span><span lang=\"ES-TRAD\">\u00ed<\/span><span lang=\"ES-TRAD\">as 4 a 15 de noviembre de 2013 y 17 a 28 de marzo de 2014, respectivamente. Ese documento muestra que, contrario al discurso de apertura internacional que M<\/span><span lang=\"ES-TRAD\">\u00e9<\/span><span lang=\"ES-TRAD\">xico ha manejado ante todas las instancias internacionales de derechos humanos, salvo la excepcional respuesta al <i>caso Ayotzinapa<\/i>, el Estado mexicano ha negado de forma reiterada informaci<\/span><span lang=\"ES-TRAD\">\u00f3<\/span><span lang=\"ES-TRAD\">n y no ha respondido a la solicitud de visita realizada por ese Comit<\/span><span lang=\"ES-TRAD\">\u00e9<\/span><a href=\"file:\/\/\/D:\/Profiles\/psaenz\/Downloads\/Comunicado%20final%20sobre%20falta%20de%20respuesta%20de%20Mexico%20al%20%20CED.%2020.11.2014.doc#_ftn1\" name=\"_ftnref1\" title=\"\"><span><span lang=\"ES-TRAD\"><!--[if !supportFootnotes]--><span><span lang=\"ES-TRAD\" style=\"border: none; color: black; line-height: 115%;\">[1]<\/span><\/span><!--[endif]--><\/span><\/span><\/a><span lang=\"ES-TRAD\">.<\/span><span lang=\"ES-TRAD\"><o:p><\/o:p><\/span><\/span><\/div>\n<div style=\"background: white; margin-bottom: 0.0001pt; text-align: justify;\"><\/div>\n<div style=\"background: white; margin-bottom: 0.0001pt; text-align: justify;\"><span style=\"font-family: Arial, Helvetica, sans-serif;\"><span lang=\"ES-TRAD\">El Comit<\/span><span lang=\"ES-TRAD\">\u00e9<\/span><span lang=\"ES-TRAD\"> <\/span><span lang=\"ES-TRAD\">ha destinado diversos p<\/span><span lang=\"ES-TRAD\">\u00e1<\/span><span lang=\"ES-TRAD\">rrafos a expresar su preocupaci<\/span><span lang=\"ES-TRAD\">\u00f3<\/span><span lang=\"ES-TRAD\">n por la falta de respuesta a distintas solicitudes urgentes, contrastando el desd<\/span><span lang=\"ES-TRAD\">\u00e9<\/span><span lang=\"ES-TRAD\">n del Estado mexicano ante el gran inter<\/span><span lang=\"ES-TRAD\">\u00e9<\/span><span lang=\"ES-TRAD\">s que tienen los organismos internacionales sobre la grave situaci<\/span><span lang=\"ES-TRAD\">\u00f3<\/span><span lang=\"ES-TRAD\">n de derechos humanos que se vive en el pa<\/span><span lang=\"ES-TRAD\">\u00ed<\/span><span lang=\"ES-TRAD\">s, especialmente en lo tocante a las desapariciones forzadas.<\/span><span lang=\"ES-TRAD\"><o:p><\/o:p><\/span><\/span><\/div>\n<div style=\"background: white; margin-bottom: 0.0001pt; text-align: justify;\"><\/div>\n<div style=\"margin-bottom: 0.0001pt; text-align: justify;\"><span style=\"font-family: Arial, Helvetica, sans-serif;\"><span lang=\"ES-TRAD\">La falta de respuesta o de env<\/span><span lang=\"ES-TRAD\">\u00ed<\/span><span lang=\"ES-TRAD\">o de informaci<\/span><span lang=\"ES-TRAD\">\u00f3<\/span><span lang=\"ES-TRAD\">n oportuna a la que se refiere el Comit<\/span><span lang=\"ES-TRAD\">\u00e9<\/span><span lang=\"ES-TRAD\"> <\/span><span lang=\"ES-TRAD\">se centra en tres temas: el primero, en el env<\/span><span lang=\"ES-TRAD\">\u00ed<\/span><span lang=\"ES-TRAD\">o a tiempo del primer informe estatal sobre el cumplimiento de las disposiciones Convenci<\/span><span lang=\"ES-TRAD\">\u00f3<\/span><span lang=\"ES-TRAD\">n; el segundo, sobre solicitudes urgentes en comunicaciones de desapariciones forzadas; y el tercero, relativo a una solicitud de visita para verificar pr<\/span><span lang=\"ES-TRAD\">\u00e1<\/span><span lang=\"ES-TRAD\">cticas sistem<\/span><span lang=\"ES-TRAD\">\u00e1<\/span><span lang=\"ES-TRAD\">ticas de desapariciones forzadas en M<\/span><span lang=\"ES-TRAD\">\u00e9<\/span><span lang=\"ES-TRAD\">xico.<\/span><span lang=\"ES-TRAD\"><o:p><\/o:p><\/span><\/span><\/div>\n<div style=\"margin-bottom: 0.0001pt; text-align: justify;\"><\/div>\n<div style=\"margin-bottom: 0.0001pt; text-align: justify;\"><span style=\"font-family: Arial, Helvetica, sans-serif;\"><span lang=\"ES-TRAD\">En relaci<\/span><span lang=\"ES-TRAD\">\u00f3<\/span><span lang=\"ES-TRAD\">n con el primero, el Comit<\/span><span lang=\"ES-TRAD\">\u00e9<\/span><span lang=\"ES-TRAD\"> <\/span><span lang=\"ES-TRAD\">destaca que el 14 de mayo de 2013 envi<\/span><span lang=\"ES-TRAD\">\u00f3<\/span><span lang=\"ES-TRAD\"> <\/span><span lang=\"ES-TRAD\">cartas a M<\/span><span lang=\"ES-TRAD\">\u00e9<\/span><span lang=\"ES-TRAD\">xico para recordarle su atraso en el informe que ten<\/span><span lang=\"ES-TRAD\">\u00ed<\/span><span lang=\"ES-TRAD\">a que presentar durante los dos a<\/span><span lang=\"ES-TRAD\">\u00f1<\/span><span lang=\"ES-TRAD\">os siguientes a la ratificaci<\/span><span lang=\"ES-TRAD\">\u00f3<\/span><span lang=\"ES-TRAD\">n de marzo de 2008 de la Convenci<\/span><span lang=\"ES-TRAD\">\u00f3<\/span><span lang=\"ES-TRAD\">n Internacional.<\/span><span lang=\"ES-TRAD\"><o:p><\/o:p><\/span><\/span><\/div>\n<div style=\"margin-bottom: 0.0001pt; text-align: justify;\"><\/div>\n<div style=\"margin-bottom: 0.0001pt; text-align: justify;\"><span style=\"font-family: Arial, Helvetica, sans-serif;\"><span lang=\"ES-TRAD\">En segundo lugar, y respecto de las solicitudes urgentes emitidas por el Comit<\/span><span lang=\"ES-TRAD\">\u00e9<\/span><span lang=\"ES-TRAD\">, es importante se<\/span><span lang=\"ES-TRAD\">\u00f1<\/span><span lang=\"ES-TRAD\">alar que M<\/span><span lang=\"ES-TRAD\">\u00e9<\/span><span lang=\"ES-TRAD\">xico fue el pa<\/span><span lang=\"ES-TRAD\">\u00ed<\/span><span lang=\"ES-TRAD\">s con mayor n<\/span><span lang=\"ES-TRAD\">\u00fa<\/span><span lang=\"ES-TRAD\">mero de peticiones de acci<\/span><span lang=\"ES-TRAD\">\u00f3<\/span><span lang=\"ES-TRAD\">n urgentes por esa instancia internacional, que solicit<\/span><span lang=\"ES-TRAD\">\u00f3<\/span><span lang=\"ES-TRAD\"> <\/span><span lang=\"ES-TRAD\">informaci<\/span><span lang=\"ES-TRAD\">\u00f3<\/span><span lang=\"ES-TRAD\">n en 8 casos por alegaciones de desapariciones forzadas cometidas en los estados de Guerrero, Michoac<\/span><span lang=\"ES-TRAD\">\u00e1<\/span><span lang=\"ES-TRAD\">n, Tamaulipas y Nuevo Le<\/span><span lang=\"ES-TRAD\">\u00f3<\/span><span lang=\"ES-TRAD\">n.<\/span><span lang=\"ES-TRAD\"><o:p><\/o:p><\/span><\/span><\/div>\n<div style=\"margin-bottom: 0.0001pt; text-align: justify;\"><\/div>\n<div style=\"margin-bottom: 0.0001pt; text-align: justify;\"><span style=\"font-family: Arial, Helvetica, sans-serif;\"><span lang=\"ES-TRAD\">De esa min<\/span><span lang=\"ES-TRAD\">\u00fa<\/span><span lang=\"ES-TRAD\">scula muestra de lo que ocurre en nuestro pa<\/span><span lang=\"ES-TRAD\">\u00ed<\/span><span lang=\"ES-TRAD\">s, es inconcebible que en ninguno de ellos se haya actuado con la urgencia que el caso merec<\/span><span lang=\"ES-TRAD\">\u00ed<\/span><span lang=\"ES-TRAD\">a, destac<\/span><span lang=\"ES-TRAD\">\u00e1<\/span><span lang=\"ES-TRAD\">ndose la falta de informaci<\/span><span lang=\"ES-TRAD\">\u00f3<\/span><span lang=\"ES-TRAD\">n adecuada, precisa y oportuna por parte de las autoridades mexicanas. En algunos casos el Comit<\/span><span lang=\"ES-TRAD\">\u00e9<\/span><span lang=\"ES-TRAD\"> <\/span><span lang=\"ES-TRAD\">ha tenido que solicitar de forma insistente la informaci<\/span><span lang=\"ES-TRAD\">\u00f3<\/span><span lang=\"ES-TRAD\">n sobre ciertos casos, dado que el Estado se reh<\/span><span lang=\"ES-TRAD\">\u00fa<\/span><span lang=\"ES-TRAD\">sa a enviar la informaci<\/span><span lang=\"ES-TRAD\">\u00f3<\/span><span lang=\"ES-TRAD\">n, incluso existen casos en que a pesar de tres recordatorios, no se ha suministrado la misma. En otros casos, el Comit<\/span><span lang=\"ES-TRAD\">\u00e9<\/span><span lang=\"ES-TRAD\"> <\/span><span lang=\"ES-TRAD\">ha determinado que la informaci<\/span><span lang=\"ES-TRAD\">\u00f3<\/span><span lang=\"ES-TRAD\">n enviada no es sustancial y no responde con seriedad al mecanismo de acci<\/span><span lang=\"ES-TRAD\">\u00f3<\/span><span lang=\"ES-TRAD\">n urgente, por lo que&nbsp; ha tenido que solicitar nueva informaci<\/span><span lang=\"ES-TRAD\">\u00f3<\/span><span lang=\"ES-TRAD\">n sobre las acciones para ubicar el paradero de personas desaparecidas, investigar los hechos y proteger a las personas involucradas en la investigaci<\/span><span lang=\"ES-TRAD\">\u00f3<\/span><span lang=\"ES-TRAD\">n, entre otros. De igual manera, el Comit<\/span><span lang=\"ES-TRAD\">\u00e9<\/span><span lang=\"ES-TRAD\"> <\/span><span lang=\"ES-TRAD\">ha expresado su preocupaci<\/span><span lang=\"ES-TRAD\">\u00f3<\/span><span lang=\"ES-TRAD\">n al enterarse de informaci<\/span><span lang=\"ES-TRAD\">\u00f3<\/span><span lang=\"ES-TRAD\">n muy importante por otras fuentes que no son el Estado mexicano, como lo es el hallazgo del cuerpo de una persona que se encontraba desaparecida.<\/span><span lang=\"ES-TRAD\"><o:p><\/o:p><\/span><\/span><\/div>\n<div style=\"margin-bottom: 0.0001pt; text-align: justify;\"><\/div>\n<div style=\"margin-bottom: 0.0001pt; text-align: justify;\"><span style=\"font-family: Arial, Helvetica, sans-serif;\"><span lang=\"ES-TRAD\">Finalmente, y en tercer lugar, resaltamos la grav<\/span><span lang=\"ES-TRAD\">\u00ed<\/span><span lang=\"ES-TRAD\">sima omisi<\/span><span lang=\"ES-TRAD\">\u00f3<\/span><span lang=\"ES-TRAD\">n del Estado mexicano de no contestar la solicitud de visita emitida de acuerdo al p<\/span><span lang=\"ES-TRAD\">\u00e1<\/span><span lang=\"ES-TRAD\">rrafo primero del art<\/span><span lang=\"ES-TRAD\">\u00ed<\/span><span lang=\"ES-TRAD\">culo 33 de la Convenci<\/span><span lang=\"ES-TRAD\">\u00f3<\/span><span lang=\"ES-TRAD\">n Internacional, que establece lo siguiente: <\/span><span lang=\"ES-TRAD\">\u201c<\/span><span lang=\"ES-TRAD\" style=\"background: white;\">Si el Comit<\/span><span lang=\"ES-TRAD\" style=\"background: white;\">\u00e9<\/span><span lang=\"ES-TRAD\" style=\"background: white; mso-ansi-language: ES-TRAD; mso-bidi-font-size: 11.5pt;\"> <\/span><span lang=\"ES-TRAD\" style=\"background: white;\">recibe informaci<\/span><span lang=\"ES-TRAD\" style=\"background: white;\">\u00f3<\/span><span lang=\"ES-TRAD\" style=\"background: white;\">n fidedigna que revele violaciones graves de las disposiciones de la presente Convenci<\/span><span lang=\"ES-TRAD\" style=\"background: white;\">\u00f3<\/span><span lang=\"ES-TRAD\" style=\"background: white;\">n por un Estado Parte podr<\/span><span lang=\"ES-TRAD\" style=\"background: white;\">\u00e1<\/span><span lang=\"ES-TRAD\" style=\"background: white;\">, despu<\/span><span lang=\"ES-TRAD\" style=\"background: white;\">\u00e9<\/span><span lang=\"ES-TRAD\" style=\"background: white;\">s de consultar con dicho Estado, solicitar a uno o varios de sus miembros que efect<\/span><span lang=\"ES-TRAD\" style=\"background: white;\">\u00fa<\/span><span lang=\"ES-TRAD\" style=\"background: white;\">en una visita al mismo y le informen al respecto sin demora.<\/span><span lang=\"ES-TRAD\" style=\"background: white;\">\u201d<\/span><span lang=\"ES-TRAD\" style=\"background: white; mso-ansi-language: ES-TRAD; mso-bidi-font-size: 11.5pt;\"> <\/span><span lang=\"ES-TRAD\" style=\"background: white;\"><o:p><\/o:p><\/span><\/span><\/div>\n<div style=\"background: white; margin-bottom: 0.0001pt; text-align: justify;\"><\/div>\n<div style=\"background: white; margin-bottom: 0.0001pt; text-align: justify;\"><span style=\"font-family: Arial, Helvetica, sans-serif;\"><span lang=\"ES-TRAD\">Al respecto, el informe se<\/span><span lang=\"ES-TRAD\">\u00f1<\/span><span lang=\"ES-TRAD\">ala que los d<\/span><span lang=\"ES-TRAD\">\u00ed<\/span><span lang=\"ES-TRAD\">as 14 de mayo de 2013, el Comit<\/span><span lang=\"ES-TRAD\">\u00e9<\/span><span lang=\"ES-TRAD\"> <\/span><span lang=\"ES-TRAD\">inform<\/span><span lang=\"ES-TRAD\">\u00f3<\/span><span lang=\"ES-TRAD\"> <\/span><span lang=\"ES-TRAD\">al Estado mexicano su intenci<\/span><span lang=\"ES-TRAD\">\u00f3<\/span><span lang=\"ES-TRAD\">n de visitar M<\/span><span lang=\"ES-TRAD\">\u00e9<\/span><span lang=\"ES-TRAD\">xico en virtud de diversas denuncias que hab<\/span><span lang=\"ES-TRAD\">\u00ed<\/span><span lang=\"ES-TRAD\">a recibido sobre la situaci<\/span><span lang=\"ES-TRAD\">\u00f3<\/span><span lang=\"ES-TRAD\">n del pa<\/span><span lang=\"ES-TRAD\">\u00ed<\/span><span lang=\"ES-TRAD\">s y le pidi<\/span><span lang=\"ES-TRAD\">\u00f3<\/span><span lang=\"ES-TRAD\"> <\/span><span lang=\"ES-TRAD\">su opini<\/span><span lang=\"ES-TRAD\">\u00f3<\/span><span lang=\"ES-TRAD\">n al respecto. Dado que M<\/span><span lang=\"ES-TRAD\">\u00e9<\/span><span lang=\"ES-TRAD\">xico no contest<\/span><span lang=\"ES-TRAD\">\u00f3<\/span><span lang=\"ES-TRAD\">, se reiter<\/span><span lang=\"ES-TRAD\">\u00f3<\/span><span lang=\"ES-TRAD\"> <\/span><span lang=\"ES-TRAD\">esa solicitud los d<\/span><span lang=\"ES-TRAD\">\u00ed<\/span><span lang=\"ES-TRAD\">as 18 y 30 de julio, ambos de 2013. El 6 de enero de 2014, el Comit<\/span><span lang=\"ES-TRAD\">\u00e9<\/span><span lang=\"ES-TRAD\"> <\/span><span lang=\"ES-TRAD\">envi<\/span><span lang=\"ES-TRAD\">\u00f3<\/span><span lang=\"ES-TRAD\"> <\/span><span lang=\"ES-TRAD\">una comunicaci<\/span><span lang=\"ES-TRAD\">\u00f3<\/span><span lang=\"ES-TRAD\">n a M<\/span><span lang=\"ES-TRAD\">\u00e9<\/span><span lang=\"ES-TRAD\">xico en la que manifest<\/span><span lang=\"ES-TRAD\">\u00f3<\/span><span lang=\"ES-TRAD\"> <\/span><span lang=\"ES-TRAD\">que <\/span><span lang=\"ES-TRAD\">\u201c<\/span><span lang=\"ES-TRAD\">puesto que no hab<\/span><span lang=\"ES-TRAD\">\u00ed<\/span><span lang=\"ES-TRAD\">a hecho ning<\/span><span lang=\"ES-TRAD\">\u00fa<\/span><span lang=\"ES-TRAD\">n comentario sobre la informaci<\/span><span lang=\"ES-TRAD\">\u00f3<\/span><span lang=\"ES-TRAD\">n transmitida en mayo de 2013, el Comit<\/span><span lang=\"ES-TRAD\">\u00e9<\/span><span lang=\"ES-TRAD\"> <\/span><span lang=\"ES-TRAD\">hab<\/span><span lang=\"ES-TRAD\">\u00ed<\/span><span lang=\"ES-TRAD\">a decidido solicitar que algunos de sus miembros visitaran el pa<\/span><span lang=\"ES-TRAD\">\u00ed<\/span><span lang=\"ES-TRAD\">s en <\/span><span lang=\"ES-TRAD\">noviembre de 2014<\/span><span lang=\"ES-TRAD\">. Por consiguiente, el Comit<\/span><span lang=\"ES-TRAD\">\u00e9<\/span><span lang=\"ES-TRAD\"> <\/span><span lang=\"ES-TRAD\">solicitaba al Estado parte que diera su consentimiento antes del 28 de febrero de 2014. <\/span><span lang=\"ES-TRAD\">Hasta la fecha no se ha recibido respuesta a esa carta<\/span><span lang=\"ES-TRAD\">.<\/span><span lang=\"ES-TRAD\">\u201d<\/span><span lang=\"ES-TRAD\"> <\/span><span lang=\"ES-TRAD\">[Resaltado fuera del original]<\/span><span lang=\"ES-TRAD\"><o:p><\/o:p><\/span><\/span><\/div>\n<div style=\"margin-bottom: 0.0001pt;\"><\/div>\n<div style=\"margin-bottom: 0.0001pt; text-align: justify;\"><span style=\"font-family: Arial, Helvetica, sans-serif;\"><span lang=\"ES-TRAD\" style=\"background: white;\">De acuerdo con el informe del Comit<\/span><span lang=\"ES-TRAD\" style=\"background: white;\">\u00e9<\/span><span lang=\"ES-TRAD\" style=\"background: white;\">, de los <\/span><span lang=\"ES-TRAD\">42 Estados que han ratificado la Convenci<\/span><span lang=\"ES-TRAD\">\u00f3<\/span><span lang=\"ES-TRAD\">n Internacional, esa instancia s<\/span><span lang=\"ES-TRAD\">\u00f3<\/span><span lang=\"ES-TRAD\">lo solicit<\/span><span lang=\"ES-TRAD\">\u00f3<\/span><span lang=\"ES-TRAD\"> <\/span><span lang=\"ES-TRAD\">a M<\/span><span lang=\"ES-TRAD\">\u00e9<\/span><span lang=\"ES-TRAD\">xico la vista conforme al art<\/span><span lang=\"ES-TRAD\">\u00ed<\/span><span lang=\"ES-TRAD\">culo 33 ya citado. No obstante, la abrumadora, indignante y dolorosa respuesta de nuestras autoridades fue el silencio. Ese silencio que contrasta con las innumerables manifestaciones que han hecho familiares de personas desaparecidas durante tantos a<\/span><span lang=\"ES-TRAD\">\u00f1<\/span><span lang=\"ES-TRAD\">os en b<\/span><span lang=\"ES-TRAD\">\u00fa<\/span><span lang=\"ES-TRAD\">squeda de justicia, verdad y reparaci<\/span><span lang=\"ES-TRAD\">\u00f3<\/span><span lang=\"ES-TRAD\">n; y que ahora se han replicado sin cesar a partir de la desaparici<\/span><span lang=\"ES-TRAD\">\u00f3<\/span><span lang=\"ES-TRAD\">n forzada de 43 estudiantes de la normal en la madrugada del 27 de septiembre pasado. De haberse realizado la visita, el Comit<\/span><span lang=\"ES-TRAD\">\u00e9<\/span><span lang=\"ES-TRAD\"> <\/span><span lang=\"ES-TRAD\">estar<\/span><span lang=\"ES-TRAD\">\u00ed<\/span><span lang=\"ES-TRAD\">a en estos momentos supervisando la situaci<\/span><span lang=\"ES-TRAD\">\u00f3<\/span><span lang=\"ES-TRAD\">n en M<\/span><span lang=\"ES-TRAD\">\u00e9<\/span><span lang=\"ES-TRAD\">xico.<\/span><span lang=\"ES-TRAD\"><o:p><\/o:p><\/span><\/span><\/div>\n<div style=\"margin-bottom: 0.0001pt;\"><\/div>\n<div style=\"margin-bottom: 0.0001pt; text-align: justify;\"><span style=\"font-family: Arial, Helvetica, sans-serif;\"><span lang=\"ES-TRAD\">Este tipo de herramientas -las m<\/span><span lang=\"ES-TRAD\">\u00e1<\/span><span lang=\"ES-TRAD\">s contundentes con que pueden contar esos <\/span><span lang=\"ES-TRAD\">\u00f3<\/span><span lang=\"ES-TRAD\">rganos internacionales de supervisi<\/span><span lang=\"ES-TRAD\">\u00f3<\/span><span lang=\"ES-TRAD\">n- han sido usadas en dos visitas que han realizado a M<\/span><span lang=\"ES-TRAD\">\u00e9<\/span><span lang=\"ES-TRAD\">xico el Comit<\/span><span lang=\"ES-TRAD\">\u00e9<\/span><span lang=\"ES-TRAD\"> <\/span><span lang=\"ES-TRAD\">contra la Tortura (en 2003) y el Comit<\/span><span lang=\"ES-TRAD\">\u00e9<\/span><span lang=\"ES-TRAD\"> <\/span><span lang=\"ES-TRAD\">para la Eliminaci<\/span><span lang=\"ES-TRAD\">\u00f3<\/span><span lang=\"ES-TRAD\">n de la Discriminaci<\/span><span lang=\"ES-TRAD\">\u00f3<\/span><span lang=\"ES-TRAD\">n contra la Mujer, CEDAW (en 2005). Ambas visitas tuvieron un impacto mayor porque en el primer caso el Estado ten<\/span><span lang=\"ES-TRAD\">\u00ed<\/span><span lang=\"ES-TRAD\">a que dar su aval para que se hiciera p<\/span><span lang=\"ES-TRAD\">\u00fa<\/span><span lang=\"ES-TRAD\">blico el informe, lo cual hizo.<\/span><span lang=\"ES-TRAD\"><o:p><\/o:p><\/span><\/span><\/div>\n<div style=\"background: white; margin-bottom: 0.0001pt; text-align: justify;\"><\/div>\n<div style=\"background: white; margin-bottom: 0.0001pt; text-align: justify;\"><span style=\"font-family: Arial, Helvetica, sans-serif;\"><span lang=\"ES-TRAD\">Hoy en d<\/span><span lang=\"ES-TRAD\">\u00ed<\/span><span lang=\"ES-TRAD\">a, las v<\/span><span lang=\"ES-TRAD\">\u00ed<\/span><span lang=\"ES-TRAD\">ctimas de desaparici<\/span><span lang=\"ES-TRAD\">\u00f3<\/span><span lang=\"ES-TRAD\">n forzada no s<\/span><span lang=\"ES-TRAD\">\u00f3<\/span><span lang=\"ES-TRAD\">lo no tienen derecho de acudir al Comit<\/span><span lang=\"ES-TRAD\">\u00e9<\/span><span lang=\"ES-TRAD\"> <\/span><span lang=\"ES-TRAD\">a presentar peticiones por violaciones a la Convenci<\/span><span lang=\"ES-TRAD\">\u00f3<\/span><span lang=\"ES-TRAD\">n Internacional (dado que el Estado mexicano no ha dado la anuencia que requiere el art<\/span><span lang=\"ES-TRAD\">\u00ed<\/span><span lang=\"ES-TRAD\">culo 31 de ese tratado), sino que tambi<\/span><span lang=\"ES-TRAD\">\u00e9<\/span><span lang=\"ES-TRAD\">n les han despojado del derecho a que una instancia internacional les brinde la protecci<\/span><span lang=\"ES-TRAD\">\u00f3<\/span><span lang=\"ES-TRAD\">n que su pa<\/span><span lang=\"ES-TRAD\">\u00ed<\/span><span lang=\"ES-TRAD\">s no puede. Ello, sin duda alguna, es a<\/span><span lang=\"ES-TRAD\">\u00fa<\/span><span lang=\"ES-TRAD\">n m<\/span><span lang=\"ES-TRAD\">\u00e1<\/span><span lang=\"ES-TRAD\">s grave si se toma en cuenta que esas visitas se dan a partir de alegaciones de pr<\/span><span lang=\"ES-TRAD\">\u00e1<\/span><span lang=\"ES-TRAD\">cticas sistem<\/span><span lang=\"ES-TRAD\">\u00e1<\/span><span lang=\"ES-TRAD\">ticas de desapariciones forzadas en el pa<\/span><span lang=\"ES-TRAD\">\u00ed<\/span><span lang=\"ES-TRAD\">s.<\/span><span lang=\"ES-TRAD\"><o:p><\/o:p><\/span><\/span><\/div>\n<div style=\"background: white; margin-bottom: 0.0001pt; text-align: justify;\"><\/div>\n<div style=\"background: white; margin-bottom: 0.0001pt; text-align: justify;\"><span style=\"font-family: Arial, Helvetica, sans-serif;\"><span lang=\"ES-TRAD\">La actitud de las autoridades mexicanas no s<\/span><span lang=\"ES-TRAD\">\u00f3<\/span><span lang=\"ES-TRAD\">lo evidencia un flagrante incumplimiento a sus obligaciones internacionales sino que esa es una actitud parecer<\/span><span lang=\"ES-TRAD\">\u00ed<\/span><span lang=\"ES-TRAD\">a que es propia de una Administraci<\/span><span lang=\"ES-TRAD\">\u00f3<\/span><span lang=\"ES-TRAD\">n&nbsp; que se reh<\/span><span lang=\"ES-TRAD\">\u00fa<\/span><span lang=\"ES-TRAD\">sa al escrutinio internacional, a<\/span><span lang=\"ES-TRAD\">\u00fa<\/span><span lang=\"ES-TRAD\">n por sobre los derechos de quienes se supone que debe proteger. <\/span><span lang=\"ES-TRAD\"><o:p><\/o:p><\/span><\/span><\/div>\n<div style=\"background: white; margin-bottom: 0.0001pt; text-align: justify;\"><\/div>\n<div style=\"background: white; margin-bottom: 0.0001pt; text-align: justify;\"><span style=\"font-family: Arial, Helvetica, sans-serif;\"><span lang=\"ES-TRAD\">Por ello, las organizaciones firmantes exigimos a las autoridades mexicanas que, a la brevedad posible, den su anuencia a la visita del Comit<\/span><span lang=\"ES-TRAD\">\u00e9<\/span><span lang=\"ES-TRAD\"> <\/span><span lang=\"ES-TRAD\">y que se abstengan a que en un futuro denieguen este tipo de peticiones. Nuestro pa<\/span><span lang=\"ES-TRAD\">\u00ed<\/span><span lang=\"ES-TRAD\">s vive una aut<\/span><span lang=\"ES-TRAD\">\u00e9<\/span><span lang=\"ES-TRAD\">ntica crisis en derechos humanos y el Estado mexicano debe estar a la altura de las exigencias de terribles momentos. <o:p><\/o:p><\/span><\/span><\/div>\n<div style=\"background: white; margin-bottom: 0.0001pt; text-align: justify;\"><\/div>\n<div style=\"background: white; margin-bottom: 0.0001pt; text-align: justify;\"><\/div>\n<div style=\"margin-bottom: 0.0001pt;\"><span lang=\"ES\" style=\"background: white; color: windowtext;\"><span style=\"font-family: Arial, Helvetica, sans-serif;\">Asistencia Legal por los Derechos Humanos (ASILEGAL)<o:p><\/o:p><\/span><\/span><\/div>\n<div style=\"margin-bottom: 0.0001pt;\"><span style=\"font-family: Arial, Helvetica, sans-serif;\"><span lang=\"ES\" style=\"background: white; color: windowtext;\">Asociaci\u00f3n de Familiares de Detenidos Desaparecidos<\/span><span lang=\"ES\" style=\"color: windowtext;\">&nbsp;y V\u00edctimas de violaciones a los Derechos Humanos en M\u00e9xico (AFADEM-FEDEFAM)<o:p><\/o:p><\/span><\/span><\/div>\n<div style=\"margin-bottom: 0.0001pt;\"><span lang=\"ES\" style=\"background: white;\"><span style=\"font-family: Arial, Helvetica, sans-serif;\">Asociadas por lo Justo (JASS)<o:p><\/o:p><\/span><\/span><\/div>\n<div style=\"margin-bottom: 0.0001pt;\"><span style=\"font-family: Arial, Helvetica, sans-serif;\"><span lang=\"ES\" style=\"background: white; color: windowtext;\">Casa del Migrante de Satillo (Frontera con Justicia, A. C.)<\/span><span lang=\"ES\" style=\"color: windowtext;\"><o:p><\/o:p><\/span><\/span><\/div>\n<div style=\"margin-bottom: 0.0001pt;\"><span lang=\"ES\" style=\"color: windowtext;\"><span style=\"font-family: Arial, Helvetica, sans-serif;\">Centro de Derechos Humanos de las Mujeres, A.C.<o:p><\/o:p><\/span><\/span><\/div>\n<div style=\"margin-bottom: 0.0001pt;\"><span style=\"font-family: Arial, Helvetica, sans-serif;\"><span lang=\"ES\" style=\"background: white; color: windowtext;\">Centro de Derechos Humanos Juan Gerardi, A. C.<\/span><span lang=\"ES\" style=\"background: white;\"><o:p><\/o:p><\/span><\/span><\/div>\n<div style=\"margin-bottom: 0.0001pt;\"><span style=\"font-family: Arial, Helvetica, sans-serif;\"><span lang=\"ES\" style=\"background: white;\">Centro de Derechos Humanos Miguel Agust\u00edn Pro Ju\u00e1rez (Centro PRODH)<\/span><span lang=\"ES\" style=\"background: white; color: windowtext;\"><o:p><\/o:p><\/span><\/span><\/div>\n<div style=\"margin-bottom: 0.0001pt;\"><span style=\"font-family: Arial, Helvetica, sans-serif;\"><span lang=\"ES\" style=\"background: white; color: windowtext;\">Centro de Justicia para la Paz y el Desarrollo, A.C. (CEPAD)<\/span><span lang=\"ES\" style=\"color: windowtext;\"><o:p><\/o:p><\/span><\/span><\/div>\n<div style=\"margin-bottom: 0.0001pt;\"><span style=\"font-family: Arial, Helvetica, sans-serif;\"><span lang=\"ES\" style=\"background: white; color: windowtext;\">Centro Diocesano para los Derechos Humanos Fray Juan de Larios, A. C.<\/span><em><b><span lang=\"ES\" style=\"background: white; color: windowtext; font-style: normal;\"><o:p><\/o:p><\/span><\/b><\/em><\/span><\/div>\n<div style=\"margin-bottom: 0.0001pt;\"><span style=\"font-family: Arial, Helvetica, sans-serif;\"><em><span lang=\"ES\" style=\"background: white; color: windowtext; font-style: normal;\">Centro<\/span><\/em><span><span lang=\"ES\" style=\"background: white; color: windowtext;\">&nbsp;<\/span><\/span><span lang=\"ES\" style=\"background: white; color: windowtext;\">Regional de Derechos Humanos \u201cBartolom\u00e9 Carrasco Brise\u00f1o\u201d, A. C. (<em><span style=\"font-style: normal;\">BARCADH<\/span><\/em>)<\/span><span lang=\"ES\" style=\"background: white; color: windowtext;\"><o:p><\/o:p><\/span><\/span><\/div>\n<div style=\"margin-bottom: 0.0001pt;\"><span style=\"font-family: Arial, Helvetica, sans-serif;\"><span lang=\"ES\" style=\"background: white; color: windowtext;\">C\u00edrculo de Estudios de G\u00e9nero <\/span><span lang=\"ES\" style=\"background: white;\"><o:p><\/o:p><\/span><\/span><\/div>\n<div style=\"margin-bottom: 0.0001pt;\"><span style=\"font-family: Arial, Helvetica, sans-serif;\"><span lang=\"ES\" style=\"background: white;\">Ciudadanos en Apoyo a los Derechos Humanos, A.C. (CADHAC)<\/span><span lang=\"ES\" style=\"background: white; color: windowtext;\"><o:p><\/o:p><\/span><\/span><\/div>\n<div style=\"margin-bottom: 0.0001pt;\"><span lang=\"ES\" style=\"background: white; color: windowtext;\"><span style=\"font-family: Arial, Helvetica, sans-serif;\">Comisi\u00f3n de Solidaridad y Defensa de los Derechos Humanos, A.C (COSYDDHAC)&nbsp; <o:p><\/o:p><\/span><\/span><\/div>\n<div style=\"margin-bottom: 0.0001pt;\"><span lang=\"ES\" style=\"background: white; color: windowtext;\"><span style=\"font-family: Arial, Helvetica, sans-serif;\">Comit\u00e9 de Defensa Integral de Derechos Humanos Gobixha, A. C. (CODIGO DH)<o:p><\/o:p><\/span><\/span><\/div>\n<div style=\"margin-bottom: 0.0001pt;\"><span style=\"font-family: Arial, Helvetica, sans-serif;\"><span lang=\"ES\" style=\"background: white; color: windowtext;\">Comit\u00e9 de Familiares Detenidos Desaparecidos Hasta Encontrarlos<\/span><span lang=\"ES\" style=\"background: white;\"><o:p><\/o:p><\/span><\/span><\/div>\n<div style=\"margin-bottom: 0.0001pt;\"><span style=\"font-family: Arial, Helvetica, sans-serif;\"><span lang=\"ES\" style=\"background: white;\">El Barz\u00f3n Chihuahua<\/span><span lang=\"ES\" style=\"background: white; color: windowtext;\"><o:p><\/o:p><\/span><\/span><\/div>\n<div style=\"margin-bottom: 0.0001pt;\"><span lang=\"ES\" style=\"background: white; color: windowtext;\"><span style=\"font-family: Arial, Helvetica, sans-serif;\">F\u00e1tima, I.B.P.<o:p><\/o:p><\/span><\/span><\/div>\n<div style=\"margin-bottom: 0.0001pt;\"><span lang=\"ES\" style=\"background: white; color: windowtext;\"><span style=\"font-family: Arial, Helvetica, sans-serif;\">Fuerzas Unidas por Nuestros Desaparecidos en Coahuila y en M\u00e9xico (FUNDEC-FUNDEM)<o:p><\/o:p><\/span><\/span><\/div>\n<div style=\"margin-bottom: 0.0001pt;\"><span lang=\"ES\" style=\"background: white; color: windowtext;\"><span style=\"font-family: Arial, Helvetica, sans-serif;\">FUNDAR, Centro de An\u00e1lisis e Investigaci\u00f3n<o:p><\/o:p><\/span><\/span><\/div>\n<div style=\"margin-bottom: 0.0001pt;\"><span style=\"font-family: Arial, Helvetica, sans-serif;\"><span lang=\"ES\" style=\"background: white; color: windowtext;\">Fundaci\u00f3n por la Justicia y el Estado Democr\u00e1tico de Derecho (FJEDD)<\/span><span lang=\"ES\" style=\"background: white;\"><o:p><\/o:p><\/span><\/span><\/div>\n<div style=\"margin-bottom: 0.0001pt;\"><span style=\"font-family: Arial, Helvetica, sans-serif;\"><span lang=\"ES\" style=\"background: white;\">Grupo Feminista 8 de marzo <\/span><span lang=\"ES\" style=\"background: white; color: windowtext;\"><o:p><\/o:p><\/span><\/span><\/div>\n<div style=\"margin-bottom: 0.0001pt;\"><span lang=\"ES\" style=\"background: white; color: windowtext;\"><span style=\"font-family: Arial, Helvetica, sans-serif;\">Grupo Promotor de los Derechos Pol\u00edticos de las Ciudadanas<o:p><\/o:p><\/span><\/span><\/div>\n<div style=\"margin-bottom: 0.0001pt;\"><span lang=\"ES\" style=\"background: white; color: windowtext;\"><span style=\"font-family: Arial, Helvetica, sans-serif;\">H.I.J.O.S. M\u00e9xico<o:p><\/o:p><\/span><\/span><\/div>\n<div style=\"margin-bottom: 0.0001pt;\"><span lang=\"ES\" style=\"background: white; color: windowtext;\"><span style=\"font-family: Arial, Helvetica, sans-serif;\">J\u00f3venes ante la emergencia nacional, Chihuahua<o:p><\/o:p><\/span><\/span><\/div>\n<div style=\"margin-bottom: 0.0001pt;\"><span style=\"font-family: Arial, Helvetica, sans-serif;\"><span lang=\"ES\" style=\"background: white; color: windowtext;\">Justicia para Nuestras Hijas<\/span><span lang=\"ES\" style=\"background: white;\"><o:p><\/o:p><\/span><\/span><\/div>\n<div style=\"margin-bottom: 0.0001pt;\"><span lang=\"ES\" style=\"background: white;\"><span style=\"font-family: Arial, Helvetica, sans-serif;\">Observa Ciudadan@<o:p><\/o:p><\/span><\/span><\/div>\n<div style=\"margin-bottom: 0.0001pt;\"><span style=\"font-family: Arial, Helvetica, sans-serif;\"><span lang=\"ES\" style=\"background: white;\">Observatorio para el Acceso a la Informaci\u00f3n P\u00fablica<\/span><span lang=\"ES\" style=\"background: white; color: windowtext;\"><o:p><\/o:p><\/span><\/span><\/div>\n<div style=\"margin-bottom: 0.0001pt;\"><span lang=\"ES\" style=\"background: white; color: windowtext;\"><span style=\"font-family: Arial, Helvetica, sans-serif;\">Red Nacional de Organismos Civiles de Derechos Humanos Todos los Derechos para Todas y Todos (conformada por 74 grupos de 22 estados de la Rep\u00fablica)<o:p><\/o:p><\/span><\/span><\/div>\n<div style=\"margin-bottom: 0.0001pt;\"><span style=\"font-family: Arial, Helvetica, sans-serif;\"><span lang=\"ES\" style=\"background: white; color: windowtext;\">Red por la Participaci\u00f3n Ciudadana<\/span><span lang=\"ES\" style=\"background: white;\"><o:p><\/o:p><\/span><\/span><\/div>\n<div style=\"background: white; margin-bottom: 0.0001pt; text-align: justify;\"><\/div>\n<div style=\"background: white; margin-bottom: 0.0001pt; text-align: justify;\"><\/div>\n<div style=\"background: white; margin-bottom: 0.0001pt; text-align: justify;\"><\/div>\n<div style=\"background: white; margin-bottom: 0.0001pt; text-align: justify;\"><\/div>\n<div style=\"background: white; margin-bottom: 0.0001pt; text-align: justify;\"><\/div>\n<div style=\"background: white; margin-bottom: 0.0001pt; text-align: justify;\"><\/div>\n<div style=\"background: white; margin-bottom: 0.0001pt; text-align: justify;\"><\/div>\n<div style=\"background: white; margin-bottom: 0.0001pt; text-align: justify;\"><\/div>\n<p><span lang=\"ES-TRAD\" style=\"border: none; font-family: Arial, sans-serif; font-size: 10pt; line-height: 115%;\">El informe del Comit<\/span><span lang=\"ES-TRAD\" style=\"border: none; font-family: 'Arial Unicode MS', sans-serif; font-size: 10pt; line-height: 115%;\">\u00e9<\/span><span lang=\"ES-TRAD\" style=\"border: none; font-family: 'Trebuchet MS', sans-serif; font-size: 10pt; line-height: 115%;\"> <\/span><span lang=\"ES-TRAD\" style=\"border: none; font-family: Arial, sans-serif; font-size: 10pt; line-height: 115%;\">contra las Desapariciones puede consultarse en: <\/span><span lang=\"EN-US\" style=\"border: none; font-family: 'Trebuchet MS', sans-serif; font-size: 11pt; line-height: 115%;\"><a href=\"http:\/\/tbinternet.ohchr.org\/treaties\/ced\/shared%2520documents\/1_global\/a_69_56_7457_s.pdf\"><span><span lang=\"ES-TRAD\" style=\"font-size: 10.0pt; line-height: 115%;\">http:\/\/tbinternet.ohchr.org\/Treaties\/CED\/Shared%20Documents\/1_Global\/A_69_56_7457_S.pdf<\/span><\/span><\/a><\/span> <\/p>\n<div><!--[if !supportFootnotes]--><br clear=\"all\" \/> <\/p>\n<hr align=\"left\" size=\"1\" width=\"33%\" \/> <!--[endif]--> <\/p>\n<div>\n<div style=\"text-align: justify;\"><a href=\"file:\/\/\/D:\/Profiles\/psaenz\/Downloads\/Comunicado%20final%20sobre%20falta%20de%20respuesta%20de%20Mexico%20al%20%20CED.%2020.11.2014.doc#_ftnref1\" name=\"_ftn1\" title=\"\"><span><span lang=\"EN-US\" style=\"font-family: &quot;Arial&quot;,&quot;sans-serif&quot;; font-size: 9.0pt; mso-bidi-font-family: &quot;Arial Unicode MS&quot;; mso-bidi-font-size: 10.0pt;\"><!--[if !supportFootnotes]--><span><span lang=\"EN-US\" style=\"border: none; color: black; font-size: 9pt; line-height: 115%;\">[1]<\/span><\/span><!--[endif]--><\/span><\/span><\/a><span lang=\"ES\" style=\"font-family: &quot;Arial&quot;,&quot;sans-serif&quot;; font-size: 9.0pt; mso-ansi-language: ES; mso-bidi-font-family: &quot;Arial Unicode MS&quot;; mso-bidi-font-size: 10.0pt;\"> Esta situaci\u00f3n no es aislada, ya que M\u00e9xico ten\u00eda que dar informaci\u00f3n en agosto pasado, entre otros temas, sobre las solicitudes del Comit\u00e9 CEDAW en relaci\u00f3n las medidas adoptadas respecto de las desapariciones de mujeres. <i>Cfr<\/i>. Comit\u00e9 CEDAW. <b>Observaciones finales del Comit\u00e9 para la Eliminaci\u00f3n de la Discriminaci\u00f3n contra la Mujer<\/b> <b>sobre M\u00e9xico<\/b>, 7 de agosto de 2013. <\/span><span style=\"font-family: &quot;Arial&quot;,&quot;sans-serif&quot;; font-size: 9.0pt; mso-ansi-language: ES-MX; mso-bidi-font-family: &quot;Arial Unicode MS&quot;; mso-bidi-font-size: 10.0pt;\">CEDAW\/C\/MEX\/CO\/7-8, p\u00e1rr. 19.b).<\/span><span lang=\"ES\" style=\"font-family: &quot;Arial&quot;,&quot;sans-serif&quot;; font-size: 9.0pt; mso-ansi-language: ES; mso-bidi-font-family: &quot;Arial Unicode MS&quot;; mso-bidi-font-size: 10.0pt;\"><o:p><\/o:p><\/span><\/div>\n<\/div>\n<\/div>\n","protected":false},"excerpt":{"rendered":"<p>El informe presentados por el Comit\u00e9 contra la Desaparici\u00f3n Forzada a la Asamblea General de la ONU destaca en varios apartados el silencio de M\u00e9xico ante solicitudes puntuales de respuesta e intervenci\u00f3n 20 de noviembre de 2014. En d\u00edas recientes, el Comit\u00e9 contra la Desaparici\u00f3n Forzada, supervisor de la Convenci\u00f3n Internacional para la Protecci\u00f3n de [&hellip;]<\/p>\n","protected":false},"author":2,"featured_media":0,"comment_status":"open","ping_status":"open","sticky":false,"template":"","format":"standard","meta":{"footnotes":""},"categories":[1],"tags":[],"class_list":["post-1401","post","type-post","status-publish","format-standard","hentry","category-sin-categoria"],"_links":{"self":[{"href":"https:\/\/cedehm.org.mx\/es\/wp-json\/wp\/v2\/posts\/1401","targetHints":{"allow":["GET"]}}],"collection":[{"href":"https:\/\/cedehm.org.mx\/es\/wp-json\/wp\/v2\/posts"}],"about":[{"href":"https:\/\/cedehm.org.mx\/es\/wp-json\/wp\/v2\/types\/post"}],"author":[{"embeddable":true,"href":"https:\/\/cedehm.org.mx\/es\/wp-json\/wp\/v2\/users\/2"}],"replies":[{"embeddable":true,"href":"https:\/\/cedehm.org.mx\/es\/wp-json\/wp\/v2\/comments?post=1401"}],"version-history":[{"count":0,"href":"https:\/\/cedehm.org.mx\/es\/wp-json\/wp\/v2\/posts\/1401\/revisions"}],"wp:attachment":[{"href":"https:\/\/cedehm.org.mx\/es\/wp-json\/wp\/v2\/media?parent=1401"}],"wp:term":[{"taxonomy":"category","embeddable":true,"href":"https:\/\/cedehm.org.mx\/es\/wp-json\/wp\/v2\/categories?post=1401"},{"taxonomy":"post_tag","embeddable":true,"href":"https:\/\/cedehm.org.mx\/es\/wp-json\/wp\/v2\/tags?post=1401"}],"curies":[{"name":"wp","href":"https:\/\/api.w.org\/{rel}","templated":true}]}}