{"id":1404,"date":"2014-10-31T18:23:00","date_gmt":"2014-10-31T18:23:00","guid":{"rendered":"https:\/\/cedehm.org.mx\/es\/2014\/10\/31\/oscs-denuncian-nula-actuacion-del-estado-mexicano-frente-a-los-crimenes-de-lesa-humanidad-ante-la-cidh\/"},"modified":"2014-10-31T18:23:00","modified_gmt":"2014-10-31T18:23:00","slug":"oscs-denuncian-nula-actuacion-del-estado-mexicano-frente-a-los-crimenes-de-lesa-humanidad-ante-la-cidh","status":"publish","type":"post","link":"https:\/\/cedehm.org.mx\/es\/2014\/10\/31\/oscs-denuncian-nula-actuacion-del-estado-mexicano-frente-a-los-crimenes-de-lesa-humanidad-ante-la-cidh\/","title":{"rendered":"OSC\u2019s DENUNCIAN NULA ACTUACI\u00d3N DEL ESTADO MEXICANO FRENTE A LOS CR\u00cdMENES DE LESA HUMANIDAD ANTE LA CIDH"},"content":{"rendered":"<div style=\"background: white; margin-bottom: 0.0001pt; text-align: justify;\"><span style=\"font-family: Arial, Helvetica, sans-serif;\">Washington, DC, 30 de octubre. El d\u00eda de hoy, varias organizaciones de la sociedad civil&nbsp; estuvimos presentes en la audiencia de la Comisi\u00f3n Interamericana de Derechos Humanos (CIDH) sobre el tema de la Fiscal\u00eda Especial para Movimientos Sociales y Pol\u00edticos del Pasado en M\u00e9xico, en la cual, se tocaron diferentes aspectos relacionados con la desaparici\u00f3n y ejecuci\u00f3n de personas en las d\u00e9cadas de los a\u00f1os 60, 70 y 80, conocido como <i>Guerra Sucia<\/i>, y que contin\u00faan ocurriendo en la actualidad como el caso de los 43 estudiantes de la Escuela Normal \u201cRa\u00fal Isidro Burgos\u201d de Ayotzinapa, Guerrero.<o:p><\/o:p><\/span><\/div>\n<div style=\"background: white; margin-bottom: 0.0001pt; text-align: justify;\"><\/div>\n<div style=\"background: white; margin-bottom: 0.0001pt; text-align: justify;\"><span style=\"font-family: Arial, Helvetica, sans-serif;\">Los cr\u00edmenes de lesa humanidad cometidos durante la Guerra Sucia por parte de agentes del Estado siguen impunes por diversas razones violatorias de la Convenci\u00f3n Americana sobre Derechos Humanos y dem\u00e1s tratados internacionales ratificados por el Estado mexicano.<o:p><\/o:p><\/span><\/div>\n<div style=\"background: white; margin-bottom: 0.0001pt; text-align: justify;\"><\/div>\n<div style=\"background: white; margin-bottom: 0.0001pt; text-align: justify;\"><span style=\"font-family: Arial, Helvetica, sans-serif;\">A pesar de que el titular del Ejecutivo Federal cre\u00f3 en el a\u00f1o 2001 la hoy desaparecida FEMOSPP, dicha instancia padeci\u00f3 una evidente falta de voluntad pol\u00edtica y el abandono presidencial, lo que origin\u00f3 su absoluta ineficacia y la consecuente impunidad. De ello es muestra la impunidad imperante, a la luz de la inadecuada clasificaci\u00f3n de los delitos denunciados, el cierre de investigaciones sin haber obtenido resultados, la falta de localizaci\u00f3n de personas desaparecidas y la falta de sentencias condenatorias en contra de los agentes estatales responsables. Igualmente se\u00f1alamos la insistencia en cerrar las averiguaciones previas argumentando criterios de prescriptibilidad, pasando por alto que se trata de cr\u00edmenes de lesa humanidad.<o:p><\/o:p><\/span><\/div>\n<div style=\"background: white; margin-bottom: 0.0001pt; text-align: justify;\"><\/div>\n<div style=\"background: white; margin-bottom: 0.0001pt; text-align: justify;\"><span style=\"font-family: Arial, Helvetica, sans-serif;\">La conclusi\u00f3n global es que la actuaci\u00f3n del Estado mexicano, a trav\u00e9s de sus tres poderes, durante el periodo 2006-2014 ha sido m\u00ednima e incoherente para revertir el estado de impunidad que guardan los cr\u00edmenes de lesa humanidad cometidos en M\u00e9xico durante las etapas m\u00e1s cruentas de la represi\u00f3n estatal.<o:p><\/o:p><\/span><\/div>\n<div style=\"background: white; margin-bottom: 0.0001pt; text-align: justify;\"><\/div>\n<div style=\"background: white; margin-bottom: 0.0001pt; text-align: justify;\"><span style=\"font-family: Arial, Helvetica, sans-serif;\">La impunidad por los delitos del pasado propicia la repetici\u00f3n de hechos semejantes en la actualidad, incluidos actos de desaparici\u00f3n forzada masiva, ejecuciones extrajudiciales y el uso sistem\u00e1tico de la tortura por agentes de las fuerzas de seguridad. De esta manera, el enorme rezago en materia de justicia transicional que caracteriza a M\u00e9xico trae consecuencias devastadoras no solamente para las v\u00edctimas y sus familias, sino para la sociedad y las instituciones mexicanas: los delitos del pasado son los delitos del presente.<o:p><\/o:p><\/span><\/div>\n<div style=\"margin-bottom: 0.0001pt; text-align: justify;\"><\/div>\n<div style=\"background: white; margin-bottom: 0.0001pt; text-align: justify;\"><span style=\"font-family: Arial, Helvetica, sans-serif;\">Los comisionados de la CIDH evidenciaron la \u201cconexi\u00f3n entre la impunidad por los cr\u00edmenes de esta \u00e9poca mal llamada Guerra Sucia y lo que est\u00e1 aconteciendo hoy en d\u00eda en M\u00e9xico\u201d. Adem\u00e1s urgieron al Estado a dar \u201csaltos cualitativos por para enfrentar el problema. Tanto peticionarios, miembros del Estado y comisionados, reconocieron que existen nulos resultados en las investigaciones realizadas por el Estado: de 570 denuncias recibidas al parecer solo existe una sola sentencia por desaparici\u00f3n forzada de un servidor p\u00fablico que al parecer hoy goza de prisi\u00f3n domiciliaria. El Estado adem\u00e1s expuso que hay 159 averiguaciones que fueron cerradas por prescripci\u00f3n a criterio de la autoridad investigadora, 53 por poder judicial y otras 96 se declinaron a jurisdicciones locales.<o:p><\/o:p><\/span><\/div>\n<div style=\"background: white; margin-bottom: 0.0001pt; text-align: justify;\"><\/div>\n<div style=\"background: white; margin-bottom: 0.0001pt; text-align: justify;\"><span style=\"font-family: Arial, Helvetica, sans-serif;\">Los comisionados expresaron su gran preocupaci\u00f3n por la situaci\u00f3n de impunidad y urgieron al Estado mexicano a esclarecer y sancionar los delitos de esa \u00e9poca, en virtud de la vinculaci\u00f3n con los hechos del presente, sobre todo con las masacres que se siguen suscitando en M\u00e9xico y el creciente n\u00famero de desapariciones forzadas, sobre todo haciendo hincapi\u00e9 en la desaparici\u00f3n de los 43 normalistas. La CIDH finalmente concluy\u00f3 que este tema es prioritario para la CIDH y adelant\u00f3 que pronto publicar\u00e1 un informe sobre derecho a la verdad, por lo que continuar\u00e1 dando seguimiento a esta situaci\u00f3n en M\u00e9xico.<o:p><\/o:p><\/span><\/div>\n<div style=\"background: white; margin-bottom: 0.0001pt; text-align: justify;\"><\/div>\n<div style=\"background: white; margin-bottom: 0.0001pt; text-align: justify;\"><span style=\"font-family: Arial, Helvetica, sans-serif;\">Finalmente, las organizaciones aqu\u00ed firmantes exigimos a todos los poderes y niveles del Estado que pongan fin a la impunidad en los cr\u00edmenes de lesa humanidad que constituyen el v\u00ednculo con la grav\u00edsima situaci\u00f3n de violaci\u00f3n a los derechos humanos de hoy en d\u00eda, en particular la desaparici\u00f3n forzada de personas. <o:p><\/o:p><\/span><\/div>\n<div style=\"background: white; margin-bottom: 0.0001pt; text-align: justify;\"><\/div>\n<div style=\"background: white; margin-bottom: 0.0001pt; text-align: justify;\"><\/div>\n<div style=\"background: white; margin-bottom: 0.0001pt; text-align: justify;\"><\/div>\n<div align=\"center\" style=\"background: white; margin-bottom: 0.0001pt; text-align: center;\"><span style=\"font-family: Arial, Helvetica, sans-serif;\">ATENTAMENTE<o:p><\/o:p><\/span><\/div>\n<div style=\"background: white; margin-bottom: 0.0001pt;\"><\/div>\n<div align=\"center\" style=\"background: white; margin-bottom: 0.0001pt; text-align: center;\"><span style=\"font-family: Arial, Helvetica, sans-serif;\">AFADEM<o:p><\/o:p><\/span><\/div>\n<div align=\"center\" style=\"background: white; margin-bottom: 0.0001pt; text-align: center;\"><span style=\"font-family: Arial, Helvetica, sans-serif;\">Centro de Derechos Humanos de las Mujeres<o:p><\/o:p><\/span><\/div>\n<div align=\"center\" style=\"margin-bottom: 0.0001pt; text-align: center;\"><span style=\"font-family: Arial, Helvetica, sans-serif;\">Centro de Derechos Humanos Miguel Agust\u00edn Pro Ju\u00e1rez<o:p><\/o:p><\/span><\/div>\n<div align=\"center\" style=\"background: white; margin-bottom: 0.0001pt; text-align: center;\"><span style=\"font-family: Arial, Helvetica, sans-serif;\">Centro de Derechos Humanos Paso del Norte<o:p><\/o:p><\/span><\/div>\n<div align=\"center\" style=\"background: white; margin-bottom: 0.0001pt; text-align: center;\"><span style=\"font-family: Arial, Helvetica, sans-serif;\">Centro Diocesano para los Derechos Humanos Fray Juan de Larios<o:p><\/o:p><\/span><\/div>\n<div align=\"center\" style=\"background: white; margin-bottom: 0.0001pt; text-align: center;\"><span style=\"font-family: Arial, Helvetica, sans-serif;\">Ciudadanos en Apoyo a los Derechos Humanos, A.C.<o:p><\/o:p><\/span><\/div>\n<div align=\"center\" style=\"background: white; margin-bottom: 0.0001pt; text-align: center;\"><span style=\"font-family: Arial, Helvetica, sans-serif;\">Comit\u00e9 68<o:p><\/o:p><\/span><\/div>\n<div align=\"center\" style=\"background: white; margin-bottom: 0.0001pt; text-align: center;\"><span style=\"font-family: Arial, Helvetica, sans-serif;\">Comit\u00e9 de Madres de Desaparecidos Pol\u00edticos de Chihuahua<o:p><\/o:p><\/span><\/div>\n<div align=\"center\" style=\"background: white; margin-bottom: 0.0001pt; text-align: center;\"><span style=\"font-family: Arial, Helvetica, sans-serif;\">Fundaci\u00f3n Diego Lucero<o:p><\/o:p><\/span><\/div>\n<div align=\"center\" style=\"background: white; margin-bottom: 0.0001pt; text-align: center;\"><span style=\"font-family: Arial, Helvetica, sans-serif;\">Fundar Centro de An\u00e1lisis e Investigaci\u00f3n<o:p><\/o:p><\/span><\/div>\n<div align=\"center\" style=\"background: white; margin-bottom: 0.0001pt; text-align: center;\"><span style=\"font-family: Arial, Helvetica, sans-serif;\">H.I.J.O.S. M\u00e9xico<o:p><\/o:p><\/span><\/div>\n<div align=\"center\" style=\"background: white; margin-bottom: 0.0001pt; text-align: center;\"><span style=\"font-family: Arial, Helvetica, sans-serif;\">Red TDT<o:p><\/o:p><\/span><\/div>\n<div align=\"center\" style=\"background: white; margin-bottom: 0.0001pt; text-align: center;\"><span style=\"font-family: Arial, Helvetica, sans-serif;\">Servicios y Asesor\u00eda para la Paz, A.C. <o:p><\/o:p><\/span><\/div>\n<div align=\"center\" style=\"background: white; margin-bottom: 0.0001pt; text-align: center;\"><span style=\"font-family: Arial, Helvetica, sans-serif;\">Uni\u00f3n de Madres con Hijos Desaparecidos de Sinaloa<o:p><\/o:p><\/span><\/div>\n<div align=\"center\" style=\"background: white; margin-bottom: 0.0001pt; text-align: center;\"><\/div>\n<p><\/p>\n<div style=\"margin-bottom: 0.0001pt; text-align: justify;\"><\/div>\n","protected":false},"excerpt":{"rendered":"<p>Washington, DC, 30 de octubre. El d\u00eda de hoy, varias organizaciones de la sociedad civil&nbsp; estuvimos presentes en la audiencia de la Comisi\u00f3n Interamericana de Derechos Humanos (CIDH) sobre el tema de la Fiscal\u00eda Especial para Movimientos Sociales y Pol\u00edticos del Pasado en M\u00e9xico, en la cual, se tocaron diferentes aspectos relacionados con la desaparici\u00f3n [&hellip;]<\/p>\n","protected":false},"author":2,"featured_media":0,"comment_status":"open","ping_status":"open","sticky":false,"template":"","format":"standard","meta":{"footnotes":""},"categories":[1],"tags":[],"class_list":["post-1404","post","type-post","status-publish","format-standard","hentry","category-sin-categoria"],"_links":{"self":[{"href":"https:\/\/cedehm.org.mx\/es\/wp-json\/wp\/v2\/posts\/1404","targetHints":{"allow":["GET"]}}],"collection":[{"href":"https:\/\/cedehm.org.mx\/es\/wp-json\/wp\/v2\/posts"}],"about":[{"href":"https:\/\/cedehm.org.mx\/es\/wp-json\/wp\/v2\/types\/post"}],"author":[{"embeddable":true,"href":"https:\/\/cedehm.org.mx\/es\/wp-json\/wp\/v2\/users\/2"}],"replies":[{"embeddable":true,"href":"https:\/\/cedehm.org.mx\/es\/wp-json\/wp\/v2\/comments?post=1404"}],"version-history":[{"count":0,"href":"https:\/\/cedehm.org.mx\/es\/wp-json\/wp\/v2\/posts\/1404\/revisions"}],"wp:attachment":[{"href":"https:\/\/cedehm.org.mx\/es\/wp-json\/wp\/v2\/media?parent=1404"}],"wp:term":[{"taxonomy":"category","embeddable":true,"href":"https:\/\/cedehm.org.mx\/es\/wp-json\/wp\/v2\/categories?post=1404"},{"taxonomy":"post_tag","embeddable":true,"href":"https:\/\/cedehm.org.mx\/es\/wp-json\/wp\/v2\/tags?post=1404"}],"curies":[{"name":"wp","href":"https:\/\/api.w.org\/{rel}","templated":true}]}}