{"id":1415,"date":"2014-07-26T15:19:00","date_gmt":"2014-07-26T15:19:00","guid":{"rendered":"https:\/\/cedehm.org.mx\/es\/2014\/07\/26\/gobernador-cesar-duarte-promulga-leyes-violatorias-de-derechos-humanos-adoptadas-sin-consulta-adecuada\/"},"modified":"2014-07-26T15:19:00","modified_gmt":"2014-07-26T15:19:00","slug":"gobernador-cesar-duarte-promulga-leyes-violatorias-de-derechos-humanos-adoptadas-sin-consulta-adecuada","status":"publish","type":"post","link":"https:\/\/cedehm.org.mx\/es\/2014\/07\/26\/gobernador-cesar-duarte-promulga-leyes-violatorias-de-derechos-humanos-adoptadas-sin-consulta-adecuada\/","title":{"rendered":"Gobernador C\u00e9sar Duarte promulga leyes violatorias de derechos humanos, adoptadas sin consulta adecuada"},"content":{"rendered":"<div style=\"margin-bottom: 0.0001pt; text-align: justify;\"><i><span lang=\"ES\" style=\"font-family: &quot;Arial&quot;,&quot;sans-serif&quot;; mso-ansi-language: ES; mso-bidi-font-family: &quot;Times New Roman&quot;;\">Ese actuar es violatorio al art\u00edculo 1\u00ba constitucional y a diversos tratados internacionales de derechos humanos<o:p><\/o:p><\/span><\/i><\/div>\n<div style=\"margin-bottom: 0.0001pt;\"><\/div>\n<div style=\"margin-bottom: 0.0001pt;\"><\/div>\n<div style=\"margin-bottom: 0.0001pt; text-align: justify;\"><span lang=\"ES\" style=\"font-family: &quot;Arial&quot;,&quot;sans-serif&quot;; font-size: 11.5pt; mso-ansi-language: ES; mso-bidi-font-family: &quot;Times New Roman&quot;; mso-bidi-font-size: 11.0pt;\">Chihuahua, Chih., 27 de julio de 2014. El pasado 22 de julio, C\u00e9sar Duarte promulg\u00f3 en el Peri\u00f3dico Oficial del Estado de Chihuahua<a href=\"file:\/\/\/D:\/Profiles\/psaenz\/Documents\/2014.07.23.%20comunicado%20promulgacion%20codigos%20para%20firma.doc#_ftn1\" name=\"_ftnref1\" title=\"\"><span><!--[if !supportFootnotes]--><span><span lang=\"ES\" style=\"font-size: 11.5pt; line-height: 115%;\">[1]<\/span><\/span><!--[endif]--><\/span><\/a>los nuevos c\u00f3digos de procedimientos civiles y familiares, en medio de una serie de cr\u00edticas por el contenido de ambas normas y el proceso por el cual fueron aprobadas. Aunque se hubiese esperado algo distinto, ese actuar no pod\u00eda ser de otra manera ya que es sabido que la presi\u00f3n de la aprobaci\u00f3n por parte del Congreso provino de Palacio de Gobierno.<o:p><\/o:p><\/span><\/div>\n<div style=\"margin-bottom: 0.0001pt; text-align: justify;\"><\/div>\n<div style=\"margin-bottom: 0.0001pt; text-align: justify;\"><span lang=\"ES\" style=\"font-family: &quot;Arial&quot;,&quot;sans-serif&quot;; font-size: 11.5pt; mso-ansi-language: ES; mso-bidi-font-family: &quot;Times New Roman&quot;; mso-bidi-font-size: 11.0pt;\">Como es sabido, el pasado 26 de junio pasado, 23 de los 33 diputados\/as del Congreso del Estado de Chihuahua votaron a favor, con siete honrosas excepciones que votaron en contra: <\/span><span style=\"font-family: &quot;Arial&quot;,&quot;sans-serif&quot;; font-size: 11.5pt; mso-ansi-language: ES-MX; mso-bidi-font-size: 11.0pt;\">Ana G\u00f3mez, Rogelio Loya y Humberto P\u00e9rez, del PAN; Hortensia Arag\u00f3n y Javier Mendoza, del PRD; Am\u00e9rica Aguilar del PT y Fernando Reyes del Movimiento Ciudadano.<o:p><\/o:p><\/span><\/div>\n<div style=\"margin-bottom: 0.0001pt; text-align: justify;\"><\/div>\n<div style=\"margin-bottom: 0.0001pt; text-align: justify;\"><span style=\"font-family: &quot;Arial&quot;,&quot;sans-serif&quot;; font-size: 11.5pt; mso-ansi-language: ES-MX; mso-bidi-font-size: 11.0pt;\">Esa aprobaci\u00f3n \u2013realizada a toda prisa, a puerta cerrada y sin previa lectura de las dos normas adjetivas a ser adoptadas- desobedeci\u00f3 a las expresiones de preocupaci\u00f3n sobre distintas disposiciones que carecen de perspectiva y violan varios derechos humanos contenidos en la Constituci\u00f3n mexicana y en varios tratados internacionales de los que el Estado mexicano es parte. Las personas que deber\u00edan ser representantes populares tambi\u00e9n cerraron el Congreso y lo rodearon de la fuerza p\u00fablica para impedir que ese mismo 26 de junio varias personas ingresaran al Congreso a escuchar el debate previo a la aprobaci\u00f3n de los c\u00f3digos.<o:p><\/o:p><\/span><\/div>\n<div style=\"margin-bottom: 0.0001pt; text-align: justify;\"><\/div>\n<div style=\"margin-bottom: 0.0001pt; text-align: justify;\"><span style=\"font-family: &quot;Arial&quot;,&quot;sans-serif&quot;; font-size: 11.5pt; mso-ansi-language: ES-MX; mso-bidi-font-size: 11.0pt;\">El actuar del Congreso estatal denost\u00f3 las diversas propuestas que se hicieron para perfeccionar los c\u00f3digos, en temas como el derecho a la vivienda; la agilizaci\u00f3n de tr\u00e1mites civiles y familiares en casos de personas desaparecidas; los divorcios; el reconocimiento de ni\u00f1as y ni\u00f1os; etc.<o:p><\/o:p><\/span><\/div>\n<div style=\"margin-bottom: 0.0001pt; text-align: justify;\"><\/div>\n<div style=\"margin-bottom: 0.0001pt; text-align: justify;\"><\/div>\n<div style=\"margin-bottom: 0.0001pt; text-align: justify;\"><span style=\"font-family: &quot;Arial&quot;,&quot;sans-serif&quot;; font-size: 11.5pt; mso-ansi-language: ES-MX; mso-bidi-font-size: 11.0pt;\">Pero la aprobaci\u00f3n de los ello no termin\u00f3 en el actuar arbitrario de los y las diputados. La falta de conocimiento sobre el tema y la arbitrariedad en el actuar de ese cuerpo colegiado se vieron reflejadas en las irresponsables y preocupantes declaraciones del <\/span><span lang=\"ES\" style=\"background: white; font-family: Arial, sans-serif; font-size: 11.5pt;\">coordinador de la mayor\u00eda partidaria en el Congreso estatal, el diputado del Partido Revolucionario Institucional (PRI) Rodrigo de la Rosa Ram\u00edrez<\/span><span style=\"font-family: &quot;Arial&quot;,&quot;sans-serif&quot;; font-size: 11.5pt; mso-ansi-language: ES-MX; mso-bidi-font-size: 11.0pt;\">, quien se\u00f1al\u00f3 lo siguiente: <\/span><span lang=\"ES\" style=\"background: white; font-family: Arial, sans-serif; font-size: 11.5pt;\">\u201cVeo intereses no muy claros de estas organizaciones civiles que se manifiestan. Los c\u00f3digos tienen 10 foros, lleva un a\u00f1o en ese proceso, hay permanente consulta, y casualmente dos o tres d\u00edas previos a subirse al pleno se manifiestan\u201d<a href=\"file:\/\/\/D:\/Profiles\/psaenz\/Documents\/2014.07.23.%20comunicado%20promulgacion%20codigos%20para%20firma.doc#_ftn2\" name=\"_ftnref2\" title=\"\"><span><!--[if !supportFootnotes]--><span><span lang=\"ES\" style=\"background-attachment: initial; background-clip: initial; background-image: initial; background-origin: initial; background-position: initial; background-repeat: initial; background-size: initial; color: black; font-family: Arial, sans-serif; font-size: 11.5pt; line-height: 115%;\">[2]<\/span><\/span><!--[endif]--><\/span><\/a>.<o:p><\/o:p><\/span><\/div>\n<div style=\"margin-bottom: 0.0001pt; text-align: justify;\"><\/div>\n<div style=\"margin-bottom: 0.0001pt; text-align: justify;\"><span lang=\"ES\" style=\"background: white; font-family: Arial, sans-serif; font-size: 11.5pt;\">Ese funcionario p\u00fablico \u2013al que le paga el erario y quien tiene una responsabilidad \u00e9tica y pol\u00edtica que cumplir- tambi\u00e9n dijo que:<\/span><span lang=\"ES\" style=\"font-family: &quot;Arial&quot;,&quot;sans-serif&quot;; font-size: 11.5pt; mso-ansi-language: ES; mso-bidi-font-family: &quot;Times New Roman&quot;; mso-bidi-font-size: 11.0pt;\"> \u201c<\/span><span lang=\"ES\" style=\"background: white; font-family: &quot;Arial&quot;,&quot;sans-serif&quot;; font-size: 11.5pt; mso-ansi-language: ES; mso-bidi-font-family: &quot;Times New Roman&quot;; mso-bidi-font-size: 13.5pt;\">En materia familiar, <\/span><span lang=\"ES\" style=\"background: white; font-family: &quot;Arial&quot;,&quot;sans-serif&quot;; font-size: 11.5pt; mso-ansi-language: ES; mso-bidi-font-size: 13.5pt;\">[\u2026]<\/span><span lang=\"ES\" style=\"background: white; font-family: &quot;Arial&quot;,&quot;sans-serif&quot;; font-size: 11.5pt; mso-ansi-language: ES; mso-bidi-font-family: &quot;Times New Roman&quot;; mso-bidi-font-size: 13.5pt;\"> no debe caerse en excesos y explic\u00f3 que en eso caen los grupos derechohumanistas feministas. \u2018Hay que establecer qu\u00e9 se considera violencia intrafamiliar\u2019; y termin\u00f3 sentenciando que \u201cTodos los que estamos casados, en vida de pareja, hemos tenido altercados, desacuerdos, y podemos llegar al grito, al jaloneo, pero eso no quiere decir que a la violencia, propiamente dicha\u2019.\u201d<a href=\"file:\/\/\/D:\/Profiles\/psaenz\/Documents\/2014.07.23.%20comunicado%20promulgacion%20codigos%20para%20firma.doc#_ftn3\" name=\"_ftnref3\" title=\"\"><span><!--[if !supportFootnotes]--><span><span lang=\"ES\" style=\"background-attachment: initial; background-clip: initial; background-image: initial; background-origin: initial; background-position: initial; background-repeat: initial; background-size: initial; font-size: 11.5pt; line-height: 115%;\">[3]<\/span><\/span><!--[endif]--><\/span><\/a><o:p><\/o:p><\/span><\/div>\n<div style=\"margin: 0cm 32.4pt 0.0001pt 36pt; text-align: justify;\"><\/div>\n<div style=\"margin-bottom: 0.0001pt; text-align: justify;\"><span lang=\"ES\" style=\"font-family: &quot;Arial&quot;,&quot;sans-serif&quot;; font-size: 11.5pt; mso-ansi-language: ES; mso-bidi-font-family: &quot;Times New Roman&quot;; mso-bidi-font-size: 11.0pt;\">Dado que, salvo contadas excepciones, fue imposible dialogar con los actores pol\u00edticos en Chihuahua, diversas organizaciones remitidos informaci\u00f3n a diferentes personas expertas del Sistema de derechos humanos de las Naciones Unidas y del Sistema Interamericano. Tambi\u00e9n remitimos dos misivas al Secretario de Gobernaci\u00f3n, en su calidad de Presidente del Sistema Nacional para Prevenir, Atender, Sancionar y Erradicar la Violencia contra las Mujeres. <o:p><\/o:p><\/span><\/div>\n<div style=\"margin-bottom: 0.0001pt; text-align: justify;\"><\/div>\n<div style=\"margin-bottom: 0.0001pt; text-align: justify;\"><span lang=\"ES\" style=\"font-family: &quot;Arial&quot;,&quot;sans-serif&quot;; font-size: 11.5pt; mso-ansi-language: ES; mso-bidi-font-family: &quot;Times New Roman&quot;; mso-bidi-font-size: 11.0pt;\">Cualquier Congreso tiene la obligaci\u00f3n de legislar conforme a los derechos humanos. En el caso el comento, ese deber est\u00e1 contenido, entre otros, en el art\u00edculo 1\u00ba de la Constituci\u00f3n Pol\u00edtica de los Estados Unidos Mexicanos, el art\u00edculo 2 de la Convenci\u00f3n Americana sobre Derechos Humanos (CADH), el art\u00edculo 2.2 del Pacto Internacional sobre Derechos Econ\u00f3micos, Sociales y Culturales, el art\u00edculo <\/span><span lang=\"ES\" style=\"font-family: &quot;Arial&quot;,&quot;sans-serif&quot;; font-size: 12.0pt; mso-ansi-language: ES; mso-bidi-font-family: &quot;Times New Roman&quot;; mso-bidi-font-size: 11.0pt;\">3 de la Convenci\u00f3n sobre la Eliminaci\u00f3n de Todas las Formas de Discriminaci\u00f3n contra la Mujer (CEDAW); los art\u00edculos <\/span><span lang=\"ES\" style=\"font-family: Arial, sans-serif; font-size: 12pt;\">6.a) y 7 de <\/span><span lang=\"ES\" style=\"font-family: &quot;Arial&quot;,&quot;sans-serif&quot;; font-size: 12.0pt; mso-ansi-language: ES; mso-bidi-font-family: &quot;Times New Roman&quot;; mso-bidi-font-size: 11.0pt;\">la Convenci\u00f3n Interamericana para Prevenir, Sancionar y Erradicar la Violencia contra las Mujeres (Convenci\u00f3n de Bel\u00e9m do Par\u00e1), el art\u00edculo 2 del Protocolo Facultativo a la CADH en Materia de Derechos Econ\u00f3micos, Sociales y Culturales (Protocolo de San Salvador), y el art\u00edculo I.d) de la Convenci\u00f3n Interamericana sobre Desaparici\u00f3n Forzada de Personas.<\/span><span lang=\"ES\" style=\"font-family: &quot;Arial&quot;,&quot;sans-serif&quot;; font-size: 11.5pt; mso-ansi-language: ES; mso-bidi-font-family: &quot;Times New Roman&quot;; mso-bidi-font-size: 11.0pt;\"><o:p><\/o:p><\/span><\/div>\n<div style=\"margin-bottom: 0.0001pt; text-align: justify;\"><\/div>\n<div style=\"margin-bottom: 0.0001pt; text-align: justify;\"><span lang=\"ES\" style=\"font-family: &quot;Arial&quot;,&quot;sans-serif&quot;; font-size: 11.5pt; mso-ansi-language: ES; mso-bidi-font-family: &quot;Times New Roman&quot;; mso-bidi-font-size: 11.0pt;\">En algunas oportunidades, se ha demostrado que en Chihuahua se puede avanzar en leyes respetuosas de derechos humanos. Ejemplo de ello fue el proceso incluyente y serio que deriv\u00f3 en la implementaci\u00f3n del sistema penal acusatorio en la entidad. De igual manera, recordamos el veto de las reformas a la Ley de Transparencia para que se pudieran modificar y garantizaran los m\u00e1s altos est\u00e1ndares en materia de derechos humanos.<o:p><\/o:p><\/span><\/div>\n<div style=\"margin-bottom: 0.0001pt; text-align: justify;\"><\/div>\n<div style=\"margin-bottom: 0.0001pt; text-align: justify;\"><span lang=\"ES\" style=\"font-family: &quot;Arial&quot;,&quot;sans-serif&quot;; font-size: 11.5pt; mso-ansi-language: ES; mso-bidi-font-family: &quot;Times New Roman&quot;; mso-bidi-font-size: 11.0pt;\">No obstante, en esta ocasi\u00f3n, el proceso mencionado nos recuerda por qu\u00e9 Chihuahua cuenta con m\u00e1s de 1,400 recomendaciones y resoluciones de instancias nacionales e internacionales por incumplimiento a las obligaciones en materia de derechos humanos. El d\u00eda de hoy se demuestra de nueva cuenta la arbitrariedad, el autoritarismo y la falta de escucha, que cada vez son m\u00e1s necesarias en esta entidad.<o:p><\/o:p><\/span><\/div>\n<div style=\"margin-bottom: 0.0001pt; text-align: justify;\"><\/div>\n<div style=\"margin-bottom: 0.0001pt; text-align: justify;\"><\/div>\n<div style=\"background: white; line-height: 14.2pt; margin-bottom: 2.25pt; margin-left: -6.0pt; margin-right: 0cm; margin-top: 0cm;\"><\/div>\n<div style=\"margin: 0cm 0cm 0.0001pt;\"><b><span lang=\"ES\" style=\"font-family: Arial, sans-serif; font-size: 11.5pt;\">Centro de Atenci\u00f3n a la Mujer Trabajadora, A.C. (CAMT)<o:p><\/o:p><\/span><\/b><\/div>\n<div style=\"margin: 0cm 0cm 0.0001pt;\"><b><span lang=\"ES\" style=\"font-family: Arial, sans-serif; font-size: 11.5pt;\">Centro de Derechos Humanos de las Mujeres, A.C. (CEDEHM)&nbsp;&nbsp;&nbsp;&nbsp;&nbsp;&nbsp;&nbsp;&nbsp;&nbsp;&nbsp; <o:p><\/o:p><\/span><\/b><\/div>\n<div style=\"margin: 0cm 0cm 0.0001pt;\"><b><span lang=\"ES\" style=\"font-family: Arial, sans-serif; font-size: 11.5pt;\">C\u00edrculo de Estudios de G\u00e9nero (CEG)<o:p><\/o:p><\/span><\/b><\/div>\n<div style=\"margin: 0cm 0cm 0.0001pt;\"><b><span lang=\"ES\" style=\"font-family: Arial, sans-serif; font-size: 11.5pt;\">Comisi\u00f3n de Solidaridad y Defensa de los Derechos Humanos, A. C. (COSYDDHAC)<o:p><\/o:p><\/span><\/b><\/div>\n<div style=\"margin: 0cm 0cm 0.0001pt;\"><b><span lang=\"ES\" style=\"font-family: Arial, sans-serif; font-size: 11.5pt;\">Consultor\u00eda T\u00e9cnica Comunitaria, A.C. (CONTEC)&nbsp;<o:p><\/o:p><\/span><\/b><\/div>\n<div style=\"margin: 0cm 0cm 0.0001pt;\"><b><span lang=\"ES\" style=\"font-family: Arial, sans-serif; font-size: 11.5pt;\">El Barz\u00f3n Chihuahua<o:p><\/o:p><\/span><\/b><\/div>\n<div style=\"margin: 0cm 0cm 0.0001pt;\"><b><span lang=\"ES\" style=\"font-family: Arial, sans-serif; font-size: 11.5pt;\">Justicia para Nuestras Hijas<o:p><\/o:p><\/span><\/b><\/div>\n<div style=\"margin: 0cm 0cm 0.0001pt;\"><b><span lang=\"ES\" style=\"font-family: Arial, sans-serif; font-size: 11.5pt;\">Fatima, I.B.P.<o:p><\/o:p><\/span><\/b><\/div>\n<div style=\"margin: 0cm 0cm 0.0001pt;\"><b><span lang=\"ES\" style=\"font-family: Arial, sans-serif; font-size: 11.5pt;\">Grupo Feminista 8 de marzo<o:p><\/o:p><\/span><\/b><\/div>\n<div style=\"margin: 0cm 0cm 0.0001pt;\"><b><span lang=\"ES\" style=\"font-family: Arial, sans-serif; font-size: 11.5pt;\">Grupo Promotor de los Derechos Pol\u00edticos de las Ciudadanas<o:p><\/o:p><\/span><\/b><\/div>\n<div style=\"margin: 0cm 0cm 0.0001pt;\"><b><span lang=\"ES\" style=\"font-family: Arial, sans-serif; font-size: 11.5pt;\">Kakum Colectiva<o:p><\/o:p><\/span><\/b><\/div>\n<div style=\"margin: 0cm 0cm 0.0001pt;\"><b><span lang=\"ES\" style=\"font-family: Arial, sans-serif; font-size: 11.5pt;\">Mujeres Barzonistas<o:p><\/o:p><\/span><\/b><\/div>\n<div style=\"margin: 0cm 0cm 0.0001pt;\"><b><span lang=\"ES\" style=\"font-family: Arial, sans-serif; font-size: 11.5pt;\">Mujeres por M\u00e9xico<o:p><\/o:p><\/span><\/b><\/div>\n<div style=\"margin: 0cm 0cm 0.0001pt;\"><b><span lang=\"ES\" style=\"font-family: Arial, sans-serif; font-size: 11.5pt;\">Observa Ciudadan@<o:p><\/o:p><\/span><\/b><\/div>\n<div style=\"margin: 0cm 0cm 0.0001pt;\"><b><span lang=\"ES\" style=\"font-family: Arial, sans-serif; font-size: 11.5pt;\">Organizaci\u00f3n para la Defensa del Patrimonio Familiar y los Derechos Humanos, A. C. (UCD Chihuahua)<o:p><\/o:p><\/span><\/b><\/div>\n<div style=\"margin: 0cm 0cm 0.0001pt;\"><b><span lang=\"ES\" style=\"font-family: Arial, sans-serif; font-size: 11.5pt;\">Red por la Partcipaci\u00f3n Ciudadana<o:p><\/o:p><\/span><\/b><\/div>\n<div style=\"margin: 0cm 0cm 0.0001pt;\"><b><span lang=\"ES\" style=\"font-family: Arial, sans-serif; font-size: 11.5pt;\">V\u00edctor Quintana Silveyra<o:p><\/o:p><\/span><\/b><\/div>\n<p><\/p>\n<div><!--[if !supportFootnotes]--><br clear=\"all\" \/><\/p>\n<hr align=\"left\" size=\"1\" width=\"33%\" \/><!--[endif]--> <\/p>\n<div>\n<div style=\"text-align: justify;\"><a href=\"file:\/\/\/D:\/Profiles\/psaenz\/Documents\/2014.07.23.%20comunicado%20promulgacion%20codigos%20para%20firma.doc#_ftnref1\" name=\"_ftn1\" title=\"\"><span><span lang=\"EN-US\" style=\"font-family: &quot;Arial&quot;,&quot;sans-serif&quot;; font-size: 9.5pt; mso-bidi-font-family: &quot;Times New Roman&quot;; mso-bidi-font-size: 10.0pt;\"><!--[if !supportFootnotes]--><span><span lang=\"EN-US\" style=\"font-size: 9.5pt; line-height: 115%;\">[1]<\/span><\/span><!--[endif]--><\/span><\/span><\/a><span lang=\"EN-US\" style=\"font-family: &quot;Arial&quot;,&quot;sans-serif&quot;; font-size: 9.5pt; mso-ansi-language: ES; mso-bidi-font-family: &quot;Times New Roman&quot;; mso-bidi-font-size: 10.0pt;\"> <\/span><span lang=\"ES\" style=\"font-family: &quot;Arial&quot;,&quot;sans-serif&quot;; font-size: 9.5pt; mso-ansi-language: ES; mso-bidi-font-family: &quot;Times New Roman&quot;; mso-bidi-font-size: 10.0pt;\">Ver, Diario Oficial del Estado de Chihuahua. <b>Decreto No. 493\/2014 II P.O., mediante el cual se expide el C\u00f3digo de Procedimientos Civiles del Estado de Chihuahua<\/b> y <b>Decreto No. 494\/2014 II P.O., mediante el cual se expide el C\u00f3digo de Procedimientos Familiares del Estado de Chihuahua<\/b>. No. 59, de fecha 23 de julio de 2014,&nbsp; Disponibles en: <a href=\"http:\/\/www.chihuahua.gob.mx\/atach2\/principal\/canales\/Adjuntos\/CN_15483CC_31114\/PO059_2014.pdf\">http:\/\/www.chihuahua.gob.mx\/atach2\/principal\/canales\/Adjuntos\/CN_15483CC_31114\/PO059_2014.pdf<\/a>(el anexo puede ser consultado en: <a href=\"http:\/\/www.chihuahua.gob.mx\/atach2\/principal\/canales\/Adjuntos\/CN_15483CC_31114\/ANEXO%20053-2014%20PMCHCJ-2014%20BAJO.pdf\">http:\/\/www.chihuahua.gob.mx\/atach2\/principal\/canales\/Adjuntos\/CN_15483CC_31114\/ANEXO%20053-2014%20PMCHCJ-2014%20BAJO.pdf<\/a><\/span><span lang=\"ES-TRAD\" style=\"font-family: &quot;Arial&quot;,&quot;sans-serif&quot;; font-size: 9.5pt; mso-ansi-language: ES-TRAD; mso-bidi-font-family: &quot;Times New Roman&quot;; mso-bidi-font-size: 10.0pt;\"><o:p><\/o:p><\/span><\/div>\n<\/div>\n<div>\n<div style=\"text-align: justify;\"><a href=\"file:\/\/\/D:\/Profiles\/psaenz\/Documents\/2014.07.23.%20comunicado%20promulgacion%20codigos%20para%20firma.doc#_ftnref2\" name=\"_ftn2\" title=\"\"><span><span lang=\"EN-US\" style=\"font-family: &quot;Arial&quot;,&quot;sans-serif&quot;; font-size: 9.5pt; mso-bidi-font-family: &quot;Times New Roman&quot;; mso-bidi-font-size: 10.0pt;\"><!--[if !supportFootnotes]--><span><span lang=\"EN-US\" style=\"font-size: 9.5pt; line-height: 115%;\">[2]<\/span><\/span><!--[endif]--><\/span><\/span><\/a><span lang=\"ES\" style=\"font-family: &quot;Arial&quot;,&quot;sans-serif&quot;; font-size: 9.5pt; mso-ansi-language: ES; mso-bidi-font-family: &quot;Times New Roman&quot;; mso-bidi-font-size: 10.0pt;\"> Ver, entre otras, Ahora mismo. <b>Se manifiestan porque les quitamos el negocio: De la Rosa<\/b>. Disponible en: <\/span><span lang=\"ES\" style=\"font-family: &quot;Arial&quot;,&quot;sans-serif&quot;; font-size: 9.5pt; mso-ansi-language: ES; mso-bidi-font-size: 15.0pt; mso-fareast-language: ES;\"><a href=\"http:\/\/www.ahoramismo.com.mx\/noticia.aspx?id=61195\"><span style=\"color: #103cc0; mso-bidi-font-size: 13.0pt;\">http:\/\/www.ahoramismo.com.mx\/noticia.aspx?id=61195<\/span><\/a>; y <\/span><span lang=\"ES\" style=\"font-family: &quot;Arial&quot;,&quot;sans-serif&quot;; font-size: 9.5pt; mso-ansi-language: ES; mso-bidi-font-family: &quot;Times New Roman&quot;; mso-bidi-font-size: 10.0pt;\">El Diario de Chihuahua. <\/span><b><span lang=\"ES\" style=\"font-family: &quot;Arial&quot;,&quot;sans-serif&quot;; font-size: 9.5pt; mso-ansi-language: ES; mso-bidi-font-family: &quot;Times New Roman&quot;; mso-bidi-font-size: 19.0pt;\">Cambian diputados ley para facilitar desalojo de casas<\/span><\/b><span lang=\"ES\" style=\"font-family: &quot;Arial&quot;,&quot;sans-serif&quot;; font-size: 9.5pt; mso-ansi-language: ES; mso-bidi-font-family: &quot;Times New Roman&quot;; mso-bidi-font-size: 19.0pt; mso-bidi-font-weight: bold;\">. Nota de 26 de junio de 2014. Disponible en:<b> <\/b><\/span><span lang=\"ES\" style=\"font-family: &quot;Arial&quot;,&quot;sans-serif&quot;; font-size: 9.5pt; mso-ansi-language: ES; mso-bidi-font-family: &quot;Times New Roman&quot;; mso-bidi-font-size: 19.0pt;\"><a href=\"http:\/\/diario.mx\/Estado\/2014-06-26_08da08fb\/aprueban-ley-estatal-que-facilita-desalojo-de-casas\/\">http:\/\/diario.mx\/Estado\/2014-06-26_08da08fb\/aprueban-ley-estatal-que-facilita-desalojo-de-casas\/<\/a><\/span><span lang=\"ES\" style=\"font-family: &quot;Arial&quot;,&quot;sans-serif&quot;; font-size: 9.5pt; mso-ansi-language: ES; mso-bidi-font-size: 15.0pt; mso-fareast-language: ES;\"> <\/span><span lang=\"ES\" style=\"font-family: &quot;Arial&quot;,&quot;sans-serif&quot;; font-size: 9.5pt; mso-ansi-language: ES; mso-bidi-font-family: &quot;Times New Roman&quot;; mso-bidi-font-size: 10.0pt;\"><o:p><\/o:p><\/span><\/div>\n<\/div>\n<div>\n<h1 style=\"background: white; margin-bottom: .0001pt; margin: 0cm; text-align: justify;\"><a href=\"file:\/\/\/D:\/Profiles\/psaenz\/Documents\/2014.07.23.%20comunicado%20promulgacion%20codigos%20para%20firma.doc#_ftnref3\" name=\"_ftn3\" title=\"\"><span><span lang=\"EN-US\" style=\"font-family: &quot;Arial&quot;,&quot;sans-serif&quot;; font-size: 9.5pt; font-weight: normal; mso-bidi-font-family: &quot;Times New Roman&quot;; mso-bidi-font-size: 24.0pt; mso-bidi-font-weight: bold;\"><!--[if !supportFootnotes]--><span><span lang=\"EN-US\" style=\"font-size: 9.5pt; line-height: 115%;\">[3]<\/span><\/span><!--[endif]--><\/span><\/span><\/a><span lang=\"ES\" style=\"font-family: &quot;Arial&quot;,&quot;sans-serif&quot;; font-size: 9.5pt; font-weight: normal; mso-ansi-language: ES; mso-bidi-font-family: &quot;Times New Roman&quot;; mso-bidi-font-size: 24.0pt; mso-bidi-font-weight: bold;\"> El Diario de Chihuahua.<\/span><span lang=\"ES\" style=\"font-family: &quot;Arial&quot;,&quot;sans-serif&quot;; font-size: 9.5pt; mso-ansi-language: ES; mso-bidi-font-family: &quot;Times New Roman&quot;; mso-bidi-font-size: 24.0pt;\"> <\/span><span lang=\"ES\" style=\"font-family: Arial, sans-serif; font-size: 9.5pt;\">Cambian diputados ley para facilitar desalojo de casas<\/span><span lang=\"ES\" style=\"font-family: Arial, sans-serif; font-size: 9.5pt; font-weight: normal;\">. Nota de 26 de junio de 2014. Disponible en: <\/span><span lang=\"ES\" style=\"font-family: &quot;Arial&quot;,&quot;sans-serif&quot;; font-size: 9.5pt; font-weight: normal; mso-ansi-language: ES; mso-bidi-font-size: 12.0pt; mso-bidi-font-weight: bold; mso-fareast-language: ES;\"><a href=\"http:\/\/diario.mx\/Estado\/2014-06-26_08da08fb\/cambian-diputados-ley-para-facilitar-desalojo-de-casas\/\"><span style=\"color: #103cc0; mso-bidi-font-size: 13.0pt;\">http:\/\/diario.mx\/Estado\/2014-06-26_08da08fb\/cambian-diputados-ley-para-facilitar-desalojo-de-casas\/<\/span><\/a><\/span><span lang=\"ES\" style=\"font-family: Arial, sans-serif; font-size: 9.5pt; font-weight: normal;\"><o:p><\/o:p><\/span><\/h1>\n<\/div>\n<\/div>\n","protected":false},"excerpt":{"rendered":"<p>Ese actuar es violatorio al art\u00edculo 1\u00ba constitucional y a diversos tratados internacionales de derechos humanos Chihuahua, Chih., 27 de julio de 2014. El pasado 22 de julio, C\u00e9sar Duarte promulg\u00f3 en el Peri\u00f3dico Oficial del Estado de Chihuahua[1]los nuevos c\u00f3digos de procedimientos civiles y familiares, en medio de una serie de cr\u00edticas por el [&hellip;]<\/p>\n","protected":false},"author":2,"featured_media":0,"comment_status":"open","ping_status":"open","sticky":false,"template":"","format":"standard","meta":{"footnotes":""},"categories":[1],"tags":[],"class_list":["post-1415","post","type-post","status-publish","format-standard","hentry","category-sin-categoria"],"_links":{"self":[{"href":"https:\/\/cedehm.org.mx\/es\/wp-json\/wp\/v2\/posts\/1415","targetHints":{"allow":["GET"]}}],"collection":[{"href":"https:\/\/cedehm.org.mx\/es\/wp-json\/wp\/v2\/posts"}],"about":[{"href":"https:\/\/cedehm.org.mx\/es\/wp-json\/wp\/v2\/types\/post"}],"author":[{"embeddable":true,"href":"https:\/\/cedehm.org.mx\/es\/wp-json\/wp\/v2\/users\/2"}],"replies":[{"embeddable":true,"href":"https:\/\/cedehm.org.mx\/es\/wp-json\/wp\/v2\/comments?post=1415"}],"version-history":[{"count":0,"href":"https:\/\/cedehm.org.mx\/es\/wp-json\/wp\/v2\/posts\/1415\/revisions"}],"wp:attachment":[{"href":"https:\/\/cedehm.org.mx\/es\/wp-json\/wp\/v2\/media?parent=1415"}],"wp:term":[{"taxonomy":"category","embeddable":true,"href":"https:\/\/cedehm.org.mx\/es\/wp-json\/wp\/v2\/categories?post=1415"},{"taxonomy":"post_tag","embeddable":true,"href":"https:\/\/cedehm.org.mx\/es\/wp-json\/wp\/v2\/tags?post=1415"}],"curies":[{"name":"wp","href":"https:\/\/api.w.org\/{rel}","templated":true}]}}