{"id":1429,"date":"2014-05-28T19:11:00","date_gmt":"2014-05-28T19:11:00","guid":{"rendered":"https:\/\/cedehm.org.mx\/es\/2014\/05\/28\/centro-de-derechos-humanos-de-las-mujeres-imparte-clinica-psico-juridica-en-la-ciudad-de-mexico\/"},"modified":"2014-05-28T19:11:00","modified_gmt":"2014-05-28T19:11:00","slug":"centro-de-derechos-humanos-de-las-mujeres-imparte-clinica-psico-juridica-en-la-ciudad-de-mexico","status":"publish","type":"post","link":"https:\/\/cedehm.org.mx\/es\/2014\/05\/28\/centro-de-derechos-humanos-de-las-mujeres-imparte-clinica-psico-juridica-en-la-ciudad-de-mexico\/","title":{"rendered":"Centro de Derechos Humanos de las Mujeres imparte cl\u00ednica psico jur\u00eddica en la ciudad de M\u00e9xico"},"content":{"rendered":"<div style=\"line-height: 17.05pt; margin-bottom: .0001pt; margin-bottom: 0cm; text-align: justify;\"><span style=\"font-family: Helvetica, sans-serif; font-size: 12pt;\">El pasado mes de mayo, el Centro de Derechos Humanos de las Mujeres (CEDEHM), &nbsp;realiz\u00f3 la primer cl\u00ednica psico jur\u00eddica en el Distrito Federal, dirigida a defensores y defensoras p\u00fablicos de 13 estados del pa\u00eds, en seguimiento a una serie de talleres que se han venido realizando desde el a\u00f1o pasado en distintos estados de la Rep\u00fablica, &nbsp;con el tema Derecho de las v\u00edctimas en el Sistema Penal Acusatorio.<o:p><\/o:p><\/span><\/div>\n<div style=\"line-height: 17.05pt; margin-bottom: .0001pt; margin-bottom: 0cm; text-align: justify;\"><\/div>\n<div style=\"line-height: 17.05pt; margin-bottom: .0001pt; margin-bottom: 0cm; text-align: justify;\"><span style=\"font-family: Helvetica, sans-serif; font-size: 12pt;\">Dicha cl\u00ednica tuvo como objetivo el an\u00e1lisis y la reflexi\u00f3n sobre la necesidad e importancia del trabajo multidisciplinario en la atenci\u00f3n de las v\u00edctimas del delito de violencia familiar y el desarrollo de habilidades estrat\u00e9gicas para el litigio en el Sistema Penal Acusatorio.<o:p><\/o:p><\/span><\/div>\n<div style=\"line-height: 17.05pt; margin-bottom: .0001pt; margin-bottom: 0cm; text-align: justify;\"><\/div>\n<div style=\"line-height: 17.05pt; margin-bottom: .0001pt; margin-bottom: 0cm; text-align: justify;\"><span style=\"font-family: Helvetica, sans-serif; font-size: 12pt;\">La cl\u00ednica se desarrollo a <\/span><span lang=\"ES\" style=\"font-family: Helvetica, sans-serif; font-size: 12pt;\">partir de casos pr\u00e1cticos del delito de violencia familiar, propuesta de un litigio estrat\u00e9gico en cada una de las etapas procesales, as\u00ed como la simulaci\u00f3n de audiencias ante Juez de Garant\u00eda y de Juicio Oral.<o:p><\/o:p><\/span><\/div>\n<div style=\"line-height: 17.05pt; margin-bottom: .0001pt; margin-bottom: 0cm; text-align: justify;\"><\/div>\n<div style=\"line-height: 17.05pt; margin-bottom: .0001pt; margin-bottom: 0cm; text-align: justify;\"><span style=\"font-family: Helvetica, sans-serif; font-size: 12pt;\">Por entidad federativa, s<\/span><span lang=\"ES\" style=\"font-family: Helvetica, sans-serif; font-size: 12pt;\">e realiz\u00f3 el an\u00e1lisis del tipo penal del delito de Violencia Familiar, a la luz de las Convenciones como son la Convenci\u00f2n sobre la Eliminaci\u00f2n de Todas las Formas de Discriminaci\u00f3n hacia la mujer (CEDAW), la Convenci\u00f3n para prevenir, sancionar y erradicar la violencia contra la mujer Belem Do Par\u00e1, y la Ley General de Acceso a las Mujeres a una vida libre de violencia; con la finalidad de identificar si el tipo penal de violencia familiar cumpl\u00eda con los est\u00e1ndares internacionales citados. De esta forma algunos Estados identificaron que tienen serias limitaciones legales para que las mujeres v\u00edctimas de violencia familiar puedan acceder a la justicia, con lo anterior, las personas participantes se llevaron la tarea de proponer las reformas legales necesarias para que para hacer efectivo este derecho.<o:p><\/o:p><\/span><\/div>\n<div style=\"line-height: 17.05pt; margin-bottom: .0001pt; margin-bottom: 0cm; text-align: justify;\"><\/div>\n<div style=\"line-height: 17.05pt; margin-bottom: .0001pt; margin-bottom: 0cm; text-align: justify;\"><span lang=\"ES\" style=\"font-family: Helvetica, sans-serif; font-size: 12pt;\">Se destac\u00f3 la importancia de identificar aquellos casos que aparentemente son tipificados como violencia familiar, pero que desde un enfoque derecho human\u00edstico y con la perspectiva de g\u00e9nero puedes identificar que est\u00e1n en presencia de un feminicidio en grado de tentativa, ya que en m\u00faltiples casos de violencia familiar, m\u00e1s all\u00e1 de la violencia f\u00edsica, existen m\u00faltiples casos donde la mujer presenta estrangulamiento.<o:p><\/o:p><\/span><\/div>\n<div style=\"line-height: 17.05pt; margin-bottom: .0001pt; margin-bottom: 0cm; text-align: justify;\"><\/div>\n<div style=\"line-height: 17.05pt; margin-bottom: .0001pt; margin-bottom: 0cm; text-align: justify;\"><span lang=\"ES\" style=\"font-family: Helvetica, sans-serif; font-size: 12pt;\">Merece menci\u00f3n especial la experiencia compartida desde el CEDEHM para que las v\u00edctimas obtengan reparaciones integrales, donde se valore los procesos de victimizaci\u00f3n que sufren a partir del delito, por la lentitud de los procesos legales, las afectaciones en su vida privada y familiar y el estigma social.<\/span><span style=\"font-family: Helvetica, sans-serif; font-size: 12pt;\"><o:p><\/o:p><\/span><\/div>\n<div style=\"line-height: 17.05pt; margin-bottom: .0001pt; margin-bottom: 0cm; text-align: justify;\"><\/div>\n<p><\/p>\n<div style=\"line-height: 17.05pt; margin-bottom: .0001pt; margin-bottom: 0cm; text-align: justify;\"><span style=\"font-family: Helvetica, sans-serif; font-size: 12pt;\">Las y los participantes realizaron varios ejercicios pr\u00e1cticos como fue: producir escritos, alegatos, preparar y ofrecer la declaraci\u00f3n de testigos, peritos forenses, etc. dentro de la simulaci\u00f3n de un juicio oral.<o:p><\/o:p><\/span><\/div>\n<div style=\"line-height: 17.05pt; margin-bottom: .0001pt; margin-bottom: 0cm; text-align: justify;\"><span style=\"font-family: Helvetica, sans-serif; font-size: 12pt;\"><br \/><\/span><\/div>\n<div style=\"clear: both; text-align: center;\"><a href=\"http:\/\/3.bp.blogspot.com\/-NDOGyYgUlW4\/U4Y0gdKPIUI\/AAAAAAAABGY\/BIWXjBsaCNE\/s1600\/DSC04226.JPG\" style=\"margin-left: 1em; margin-right: 1em;\"><img loading=\"lazy\" decoding=\"async\" border=\"0\" src=\"http:\/\/3.bp.blogspot.com\/-NDOGyYgUlW4\/U4Y0gdKPIUI\/AAAAAAAABGY\/BIWXjBsaCNE\/s1600\/DSC04226.JPG\" height=\"480\" width=\"640\" \/><\/a><\/div>\n<p><\/p>\n<div style=\"clear: both; text-align: center;\"><a href=\"http:\/\/4.bp.blogspot.com\/-_cOwMVu8o1U\/U4Y0gbsFk8I\/AAAAAAAABGg\/PDHHzsJ6wt4\/s1600\/DSC04237.JPG\" style=\"margin-left: 1em; margin-right: 1em;\"><img loading=\"lazy\" decoding=\"async\" border=\"0\" src=\"http:\/\/4.bp.blogspot.com\/-_cOwMVu8o1U\/U4Y0gbsFk8I\/AAAAAAAABGg\/PDHHzsJ6wt4\/s1600\/DSC04237.JPG\" height=\"480\" width=\"640\" \/><\/a><\/div>\n<p><\/p>\n<div style=\"clear: both; text-align: center;\"><a href=\"http:\/\/4.bp.blogspot.com\/-wCpjCy3dbHo\/U4Y0gsi-YfI\/AAAAAAAABGc\/45MzWATERM0\/s1600\/DSC04287.JPG\" style=\"margin-left: 1em; margin-right: 1em;\"><img loading=\"lazy\" decoding=\"async\" border=\"0\" src=\"http:\/\/4.bp.blogspot.com\/-wCpjCy3dbHo\/U4Y0gsi-YfI\/AAAAAAAABGc\/45MzWATERM0\/s1600\/DSC04287.JPG\" height=\"480\" width=\"640\" \/><\/a><\/div>\n<p><\/p>\n<div style=\"clear: both; text-align: center;\"><a href=\"http:\/\/3.bp.blogspot.com\/-LUzik5wBOr4\/U4Y0rNTFp5I\/AAAAAAAABGw\/8qvUYNAVfCo\/s1600\/DSC04393.JPG\" style=\"margin-left: 1em; margin-right: 1em;\"><img loading=\"lazy\" decoding=\"async\" border=\"0\" src=\"http:\/\/3.bp.blogspot.com\/-LUzik5wBOr4\/U4Y0rNTFp5I\/AAAAAAAABGw\/8qvUYNAVfCo\/s1600\/DSC04393.JPG\" height=\"480\" width=\"640\" \/><\/a><\/div>\n<div style=\"line-height: 17.05pt; margin-bottom: .0001pt; margin-bottom: 0cm; text-align: justify;\"><span style=\"font-family: Helvetica, sans-serif; font-size: 12pt;\"><br \/><\/span><\/div>\n","protected":false},"excerpt":{"rendered":"<p>El pasado mes de mayo, el Centro de Derechos Humanos de las Mujeres (CEDEHM), &nbsp;realiz\u00f3 la primer cl\u00ednica psico jur\u00eddica en el Distrito Federal, dirigida a defensores y defensoras p\u00fablicos de 13 estados del pa\u00eds, en seguimiento a una serie de talleres que se han venido realizando desde el a\u00f1o pasado en distintos estados de [&hellip;]<\/p>\n","protected":false},"author":2,"featured_media":0,"comment_status":"open","ping_status":"open","sticky":false,"template":"","format":"standard","meta":{"footnotes":""},"categories":[1],"tags":[],"class_list":["post-1429","post","type-post","status-publish","format-standard","hentry","category-sin-categoria"],"_links":{"self":[{"href":"https:\/\/cedehm.org.mx\/es\/wp-json\/wp\/v2\/posts\/1429","targetHints":{"allow":["GET"]}}],"collection":[{"href":"https:\/\/cedehm.org.mx\/es\/wp-json\/wp\/v2\/posts"}],"about":[{"href":"https:\/\/cedehm.org.mx\/es\/wp-json\/wp\/v2\/types\/post"}],"author":[{"embeddable":true,"href":"https:\/\/cedehm.org.mx\/es\/wp-json\/wp\/v2\/users\/2"}],"replies":[{"embeddable":true,"href":"https:\/\/cedehm.org.mx\/es\/wp-json\/wp\/v2\/comments?post=1429"}],"version-history":[{"count":0,"href":"https:\/\/cedehm.org.mx\/es\/wp-json\/wp\/v2\/posts\/1429\/revisions"}],"wp:attachment":[{"href":"https:\/\/cedehm.org.mx\/es\/wp-json\/wp\/v2\/media?parent=1429"}],"wp:term":[{"taxonomy":"category","embeddable":true,"href":"https:\/\/cedehm.org.mx\/es\/wp-json\/wp\/v2\/categories?post=1429"},{"taxonomy":"post_tag","embeddable":true,"href":"https:\/\/cedehm.org.mx\/es\/wp-json\/wp\/v2\/tags?post=1429"}],"curies":[{"name":"wp","href":"https:\/\/api.w.org\/{rel}","templated":true}]}}