{"id":1432,"date":"2014-05-07T18:15:00","date_gmt":"2014-05-07T18:15:00","guid":{"rendered":"https:\/\/cedehm.org.mx\/es\/2014\/05\/07\/presentacion-de-libro-y-colocacion-del-nombre-del-feminicidio-de-hester-van-nierop-en-memorial-campo-algodonero%e2%80%8f\/"},"modified":"2014-05-07T18:15:00","modified_gmt":"2014-05-07T18:15:00","slug":"presentacion-de-libro-y-colocacion-del-nombre-del-feminicidio-de-hester-van-nierop-en-memorial-campo-algodonero%e2%80%8f","status":"publish","type":"post","link":"https:\/\/cedehm.org.mx\/es\/2014\/05\/07\/presentacion-de-libro-y-colocacion-del-nombre-del-feminicidio-de-hester-van-nierop-en-memorial-campo-algodonero%e2%80%8f\/","title":{"rendered":"Presentaci\u00f3n de libro y colocaci\u00f3n del nombre del feminicidio de Hester van Nierop en memorial Campo Algodonero\u200f"},"content":{"rendered":"<div style=\"clear: both; text-align: center;\"><a href=\"http:\/\/3.bp.blogspot.com\/-VIB62Y4sFvc\/U2qJxm9PwCI\/AAAAAAAABB0\/73E2kSQelaI\/s1600\/logo.jpg\" style=\"clear: left; float: left; margin-bottom: 1em; margin-right: 1em;\"><img loading=\"lazy\" decoding=\"async\" border=\"0\" src=\"http:\/\/3.bp.blogspot.com\/-VIB62Y4sFvc\/U2qJxm9PwCI\/AAAAAAAABB0\/73E2kSQelaI\/s1600\/logo.jpg\" height=\"185\" width=\"200\" \/><\/a><\/div>\n<p>&nbsp;<a href=\"http:\/\/2.bp.blogspot.com\/-pWpxL-tIEMM\/U2qKFa9NdgI\/AAAAAAAABB8\/ySdcyANqo_s\/s1600\/hester.jpg\" style=\"margin-left: 1em; margin-right: 1em; text-align: center;\"><img loading=\"lazy\" decoding=\"async\" border=\"0\" src=\"http:\/\/2.bp.blogspot.com\/-pWpxL-tIEMM\/U2qKFa9NdgI\/AAAAAAAABB8\/ySdcyANqo_s\/s1600\/hester.jpg\" height=\"200\" width=\"189\" \/><\/a><a href=\"http:\/\/2.bp.blogspot.com\/-y_PZGIXCWI8\/U2qKG_O5coI\/AAAAAAAABCE\/9r1ZOPLsgjE\/s1600\/casa+amiga.jpg\" style=\"margin-left: 1em; margin-right: 1em; text-align: center;\"><img loading=\"lazy\" decoding=\"async\" border=\"0\" src=\"http:\/\/2.bp.blogspot.com\/-y_PZGIXCWI8\/U2qKG_O5coI\/AAAAAAAABCE\/9r1ZOPLsgjE\/s1600\/casa+amiga.jpg\" height=\"200\" width=\"175\" \/><\/a><\/p>\n<div style=\"background-color: white; margin-bottom: 5.75pt; text-align: center;\"><span style=\"font-family: Trebuchet MS, sans-serif;\"><br \/><\/span><\/div>\n<div style=\"background-color: white; margin-bottom: 5.75pt; text-align: center;\"><span style=\"font-family: Trebuchet MS, sans-serif;\"><br \/><\/span><\/div>\n<div style=\"background-color: white; margin-bottom: 5.75pt; text-align: center;\"><span style=\"font-family: Trebuchet MS, sans-serif;\">Campa\u00f1a \u00a1Ni una m\u00e1s, las queremos vivas!<\/span><\/div>\n<div style=\"background-color: white; margin-bottom: 5.75pt; text-align: justify;\"><span style=\"font-family: Trebuchet MS, sans-serif;\"><br \/><\/span><\/div>\n<div style=\"background-color: white; margin-bottom: 5.75pt; text-align: justify;\"><span style=\"font-family: Trebuchet MS, sans-serif;\"><br \/><\/span><\/div>\n<div style=\"background-color: white; margin-bottom: 5.75pt; text-align: justify;\"><span style=\"font-family: Trebuchet MS, sans-serif;\">Casa Amiga centro de crisis Esther Ch\u00e1vez Cano, &nbsp;El Centro de Derechos Humanos de las Mujeres, Fundaci\u00f3n Hester y Amigos de las Mujeres de Ju\u00e1rez de Nuevo M\u00e9xico, en el marco del 10 de mayo, las madres con hijas asesinadas \u201cnada tienen que celebrar\u201d y la &nbsp;campa\u00f1a \u00a1Ni una m\u00e1s, las queremos vivas! en el estado de Chihuahua, invitan al programa:<\/span><\/div>\n<div style=\"background-color: white; margin-bottom: 5.75pt; text-align: justify;\"><\/div>\n<div style=\"background-color: white; margin-bottom: 5.75pt; text-align: center;\"><span style=\"font-family: Trebuchet MS, sans-serif;\"><b>Presentaci\u00f3n del libro: Un grito de socorro desde Ju\u00e1rez, escrito por Ars\u00e9ne van Nierop<\/b><\/span><\/div>\n<div style=\"background-color: white; margin-bottom: 5.75pt; text-align: justify;\"><\/div>\n<div style=\"background-color: white; margin-bottom: 5.75pt; text-align: justify;\"><span style=\"font-family: Trebuchet MS, sans-serif;\">Martes 6 de mayo: presentaci\u00f3n del libro a las 10:00 hrs. en Casa Lamm, ciudad de M\u00e9xico&nbsp;<\/span><\/div>\n<div style=\"background-color: white; margin-bottom: 5.75pt; text-align: justify;\"><span style=\"font-family: Trebuchet MS, sans-serif;\"><br \/><\/span><\/div>\n<div style=\"background-color: white; margin-bottom: 5.75pt; text-align: justify;\"><span style=\"font-family: Trebuchet MS, sans-serif;\">Mi\u00e9rcoles 7 de mayo: presentaci\u00f3n del libro a las 14:00 hrs. En la Universidad Estatal de Nuevo M\u00e9xico (New Mexico State University) en Las Cruces, N.M. Center for Latin American and Border Studies (CLABS) en el Nason House.<\/span><\/div>\n<div style=\"background-color: white; margin-bottom: 5.75pt; text-align: justify;\"><span style=\"font-family: Trebuchet MS, sans-serif;\"><br \/><\/span><\/div>\n<div style=\"background-color: white; margin-bottom: 5.75pt; text-align: justify;\"><span style=\"font-family: Trebuchet MS, sans-serif;\">Jueves 8 de mayo: Colocaci\u00f3n del nombre de &nbsp;Hester Van Nierop a las 11:00 &nbsp;hrs. &nbsp;en el Memorial de Campo Algodonero en ciudad Ju\u00e1rez, por Ars\u00e9ne van Nierop, madre de Hester.<\/span><\/div>\n<div style=\"background-color: white; margin-bottom: 5.75pt; text-align: justify;\"><span style=\"font-family: Trebuchet MS, sans-serif;\"><br \/><\/span><\/div>\n<div style=\"background-color: white; margin-bottom: 5.75pt; text-align: justify;\"><span style=\"font-family: Trebuchet MS, sans-serif;\">Jueves 8 de mayo: presentaci\u00f3n del libro a las 18:00 hrs. en ciudad Ju\u00e1rez en el Auditorio del Colegio de Chihuahua, calle Partido D\u00edaz 4723 esquina con anillo envolvente del Pronaf Col Progresista (frente al centro cultural paso del Norte ).&nbsp;<\/span><\/div>\n<div style=\"background-color: white; margin-bottom: 5.75pt; text-align: justify;\"><span style=\"font-family: Trebuchet MS, sans-serif;\"><br \/><\/span><\/div>\n<div style=\"background-color: white; margin-bottom: 5.75pt; text-align: justify;\"><span style=\"font-family: Trebuchet MS, sans-serif;\">Viernes 9 de mayo: colocaci\u00f3n de ofrenda floral por Ars\u00e9ne, madre de Hester, a las 12:00 hrs. &nbsp;en la placa del memorial de Marisela Escobedo frente al Palacio de Gobierno de Chihuahua.<\/span><\/div>\n<div style=\"background-color: white; margin-bottom: 5.75pt; text-align: justify;\"><span style=\"font-family: Trebuchet MS, sans-serif;\"><br \/><\/span><\/div>\n<div style=\"background-color: white; margin-bottom: 5.75pt; text-align: justify;\"><span style=\"font-family: Trebuchet MS, sans-serif;\">Viernes 9 de mayo: presentaci\u00f3n del libro a las 18:00 hrs. En Chihuahua en el Centro de Derechos Humanos de las Mujeres A.C., Ave Ju\u00e1rez 4017-B Col. Centro.<\/span><\/div>\n","protected":false},"excerpt":{"rendered":"<p>&nbsp; Campa\u00f1a \u00a1Ni una m\u00e1s, las queremos vivas! Casa Amiga centro de crisis Esther Ch\u00e1vez Cano, &nbsp;El Centro de Derechos Humanos de las Mujeres, Fundaci\u00f3n Hester y Amigos de las Mujeres de Ju\u00e1rez de Nuevo M\u00e9xico, en el marco del 10 de mayo, las madres con hijas asesinadas \u201cnada tienen que celebrar\u201d y la &nbsp;campa\u00f1a [&hellip;]<\/p>\n","protected":false},"author":2,"featured_media":0,"comment_status":"open","ping_status":"open","sticky":false,"template":"","format":"standard","meta":{"footnotes":""},"categories":[1],"tags":[],"class_list":["post-1432","post","type-post","status-publish","format-standard","hentry","category-sin-categoria"],"_links":{"self":[{"href":"https:\/\/cedehm.org.mx\/es\/wp-json\/wp\/v2\/posts\/1432","targetHints":{"allow":["GET"]}}],"collection":[{"href":"https:\/\/cedehm.org.mx\/es\/wp-json\/wp\/v2\/posts"}],"about":[{"href":"https:\/\/cedehm.org.mx\/es\/wp-json\/wp\/v2\/types\/post"}],"author":[{"embeddable":true,"href":"https:\/\/cedehm.org.mx\/es\/wp-json\/wp\/v2\/users\/2"}],"replies":[{"embeddable":true,"href":"https:\/\/cedehm.org.mx\/es\/wp-json\/wp\/v2\/comments?post=1432"}],"version-history":[{"count":0,"href":"https:\/\/cedehm.org.mx\/es\/wp-json\/wp\/v2\/posts\/1432\/revisions"}],"wp:attachment":[{"href":"https:\/\/cedehm.org.mx\/es\/wp-json\/wp\/v2\/media?parent=1432"}],"wp:term":[{"taxonomy":"category","embeddable":true,"href":"https:\/\/cedehm.org.mx\/es\/wp-json\/wp\/v2\/categories?post=1432"},{"taxonomy":"post_tag","embeddable":true,"href":"https:\/\/cedehm.org.mx\/es\/wp-json\/wp\/v2\/tags?post=1432"}],"curies":[{"name":"wp","href":"https:\/\/api.w.org\/{rel}","templated":true}]}}