{"id":1433,"date":"2014-05-07T18:05:00","date_gmt":"2014-05-07T18:05:00","guid":{"rendered":"https:\/\/cedehm.org.mx\/es\/2014\/05\/07\/organizaciones-sociales-se-amparan-contra-la-ilegal-designacion-del-presidente-de-la-comision-estatal-de-derechos-humanos-de-chihuahua\/"},"modified":"2014-05-07T18:05:00","modified_gmt":"2014-05-07T18:05:00","slug":"organizaciones-sociales-se-amparan-contra-la-ilegal-designacion-del-presidente-de-la-comision-estatal-de-derechos-humanos-de-chihuahua","status":"publish","type":"post","link":"https:\/\/cedehm.org.mx\/es\/2014\/05\/07\/organizaciones-sociales-se-amparan-contra-la-ilegal-designacion-del-presidente-de-la-comision-estatal-de-derechos-humanos-de-chihuahua\/","title":{"rendered":"ORGANIZACIONES SOCIALES SE AMPARAN CONTRA LA ILEGAL DESIGNACION DEL PRESIDENTE DE LA COMISION ESTATAL DE DERECHOS HUMANOS DE CHIHUAHUA"},"content":{"rendered":"<div style=\"background: white; line-height: 15.95pt; margin-bottom: .0001pt; margin-bottom: 0cm; text-align: justify; text-justify: inter-ideograph;\"><span style=\"font-family: Trebuchet MS, sans-serif;\">Las organizaciones sociales que impulsaron la candidatura de la defensora de derechos humanos, &nbsp;de profesi\u00f3n abogada, &nbsp;Irma Villanueva N\u00e1jera,&nbsp;se convocaron en el Centro de Derechos Humanos de las Mujeres, para informar sobre los amparos que ser\u00e1n presentados este viernes&nbsp;9 de mayo a las&nbsp;13 hrs. en la sede de los tribunales federales.<span style=\"font-size: small;\"><o:p><\/o:p><\/span><\/span><\/div>\n<div style=\"background: white; line-height: 15.95pt; margin-bottom: .0001pt; margin-bottom: 0cm; text-align: justify; text-justify: inter-ideograph;\"><span style=\"font-family: Trebuchet MS, sans-serif;\">&nbsp; &nbsp;<o:p><\/o:p><\/span><\/div>\n<div style=\"background: white; line-height: 15.95pt; margin-bottom: .0001pt; margin-bottom: 0cm; text-align: justify; text-justify: inter-ideograph;\"><span style=\"font-family: Trebuchet MS, sans-serif;\">Motivada por el compromiso de las organizaciones de derechos humanos en el estado, con una trayectoria en el fortalecimiento de los derechos fundamentales, &nbsp;Irma Villanueva &nbsp;decidi\u00f3 aceptar el reto &nbsp;de postularse como candidata.<o:p><\/o:p><\/span><\/div>\n<div style=\"background: white; line-height: 15.95pt; margin-bottom: .0001pt; margin-bottom: 0cm; text-align: justify; text-justify: inter-ideograph;\"><\/div>\n<div style=\"background: white; line-height: 15.95pt; margin-bottom: .0001pt; margin-bottom: 0cm; text-align: justify; text-justify: inter-ideograph;\"><span style=\"font-family: Trebuchet MS, sans-serif;\">Alma G\u00f3mez Caballero, se\u00f1al\u00f3 que en M\u00e9xico estamos viviendo &nbsp;reformas legislativas &nbsp;que lesionan gravemente los derechos fundamentales de la ciudadan\u00eda y &nbsp;Chihuahua no es la excepci\u00f3n. &nbsp;La ilegal designaci\u00f3n de Jos\u00e9 Luis &nbsp;Armend\u00e1riz &nbsp;como Presidente de la CEDH &nbsp;refleja el control ejecutivo&nbsp;sobre un organismo aut\u00f3nomo, con la pretensi\u00f3n de acallar las escasas voces de denuncia ante las violaciones de derechos humanos en el estado.<o:p><\/o:p><\/span><\/div>\n<div style=\"background: white; line-height: 15.95pt; margin-bottom: .0001pt; margin-bottom: 0cm; text-align: justify; text-justify: inter-ideograph;\"><\/div>\n<div style=\"background: white; line-height: 15.95pt; margin-bottom: .0001pt; margin-bottom: 0cm; text-align: justify; text-justify: inter-ideograph;\"><span style=\"font-family: Trebuchet MS, sans-serif;\">Afirmando, que la cultura de la legalidad es una simulaci\u00f3n plasmada \u00fanicamente en una campa\u00f1a que no tiene que ver con la realidad de &nbsp;dos poderes que se someten a un gobierno superficial y autoritario de puertas cerradas.&nbsp;<o:p><\/o:p><\/span><\/div>\n<div style=\"background: white; line-height: 15.95pt; margin-bottom: .0001pt; margin-bottom: 0cm; text-align: justify; text-justify: inter-ideograph;\"><\/div>\n<div style=\"background: white; line-height: 15.95pt; margin-bottom: .0001pt; margin-bottom: 0cm; text-align: justify; text-justify: inter-ideograph;\"><span style=\"font-family: Trebuchet MS, sans-serif;\">Por otra parte, Alejandra Nu\u00f1o, &nbsp;experta en litigio internacional habl\u00f3 de la importancia de autonom\u00eda &nbsp;de los organismo p\u00fablicos de derechos humanos en M\u00e9xico;&nbsp;enfatiz\u00f3 que las decisiones del Congreso del Estado no est\u00e1n exentas de escrutinio ante la ilegal reelecci\u00f3n del actual presidente y por tanto insto al poder judicial de la federaci\u00f3n a que conceda los amparos de la justicia federal ante la grave violaci\u00f3n de la institucionalidad democr\u00e1tica del estado, &nbsp;de no hacerlo record\u00f3 que existen instancias internacionales a las que acudir\u00e1n de ser necesario, lo cual exhibir\u00e1 de nuevo al estado de chihuahua a nivel internacional.&nbsp;<o:p><\/o:p><\/span><\/div>\n<div style=\"background: white; line-height: 15.95pt; margin-bottom: .0001pt; margin-bottom: 0cm; text-align: justify; text-justify: inter-ideograph;\"><\/div>\n<p><span style=\"font-family: Trebuchet MS, sans-serif;\"><span style=\"line-height: 115%;\">Finalmente la Lic. Irma Villanueva, agradeci\u00f3 a las organizaciones de la sociedad civil Bowerasa, Centro de Derechos Humanos de las Mujeres, Centro de Derechos Humanos Paso del Norte, C\u00edrculo de Estudios de G\u00e9nero, Comisi\u00f3n de Solidaridad y Defensa de los Derechos Humanos, Ecos de Mirabal, El Barz\u00f3n Chihuahua, Grupo Feminista 8 de Marzo, Grupo G\u00e9nero Parral, J\u00f3venes ante la Emergencia Nacional, Justicia para Nuestras Hijas, Letra S, Mujeres Barzonistas, Observa Ciudadana, Organizaci\u00f3n de Defensa del Patrimonio Familiar y de los Derechos Humanos, Red por la participaci\u00f3n Ciudadana, Uni\u00f3n de vendedores ambulantes 1\u00ba. de mayo, Camilo Daniel P\u00e9rez, &nbsp;Diana Villalobos, Dr .V\u00edctor Quintana Silveyra, Hilda de la Vega Cobos,<\/span><b><i><span style=\"color: #666666; line-height: 115%;\">&nbsp;<\/span><\/i><\/b><span style=\"line-height: 115%;\"> que han depositado su confianza en su trabajo, afirmando que uno de los capitales pol\u00edticos que tienen &nbsp;las y los defensores de derechos humanos es la credibilidad y la congruencia, y esa la puso a &nbsp;disposici\u00f3n. Adem\u00e1s, reconoci\u00f3 la valent\u00eda de las organizaciones sociales que han estado defendiendo los derechos humanos por a\u00f1os y se sinti\u00f3 honrada de ser parte de ellas, reiterando que no es un proyecto personal.&nbsp;<\/span><\/span><\/p>\n","protected":false},"excerpt":{"rendered":"<p>Las organizaciones sociales que impulsaron la candidatura de la defensora de derechos humanos, &nbsp;de profesi\u00f3n abogada, &nbsp;Irma Villanueva N\u00e1jera,&nbsp;se convocaron en el Centro de Derechos Humanos de las Mujeres, para informar sobre los amparos que ser\u00e1n presentados este viernes&nbsp;9 de mayo a las&nbsp;13 hrs. en la sede de los tribunales federales. &nbsp; &nbsp; Motivada por [&hellip;]<\/p>\n","protected":false},"author":2,"featured_media":0,"comment_status":"open","ping_status":"open","sticky":false,"template":"","format":"standard","meta":{"footnotes":""},"categories":[1],"tags":[],"class_list":["post-1433","post","type-post","status-publish","format-standard","hentry","category-sin-categoria"],"_links":{"self":[{"href":"https:\/\/cedehm.org.mx\/es\/wp-json\/wp\/v2\/posts\/1433","targetHints":{"allow":["GET"]}}],"collection":[{"href":"https:\/\/cedehm.org.mx\/es\/wp-json\/wp\/v2\/posts"}],"about":[{"href":"https:\/\/cedehm.org.mx\/es\/wp-json\/wp\/v2\/types\/post"}],"author":[{"embeddable":true,"href":"https:\/\/cedehm.org.mx\/es\/wp-json\/wp\/v2\/users\/2"}],"replies":[{"embeddable":true,"href":"https:\/\/cedehm.org.mx\/es\/wp-json\/wp\/v2\/comments?post=1433"}],"version-history":[{"count":0,"href":"https:\/\/cedehm.org.mx\/es\/wp-json\/wp\/v2\/posts\/1433\/revisions"}],"wp:attachment":[{"href":"https:\/\/cedehm.org.mx\/es\/wp-json\/wp\/v2\/media?parent=1433"}],"wp:term":[{"taxonomy":"category","embeddable":true,"href":"https:\/\/cedehm.org.mx\/es\/wp-json\/wp\/v2\/categories?post=1433"},{"taxonomy":"post_tag","embeddable":true,"href":"https:\/\/cedehm.org.mx\/es\/wp-json\/wp\/v2\/tags?post=1433"}],"curies":[{"name":"wp","href":"https:\/\/api.w.org\/{rel}","templated":true}]}}