{"id":1446,"date":"2014-03-06T19:01:00","date_gmt":"2014-03-06T19:01:00","guid":{"rendered":"https:\/\/cedehm.org.mx\/es\/2014\/03\/06\/8-de-marzo-presentacion-de-casos-emblematicos-que-evidencian-violencias-impunidad-y-discriminacion-hacia-las-mujeres-en-chihuahua\/"},"modified":"2014-03-06T19:01:00","modified_gmt":"2014-03-06T19:01:00","slug":"8-de-marzo-presentacion-de-casos-emblematicos-que-evidencian-violencias-impunidad-y-discriminacion-hacia-las-mujeres-en-chihuahua","status":"publish","type":"post","link":"https:\/\/cedehm.org.mx\/es\/2014\/03\/06\/8-de-marzo-presentacion-de-casos-emblematicos-que-evidencian-violencias-impunidad-y-discriminacion-hacia-las-mujeres-en-chihuahua\/","title":{"rendered":"8 de marzo: presentaci\u00f3n de casos emblem\u00e1ticos que evidencian violencias, impunidad y discriminaci\u00f3n hacia las mujeres en Chihuahua."},"content":{"rendered":"<p><!--[if gte mso 9]><xml> <o:OfficeDocumentSettings>  <o:RelyOnVML\/>  <o:AllowPNG\/> <\/o:OfficeDocumentSettings><\/xml><![endif]--><br \/><!--[if gte mso 9]><xml> <w:WordDocument>  <w:View>Normal<\/w:View>  <w:Zoom>0<\/w:Zoom>  <w:TrackMoves\/>  <w:TrackFormatting\/>  <w:HyphenationZone>21<\/w:HyphenationZone>  <w:PunctuationKerning\/>  <w:ValidateAgainstSchemas\/>  <w:SaveIfXMLInval>false<\/w:SaveIfXMLInvalid>  <w:IgnoreMixedContent>false<\/w:IgnoreMixedContent>  <w:AlwaysShowPlaceholderText>false<\/w:AlwaysShowPlaceholderText>  <w:DoNotPromoteQF\/>  <w:LidThemeOther>ES-MX<\/w:LidThemeOther>  <w:LidThemeAsian>X-NONE<\/w:LidThemeAsian>  <w:LidThemeComplexScript>X-NONE<\/w:LidThemeComplexScript>  <w:Compatibility>   <w:BreakWrappedTables\/>   <w:SnapToGridInCell\/>   <w:WrapTextWithPunct\/>   <w:UseAsianBreakRules\/>   <w:DontGrowAutofit\/>   <w:SplitPgBreakAndParaMark\/>   <w:DontVertAlignCellWithSp\/>   <w:DontBreakConstrainedForcedTables\/>   <w:DontVertAlignInTxbx\/>   <w:Word11KerningPairs\/>   <w:CachedColBalance\/>  <\/w:Compatibility>  <m:mathPr>   <m:mathFont m:val=\"Cambria Math\"\/>   <m:brkBin m:val=\"before\"\/>   <m:brkBinSub m:val=\"&#45;-\"\/>   <m:smallFrac m:val=\"off\"\/>   <m:dispDef\/>   <m:lMargin m:val=\"0\"\/>   <m:rMargin m:val=\"0\"\/>   <m:defJc m:val=\"centerGroup\"\/>   <m:wrapIndent m:val=\"1440\"\/>   <m:intLim m:val=\"subSup\"\/>   <m:naryLim m:val=\"undOvr\"\/>  <\/m:mathPr><\/w:WordDocument><\/xml><![endif]--><!--[if gte mso 9]><xml> <w:LatentStyles DefLockedState=\"false\" DefUnhideWhenUsed=\"true\"   DefSemiHidden=\"true\" DefQFormat=\"false\" DefPriority=\"99\"   LatentStyleCount=\"267\">  <w:LsdException Locked=\"false\" Priority=\"0\" SemiHidden=\"false\"    UnhideWhenUsed=\"false\" QFormat=\"true\" Name=\"Normal\"\/>  <w:LsdException Locked=\"false\" Priority=\"9\" SemiHidden=\"false\"    UnhideWhenUsed=\"false\" QFormat=\"true\" Name=\"heading 1\"\/>  <w:LsdException Locked=\"false\" Priority=\"9\" QFormat=\"true\" Name=\"heading 2\"\/>  <w:LsdException Locked=\"false\" Priority=\"9\" QFormat=\"true\" Name=\"heading 3\"\/>  <w:LsdException Locked=\"false\" Priority=\"9\" QFormat=\"true\" Name=\"heading 4\"\/>  <w:LsdException Locked=\"false\" Priority=\"9\" QFormat=\"true\" Name=\"heading 5\"\/>  <w:LsdException Locked=\"false\" Priority=\"9\" QFormat=\"true\" Name=\"heading 6\"\/>  <w:LsdException Locked=\"false\" Priority=\"9\" QFormat=\"true\" Name=\"heading 7\"\/>  <w:LsdException Locked=\"false\" Priority=\"9\" QFormat=\"true\" Name=\"heading 8\"\/>  <w:LsdException Locked=\"false\" Priority=\"9\" QFormat=\"true\" Name=\"heading 9\"\/>  <w:LsdException Locked=\"false\" Priority=\"39\" Name=\"toc 1\"\/>  <w:LsdException Locked=\"false\" Priority=\"39\" Name=\"toc 2\"\/>  <w:LsdException Locked=\"false\" Priority=\"39\" Name=\"toc 3\"\/>  <w:LsdException Locked=\"false\" Priority=\"39\" Name=\"toc 4\"\/>  <w:LsdException Locked=\"false\" Priority=\"39\" Name=\"toc 5\"\/>  <w:LsdException Locked=\"false\" Priority=\"39\" Name=\"toc 6\"\/>  <w:LsdException Locked=\"false\" Priority=\"39\" Name=\"toc 7\"\/>  <w:LsdException Locked=\"false\" Priority=\"39\" Name=\"toc 8\"\/>  <w:LsdException Locked=\"false\" Priority=\"39\" Name=\"toc 9\"\/>  <w:LsdException Locked=\"false\" Priority=\"35\" QFormat=\"true\" Name=\"caption\"\/>  <w:LsdException Locked=\"false\" Priority=\"10\" SemiHidden=\"false\"    UnhideWhenUsed=\"false\" QFormat=\"true\" Name=\"Title\"\/>  <w:LsdException Locked=\"false\" Priority=\"1\" Name=\"Default Paragraph Font\"\/>  <w:LsdException Locked=\"false\" Priority=\"11\" SemiHidden=\"false\"    UnhideWhenUsed=\"false\" QFormat=\"true\" Name=\"Subtitle\"\/>  <w:LsdException Locked=\"false\" Priority=\"22\" SemiHidden=\"false\"    UnhideWhenUsed=\"false\" QFormat=\"true\" Name=\"Strong\"\/>  <w:LsdException Locked=\"false\" Priority=\"20\" SemiHidden=\"false\"    UnhideWhenUsed=\"false\" QFormat=\"true\" Name=\"Emphasis\"\/>  <w:LsdException Locked=\"false\" Priority=\"59\" SemiHidden=\"false\"    UnhideWhenUsed=\"false\" Name=\"Table Grid\"\/>  <w:LsdException Locked=\"false\" UnhideWhenUsed=\"false\" Name=\"Placeholder Text\"\/>  <w:LsdException Locked=\"false\" Priority=\"1\" SemiHidden=\"false\"    UnhideWhenUsed=\"false\" QFormat=\"true\" Name=\"No Spacing\"\/>  <w:LsdException Locked=\"false\" Priority=\"60\" SemiHidden=\"false\"    UnhideWhenUsed=\"false\" Name=\"Light Shading\"\/>  <w:LsdException Locked=\"false\" Priority=\"61\" SemiHidden=\"false\"    UnhideWhenUsed=\"false\" Name=\"Light List\"\/>  <w:LsdException Locked=\"false\" Priority=\"62\" SemiHidden=\"false\"    UnhideWhenUsed=\"false\" Name=\"Light Grid\"\/>  <w:LsdException Locked=\"false\" Priority=\"63\" SemiHidden=\"false\"    UnhideWhenUsed=\"false\" Name=\"Medium Shading 1\"\/>  <w:LsdException Locked=\"false\" Priority=\"64\" SemiHidden=\"false\"    UnhideWhenUsed=\"false\" Name=\"Medium Shading 2\"\/>  <w:LsdException Locked=\"false\" Priority=\"65\" SemiHidden=\"false\"    UnhideWhenUsed=\"false\" Name=\"Medium List 1\"\/>  <w:LsdException Locked=\"false\" Priority=\"66\" SemiHidden=\"false\"    UnhideWhenUsed=\"false\" Name=\"Medium List 2\"\/>  <w:LsdException Locked=\"false\" Priority=\"67\" SemiHidden=\"false\"    UnhideWhenUsed=\"false\" Name=\"Medium Grid 1\"\/>  <w:LsdException Locked=\"false\" Priority=\"68\" SemiHidden=\"false\"    UnhideWhenUsed=\"false\" Name=\"Medium Grid 2\"\/>  <w:LsdException Locked=\"false\" Priority=\"69\" SemiHidden=\"false\"    UnhideWhenUsed=\"false\" Name=\"Medium Grid 3\"\/>  <w:LsdException Locked=\"false\" Priority=\"70\" SemiHidden=\"false\"    UnhideWhenUsed=\"false\" Name=\"Dark List\"\/>  <w:LsdException Locked=\"false\" Priority=\"71\" SemiHidden=\"false\"    UnhideWhenUsed=\"false\" Name=\"Colorful Shading\"\/>  <w:LsdException Locked=\"false\" Priority=\"72\" SemiHidden=\"false\"    UnhideWhenUsed=\"false\" Name=\"Colorful List\"\/>  <w:LsdException Locked=\"false\" Priority=\"73\" SemiHidden=\"false\"    UnhideWhenUsed=\"false\" Name=\"Colorful Grid\"\/>  <w:LsdException Locked=\"false\" Priority=\"60\" SemiHidden=\"false\"    UnhideWhenUsed=\"false\" Name=\"Light Shading Accent 1\"\/>  <w:LsdException Locked=\"false\" Priority=\"61\" SemiHidden=\"false\"    UnhideWhenUsed=\"false\" Name=\"Light List Accent 1\"\/>  <w:LsdException Locked=\"false\" Priority=\"62\" SemiHidden=\"false\"    UnhideWhenUsed=\"false\" Name=\"Light Grid Accent 1\"\/>  <w:LsdException Locked=\"false\" Priority=\"63\" SemiHidden=\"false\"    UnhideWhenUsed=\"false\" Name=\"Medium Shading 1 Accent 1\"\/>  <w:LsdException Locked=\"false\" Priority=\"64\" SemiHidden=\"false\"    UnhideWhenUsed=\"false\" Name=\"Medium Shading 2 Accent 1\"\/>  <w:LsdException Locked=\"false\" Priority=\"65\" SemiHidden=\"false\"    UnhideWhenUsed=\"false\" Name=\"Medium List 1 Accent 1\"\/>  <w:LsdException Locked=\"false\" UnhideWhenUsed=\"false\" Name=\"Revision\"\/>  <w:LsdException Locked=\"false\" Priority=\"34\" SemiHidden=\"false\"    UnhideWhenUsed=\"false\" QFormat=\"true\" Name=\"List Paragraph\"\/>  <w:LsdException Locked=\"false\" Priority=\"29\" SemiHidden=\"false\"    UnhideWhenUsed=\"false\" QFormat=\"true\" Name=\"Quote\"\/>  <w:LsdException Locked=\"false\" Priority=\"30\" SemiHidden=\"false\"    UnhideWhenUsed=\"false\" QFormat=\"true\" Name=\"Intense Quote\"\/>  <w:LsdException Locked=\"false\" Priority=\"66\" SemiHidden=\"false\"    UnhideWhenUsed=\"false\" Name=\"Medium List 2 Accent 1\"\/>  <w:LsdException Locked=\"false\" Priority=\"67\" SemiHidden=\"false\"    UnhideWhenUsed=\"false\" Name=\"Medium Grid 1 Accent 1\"\/>  <w:LsdException Locked=\"false\" Priority=\"68\" SemiHidden=\"false\"    UnhideWhenUsed=\"false\" Name=\"Medium Grid 2 Accent 1\"\/>  <w:LsdException Locked=\"false\" Priority=\"69\" SemiHidden=\"false\"    UnhideWhenUsed=\"false\" Name=\"Medium Grid 3 Accent 1\"\/>  <w:LsdException Locked=\"false\" Priority=\"70\" SemiHidden=\"false\"    UnhideWhenUsed=\"false\" Name=\"Dark List Accent 1\"\/>  <w:LsdException Locked=\"false\" Priority=\"71\" SemiHidden=\"false\"    UnhideWhenUsed=\"false\" Name=\"Colorful Shading Accent 1\"\/>  <w:LsdException Locked=\"false\" Priority=\"72\" SemiHidden=\"false\"    UnhideWhenUsed=\"false\" Name=\"Colorful List Accent 1\"\/>  <w:LsdException Locked=\"false\" Priority=\"73\" SemiHidden=\"false\"    UnhideWhenUsed=\"false\" Name=\"Colorful Grid Accent 1\"\/>  <w:LsdException Locked=\"false\" Priority=\"60\" SemiHidden=\"false\"    UnhideWhenUsed=\"false\" Name=\"Light Shading Accent 2\"\/>  <w:LsdException Locked=\"false\" Priority=\"61\" SemiHidden=\"false\"    UnhideWhenUsed=\"false\" Name=\"Light List Accent 2\"\/>  <w:LsdException Locked=\"false\" Priority=\"62\" SemiHidden=\"false\"    UnhideWhenUsed=\"false\" Name=\"Light Grid Accent 2\"\/>  <w:LsdException Locked=\"false\" Priority=\"63\" SemiHidden=\"false\"    UnhideWhenUsed=\"false\" Name=\"Medium Shading 1 Accent 2\"\/>  <w:LsdException Locked=\"false\" Priority=\"64\" SemiHidden=\"false\"    UnhideWhenUsed=\"false\" Name=\"Medium Shading 2 Accent 2\"\/>  <w:LsdException Locked=\"false\" Priority=\"65\" SemiHidden=\"false\"    UnhideWhenUsed=\"false\" Name=\"Medium List 1 Accent 2\"\/>  <w:LsdException Locked=\"false\" Priority=\"66\" SemiHidden=\"false\"    UnhideWhenUsed=\"false\" Name=\"Medium List 2 Accent 2\"\/>  <w:LsdException Locked=\"false\" Priority=\"67\" SemiHidden=\"false\"    UnhideWhenUsed=\"false\" Name=\"Medium Grid 1 Accent 2\"\/>  <w:LsdException Locked=\"false\" Priority=\"68\" SemiHidden=\"false\"    UnhideWhenUsed=\"false\" Name=\"Medium Grid 2 Accent 2\"\/>  <w:LsdException Locked=\"false\" Priority=\"69\" SemiHidden=\"false\"    UnhideWhenUsed=\"false\" Name=\"Medium Grid 3 Accent 2\"\/>  <w:LsdException Locked=\"false\" Priority=\"70\" SemiHidden=\"false\"    UnhideWhenUsed=\"false\" Name=\"Dark List Accent 2\"\/>  <w:LsdException Locked=\"false\" Priority=\"71\" SemiHidden=\"false\"    UnhideWhenUsed=\"false\" Name=\"Colorful Shading Accent 2\"\/>  <w:LsdException Locked=\"false\" Priority=\"72\" SemiHidden=\"false\"    UnhideWhenUsed=\"false\" Name=\"Colorful List Accent 2\"\/>  <w:LsdException Locked=\"false\" Priority=\"73\" SemiHidden=\"false\"    UnhideWhenUsed=\"false\" Name=\"Colorful Grid Accent 2\"\/>  <w:LsdException Locked=\"false\" Priority=\"60\" SemiHidden=\"false\"    UnhideWhenUsed=\"false\" Name=\"Light Shading Accent 3\"\/>  <w:LsdException Locked=\"false\" Priority=\"61\" SemiHidden=\"false\"    UnhideWhenUsed=\"false\" Name=\"Light List Accent 3\"\/>  <w:LsdException Locked=\"false\" Priority=\"62\" SemiHidden=\"false\"    UnhideWhenUsed=\"false\" Name=\"Light Grid Accent 3\"\/>  <w:LsdException Locked=\"false\" Priority=\"63\" SemiHidden=\"false\"    UnhideWhenUsed=\"false\" Name=\"Medium Shading 1 Accent 3\"\/>  <w:LsdException Locked=\"false\" Priority=\"64\" SemiHidden=\"false\"    UnhideWhenUsed=\"false\" Name=\"Medium Shading 2 Accent 3\"\/>  <w:LsdException Locked=\"false\" Priority=\"65\" SemiHidden=\"false\"    UnhideWhenUsed=\"false\" Name=\"Medium List 1 Accent 3\"\/>  <w:LsdException Locked=\"false\" Priority=\"66\" SemiHidden=\"false\"    UnhideWhenUsed=\"false\" Name=\"Medium List 2 Accent 3\"\/>  <w:LsdException Locked=\"false\" Priority=\"67\" SemiHidden=\"false\"    UnhideWhenUsed=\"false\" Name=\"Medium Grid 1 Accent 3\"\/>  <w:LsdException Locked=\"false\" Priority=\"68\" SemiHidden=\"false\"    UnhideWhenUsed=\"false\" Name=\"Medium Grid 2 Accent 3\"\/>  <w:LsdException Locked=\"false\" Priority=\"69\" SemiHidden=\"false\"    UnhideWhenUsed=\"false\" Name=\"Medium Grid 3 Accent 3\"\/>  <w:LsdException Locked=\"false\" Priority=\"70\" SemiHidden=\"false\"    UnhideWhenUsed=\"false\" Name=\"Dark List Accent 3\"\/>  <w:LsdException Locked=\"false\" Priority=\"71\" SemiHidden=\"false\"    UnhideWhenUsed=\"false\" Name=\"Colorful Shading Accent 3\"\/>  <w:LsdException Locked=\"false\" Priority=\"72\" SemiHidden=\"false\"    UnhideWhenUsed=\"false\" Name=\"Colorful List Accent 3\"\/>  <w:LsdException Locked=\"false\" Priority=\"73\" SemiHidden=\"false\"    UnhideWhenUsed=\"false\" Name=\"Colorful Grid Accent 3\"\/>  <w:LsdException Locked=\"false\" Priority=\"60\" SemiHidden=\"false\"    UnhideWhenUsed=\"false\" Name=\"Light Shading Accent 4\"\/>  <w:LsdException Locked=\"false\" Priority=\"61\" SemiHidden=\"false\"    UnhideWhenUsed=\"false\" Name=\"Light List Accent 4\"\/>  <w:LsdException Locked=\"false\" Priority=\"62\" SemiHidden=\"false\"    UnhideWhenUsed=\"false\" Name=\"Light Grid Accent 4\"\/>  <w:LsdException Locked=\"false\" Priority=\"63\" SemiHidden=\"false\"    UnhideWhenUsed=\"false\" Name=\"Medium Shading 1 Accent 4\"\/>  <w:LsdException Locked=\"false\" Priority=\"64\" SemiHidden=\"false\"    UnhideWhenUsed=\"false\" Name=\"Medium Shading 2 Accent 4\"\/>  <w:LsdException Locked=\"false\" Priority=\"65\" SemiHidden=\"false\"    UnhideWhenUsed=\"false\" Name=\"Medium List 1 Accent 4\"\/>  <w:LsdException Locked=\"false\" Priority=\"66\" SemiHidden=\"false\"    UnhideWhenUsed=\"false\" Name=\"Medium List 2 Accent 4\"\/>  <w:LsdException Locked=\"false\" Priority=\"67\" SemiHidden=\"false\"    UnhideWhenUsed=\"false\" Name=\"Medium Grid 1 Accent 4\"\/>  <w:LsdException Locked=\"false\" Priority=\"68\" SemiHidden=\"false\"    UnhideWhenUsed=\"false\" Name=\"Medium Grid 2 Accent 4\"\/>  <w:LsdException Locked=\"false\" Priority=\"69\" SemiHidden=\"false\"    UnhideWhenUsed=\"false\" Name=\"Medium Grid 3 Accent 4\"\/>  <w:LsdException Locked=\"false\" Priority=\"70\" SemiHidden=\"false\"    UnhideWhenUsed=\"false\" Name=\"Dark List Accent 4\"\/>  <w:LsdException Locked=\"false\" Priority=\"71\" SemiHidden=\"false\"    UnhideWhenUsed=\"false\" Name=\"Colorful Shading Accent 4\"\/>  <w:LsdException Locked=\"false\" Priority=\"72\" SemiHidden=\"false\"    UnhideWhenUsed=\"false\" Name=\"Colorful List Accent 4\"\/>  <w:LsdException Locked=\"false\" Priority=\"73\" SemiHidden=\"false\"    UnhideWhenUsed=\"false\" Name=\"Colorful Grid Accent 4\"\/>  <w:LsdException Locked=\"false\" Priority=\"60\" SemiHidden=\"false\"    UnhideWhenUsed=\"false\" Name=\"Light Shading Accent 5\"\/>  <w:LsdException Locked=\"false\" Priority=\"61\" SemiHidden=\"false\"    UnhideWhenUsed=\"false\" Name=\"Light List Accent 5\"\/>  <w:LsdException Locked=\"false\" Priority=\"62\" SemiHidden=\"false\"    UnhideWhenUsed=\"false\" Name=\"Light Grid Accent 5\"\/>  <w:LsdException Locked=\"false\" Priority=\"63\" SemiHidden=\"false\"    UnhideWhenUsed=\"false\" Name=\"Medium Shading 1 Accent 5\"\/>  <w:LsdException Locked=\"false\" Priority=\"64\" SemiHidden=\"false\"    UnhideWhenUsed=\"false\" Name=\"Medium Shading 2 Accent 5\"\/>  <w:LsdException Locked=\"false\" Priority=\"65\" SemiHidden=\"false\"    UnhideWhenUsed=\"false\" Name=\"Medium List 1 Accent 5\"\/>  <w:LsdException Locked=\"false\" Priority=\"66\" SemiHidden=\"false\"    UnhideWhenUsed=\"false\" Name=\"Medium List 2 Accent 5\"\/>  <w:LsdException Locked=\"false\" Priority=\"67\" SemiHidden=\"false\"    UnhideWhenUsed=\"false\" Name=\"Medium Grid 1 Accent 5\"\/>  <w:LsdException Locked=\"false\" Priority=\"68\" SemiHidden=\"false\"    UnhideWhenUsed=\"false\" Name=\"Medium Grid 2 Accent 5\"\/>  <w:LsdException Locked=\"false\" Priority=\"69\" SemiHidden=\"false\"    UnhideWhenUsed=\"false\" Name=\"Medium Grid 3 Accent 5\"\/>  <w:LsdException Locked=\"false\" Priority=\"70\" SemiHidden=\"false\"    UnhideWhenUsed=\"false\" Name=\"Dark List Accent 5\"\/>  <w:LsdException Locked=\"false\" Priority=\"71\" SemiHidden=\"false\"    UnhideWhenUsed=\"false\" Name=\"Colorful Shading Accent 5\"\/>  <w:LsdException Locked=\"false\" Priority=\"72\" SemiHidden=\"false\"    UnhideWhenUsed=\"false\" Name=\"Colorful List Accent 5\"\/>  <w:LsdException Locked=\"false\" Priority=\"73\" SemiHidden=\"false\"    UnhideWhenUsed=\"false\" Name=\"Colorful Grid Accent 5\"\/>  <w:LsdException Locked=\"false\" Priority=\"60\" SemiHidden=\"false\"    UnhideWhenUsed=\"false\" Name=\"Light Shading Accent 6\"\/>  <w:LsdException Locked=\"false\" Priority=\"61\" SemiHidden=\"false\"    UnhideWhenUsed=\"false\" Name=\"Light List Accent 6\"\/>  <w:LsdException Locked=\"false\" Priority=\"62\" SemiHidden=\"false\"    UnhideWhenUsed=\"false\" Name=\"Light Grid Accent 6\"\/>  <w:LsdException Locked=\"false\" Priority=\"63\" SemiHidden=\"false\"    UnhideWhenUsed=\"false\" Name=\"Medium Shading 1 Accent 6\"\/>  <w:LsdException Locked=\"false\" Priority=\"64\" SemiHidden=\"false\"    UnhideWhenUsed=\"false\" Name=\"Medium Shading 2 Accent 6\"\/>  <w:LsdException Locked=\"false\" Priority=\"65\" SemiHidden=\"false\"    UnhideWhenUsed=\"false\" Name=\"Medium List 1 Accent 6\"\/>  <w:LsdException Locked=\"false\" Priority=\"66\" SemiHidden=\"false\"    UnhideWhenUsed=\"false\" Name=\"Medium List 2 Accent 6\"\/>  <w:LsdException Locked=\"false\" Priority=\"67\" SemiHidden=\"false\"    UnhideWhenUsed=\"false\" Name=\"Medium Grid 1 Accent 6\"\/>  <w:LsdException Locked=\"false\" Priority=\"68\" SemiHidden=\"false\"    UnhideWhenUsed=\"false\" Name=\"Medium Grid 2 Accent 6\"\/>  <w:LsdException Locked=\"false\" Priority=\"69\" SemiHidden=\"false\"    UnhideWhenUsed=\"false\" Name=\"Medium Grid 3 Accent 6\"\/>  <w:LsdException Locked=\"false\" Priority=\"70\" SemiHidden=\"false\"    UnhideWhenUsed=\"false\" Name=\"Dark List Accent 6\"\/>  <w:LsdException Locked=\"false\" Priority=\"71\" SemiHidden=\"false\"    UnhideWhenUsed=\"false\" Name=\"Colorful Shading Accent 6\"\/>  <w:LsdException Locked=\"false\" Priority=\"72\" SemiHidden=\"false\"    UnhideWhenUsed=\"false\" Name=\"Colorful List Accent 6\"\/>  <w:LsdException Locked=\"false\" Priority=\"73\" SemiHidden=\"false\"    UnhideWhenUsed=\"false\" Name=\"Colorful Grid Accent 6\"\/>  <w:LsdException Locked=\"false\" Priority=\"19\" SemiHidden=\"false\"    UnhideWhenUsed=\"false\" QFormat=\"true\" Name=\"Subtle Emphasis\"\/>  <w:LsdException Locked=\"false\" Priority=\"21\" SemiHidden=\"false\"    UnhideWhenUsed=\"false\" QFormat=\"true\" Name=\"Intense Emphasis\"\/>  <w:LsdException Locked=\"false\" Priority=\"31\" SemiHidden=\"false\"    UnhideWhenUsed=\"false\" QFormat=\"true\" Name=\"Subtle Reference\"\/>  <w:LsdException Locked=\"false\" Priority=\"32\" SemiHidden=\"false\"    UnhideWhenUsed=\"false\" QFormat=\"true\" Name=\"Intense Reference\"\/>  <w:LsdException Locked=\"false\" Priority=\"33\" SemiHidden=\"false\"    UnhideWhenUsed=\"false\" QFormat=\"true\" Name=\"Book Title\"\/>  <w:LsdException Locked=\"false\" Priority=\"37\" Name=\"Bibliography\"\/>  <w:LsdException Locked=\"false\" Priority=\"39\" QFormat=\"true\" Name=\"TOC Heading\"\/> <\/w:LatentStyles><\/xml><![endif]--><!--[if gte mso 10]><![endif]--><\/p>\n<div style=\"line-height: normal; margin-bottom: .0001pt; margin-bottom: 0cm; text-align: justify;\"><\/div>\n<p><span style=\"font-family: &quot;Trebuchet MS&quot;,sans-serif;\"> <\/span><\/p>\n<div style=\"line-height: normal; margin-bottom: .0001pt; margin-bottom: 0cm; text-align: justify;\"><span style=\"font-family: &quot;Trebuchet MS&quot;,sans-serif;\"><span lang=\"ES\" style=\"font-size: 11.5pt;\">El 8 de marzo es la conmemoraci\u00f3n del d\u00eda internacional de las mujeres, que recuerda la importancia del respeto y garant\u00eda de los derechos de las mujeres. Surgido de hechos dram\u00e1ticos de exigencia de derechos laborales en Estados Unidos, este d\u00eda nos recuerda que esos hechos \u2013ocurridos durante el siglo XIX- aun siguen sucediendo. El 8 de marzo tambi\u00e9n es un recordatorio para que todos los poderes p\u00fablicos \u2013ejecutivo, legislativo y judicial- refuercen todas las medidas que sean necesarias para que mujeres y ni\u00f1as vivamos libres de cualquier tipo de violencia.<\/span><\/span><\/div>\n<p><span style=\"font-family: &quot;Trebuchet MS&quot;,sans-serif;\"> <\/span><\/p>\n<div style=\"line-height: normal; margin-bottom: .0001pt; margin-bottom: 0cm; text-align: justify;\"><\/div>\n<p><span style=\"font-family: &quot;Trebuchet MS&quot;,sans-serif;\"> <\/span><\/p>\n<div style=\"line-height: normal; margin-bottom: .0001pt; margin-bottom: 0cm; text-align: justify;\"><span style=\"font-family: &quot;Trebuchet MS&quot;,sans-serif;\"><span lang=\"ES\" style=\"font-size: 11.5pt;\">Durante 2013, el Centro de Derechos Humanos de las Mujeres, A.C. (CEDEHM) tramit\u00f3 y acompa\u00f1\u00f3 de manera integral a 2,770 mujeres en diferentes situaciones de violencias. Sin duda, existen muchos ejemplos y miradas an\u00f3nimas que ejemplifican las mayores injusticias y atrocidades. De manera particular, el d\u00eda de hoy se\u00f1alamos cuatro casos recibidos en lo que va de este 2014, pues reflejan la permanencia de los estereotipos de g\u00e9nero, del racismo, la discriminaci\u00f3n en el acceso a la justicia, la impunidad, el abuso del poder p\u00fablico, la falta de sensibilizaci\u00f3n y la necesidad de una mejor formaci\u00f3n de funcionarios y funcionarias p\u00fablicos\/as.<\/span><\/span><\/div>\n<p><span style=\"font-family: &quot;Trebuchet MS&quot;,sans-serif;\"> <\/span><\/p>\n<div style=\"line-height: normal; margin-bottom: .0001pt; margin-bottom: 0cm; text-align: justify;\"><\/div>\n<p><span style=\"font-family: &quot;Trebuchet MS&quot;,sans-serif;\"> <\/span><\/p>\n<div style=\"line-height: normal; margin-bottom: .0001pt; margin-bottom: 0cm; text-align: justify;\"><span style=\"font-family: &quot;Trebuchet MS&quot;,sans-serif;\"><span lang=\"ES\" style=\"font-size: 11.5pt;\">En este 8 de marzo, celebramos a las mujeres que gritan en contra de las violencias; a quienes quieren vivir en paz; a quienes salen a denunciar y exigen sus derechos; y a quienes, con su valent\u00eda, siguen siendo ejemplo de dignidad ante los abusos y las discriminaciones. Pero este 8 de marzo recordamos, una vez m\u00e1s, que es un reto impostergable que todas las autoridades asuman con responsabilidad, compromiso, profesionalismo y objetividad el importante encargo que tienen.<\/span><\/span><\/div>\n<p><span style=\"font-family: &quot;Trebuchet MS&quot;,sans-serif;\"> <\/span><\/p>\n<div style=\"line-height: normal; margin-bottom: .0001pt; margin-bottom: 0cm; text-align: justify;\"><\/div>\n<p><span style=\"font-family: &quot;Trebuchet MS&quot;,sans-serif;\"> <\/span><\/p>\n<div style=\"line-height: normal; margin-bottom: .0001pt; margin-bottom: 0cm; text-align: justify;\"><span style=\"font-family: &quot;Trebuchet MS&quot;,sans-serif;\"><span lang=\"ES\" style=\"font-size: 11.5pt;\">A m\u00e1s de cuatro a\u00f1os de sentencia de la Corte Interamericana de Derechos Humanos sobre el caso de <i style=\"mso-bidi-font-style: normal;\">Campo Algodonero<\/i>, y a m\u00e1s de dos a\u00f1os de la promulgaci\u00f3n de la reforma constitucional en materia de derechos humanos, este d\u00eda exigimos el cumplimiento de las obligaciones del Estado en materia de derechos humanos, as\u00ed como justicia oportuna, igualdad, libertad y seguridad para todas las mujeres. <\/span><\/span><\/div>\n<p><span style=\"font-family: &quot;Trebuchet MS&quot;,sans-serif;\"> <\/span><\/p>\n<div style=\"line-height: normal; margin-bottom: .0001pt; margin-bottom: 0cm; text-align: justify;\"><\/div>\n<p><span style=\"font-family: &quot;Trebuchet MS&quot;,sans-serif;\"> <\/span><\/p>\n<div style=\"line-height: normal; margin-bottom: .0001pt; margin-bottom: 0cm; text-align: justify;\"><\/div>\n<p><span style=\"font-family: &quot;Trebuchet MS&quot;,sans-serif;\"> <\/span><\/p>\n<div align=\"center\" style=\"line-height: normal; margin-bottom: .0001pt; margin-bottom: 0cm; text-align: center;\"><span style=\"font-family: &quot;Trebuchet MS&quot;,sans-serif;\"><b style=\"mso-bidi-font-weight: normal;\"><span lang=\"ES\" style=\"font-size: 14pt;\">Casos emblem\u00e1ticos&nbsp;<\/span><\/b><\/span><\/div>\n<div align=\"center\" style=\"line-height: normal; margin-bottom: .0001pt; margin-bottom: 0cm; text-align: center;\"><\/div>\n<p><span style=\"font-family: &quot;Trebuchet MS&quot;,sans-serif;\"> <\/span><\/p>\n<div style=\"line-height: normal; margin-bottom: .0001pt; margin-bottom: 0cm;\"><\/div>\n<p><span style=\"font-family: &quot;Trebuchet MS&quot;,sans-serif;\"> <\/span><\/p>\n<div style=\"text-align: justify;\"><span style=\"font-family: &quot;Trebuchet MS&quot;,sans-serif;\"><b style=\"mso-bidi-font-weight: normal;\"><i style=\"mso-bidi-font-style: normal;\"><span lang=\"ES\" style=\"font-size: 11.5pt; line-height: 115%;\">Beatriz<\/span><\/i><\/b><\/span><\/div>\n<p><span style=\"font-family: &quot;Trebuchet MS&quot;,sans-serif;\"> <\/span><\/p>\n<div style=\"line-height: normal; margin-bottom: .0001pt; margin-bottom: 0cm; text-align: justify;\"><span style=\"font-family: &quot;Trebuchet MS&quot;,sans-serif;\"><span lang=\"ES\" style=\"font-size: 11.5pt;\">Desde el 31 de marzo del 2012, Beatriz una mujer ind\u00edgena, a\u00fan espera justicia por intento de feminicidio. Su agresor, Ram\u00f3n Vizcarra de la Cruz, la arroj\u00f3 del tercer piso de un hotel, por tratarse de una persona en triple situaci\u00f3n de discriminaci\u00f3n: mujer, ind\u00edgena y pobre; la Fiscal\u00eda de Chihuahua inici\u00f3 la investigaci\u00f3n del delito por \u201clesiones\u201d y no por tentativa de feminicidio como la l\u00f3gica indicaba. Un a\u00f1o despu\u00e9s se intenta corregir el error y en esta semana se lleva a cabo el Juicio Oral por tentativa de feminicidio.<\/span><\/span><\/div>\n<p><span style=\"font-family: &quot;Trebuchet MS&quot;,sans-serif;\"> <\/span><\/p>\n<div style=\"line-height: normal; margin-bottom: .0001pt; margin-bottom: 0cm; text-align: justify;\"><\/div>\n<p><span style=\"font-family: &quot;Trebuchet MS&quot;,sans-serif;\"> <\/span><\/p>\n<div style=\"line-height: normal; margin-bottom: .0001pt; margin-bottom: 0cm; text-align: justify;\"><span style=\"font-family: &quot;Trebuchet MS&quot;,sans-serif;\"><span lang=\"ES\" style=\"font-size: 11.5pt;\">Entre otras irregularidades, ante el Tribunal Oral, el polic\u00eda ministerial responsable de la investigaci\u00f3n, que acudi\u00f3 el d\u00eda de los hechos e hizo reconocimiento al acusado mediante c\u00e1mara de gessel, inform\u00f3 a los juzgadores que \u201cno recuerda nada\u201d.<\/span><\/span><\/div>\n<p><span style=\"font-family: &quot;Trebuchet MS&quot;,sans-serif;\"> <\/span><\/p>\n<div style=\"line-height: normal; margin-bottom: .0001pt; margin-bottom: 0cm; text-align: justify;\"><\/div>\n<p><span style=\"font-family: &quot;Trebuchet MS&quot;,sans-serif;\"> <\/span><\/p>\n<div style=\"line-height: normal; margin-bottom: .0001pt; margin-bottom: 0cm; text-align: justify;\"><span style=\"font-family: &quot;Trebuchet MS&quot;,sans-serif;\"><span lang=\"ES\" style=\"font-size: 11.5pt;\"><span style=\"mso-spacerun: yes;\">&nbsp;<\/span>A<span style=\"mso-spacerun: yes;\">&nbsp; <\/span>pesar de existir una persona testigo directa de<span style=\"mso-spacerun: yes;\">&nbsp; <\/span>los hechos, que vio cuando la mujer fue arrojada por la ventana y que identifica plenamente al agresor, la Fiscal\u00eda ha argumentado diversos pretextos, tales como falta de vi\u00e1ticos, debido a que el juicio se encuentra en proceso; debido a que el juicio se encuentra en proceso, esta falta de debida diligencia del estado podr\u00eda traer como consecuencia un juicio absolutorio.<\/span><\/span><\/div>\n<p><span style=\"font-family: &quot;Trebuchet MS&quot;,sans-serif;\"> <\/span><\/p>\n<div style=\"text-align: justify;\"><\/div>\n<p><span style=\"font-family: &quot;Trebuchet MS&quot;,sans-serif;\"> <\/span><\/p>\n<div style=\"text-align: justify;\"><span style=\"font-family: &quot;Trebuchet MS&quot;,sans-serif;\"><b style=\"mso-bidi-font-weight: normal;\"><i style=\"mso-bidi-font-style: normal;\"><span lang=\"ES\" style=\"font-size: 11.5pt; line-height: 115%;\">Gema<\/span><\/i><\/b><\/span><\/div>\n<p><span style=\"font-family: &quot;Trebuchet MS&quot;,sans-serif;\"> <\/span><\/p>\n<div style=\"line-height: normal; margin-bottom: .0001pt; margin-bottom: 0cm; text-align: justify;\"><span style=\"font-family: &quot;Trebuchet MS&quot;,sans-serif;\"><span lang=\"ES\" style=\"font-size: 11.5pt;\">Mujer ind\u00edgena de 26 a\u00f1os, la situaci\u00f3n de hambruna que prevalece en la sierra tarahumara,<span style=\"mso-spacerun: yes;\">&nbsp; <\/span>la arrojo a la ciudad de Chihuahua en donde se emple\u00f3 como trabajadora dom\u00e9stica. El primero de enero del 2011 tuvo una ni\u00f1a, conoci\u00f3 a una se\u00f1ora mestiza de nombre Judith S\u00e1nchez Rojo o Judith Rojo S\u00e1nchez, con quien entablo una amistad.<\/span><\/span><\/div>\n<p><span style=\"font-family: &quot;Trebuchet MS&quot;,sans-serif;\"> <\/span><\/p>\n<div style=\"line-height: normal; margin-bottom: .0001pt; margin-bottom: 0cm; text-align: justify;\"><\/div>\n<p><span style=\"font-family: &quot;Trebuchet MS&quot;,sans-serif;\"> <\/span><\/p>\n<div style=\"line-height: normal; margin-bottom: .0001pt; margin-bottom: 0cm; text-align: justify;\"><span style=\"font-family: &quot;Trebuchet MS&quot;,sans-serif;\"><span lang=\"ES\" style=\"font-size: 11.5pt;\">La mujer ofreci\u00f3 trabajo a Gema y le pidi\u00f3 a su peque\u00f1a hija de tan solo un mes de nacida para llevarla con su familia de visita, ante la presi\u00f3n ejercida, la madre acept\u00f3.<span style=\"mso-spacerun: yes;\">&nbsp; <\/span>En seis meses no volvi\u00f3 a ver a su hija, despu\u00e9s de ese tiempo y ante las reiteradas suplicas, <span style=\"mso-spacerun: yes;\">&nbsp;&nbsp;<\/span>Judith accedi\u00f3 a \u201cprestarle\u201d a la beb\u00e9. Posteriormente, sin avisar se fue a vivir temporalmente a otro estado de la Rep\u00fablica, informando a Gema que si quer\u00eda ver a su ni\u00f1a tendr\u00eda que viajar hasta donde \u00e9sta se encontraba.<span style=\"mso-spacerun: yes;\">&nbsp;&nbsp; <\/span><\/span><\/span><\/div>\n<p><span style=\"font-family: &quot;Trebuchet MS&quot;,sans-serif;\"> <\/span><\/p>\n<div style=\"line-height: normal; margin-bottom: .0001pt; margin-bottom: 0cm; text-align: justify;\"><\/div>\n<p><span style=\"font-family: &quot;Trebuchet MS&quot;,sans-serif;\"> <\/span><\/p>\n<div style=\"line-height: normal; margin-bottom: .0001pt; margin-bottom: 0cm; text-align: justify;\"><span style=\"font-family: &quot;Trebuchet MS&quot;,sans-serif;\"><span lang=\"ES\" style=\"font-size: 11.5pt;\">A pesar de las suplicas para que regresara a su hija, y ante esta realidad, Gema busca ayuda en una organizaci\u00f3n social e interpone una denuncia penal por el delito de sustracci\u00f3n de menores,<span style=\"mso-spacerun: yes;\">&nbsp; <\/span>la<span style=\"mso-spacerun: yes;\">&nbsp; <\/span>Fiscal\u00eda jam\u00e1s busco a la peque\u00f1a, fueron las organizaciones sociales quienes dieron con el paradero de la menor el pasado noviembre de 2013, dando aviso de inmediato a las autoridades.<\/span><\/span><\/div>\n<p><span style=\"font-family: &quot;Trebuchet MS&quot;,sans-serif;\"> <\/span><\/p>\n<div style=\"line-height: normal; margin-bottom: .0001pt; margin-bottom: 0cm; text-align: justify;\"><\/div>\n<p><span style=\"font-family: &quot;Trebuchet MS&quot;,sans-serif;\"> <\/span><\/p>\n<div style=\"line-height: normal; margin-bottom: .0001pt; margin-bottom: 0cm; text-align: justify;\"><span style=\"font-family: &quot;Trebuchet MS&quot;,sans-serif;\"><span lang=\"ES\" style=\"font-size: 11.5pt;\">Judith al sentirse descubierta y ante la inminencia de enfrentar un proceso penal, entrega la beb\u00e9 al DIF Estatal, quien apoya a Gema para que haga el registro, sin embargo<span style=\"mso-spacerun: yes;\">&nbsp; <\/span>inexplicablemente esta instituci\u00f3n exige a la mujer ind\u00edgena que retire la denuncia interpuesta ante la Fiscal\u00eda, como condici\u00f3n para entregarle a su hija. <\/span><\/span><\/div>\n<p><span style=\"font-family: &quot;Trebuchet MS&quot;,sans-serif;\"> <\/span><\/p>\n<div style=\"line-height: normal; margin-bottom: .0001pt; margin-bottom: 0cm; text-align: justify;\"><\/div>\n<p><span style=\"font-family: &quot;Trebuchet MS&quot;,sans-serif;\"> <\/span><\/p>\n<div style=\"line-height: normal; margin-bottom: .0001pt; margin-bottom: 0cm; text-align: justify;\"><span style=\"font-family: &quot;Trebuchet MS&quot;,sans-serif;\"><span lang=\"ES\" style=\"font-size: 11.5pt;\">A pesar de conocer la maternidad de la peque\u00f1a, el DIF condiciono las visitas de 20 minutos al d\u00eda.<\/span><\/span><\/div>\n<p><span style=\"font-family: &quot;Trebuchet MS&quot;,sans-serif;\"> <\/span><\/p>\n<div style=\"line-height: normal; margin-bottom: .0001pt; margin-bottom: 0cm; text-align: justify;\"><\/div>\n<p><span style=\"font-family: &quot;Trebuchet MS&quot;,sans-serif;\"> <\/span><\/p>\n<div style=\"line-height: normal; margin-bottom: .0001pt; margin-bottom: 0cm; text-align: justify;\"><span style=\"font-family: &quot;Trebuchet MS&quot;,sans-serif;\"><span lang=\"ES\" style=\"font-size: 11.5pt;\">Judith, logr\u00f3 un segundo registro de la ni\u00f1a ind\u00edgena a su favor y el DIF le entreg\u00f3 la peque\u00f1a; el juez cuarto de lo familiar, sobre quien pesan diversas quejas interpuestas por el Centro de Derechos Humanos de las Mujeres, otorg\u00f3 la guarda y custodia de la ni\u00f1a.<a href=\"https:\/\/www.blogger.com\/null\" name=\"_GoBack\"><\/a>Todos los procesos a los que Gema se ha enfrentado carecen de traducci\u00f3n, dej\u00e1ndola en completa indefensi\u00f3n. <\/span><\/span><\/div>\n<p><span style=\"font-family: &quot;Trebuchet MS&quot;,sans-serif;\"> <\/span><\/p>\n<div style=\"line-height: normal; margin-bottom: .0001pt; margin-bottom: 0cm; text-align: justify;\"><\/div>\n<p><span style=\"font-family: &quot;Trebuchet MS&quot;,sans-serif;\"> <\/span><\/p>\n<div style=\"line-height: normal; margin-bottom: .0001pt; margin-bottom: 0cm; text-align: justify;\"><\/div>\n<p><span style=\"font-family: &quot;Trebuchet MS&quot;,sans-serif;\"><\/span><span style=\"font-family: &quot;Trebuchet MS&quot;,sans-serif;\"> <\/span><\/p>\n<div style=\"text-align: justify;\"><span style=\"font-family: &quot;Trebuchet MS&quot;,sans-serif;\"><b style=\"mso-bidi-font-weight: normal;\"><i style=\"mso-bidi-font-style: normal;\"><span lang=\"ES\" style=\"font-size: 11.5pt; line-height: 115%;\">Pamela<\/span><\/i><\/b><\/span><\/div>\n<p><span style=\"font-family: &quot;Trebuchet MS&quot;,sans-serif;\"> <\/span><\/p>\n<div style=\"line-height: normal; margin-bottom: .0001pt; margin-bottom: 0cm; text-align: justify;\"><span style=\"font-family: &quot;Trebuchet MS&quot;,sans-serif;\"><span lang=\"ES\" style=\"font-size: 11.5pt;\">Pamela es una mujer que entabl\u00f3 una relaci\u00f3n sentimental con el Sr. C\u00e9sar Israel Villanueva Carrillo, Ministerio P\u00fablico de la Fiscal\u00eda Estatal, de quien fue v\u00edctima de grave violencia familiar; ante esta situaci\u00f3n la mujer decidi\u00f3 poner fin al c\u00edrculo de la violencia, huyendo de su agresor, traslad\u00e1ndose a otro estado de la Rep\u00fablica. <\/span><\/span><\/div>\n<p><span style=\"font-family: &quot;Trebuchet MS&quot;,sans-serif;\"> <\/span><\/p>\n<div style=\"line-height: normal; margin-bottom: .0001pt; margin-bottom: 0cm; text-align: justify;\"><span style=\"font-family: &quot;Trebuchet MS&quot;,sans-serif;\"><span lang=\"ES\" style=\"font-size: 11.5pt;\">La v\u00edctima se encontraba embarazada y da a luz a su beb\u00e9, regresa con su hijo a la ciudad de Chihuahua en febrero del 2013, el agresor la ubica e inicia el hostigamiento, vigilancia y persecuci\u00f3n a Pamela; la convence para reconocer al ni\u00f1o, para brindarle protecci\u00f3n econ\u00f3mica, solicit\u00e1ndole que le permita convivencia.<\/span><\/span><\/div>\n<p><span style=\"font-family: &quot;Trebuchet MS&quot;,sans-serif;\"> <\/span><\/p>\n<div style=\"line-height: normal; margin-bottom: .0001pt; margin-bottom: 0cm; text-align: justify;\"><\/div>\n<p><span style=\"font-family: &quot;Trebuchet MS&quot;,sans-serif;\"> <\/span><\/p>\n<div style=\"line-height: normal; margin-bottom: .0001pt; margin-bottom: 0cm; text-align: justify;\"><span style=\"font-family: &quot;Trebuchet MS&quot;,sans-serif;\"><span lang=\"ES\" style=\"font-size: 11.5pt;\">A pesar de que el ni\u00f1o ya se encontraba registrado, el funcionario p\u00fablico logra una segunda acta de nacimiento en el Registro Civil a su nombre en febrero del 2014, mismo mes en que el agresor acude al domicilio de Pamela, con el pretexto de convivir con su hijo; le exige tener relaciones sexuales y ante la negativa, arremete contra la mujer caus\u00e1ndole lesiones y sustrae al ni\u00f1o; debido a los gritos de auxilio de la v\u00edctima, acuden polic\u00edas municipales en su ayuda, quienes se niegan a detener al agresor al ser informados que se trataba de un Ministerio P\u00fablico. La Fiscal\u00eda le brinda medidas de protecci\u00f3n, sin embargo no realiza actividades tendientes a recuperar al ni\u00f1o. En d\u00edas pasados, la madre acudi\u00f3 a la guarder\u00eda en compa\u00f1\u00eda de las abogadas del CEDEHM para recuperar al peque\u00f1o.<\/span><\/span><\/div>\n<p><span style=\"font-family: &quot;Trebuchet MS&quot;,sans-serif;\"> <\/span><\/p>\n<div style=\"text-align: justify;\"><\/div>\n<p><span style=\"font-family: &quot;Trebuchet MS&quot;,sans-serif;\"> <\/span><\/p>\n<div style=\"text-align: justify;\"><span style=\"font-family: &quot;Trebuchet MS&quot;,sans-serif;\"><b style=\"mso-bidi-font-weight: normal;\"><i style=\"mso-bidi-font-style: normal;\"><span lang=\"ES\" style=\"font-size: 11.5pt; line-height: 115%;\">Elizabeth<\/span><\/i><\/b><\/span><\/div>\n<p><span style=\"font-family: &quot;Trebuchet MS&quot;,sans-serif;\"> <\/span><\/p>\n<div style=\"line-height: normal; margin-bottom: .0001pt; margin-bottom: 0cm; text-align: justify;\"><span style=\"font-family: &quot;Trebuchet MS&quot;,sans-serif;\"><span lang=\"ES\" style=\"font-size: 11.5pt;\">Tuvo una relaci\u00f3n sentimental<span style=\"mso-spacerun: yes;\">&nbsp; <\/span>en el a\u00f1o 2007 con Francisco Javier Guti\u00e9rrez Menchaca, qui\u00e9n labora en la Fiscal\u00eda del Estado. Vivieron en uni\u00f3n libre por unos meses, ella decidi\u00f3 separarse ante las agresiones f\u00edsicas que sufr\u00eda, tuvieron a una ni\u00f1a de nombre L., quien actualmente tiene 6 a\u00f1os de edad.<span style=\"mso-spacerun: yes;\">&nbsp; <\/span><\/span><\/span><\/div>\n<p><span style=\"font-family: &quot;Trebuchet MS&quot;,sans-serif;\"> <\/span><\/p>\n<div style=\"line-height: normal; margin-bottom: .0001pt; margin-bottom: 0cm; text-align: justify;\"><\/div>\n<p><span style=\"font-family: &quot;Trebuchet MS&quot;,sans-serif;\"> <\/span><\/p>\n<div style=\"line-height: normal; margin-bottom: .0001pt; margin-bottom: 0cm; text-align: justify;\"><span style=\"font-family: &quot;Trebuchet MS&quot;,sans-serif;\"><span lang=\"ES\" style=\"font-size: 11.5pt;\">En el mes de octubre del 2013 la v\u00edctima present\u00f3 una denuncia penal por incumplimiento de la obligaci\u00f3n alimentaria, por atreverse a denunciarlo la v\u00edctima, su familia y los testigos, han enfrentado amenazas de parte del agresor y de la pareja de \u00e9ste de nombre Lizeth Manuela Cortez Ortiz, la cual se ostenta como polic\u00eda ministerial de la Unidad de Homicidios.<\/span><\/span><\/div>\n<p><span style=\"font-family: &quot;Trebuchet MS&quot;,sans-serif;\"> <\/span><\/p>\n<div style=\"line-height: normal; margin-bottom: .0001pt; margin-bottom: 0cm; text-align: justify;\"><\/div>\n<p><span style=\"font-family: &quot;Trebuchet MS&quot;,sans-serif;\"> <\/span><\/p>\n<div style=\"line-height: normal; margin-bottom: .0001pt; margin-bottom: 0cm; text-align: justify;\"><span style=\"font-family: &quot;Trebuchet MS&quot;,sans-serif;\"><span lang=\"ES\" style=\"font-size: 11.5pt;\">Amenazas tales como: \u201cte doy s\u00f3lo unos d\u00edas para que retires la demanda, acu\u00e9rdate que tienes hijos y con ellos me puedo desquitar\u201d, \u201cporque no entiendes y retiras la demanda, t\u00fa misma estas cavando tu propia tumba\u201d, \u201custed no se meta porque le puedo quemar su casa, porque a m\u00ed las autoridades me hacen los mandados\u201d, \u201ccon lo que voy hacer jam\u00e1s vas a volver a ver a la ni\u00f1a\u201d, \u201csi yo quiero en este momento puedo reventar tu casa, porque yo soy ministerial\u201d. <\/span><\/span><\/div>\n<p><span style=\"font-family: &quot;Trebuchet MS&quot;,sans-serif;\"> <\/span><\/p>\n<div style=\"line-height: normal; margin-bottom: .0001pt; margin-bottom: 0cm; text-align: justify;\"><\/div>\n<p><span style=\"font-family: &quot;Trebuchet MS&quot;,sans-serif;\"> <\/span><\/p>\n<div style=\"line-height: normal; margin-bottom: .0001pt; margin-bottom: 0cm; text-align: justify;\"><span style=\"font-family: &quot;Trebuchet MS&quot;,sans-serif;\"><span lang=\"ES\" style=\"font-size: 11.5pt;\">Todas las amenazas anteriores fueron realizadas desde el tel\u00e9fono 439 78 99, que corresponde al conmutador del Gobierno del Estado, lo cual fue denunciando y hasta la fecha la situaci\u00f3n permanece en la impunidad; agravando la desesperaci\u00f3n de la v\u00edctima, quien fue privada de su hija. <\/span><\/span><\/div>\n<p><span style=\"font-family: &quot;Trebuchet MS&quot;,sans-serif;\"> <\/span><\/p>\n<div style=\"line-height: normal; margin-bottom: .0001pt; margin-bottom: 0cm; text-align: justify;\"><\/div>\n<p><span style=\"font-family: &quot;Trebuchet MS&quot;,sans-serif;\"> <\/span><\/p>\n<div style=\"line-height: normal; margin-bottom: .0001pt; margin-bottom: 0cm; text-align: justify;\"><span style=\"font-family: &quot;Trebuchet MS&quot;,sans-serif;\"><span lang=\"ES\" style=\"font-size: 11.5pt;\">El pasado mes de diciembre el funcionario estatal, acudi\u00f3 a la escuela y sustrajo a la ni\u00f1a, que hasta la fecha permanece separada de su madre; a pesar de que ella tiene visitas, otorgadas por la jueza familiar, el agresor no ha respetado el mandato judicial.<span style=\"mso-spacerun: yes;\">&nbsp; <\/span><\/span><\/span><\/div>\n<p><span style=\"font-family: &quot;Trebuchet MS&quot;,sans-serif;\"> <\/span><\/p>\n<div style=\"line-height: normal; margin-bottom: .0001pt; margin-bottom: 0cm; text-align: justify;\"><\/div>\n<p><span style=\"font-family: &quot;Trebuchet MS&quot;,sans-serif;\"> <\/span><\/p>\n<div style=\"line-height: normal; margin-bottom: .0001pt; margin-bottom: 0cm; text-align: justify;\"><\/div>\n<p><span style=\"font-family: &quot;Trebuchet MS&quot;,sans-serif;\"> <\/span><\/p>\n<div style=\"line-height: normal; margin-bottom: .0001pt; margin-bottom: 0cm; text-align: justify;\"><\/div>\n<p><span style=\"font-family: &quot;Trebuchet MS&quot;,sans-serif;\"> <\/span><\/p>\n<div align=\"center\" style=\"line-height: normal; margin-bottom: .0001pt; margin-bottom: 0cm; text-align: center;\"><span style=\"font-family: &quot;Trebuchet MS&quot;,sans-serif;\"><b style=\"mso-bidi-font-weight: normal;\"><span lang=\"ES\" style=\"font-size: 14pt;\">Obligaciones en el \u00e1mbito internacional<\/span><\/b><\/span><\/div>\n<p><span style=\"font-family: &quot;Trebuchet MS&quot;,sans-serif;\"> <\/span><\/p>\n<div style=\"line-height: normal; margin-bottom: .0001pt; margin-bottom: 0cm; text-align: justify;\"><\/div>\n<p><span style=\"font-family: &quot;Trebuchet MS&quot;,sans-serif;\"> <\/span><\/p>\n<div style=\"line-height: normal; margin-bottom: .0001pt; margin-bottom: 0cm; text-align: justify;\"><\/div>\n<p><span style=\"font-family: &quot;Trebuchet MS&quot;,sans-serif;\"> <\/span><\/p>\n<div style=\"line-height: normal; margin-bottom: .0001pt; margin-bottom: 0cm; text-align: justify;\"><span style=\"font-family: &quot;Trebuchet MS&quot;,sans-serif;\"><span lang=\"ES\" style=\"font-size: 11.5pt;\">La inoperancia, incapacidad, imposibilidad, negligencia y complicidad de las autoridades del estado de Chihuahua ha significado que las organizaciones acudamos a la comunidad internacional en b\u00fasqueda de apoyo. <\/span><\/span><\/div>\n<p><span style=\"font-family: &quot;Trebuchet MS&quot;,sans-serif;\"> <\/span><\/p>\n<div style=\"line-height: normal; margin-bottom: .0001pt; margin-bottom: 0cm; text-align: justify;\"><\/div>\n<p><span style=\"font-family: &quot;Trebuchet MS&quot;,sans-serif;\"> <\/span><\/p>\n<div style=\"line-height: normal; margin-bottom: .0001pt; margin-bottom: 0cm; text-align: justify;\"><span style=\"font-family: &quot;Trebuchet MS&quot;,sans-serif;\"><span lang=\"ES\" style=\"font-size: 11.5pt;\">Chihuahua salto a la fama internacional desde hace m\u00e1s de dos d\u00e9cadas por los feminicidios y las desapariciones que llevaron a varias instancias \u2013incluidas la Comisi\u00f3n y Corte Interamericanas de Derechos Humanos- a pronunciarse sobre la falta de prevenci\u00f3n, la negligencia de las investigaciones y la discriminaci\u00f3n en el acceso a la justicia. <\/span><\/span><\/div>\n<p><span style=\"font-family: &quot;Trebuchet MS&quot;,sans-serif;\"> <\/span><\/p>\n<div style=\"line-height: normal; margin-bottom: .0001pt; margin-bottom: 0cm; text-align: justify;\"><\/div>\n<p><span style=\"font-family: &quot;Trebuchet MS&quot;,sans-serif;\"> <\/span><\/p>\n<div style=\"line-height: normal; margin-bottom: .0001pt; margin-bottom: 0cm; text-align: justify;\"><span style=\"font-family: &quot;Trebuchet MS&quot;,sans-serif;\"><span lang=\"ES\" style=\"font-size: 11.5pt;\">A esos pronunciamientos se suman los recientes informes del Comit\u00e9 de la CEDAW y el llamado del Consejo de Derechos Humanos de la ONU en el marco del examen peri\u00f3dico universal (EPU). Este \u00faltimo \u2013el Consejo de Derechos Humanos- emiti\u00f3 en octubre pasado 176 recomendaciones al Estado mexicano en relaci\u00f3n con diferentes temas de derechos humanos. Es importante se\u00f1alar que el tema que el mayor n\u00famero de recomendaciones recibi\u00f3 fue el de los derechos humanos de las mujeres. <\/span><\/span><\/div>\n<p><span style=\"font-family: &quot;Trebuchet MS&quot;,sans-serif;\"> <\/span><\/p>\n<div style=\"line-height: normal; margin-bottom: .0001pt; margin-bottom: 0cm; text-align: justify;\"><\/div>\n<p><span style=\"font-family: &quot;Trebuchet MS&quot;,sans-serif;\"> <\/span><\/p>\n<div style=\"line-height: normal; margin-bottom: .0001pt; margin-bottom: 0cm; text-align: justify;\"><span style=\"font-family: &quot;Trebuchet MS&quot;,sans-serif;\"><span lang=\"ES\" style=\"font-size: 11.5pt;\">Algunas de las recomendaciones del EPU fueron contundentes en lo siguiente:<\/span><\/span><\/div>\n<p><span style=\"font-family: &quot;Trebuchet MS&quot;,sans-serif;\"> <\/span><\/p>\n<div style=\"line-height: normal; margin-bottom: .0001pt; margin-bottom: 0cm; mso-layout-grid-align: none; text-align: justify; text-autospace: none;\"><\/div>\n<p><span style=\"font-family: &quot;Trebuchet MS&quot;,sans-serif;\"> <\/span><\/p>\n<div style=\"line-height: normal; margin-bottom: .0001pt; margin-bottom: 0cm; margin-left: 36.0pt; margin-right: 36.0pt; margin-top: 0cm; mso-layout-grid-align: none; text-align: justify; text-autospace: none;\"><span style=\"font-family: &quot;Trebuchet MS&quot;,sans-serif;\"><span lang=\"ES\" style=\"font-size: 10.5pt;\">148.70 <\/span><span lang=\"ES\" style=\"font-size: 10.5pt;\">Continuar las actividades para <b>prevenir y combatir la violencia contra las mujeres<\/b>, garantizando el <b>acceso de las mujeres a la justicia<\/b> y seguir mejorando los servicios de apoyo (Estado de Palestina);<\/span><\/span><\/div>\n<p><span style=\"font-family: &quot;Trebuchet MS&quot;,sans-serif;\"> <\/span><\/p>\n<div style=\"line-height: normal; margin-bottom: .0001pt; margin-bottom: 0cm; margin-left: 36.0pt; margin-right: 36.0pt; margin-top: 0cm; mso-layout-grid-align: none; text-align: justify; text-autospace: none;\"><span style=\"font-family: &quot;Trebuchet MS&quot;,sans-serif;\"><span lang=\"ES\" style=\"font-size: 10.5pt;\">148.71 <\/span><span lang=\"ES\" style=\"font-size: 10.5pt;\">Garantizar <b>que se investiguen los casos de violencia contra las mujeres<\/b>, y establecer <b>programas de apoyo a las v\u00edctimas<\/b> para las mujeres afectadas (Maldivas);<\/span><\/span><\/div>\n<p><span style=\"font-family: &quot;Trebuchet MS&quot;,sans-serif;\"> <\/span><\/p>\n<div style=\"line-height: normal; margin-bottom: .0001pt; margin-bottom: 0cm; margin-left: 36.0pt; margin-right: 36.0pt; margin-top: 0cm; mso-layout-grid-align: none; text-align: justify; text-autospace: none;\"><span style=\"font-family: &quot;Trebuchet MS&quot;,sans-serif;\"><span lang=\"ES\" style=\"font-size: 10.5pt;\">148.72 <\/span><span lang=\"ES\" style=\"font-size: 10.5pt;\">Continuar las actividades para <b>prevenir y combatir<\/b> todas las formas de violencia contra las mujeres, y <b>enjuiciar a los responsables<\/b>, al tiempo que se garantiza el <b>acceso igualitario de las mujeres a la justicia<\/b> y se mejoran los <b>servicios de apoyo<\/b>, en particular para las <b>mujeres ind\u00edgenas<\/b> (Austria);<\/span><b><span lang=\"ES\" style=\"font-size: 11.5pt;\"><\/span><\/b><\/span><\/div>\n<p><span style=\"font-family: &quot;Trebuchet MS&quot;,sans-serif;\"> <\/span><\/p>\n<div style=\"line-height: normal; margin-bottom: .0001pt; margin-bottom: 0cm; mso-layout-grid-align: none; text-align: justify; text-autospace: none;\"><\/div>\n<p><span style=\"font-family: &quot;Trebuchet MS&quot;,sans-serif;\"> <\/span><\/p>\n<div style=\"line-height: normal; margin-bottom: .0001pt; margin-bottom: 0cm; mso-layout-grid-align: none; text-align: justify; text-autospace: none;\"><span style=\"font-family: &quot;Trebuchet MS&quot;,sans-serif;\"><span lang=\"ES\" style=\"font-size: 11.5pt;\">En cuanto la <\/span><span lang=\"ES\" style=\"font-size: 11.5pt;\">CEDAW, el Comit\u00e9 ha determinado que el Estado mexicano ponga \u201c<\/span><span lang=\"ES\" style=\"font-size: 11.5pt;\">en pr\u00e1ctica mecanismos para <b>supervisar y sancionar a los funcionarios encargados de hacer cumplir la ley, incluidos los del poder judicial<\/b>, que discriminan a las mujeres y que se niegan a aplicar la legislaci\u00f3n que protege los derechos de la mujer.<\/span><span lang=\"ES\" style=\"font-size: 11.5pt;\">\u201d<a href=\"https:\/\/www.blogger.com\/blogger.g?blogID=4552474997083461325#_ftn1\" name=\"_ftnref1\" style=\"mso-footnote-id: ftn1;\" title=\"\"><span><span style=\"mso-special-character: footnote;\"><span><span lang=\"ES\" style=\"font-size: 11.5pt; line-height: 115%;\">[1]<\/span><\/span><\/span><\/span><\/a><\/span><\/span><\/div>\n<p><span style=\"font-family: &quot;Trebuchet MS&quot;,sans-serif;\"> <\/span><\/p>\n<div style=\"line-height: normal; margin-bottom: .0001pt; margin-bottom: 0cm; mso-layout-grid-align: none; text-align: justify; text-autospace: none;\"><\/div>\n<p><span style=\"font-family: &quot;Trebuchet MS&quot;,sans-serif;\"> <\/span><\/p>\n<div style=\"line-height: normal; margin-bottom: .0001pt; margin-bottom: 0cm; mso-layout-grid-align: none; text-align: justify; text-autospace: none;\"><span style=\"font-family: &quot;Trebuchet MS&quot;,sans-serif;\"><span lang=\"ES\" style=\"font-size: 11.5pt;\">Tambi\u00e9n la CEDAW \u2013reiterando recomendaciones anteriores- exhort\u00f3 al Estado a que \u201c<\/span><span lang=\"ES\" style=\"font-size: 11.5pt;\">adopte todas las medidas necesarias para asegurar la aplicaci\u00f3n efectiva de las leyes pertinentes a fin de prevenir la violencia contra las mujeres ind\u00edgenas, investigar, enjuiciar y sancionar a los culpables de actos de violencia contra las mujeres ind\u00edgenas y garantizar que las v\u00edctimas tengan un acceso efectivo y r\u00e1pido a la justicia, inclusive mecanismos de reparaci\u00f3n<\/span><span lang=\"ES\" style=\"font-size: 11.5pt;\">\u201d<a href=\"https:\/\/www.blogger.com\/blogger.g?blogID=4552474997083461325#_ftn2\" name=\"_ftnref2\" style=\"mso-footnote-id: ftn2;\" title=\"\"><span><span style=\"mso-special-character: footnote;\"><span><span lang=\"ES\" style=\"font-size: 11.5pt; line-height: 115%;\">[2]<\/span><\/span><\/span><\/span><\/a>.<\/span><\/span><\/div>\n<p><span style=\"font-family: &quot;Trebuchet MS&quot;,sans-serif;\"> <\/span><\/p>\n<div style=\"line-height: normal; margin-bottom: .0001pt; margin-bottom: 0cm; mso-layout-grid-align: none; text-align: justify; text-autospace: none;\"><\/div>\n<p><span style=\"font-family: &quot;Trebuchet MS&quot;,sans-serif;\"> <\/span><\/p>\n<div style=\"line-height: normal; margin-bottom: .0001pt; margin-bottom: 0cm; mso-layout-grid-align: none; text-align: justify; text-autospace: none;\"><span style=\"font-family: &quot;Trebuchet MS&quot;,sans-serif;\"><span lang=\"ES\" style=\"font-size: 11.5pt;\">En relaci\u00f3n con el contexto general y violencia por motivos de g\u00e9nero, el Comit\u00e9 expres\u00f3 su preocupaci\u00f3n<a href=\"https:\/\/www.blogger.com\/blogger.g?blogID=4552474997083461325#_ftn3\" name=\"_ftnref3\" style=\"mso-footnote-id: ftn3;\" title=\"\"><span><span style=\"mso-special-character: footnote;\"><span><span lang=\"ES\" style=\"font-size: 11.5pt; line-height: 115%;\">[3]<\/span><\/span><\/span><\/span><\/a>y exhort\u00f3 al Estado mexicano a:<b> <\/b><\/span><\/span><\/div>\n<p><span style=\"font-family: &quot;Trebuchet MS&quot;,sans-serif;\"> <\/span><\/p>\n<div style=\"line-height: normal; margin-bottom: .0001pt; margin-bottom: 0cm; mso-layout-grid-align: none; text-align: justify; text-autospace: none;\"><\/div>\n<p><span style=\"font-family: &quot;Trebuchet MS&quot;,sans-serif;\"> <\/span><\/p>\n<div style=\"line-height: normal; margin-bottom: .0001pt; margin-bottom: 0cm; margin-left: 54.0pt; margin-right: 0cm; margin-top: 0cm; mso-layout-grid-align: none; mso-list: l0 level1 lfo1; text-align: justify; text-autospace: none; text-indent: -18.0pt;\"><span style=\"font-family: &quot;Trebuchet MS&quot;,sans-serif;\"><span lang=\"ES\" style=\"font-size: 10.5pt;\"><span style=\"mso-list: Ignore;\">a)<span style=\"-moz-font-feature-settings: normal; -moz-font-language-override: normal; font-size-adjust: none; font-size: 7pt; font-stretch: normal; font-style: normal; font-variant: normal; font-weight: normal; line-height: normal;\">&nbsp;&nbsp;&nbsp; <\/span><\/span><\/span><span lang=\"ES\" style=\"font-size: 10.5pt;\">Revisar su estrategia de seguridad p\u00fablica para la lucha contra la delincuencia organizada a fin de adaptarla a sus obligaciones internacionales de derechos humanos, incluida la Convenci\u00f3n, y poner fin a los altos niveles de inseguridad y violencia en el pa\u00eds, que afectan de forma desproporcionada a las mujeres y las muchachas;<\/span><\/span><\/div>\n<p><span style=\"font-family: &quot;Trebuchet MS&quot;,sans-serif;\"> <\/span><\/p>\n<div style=\"line-height: normal; margin-bottom: .0001pt; margin-bottom: 0cm; margin-left: 54.0pt; margin-right: 0cm; margin-top: 0cm; mso-layout-grid-align: none; text-align: justify; text-autospace: none;\"><\/div>\n<p><span style=\"font-family: &quot;Trebuchet MS&quot;,sans-serif;\"> <\/span><\/p>\n<div style=\"line-height: normal; margin-bottom: .0001pt; margin-bottom: 0cm; margin-left: 54.0pt; margin-right: 0cm; margin-top: 0cm; mso-layout-grid-align: none; mso-list: l0 level1 lfo1; text-align: justify; text-autospace: none; text-indent: -18.0pt;\"><span style=\"font-family: &quot;Trebuchet MS&quot;,sans-serif;\"><span lang=\"ES\" style=\"font-size: 10.5pt;\"><span style=\"mso-list: Ignore;\">b)<span style=\"-moz-font-feature-settings: normal; -moz-font-language-override: normal; font-size-adjust: none; font-size: 7pt; font-stretch: normal; font-style: normal; font-variant: normal; font-weight: normal; line-height: normal;\">&nbsp;&nbsp;&nbsp; <\/span><\/span><\/span><span lang=\"ES\" style=\"font-size: 10.5pt;\">Invertir los efectos negativos de esta estrategia para las mujeres y las muchachas y cumplir sus obligaciones de diligencia debida para prevenir la violencia contra las mujeres, incluida la violencia dom\u00e9stica, las desapariciones forzosas, las torturas y los asesinatos, en particular el feminicidio; investigar, enjuiciar y sancionar a los autores de delitos, ya sean entidades estatales o no estatales, y proporcionar reparaci\u00f3n a las mujeres que hayan sido v\u00edctimas de la violencia, independientemente del contexto y de los presuntos responsables;<\/span><\/span><\/div>\n<p><span style=\"font-family: &quot;Trebuchet MS&quot;,sans-serif;\"> <\/span><\/p>\n<div style=\"line-height: normal; margin-bottom: .0001pt; margin-bottom: 0cm; mso-layout-grid-align: none; text-align: justify; text-autospace: none;\"><\/div>\n<p><span style=\"font-family: &quot;Trebuchet MS&quot;,sans-serif;\"> <\/span><\/p>\n<div style=\"line-height: normal; margin-bottom: .0001pt; margin-bottom: 0cm; margin-left: 36.0pt; margin-right: 0cm; margin-top: 0cm; mso-layout-grid-align: none; text-align: justify; text-autospace: none;\"><span style=\"font-family: &quot;Trebuchet MS&quot;,sans-serif;\"><span lang=\"ES\" style=\"font-size: 10.5pt;\">c) Impartir capacitaci\u00f3n sistem\u00e1tica en materia de derechos humanos, en particular sobre los derechos de la mujer, a todos los funcionarios encargados de hacer cumplir la ley, a las fuerzas del ej\u00e9rcito y la armada que participan en operaciones en el contexto de la estrategia de seguridad p\u00fablica y establecer y hacer cumplir un c\u00f3digo estricto de conducta a fin de garantizar de modo efectivo el respeto de los derechos humanos; <\/span><\/span><\/div>\n<p><span style=\"font-family: &quot;Trebuchet MS&quot;,sans-serif;\"> <\/span><\/p>\n<div style=\"line-height: normal; margin-bottom: .0001pt; margin-bottom: 0cm; margin-left: 36.0pt; margin-right: 0cm; margin-top: 0cm; mso-layout-grid-align: none; text-align: justify; text-autospace: none;\"><\/div>\n<p><span style=\"font-family: &quot;Trebuchet MS&quot;,sans-serif;\"> <\/span><\/p>\n<div style=\"line-height: normal; margin-bottom: .0001pt; margin-bottom: 0cm; margin-left: 36.0pt; margin-right: 36.0pt; margin-top: 0cm; mso-layout-grid-align: none; text-align: justify; text-autospace: none;\"><span style=\"font-family: &quot;Trebuchet MS&quot;,sans-serif;\"><span lang=\"ES\" style=\"font-size: 10.5pt;\">d) Adoptar todas las medidas necesarias para establecer un sistema est\u00e1ndar para la reuni\u00f3n peri\u00f3dica de datos estad\u00edsticos sobre la violencia contra la mujer, desglosados seg\u00fan el tipo de violencia y las circunstancias en que se cometi\u00f3 el acto de violencia, que incluya informaci\u00f3n sobre los autores y las v\u00edctimas de estos actos y la relaci\u00f3n entre ellos<\/span><span lang=\"ES\" style=\"font-size: 10.5pt;\">.<a href=\"https:\/\/www.blogger.com\/blogger.g?blogID=4552474997083461325#_ftn4\" name=\"_ftnref4\" style=\"mso-footnote-id: ftn4;\" title=\"\"><span><span style=\"mso-special-character: footnote;\"><span><span lang=\"ES\" style=\"font-size: 10.5pt; line-height: 115%;\">[4]<\/span><\/span><\/span><\/span><\/a><\/span><\/span><\/div>\n<p><span style=\"font-family: &quot;Trebuchet MS&quot;,sans-serif;\"> <\/span><\/p>\n<div style=\"line-height: normal; margin-bottom: .0001pt; margin-bottom: 0cm; mso-layout-grid-align: none; text-align: justify; text-autospace: none;\"><\/div>\n<p><span style=\"font-family: &quot;Trebuchet MS&quot;,sans-serif;\"> <\/span><\/p>\n<div style=\"line-height: normal; margin-bottom: .0001pt; margin-bottom: 0cm; text-align: justify;\"><span style=\"font-family: &quot;Trebuchet MS&quot;,sans-serif;\"><span lang=\"ES\" style=\"font-size: 11.5pt;\">Finalmente, tanto en el EPU como el CEDAW han recomendado la ratificaci\u00f3n la ratificaci\u00f3n del Convenio 182 de la OIT sobre<\/span><span lang=\"ES\" style=\"font-size: 11.5pt;\"><\/span><\/span><\/div>\n<p><span style=\"font-family: &quot;Trebuchet MS&quot;,sans-serif;\"> <\/span><\/p>\n<div style=\"line-height: normal; margin-bottom: .0001pt; margin-bottom: 0cm; text-align: justify;\"><\/div>\n<p><span style=\"font-family: &quot;Trebuchet MS&quot;,sans-serif;\"> <\/span><\/p>\n<div align=\"center\" style=\"line-height: normal; margin-bottom: .0001pt; margin-bottom: 0cm; text-align: center;\"><span style=\"font-family: &quot;Trebuchet MS&quot;,sans-serif;\"><b style=\"mso-bidi-font-weight: normal;\"><span lang=\"ES\" style=\"font-size: 14pt;\">Conclusiones<\/span><\/b><\/span><\/div>\n<p><span style=\"font-family: &quot;Trebuchet MS&quot;,sans-serif;\"> <\/span><\/p>\n<div style=\"line-height: normal; margin-bottom: .0001pt; margin-bottom: 0cm; text-align: justify;\"><\/div>\n<p><span style=\"font-family: &quot;Trebuchet MS&quot;,sans-serif;\"> <\/span><\/p>\n<div style=\"line-height: normal; margin-bottom: .0001pt; margin-bottom: 0cm; text-align: justify;\"><span style=\"font-family: &quot;Trebuchet MS&quot;,sans-serif;\"><span lang=\"ES\" style=\"font-size: 11.5pt;\">Como se desprende de los casos descritos, la celebraci\u00f3n del 8 de marzo seguir\u00e1 siendo una utop\u00eda si no se cumple la ley y no existe voluntad y compromiso real de todos los funcionarios y funcionarias, particularmente los de m\u00e1s alto nivel. <\/span><\/span><\/div>\n<p><span style=\"font-family: &quot;Trebuchet MS&quot;,sans-serif;\"> <\/span><\/p>\n<div style=\"line-height: normal; margin-bottom: .0001pt; margin-bottom: 0cm; text-align: justify;\"><\/div>\n<p><span style=\"font-family: &quot;Trebuchet MS&quot;,sans-serif;\"> <\/span><\/p>\n<div style=\"line-height: normal; margin-bottom: .0001pt; margin-bottom: 0cm; text-align: justify;\"><span style=\"font-family: &quot;Trebuchet MS&quot;,sans-serif;\"><span lang=\"ES\" style=\"font-size: 11.5pt;\">Ante la grave situaci\u00f3n de estos casos representativos de violencias de g\u00e9nero, de la generalidad que litiga el Centro de Derechos Humanos, nos dimos a la tarea de construir un <b style=\"mso-bidi-font-weight: normal;\">OBSERVATORIO DE EL CENTRO DE JUSTICIA PARA LAS MUJERES, DIF ESTATAL y DEL PODER JUDICIAL<\/b>, haciendo manifiesto nuestro de derecho a participar en la fiscalizaci\u00f3n y rendici\u00f3n de cuentas de las instancias creadas por el Estado mexicano para prevenir, sancionar y erradicar las violencias contra las mujeres. <\/span><\/span><\/div>\n<p><span style=\"font-family: &quot;Trebuchet MS&quot;,sans-serif;\"> <\/span><\/p>\n<div style=\"line-height: normal; margin-bottom: .0001pt; margin-bottom: 0cm; text-align: justify;\"><\/div>\n<p><span style=\"font-family: &quot;Trebuchet MS&quot;,sans-serif;\"> <\/span><\/p>\n<div style=\"line-height: normal; margin-bottom: .0001pt; margin-bottom: 0cm; text-align: justify;\"><\/div>\n<p><span style=\"font-family: &quot;Trebuchet MS&quot;,sans-serif;\"> <\/span><\/p>\n<div style=\"line-height: normal; margin-bottom: .0001pt; margin-bottom: 0cm; text-align: justify;\"><\/div>\n<p><span style=\"font-family: &quot;Trebuchet MS&quot;,sans-serif;\"> <\/span><\/p>\n<div align=\"center\" style=\"line-height: normal; margin-bottom: .0001pt; margin-bottom: 0cm; text-align: center;\"><span style=\"font-family: &quot;Trebuchet MS&quot;,sans-serif;\"><b style=\"mso-bidi-font-weight: normal;\"><span lang=\"ES\" style=\"font-size: 14pt;\">Las cifras no mienten en lo que va del 2014 han ocurrido m\u00e1s de 25 feminicidios y tan s\u00f3lo el d\u00eda de hoy amanecimos con 3 feminicidios.<\/span><\/b><\/span><\/div>\n<div align=\"center\" style=\"line-height: normal; margin-bottom: .0001pt; margin-bottom: 0cm; text-align: center;\"><\/div>\n<div style=\"mso-element: footnote-list;\"><br clear=\"all\" \/> <\/p>\n<hr align=\"left\" size=\"1\" width=\"33%\" \/>\n<div style=\"mso-element: footnote;\">\n<div style=\"line-height: normal; margin-bottom: .0001pt; margin-bottom: 0cm; mso-layout-grid-align: none; text-autospace: none;\"><a href=\"https:\/\/www.blogger.com\/blogger.g?blogID=4552474997083461325#_ftnref1\" name=\"_ftn1\" style=\"mso-footnote-id: ftn1;\" title=\"\"><span><span lang=\"EN-US\" style=\"font-family: &quot;Arial&quot;,&quot;sans-serif&quot;; font-size: 9.5pt; mso-bidi-font-family: &quot;Times New Roman&quot;; mso-bidi-font-size: 11.0pt;\"><span style=\"mso-special-character: footnote;\"><span><span lang=\"EN-US\" style=\"font-family: &quot;Arial&quot;,&quot;sans-serif&quot;; font-size: 9.5pt; line-height: 115%; mso-ansi-language: EN-US; mso-bidi-font-family: &quot;Times New Roman&quot;; mso-bidi-font-size: 11.0pt; mso-bidi-language: AR-SA; mso-fareast-font-family: Calibri; mso-fareast-language: EN-US;\">[1]<\/span><\/span><\/span><\/span><\/span><\/a><span lang=\"ES\" style=\"font-family: &quot;Arial&quot;,&quot;sans-serif&quot;; font-size: 9.5pt; mso-ansi-language: ES; mso-bidi-font-family: &quot;Times New Roman&quot;; mso-bidi-font-size: 11.0pt;\"> CEDAW. <\/span><b><span lang=\"ES\" style=\"font-family: &quot;Arial&quot;,&quot;sans-serif&quot;; font-size: 9.5pt; mso-ansi-language: ES; mso-bidi-font-family: &quot;TimesNewRoman,Bold&quot;; mso-bidi-font-size: 12.0pt;\">Observaciones finales del Comit\u00e9 para la Eliminaci\u00f3n de la Discriminaci\u00f3n contra la Mujer (M\u00e9xico)<\/span><\/b><span lang=\"ES\" style=\"font-family: &quot;Arial&quot;,&quot;sans-serif&quot;; font-size: 9.5pt; mso-ansi-language: ES; mso-bidi-font-family: &quot;Times New Roman&quot;; mso-bidi-font-size: 11.0pt;\">, de <\/span><span lang=\"ES\" style=\"font-family: &quot;Arial&quot;,&quot;sans-serif&quot;; font-size: 9.5pt; mso-ansi-language: ES; mso-bidi-font-family: TimesNewRoman; mso-bidi-font-size: 10.0pt;\">7 de agosto de 2012<\/span><span lang=\"ES\" style=\"font-family: &quot;Arial&quot;,&quot;sans-serif&quot;; font-size: 9.5pt; mso-ansi-language: ES; mso-bidi-font-family: &quot;Times New Roman&quot;; mso-bidi-font-size: 11.0pt;\">. Doc. ONU <\/span><span lang=\"ES\" style=\"font-family: &quot;Arial&quot;,&quot;sans-serif&quot;; font-size: 9.5pt; mso-ansi-language: ES; mso-bidi-font-family: TimesNewRoman; mso-bidi-font-size: 20.0pt;\">CEDAW<\/span><span lang=\"ES\" style=\"font-family: &quot;Arial&quot;,&quot;sans-serif&quot;; font-size: 9.5pt; mso-ansi-language: ES; mso-bidi-font-family: TimesNewRoman; mso-bidi-font-size: 10.0pt;\">\/C\/MEX\/CO\/7-8, p\u00e1rr. 16, literal <\/span><span lang=\"ES\" style=\"font-family: &quot;Arial&quot;,&quot;sans-serif&quot;; font-size: 9.5pt; mso-ansi-language: ES; mso-bidi-font-family: &quot;TimesNewRoman,Bold&quot;; mso-bidi-font-size: 10.0pt; mso-bidi-font-weight: bold;\">e).<b> <\/b><\/span><span lang=\"ES\" style=\"font-family: &quot;Arial&quot;,&quot;sans-serif&quot;; font-size: 9.5pt; mso-ansi-language: ES; mso-bidi-font-family: TimesNewRoman; mso-bidi-font-size: 10.0pt;\"><\/span><\/div>\n<\/div>\n<div style=\"mso-element: footnote;\">\n<div style=\"line-height: normal; margin-bottom: .0001pt; margin-bottom: 0cm; text-align: justify;\"><a href=\"https:\/\/www.blogger.com\/blogger.g?blogID=4552474997083461325#_ftnref2\" name=\"_ftn2\" style=\"mso-footnote-id: ftn2;\" title=\"\"><span><span lang=\"EN-US\" style=\"font-family: &quot;Arial&quot;,&quot;sans-serif&quot;; font-size: 9.5pt; mso-bidi-font-family: &quot;Times New Roman&quot;; mso-bidi-font-size: 10.0pt;\"><span style=\"mso-special-character: footnote;\"><span><span lang=\"EN-US\" style=\"font-family: &quot;Arial&quot;,&quot;sans-serif&quot;; font-size: 9.5pt; line-height: 115%; mso-ansi-language: EN-US; mso-bidi-font-family: &quot;Times New Roman&quot;; mso-bidi-font-size: 10.0pt; mso-bidi-language: AR-SA; mso-fareast-font-family: Calibri; mso-fareast-language: EN-US;\">[2]<\/span><\/span><\/span><\/span><\/span><\/a><span lang=\"ES\" style=\"font-family: &quot;Arial&quot;,&quot;sans-serif&quot;; font-size: 9.5pt; mso-ansi-language: ES; mso-bidi-font-family: &quot;Times New Roman&quot;; mso-bidi-font-size: 10.0pt;\"> CEDAW. <\/span><b><span lang=\"ES\" style=\"font-family: &quot;Arial&quot;,&quot;sans-serif&quot;; font-size: 9.5pt; mso-ansi-language: ES; mso-bidi-font-family: &quot;TimesNewRoman,Bold&quot;; mso-bidi-font-size: 12.0pt;\">Observaciones finales del Comit\u00e9 para la Eliminaci\u00f3n de la Discriminaci\u00f3n contra la Mujer (M\u00e9xico)<\/span><\/b><span lang=\"ES\" style=\"font-family: &quot;Arial&quot;,&quot;sans-serif&quot;; font-size: 9.5pt; mso-ansi-language: ES; mso-bidi-font-family: &quot;Times New Roman&quot;; mso-bidi-font-size: 10.0pt;\">, de <\/span><span lang=\"ES\" style=\"font-family: &quot;Arial&quot;,&quot;sans-serif&quot;; font-size: 9.5pt; mso-ansi-language: ES; mso-bidi-font-family: TimesNewRoman; mso-bidi-font-size: 10.0pt;\">7 de agosto de 2012<\/span><span lang=\"ES\" style=\"font-family: &quot;Arial&quot;,&quot;sans-serif&quot;; font-size: 9.5pt; mso-ansi-language: ES; mso-bidi-font-family: &quot;Times New Roman&quot;; mso-bidi-font-size: 10.0pt;\">. Doc. ONU <\/span><span lang=\"ES\" style=\"font-family: &quot;Arial&quot;,&quot;sans-serif&quot;; font-size: 9.5pt; mso-ansi-language: ES; mso-bidi-font-family: TimesNewRoman; mso-bidi-font-size: 20.0pt;\">CEDAW<\/span><span lang=\"ES\" style=\"font-family: &quot;Arial&quot;,&quot;sans-serif&quot;; font-size: 9.5pt; mso-ansi-language: ES; mso-bidi-font-family: TimesNewRoman; mso-bidi-font-size: 10.0pt;\">\/C\/MEX\/CO\/7-8, <\/span><span lang=\"ES\" style=\"font-family: &quot;Arial&quot;,&quot;sans-serif&quot;; font-size: 9.5pt; mso-ansi-language: ES; mso-bidi-font-family: &quot;TimesNewRoman,Bold&quot;; mso-bidi-font-size: 10.0pt; mso-bidi-font-weight: bold;\">p\u00e1rr. 35 literal d).<\/span><span lang=\"ES\" style=\"font-family: &quot;Arial&quot;,&quot;sans-serif&quot;; font-size: 9.5pt; mso-ansi-language: ES; mso-bidi-font-family: &quot;Times New Roman&quot;; mso-bidi-font-size: 10.0pt;\"><\/span><\/div>\n<\/div>\n<div style=\"mso-element: footnote;\">\n<div style=\"line-height: normal; margin-bottom: .0001pt; margin-bottom: 0cm; mso-layout-grid-align: none; text-align: justify; text-autospace: none;\"><a href=\"https:\/\/www.blogger.com\/blogger.g?blogID=4552474997083461325#_ftnref3\" name=\"_ftn3\" style=\"mso-footnote-id: ftn3;\" title=\"\"><span><span lang=\"EN-US\"><span style=\"mso-special-character: footnote;\"><span><span lang=\"EN-US\" style=\"font-family: &quot;Calibri&quot;,&quot;sans-serif&quot;; font-size: 11.0pt; line-height: 115%; mso-ansi-language: EN-US; mso-bidi-font-family: &quot;Times New Roman&quot;; mso-bidi-language: AR-SA; mso-fareast-font-family: Calibri; mso-fareast-language: EN-US;\">[3]<\/span><\/span><\/span><\/span><\/span><\/a><span lang=\"EN-US\" style=\"mso-ansi-language: ES;\"> <\/span><span lang=\"ES\" style=\"mso-ansi-language: ES;\">El informe establece lo siguiente:<\/span><\/div>\n<div style=\"line-height: normal; margin-bottom: .0001pt; margin-bottom: 0cm; margin-left: 36.0pt; margin-right: 36.0pt; margin-top: 0cm; mso-layout-grid-align: none; text-align: justify; text-autospace: none;\"><span lang=\"ES\" style=\"font-family: &quot;Arial&quot;,&quot;sans-serif&quot;; font-size: 9.0pt; mso-ansi-language: ES; mso-bidi-font-family: TimesNewRoman; mso-bidi-font-size: 10.0pt;\">11. Al Comit\u00e9 le preocupa el hecho de que los altos niveles de inseguridad y violencia en el Estado parte no se limiten a la lucha contra la delincuencia organizada y, en consecuencia, est\u00e9n afectando de modo negativo a la poblaci\u00f3n, en particular a las mujeres y las muchachas, en el disfrute de sus derechos humanos. Le preocupa profundamente que la estrategia de seguridad p\u00fablica para luchar contra la delincuencia organizada, combinada con la impunidad y corrupci\u00f3n persistentes, haya contribuido a la intensificaci\u00f3n de unas pautas ya existentes de discriminaci\u00f3n y violencia generalizadas contra las mujeres en el Estado parte, basadas en actitudes patriarcales, y a minimizar este fen\u00f3meno y hacerlo invisible. Al Comit\u00e9 le preocupa que las mujeres y las muchachas se vean sometidas a unos niveles cada vez mayores y a diferentes tipos de violencia por motivos de g\u00e9nero como la violencia dom\u00e9stica, desapariciones forzosas, torturas y asesinatos, en particular el feminicidio, por agentes estatales, incluidos funcionarios encargados de hacer cumplir la ley y fuerzas de seguridad, as\u00ed como por agentes no estatales como grupos de delincuentes organizados.<\/span><\/div>\n<div style=\"line-height: normal; margin-bottom: .0001pt; margin-bottom: 0cm; margin-left: 36.0pt; margin-right: 36.0pt; margin-top: 0cm; mso-layout-grid-align: none; text-align: justify; text-autospace: none;\"><span lang=\"ES\" style=\"font-family: &quot;Arial&quot;,&quot;sans-serif&quot;; font-size: 9.5pt; mso-ansi-language: ES; mso-bidi-font-family: &quot;Times New Roman&quot;; mso-bidi-font-size: 11.0pt;\">CEDAW. <\/span><b><span lang=\"ES\" style=\"font-family: &quot;Arial&quot;,&quot;sans-serif&quot;; font-size: 9.5pt; mso-ansi-language: ES; mso-bidi-font-family: &quot;TimesNewRoman,Bold&quot;; mso-bidi-font-size: 12.0pt;\">Observaciones finales del Comit\u00e9 para la Eliminaci\u00f3n de la Discriminaci\u00f3n contra la Mujer (M\u00e9xico)<\/span><\/b><span lang=\"ES\" style=\"font-family: &quot;Arial&quot;,&quot;sans-serif&quot;; font-size: 9.5pt; mso-ansi-language: ES; mso-bidi-font-family: &quot;Times New Roman&quot;; mso-bidi-font-size: 11.0pt;\">, de <\/span><span lang=\"ES\" style=\"font-family: &quot;Arial&quot;,&quot;sans-serif&quot;; font-size: 9.5pt; mso-ansi-language: ES; mso-bidi-font-family: TimesNewRoman; mso-bidi-font-size: 11.0pt;\">7 de agosto de 2012<\/span><span lang=\"ES\" style=\"font-family: &quot;Arial&quot;,&quot;sans-serif&quot;; font-size: 9.5pt; mso-ansi-language: ES; mso-bidi-font-family: &quot;Times New Roman&quot;; mso-bidi-font-size: 11.0pt;\">. Doc. ONU <\/span><span lang=\"ES\" style=\"font-family: &quot;Arial&quot;,&quot;sans-serif&quot;; font-size: 9.5pt; mso-ansi-language: ES; mso-bidi-font-family: TimesNewRoman; mso-bidi-font-size: 20.0pt;\">CEDAW<\/span><span lang=\"ES\" style=\"font-family: &quot;Arial&quot;,&quot;sans-serif&quot;; font-size: 9.5pt; mso-ansi-language: ES; mso-bidi-font-family: TimesNewRoman; mso-bidi-font-size: 11.0pt;\">\/C\/MEX\/CO\/7-8, <\/span><span lang=\"ES\" style=\"font-family: &quot;Arial&quot;,&quot;sans-serif&quot;; font-size: 9.5pt; mso-ansi-language: ES; mso-bidi-font-family: &quot;TimesNewRoman,Bold&quot;; mso-bidi-font-size: 11.0pt; mso-bidi-font-weight: bold;\">p\u00e1rr. 11.<\/span><span lang=\"ES\" style=\"font-family: &quot;Arial&quot;,&quot;sans-serif&quot;; font-size: 9.0pt; mso-ansi-language: ES; mso-bidi-font-family: TimesNewRoman; mso-bidi-font-size: 10.0pt;\"><\/span><\/div>\n<\/div>\n<div style=\"mso-element: footnote;\">\n<div style=\"line-height: normal; margin-bottom: .0001pt; margin-bottom: 0cm;\"><a href=\"https:\/\/www.blogger.com\/blogger.g?blogID=4552474997083461325#_ftnref4\" name=\"_ftn4\" style=\"mso-footnote-id: ftn4;\" title=\"\"><span><span lang=\"EN-US\"><span style=\"mso-special-character: footnote;\"><span><span lang=\"EN-US\" style=\"font-family: &quot;Calibri&quot;,&quot;sans-serif&quot;; font-size: 10.0pt; line-height: 115%; mso-ansi-language: EN-US; mso-bidi-font-family: &quot;Times New Roman&quot;; mso-bidi-language: AR-SA; mso-fareast-font-family: Calibri; mso-fareast-language: EN-US;\">[4]<\/span><\/span><\/span><\/span><\/span><\/a><span lang=\"EN-US\" style=\"mso-ansi-language: ES;\"> <\/span><span lang=\"ES\" style=\"font-family: &quot;Arial&quot;,&quot;sans-serif&quot;; font-size: 9.5pt; mso-ansi-language: ES; mso-bidi-font-family: &quot;Times New Roman&quot;; mso-bidi-font-size: 10.0pt;\">CEDAW. <\/span><b><span lang=\"ES\" style=\"font-family: &quot;Arial&quot;,&quot;sans-serif&quot;; font-size: 9.5pt; mso-ansi-language: ES; mso-bidi-font-family: &quot;TimesNewRoman,Bold&quot;; mso-bidi-font-size: 12.0pt;\">Observaciones finales del Comit\u00e9 para la Eliminaci\u00f3n de la Discriminaci\u00f3n contra la Mujer (M\u00e9xico)<\/span><\/b><span lang=\"ES\" style=\"font-family: &quot;Arial&quot;,&quot;sans-serif&quot;; font-size: 9.5pt; mso-ansi-language: ES; mso-bidi-font-family: &quot;Times New Roman&quot;; mso-bidi-font-size: 10.0pt;\">, de <\/span><span lang=\"ES\" style=\"font-family: &quot;Arial&quot;,&quot;sans-serif&quot;; font-size: 9.5pt; mso-ansi-language: ES; mso-bidi-font-family: TimesNewRoman; mso-bidi-font-size: 10.0pt;\">7 de agosto de 2012<\/span><span lang=\"ES\" style=\"font-family: &quot;Arial&quot;,&quot;sans-serif&quot;; font-size: 9.5pt; mso-ansi-language: ES; mso-bidi-font-family: &quot;Times New Roman&quot;; mso-bidi-font-size: 10.0pt;\">. Doc. ONU <\/span><span lang=\"ES\" style=\"font-family: &quot;Arial&quot;,&quot;sans-serif&quot;; font-size: 9.5pt; mso-ansi-language: ES; mso-bidi-font-family: TimesNewRoman; mso-bidi-font-size: 20.0pt;\">CEDAW<\/span><span lang=\"ES\" style=\"font-family: &quot;Arial&quot;,&quot;sans-serif&quot;; font-size: 9.5pt; mso-ansi-language: ES; mso-bidi-font-family: TimesNewRoman; mso-bidi-font-size: 10.0pt;\">\/C\/MEX\/CO\/7-8, <\/span><span lang=\"ES\" style=\"font-family: &quot;Arial&quot;,&quot;sans-serif&quot;; font-size: 9.5pt; mso-ansi-language: ES; mso-bidi-font-family: &quot;TimesNewRoman,Bold&quot;; mso-bidi-font-size: 10.0pt; mso-bidi-font-weight: bold;\">p\u00e1rr. 11.<\/span><span lang=\"ES\" style=\"mso-ansi-language: ES;\"><\/span><\/div>\n<\/div>\n<\/div>\n","protected":false},"excerpt":{"rendered":"<p>El 8 de marzo es la conmemoraci\u00f3n del d\u00eda internacional de las mujeres, que recuerda la importancia del respeto y garant\u00eda de los derechos de las mujeres. Surgido de hechos dram\u00e1ticos de exigencia de derechos laborales en Estados Unidos, este d\u00eda nos recuerda que esos hechos \u2013ocurridos durante el siglo XIX- aun siguen sucediendo. El [&hellip;]<\/p>\n","protected":false},"author":2,"featured_media":0,"comment_status":"open","ping_status":"open","sticky":false,"template":"","format":"standard","meta":{"footnotes":""},"categories":[1],"tags":[],"class_list":["post-1446","post","type-post","status-publish","format-standard","hentry","category-sin-categoria"],"_links":{"self":[{"href":"https:\/\/cedehm.org.mx\/es\/wp-json\/wp\/v2\/posts\/1446","targetHints":{"allow":["GET"]}}],"collection":[{"href":"https:\/\/cedehm.org.mx\/es\/wp-json\/wp\/v2\/posts"}],"about":[{"href":"https:\/\/cedehm.org.mx\/es\/wp-json\/wp\/v2\/types\/post"}],"author":[{"embeddable":true,"href":"https:\/\/cedehm.org.mx\/es\/wp-json\/wp\/v2\/users\/2"}],"replies":[{"embeddable":true,"href":"https:\/\/cedehm.org.mx\/es\/wp-json\/wp\/v2\/comments?post=1446"}],"version-history":[{"count":0,"href":"https:\/\/cedehm.org.mx\/es\/wp-json\/wp\/v2\/posts\/1446\/revisions"}],"wp:attachment":[{"href":"https:\/\/cedehm.org.mx\/es\/wp-json\/wp\/v2\/media?parent=1446"}],"wp:term":[{"taxonomy":"category","embeddable":true,"href":"https:\/\/cedehm.org.mx\/es\/wp-json\/wp\/v2\/categories?post=1446"},{"taxonomy":"post_tag","embeddable":true,"href":"https:\/\/cedehm.org.mx\/es\/wp-json\/wp\/v2\/tags?post=1446"}],"curies":[{"name":"wp","href":"https:\/\/api.w.org\/{rel}","templated":true}]}}