{"id":1498,"date":"2013-04-19T23:07:00","date_gmt":"2013-04-19T23:07:00","guid":{"rendered":"https:\/\/cedehm.org.mx\/es\/2013\/04\/19\/pronunciamiento-sobre-el-caso-de-clara-armendariz-gutierrez-y-su-hija-antonia\/"},"modified":"2013-04-19T23:07:00","modified_gmt":"2013-04-19T23:07:00","slug":"pronunciamiento-sobre-el-caso-de-clara-armendariz-gutierrez-y-su-hija-antonia","status":"publish","type":"post","link":"https:\/\/cedehm.org.mx\/es\/2013\/04\/19\/pronunciamiento-sobre-el-caso-de-clara-armendariz-gutierrez-y-su-hija-antonia\/","title":{"rendered":"Pronunciamiento sobre el caso de Clara Armend\u00e1riz Gutierrez y su hija Antonia"},"content":{"rendered":"<p><b><span style=\"color: black; font-family: Trebuchet MS, sans-serif;\">Las organizaciones del Movimiento de Mujeres en Chihuahua, nos preguntamos lo siguiente:<\/span><\/b><br \/><span style=\"font-family: Trebuchet MS, sans-serif;\"> <\/span><\/p>\n<div style=\"line-height: normal; margin-bottom: 0.0001pt;\"><span style=\"font-family: Trebuchet MS, sans-serif;\"><br \/><\/span><\/div>\n<p><span style=\"font-family: Trebuchet MS, sans-serif;\"> <\/span><\/p>\n<div style=\"line-height: normal; margin-bottom: 0.0001pt;\"><span style=\"color: black; font-family: Trebuchet MS, sans-serif;\">\u00bfAdem\u00e1s de Clara Armend\u00e1riz Guti\u00e9rrez y de su pap\u00e1 Ra\u00fal Armend\u00e1riz S\u00edgala, no existen m\u00e1s familiares de la ni\u00f1a Antonia?<\/span><\/div>\n<p><span style=\"font-family: Trebuchet MS, sans-serif;\"> <\/span><\/p>\n<div style=\"line-height: normal; margin-bottom: 0.0001pt;\"><span style=\"font-family: Trebuchet MS, sans-serif;\"><br \/><\/span><\/div>\n<p><span style=\"font-family: Trebuchet MS, sans-serif;\"> <\/span><\/p>\n<div style=\"line-height: normal; margin-bottom: 0.0001pt;\"><span style=\"color: black; font-family: Trebuchet MS, sans-serif;\">Porque en la resoluci\u00f3n que emite el DIF estatal no solamente est\u00e1 anunciando que iniciar\u00e1 un juicio para quitarle la patria potestad a la madre, que deber\u00e1 resolverse ante un juzgado familiar que no prejuzgue, sino que ya est\u00e1 \u201ccocinando\u201d la adopci\u00f3n de la ni\u00f1a.<\/span><\/div>\n<p><span style=\"font-family: Trebuchet MS, sans-serif;\"> <\/span><\/p>\n<div style=\"line-height: normal; margin-bottom: 0.0001pt;\"><span style=\"font-family: Trebuchet MS, sans-serif;\"><br \/><\/span><\/div>\n<p><span style=\"font-family: Trebuchet MS, sans-serif;\"> <\/span><\/p>\n<div style=\"line-height: normal; margin-bottom: 0.0001pt;\"><span style=\"color: black; font-family: Trebuchet MS, sans-serif;\">Es importante resaltar que existe una ley estatal y tratados Internacionales que indican claramente que cualesquier ni\u00f1o o ni\u00f1a tiene derecho a estar y crecer en primer lugar con su familia y que el DII es la \u00faltima instancia para ejercer la patria potestad.<\/span><\/div>\n<p><span style=\"font-family: Trebuchet MS, sans-serif;\"> <\/span><\/p>\n<div style=\"line-height: normal; margin-bottom: 0.0001pt;\"><span style=\"color: black; font-family: Trebuchet MS, sans-serif;\"><br \/><\/span><\/div>\n<p><span style=\"font-family: Trebuchet MS, sans-serif;\"> <\/span><\/p>\n<div style=\"line-height: normal; margin-bottom: 0.0001pt;\"><span style=\"color: black; font-family: Trebuchet MS, sans-serif;\">Es lamentable que el DIF ignore que la ni\u00f1a tiene un t\u00edo, t\u00edas, bisabuela y dem\u00e1s familiares que est\u00e1n dispuestos a hacerse cargo de ella y que tiene derecho de vivir al lado de sus familiares.<\/span><\/div>\n<p><span style=\"font-family: Trebuchet MS, sans-serif;\"> <\/span><\/p>\n<div style=\"line-height: normal; margin-bottom: 0.0001pt;\"><span style=\"font-family: Trebuchet MS, sans-serif;\"><br \/><\/span><\/div>\n<p><span style=\"font-family: Trebuchet MS, sans-serif;\"> <\/span><\/p>\n<div style=\"line-height: normal; margin-bottom: 0.0001pt;\"><span style=\"color: black; font-family: Trebuchet MS, sans-serif;\">\u00bfD\u00f3nde quedan los derechos de Antonia a vivir con su familia consangu\u00ednea? \u00bfY donde queda la visi\u00f3n del DIF que se supone es la instituci\u00f3n que integra a la familia?<\/span><\/div>\n<p><span style=\"font-family: Trebuchet MS, sans-serif;\"> <\/span><\/p>\n<div style=\"line-height: normal; margin-bottom: 0.0001pt;\"><span style=\"font-family: Trebuchet MS, sans-serif;\"><br \/><\/span><\/div>\n<p><span style=\"font-family: Trebuchet MS, sans-serif;\"> <\/span><\/p>\n<div style=\"line-height: normal; margin-bottom: 0.0001pt;\"><span style=\"color: black; font-family: Trebuchet MS, sans-serif;\">Es criticable que el DIF no garantice los lineamientos internacionales mandatados en la Convenci\u00f3n de los Derechos de los Ni\u00f1os y las Ni\u00f1as y consecuentemente viole el Art\u00edculo 1\u00ba Constitucional que obliga a toda autoridad a promover, respetar, proteger y garantizar los Derechos Humanos.<\/span><\/div>\n<p><span style=\"font-family: Trebuchet MS, sans-serif;\"> <\/span><\/p>\n<div style=\"line-height: normal; margin-bottom: 0.0001pt;\"><span style=\"font-family: Trebuchet MS, sans-serif;\"><br \/><\/span><\/div>\n<p><span style=\"font-family: Trebuchet MS, sans-serif;\"> <\/span><\/p>\n<div style=\"line-height: normal; margin-bottom: 0.0001pt;\"><span style=\"color: black; font-family: Trebuchet MS, sans-serif;\">Cuando ignora las circunstancias del caso y no analiza profundamente las circunstancias que llevaron a Clara a tomar la decisi\u00f3n que la tiene en esta situaci\u00f3n, el DIF est\u00e1 omitiendo un an\u00e1lisis con perspectiva de g\u00e9nero.<\/span><br \/><span style=\"color: black; font-family: Trebuchet MS, sans-serif;\"><br \/><\/span><\/div>\n<p><span style=\"font-family: Trebuchet MS, sans-serif;\"> <\/span><\/p>\n<div style=\"line-height: normal; margin-bottom: 0.0001pt;\"><span style=\"color: black; font-family: Trebuchet MS, sans-serif;\">Si actuara con perspectiva de g\u00e9nero, el DIF explicar\u00eda la culpa y verg\u00fcenza que sinti\u00f3 Clara por un embarazo sin estar casada. En este caso, lo que se esperar\u00eda es que la instituci\u00f3n se aboque a atender a Clara para dotarle de posibilidades de salir de su depresi\u00f3n y apoyarla con la finalidad de que madre e hija accedan al derecho de estar unidas y enfrentar la vida con todos los retos que ello implica.<\/span><br \/><span style=\"color: black; font-family: Trebuchet MS, sans-serif;\"><br \/><\/span><\/div>\n<p><span style=\"font-family: Trebuchet MS, sans-serif;\"> <\/span><\/p>\n<div style=\"line-height: normal; margin-bottom: 0.0001pt;\"><span style=\"color: black; font-family: Trebuchet MS, sans-serif;\">Es sabido que la circunstancia que vive Clara es debido a una ausencia de pol\u00edtica p\u00fablica que apoye el conocimiento acerca de la prevenci\u00f3n del embarazo y por ende al cuidado de la salud sexual.<\/span><\/div>\n<p><span style=\"font-family: Trebuchet MS, sans-serif;\"> <\/span><\/p>\n<div style=\"line-height: normal; margin-bottom: 0.0001pt;\"><span style=\"font-family: Trebuchet MS, sans-serif;\"><br \/><\/span><\/div>\n<p><span style=\"font-family: Trebuchet MS, sans-serif;\"> <\/span><\/p>\n<div style=\"line-height: normal; margin-bottom: 0.0001pt;\"><span style=\"color: black; font-family: Trebuchet MS, sans-serif;\">Vivimos en una sociedad que no quiere reconocer que las y los j\u00f3venes asumen su sexualidad y que al hacerlo corren constantemente riesgos como el embarazo no deseado, situaci\u00f3n que lleva a las mujeres a detener su proyecto personal y dedicarse a la crianza y educaci\u00f3n de hijos e hijas, cuando por otro lado las exigencias para preparase y trabajar son una realidad, por lo que se vive la doble jornada para las mujeres. Es decir, se ha construido un mundo donde solamente a las mujeres se les exige el cuidado de casa e hijos, escenario por dem\u00e1s discriminativo.<\/span><\/div>\n<p><span style=\"font-family: Trebuchet MS, sans-serif;\"> <\/span><\/p>\n<div style=\"line-height: normal; margin-bottom: 0.0001pt;\"><span style=\"font-family: Trebuchet MS, sans-serif;\"><br \/><\/span><\/div>\n<p><span style=\"font-family: Trebuchet MS, sans-serif;\"> <\/span><\/p>\n<div style=\"line-height: normal; margin-bottom: 0.0001pt;\"><b><span style=\"color: black; font-family: Trebuchet MS, sans-serif;\">Las organizaciones del movimiento de Mujeres manifestamos:<\/span><\/b><\/div>\n<p><span style=\"font-family: Trebuchet MS, sans-serif;\"> <\/span><\/p>\n<div style=\"line-height: normal; margin-bottom: 0.0001pt;\"><span style=\"font-family: Trebuchet MS, sans-serif;\"><br \/><\/span><\/div>\n<p><span style=\"font-family: Trebuchet MS, sans-serif;\"> <\/span><\/p>\n<div style=\"line-height: normal; margin-bottom: 0.0001pt; text-indent: -18pt;\"><span style=\"font-family: Trebuchet MS, sans-serif;\"><span style=\"color: black;\">&#8211;<span style=\"-moz-font-feature-settings: normal; -moz-font-language-override: normal; font-size-adjust: none; font-stretch: normal; font-style: normal; font-variant: normal; font-weight: normal; line-height: normal;\">&nbsp;&nbsp;&nbsp;&nbsp; &#8211; <\/span><\/span><span style=\"color: black;\">Desacuerdo en que el DIF realice acciones para que Clara pierda la patria potestad de su hija.<\/span><\/span><\/div>\n<p><span style=\"font-family: Trebuchet MS, sans-serif;\"> <\/span><\/p>\n<div style=\"line-height: normal; margin-bottom: 0.0001pt;\"><span style=\"font-family: Trebuchet MS, sans-serif;\"><br \/><\/span><\/div>\n<p><span style=\"font-family: Trebuchet MS, sans-serif;\"> <\/span><\/p>\n<div style=\"line-height: normal; margin-bottom: 0.0001pt; text-indent: -18pt;\"><span style=\"font-family: Trebuchet MS, sans-serif;\"><span style=\"color: black;\">&#8211;<span style=\"-moz-font-feature-settings: normal; -moz-font-language-override: normal; font-size-adjust: none; font-stretch: normal; font-style: normal; font-variant: normal; font-weight: normal; line-height: normal;\">&nbsp;&nbsp;&nbsp;&nbsp; &#8211; <\/span><\/span><span style=\"color: black;\">Desacuerdo en que el DIF sustituya a Clara y no le proporcione apoyo para que ella pueda estudiar y cuidar a su hija.<\/span><\/span><\/div>\n<p><span style=\"font-family: Trebuchet MS, sans-serif;\"> <\/span><\/p>\n<div style=\"line-height: normal; margin-bottom: 0.0001pt;\"><span style=\"font-family: Trebuchet MS, sans-serif;\"><br \/><\/span><\/div>\n<p><span style=\"font-family: Trebuchet MS, sans-serif;\"> <\/span><\/p>\n<div style=\"line-height: normal; margin-bottom: 0.0001pt; text-indent: -18pt;\"><span style=\"font-family: Trebuchet MS, sans-serif;\"><span style=\"color: black;\">&#8211;<span style=\"-moz-font-feature-settings: normal; -moz-font-language-override: normal; font-size-adjust: none; font-stretch: normal; font-style: normal; font-variant: normal; font-weight: normal; line-height: normal;\">&nbsp;&nbsp;&nbsp;&nbsp; &#8211; <\/span><\/span><span style=\"color: black;\">Desacuerdo en la falta de pol\u00edticas p\u00fablicas que desarrollen capacidades que lleven al ejercicio pleno de la sexualidad de los y las j\u00f3venes, sin enfrentar embarazos no deseados.<\/span><\/span><\/div>\n<p><span style=\"font-family: Trebuchet MS, sans-serif;\"> <\/span><\/p>\n<div style=\"line-height: normal; margin-bottom: 0.0001pt;\"><span style=\"font-family: Trebuchet MS, sans-serif;\"><br \/><\/span><\/div>\n<p><span style=\"font-family: Trebuchet MS, sans-serif;\"> <\/span><\/p>\n<div style=\"line-height: normal; margin-bottom: 0.0001pt;\"><b><span style=\"font-family: Trebuchet MS, sans-serif;\">Decidir desde el poder, como castigar sin analizar, es una caracter\u00edstica en gobiernos autoritarios, es pretender cubrir sus omisiones y carencia de pol\u00edticas p\u00fablicas a necesidades b\u00e1sicas de una sociedad, por lo que el Movimiento de Mujeres rechazamos tales medidas en el caso de <a href=\"http:\/\/www.blogger.com\/blogger.g?blogID=4552474997083461325\" name=\"_GoBack\"><\/a>Clara Armend\u00e1riz Guti\u00e9rrez.<\/span><\/b><\/div>\n<div style=\"line-height: normal; margin-bottom: .0001pt; margin-bottom: 0cm; mso-layout-grid-align: none; text-autospace: none;\"><\/div>\n","protected":false},"excerpt":{"rendered":"<p>Las organizaciones del Movimiento de Mujeres en Chihuahua, nos preguntamos lo siguiente: \u00bfAdem\u00e1s de Clara Armend\u00e1riz Guti\u00e9rrez y de su pap\u00e1 Ra\u00fal Armend\u00e1riz S\u00edgala, no existen m\u00e1s familiares de la ni\u00f1a Antonia? Porque en la resoluci\u00f3n que emite el DIF estatal no solamente est\u00e1 anunciando que iniciar\u00e1 un juicio para quitarle la patria potestad a [&hellip;]<\/p>\n","protected":false},"author":2,"featured_media":0,"comment_status":"open","ping_status":"open","sticky":false,"template":"","format":"standard","meta":{"footnotes":""},"categories":[1],"tags":[],"class_list":["post-1498","post","type-post","status-publish","format-standard","hentry","category-sin-categoria"],"_links":{"self":[{"href":"https:\/\/cedehm.org.mx\/es\/wp-json\/wp\/v2\/posts\/1498","targetHints":{"allow":["GET"]}}],"collection":[{"href":"https:\/\/cedehm.org.mx\/es\/wp-json\/wp\/v2\/posts"}],"about":[{"href":"https:\/\/cedehm.org.mx\/es\/wp-json\/wp\/v2\/types\/post"}],"author":[{"embeddable":true,"href":"https:\/\/cedehm.org.mx\/es\/wp-json\/wp\/v2\/users\/2"}],"replies":[{"embeddable":true,"href":"https:\/\/cedehm.org.mx\/es\/wp-json\/wp\/v2\/comments?post=1498"}],"version-history":[{"count":0,"href":"https:\/\/cedehm.org.mx\/es\/wp-json\/wp\/v2\/posts\/1498\/revisions"}],"wp:attachment":[{"href":"https:\/\/cedehm.org.mx\/es\/wp-json\/wp\/v2\/media?parent=1498"}],"wp:term":[{"taxonomy":"category","embeddable":true,"href":"https:\/\/cedehm.org.mx\/es\/wp-json\/wp\/v2\/categories?post=1498"},{"taxonomy":"post_tag","embeddable":true,"href":"https:\/\/cedehm.org.mx\/es\/wp-json\/wp\/v2\/tags?post=1498"}],"curies":[{"name":"wp","href":"https:\/\/api.w.org\/{rel}","templated":true}]}}