{"id":1500,"date":"2013-04-18T20:09:00","date_gmt":"2013-04-18T20:09:00","guid":{"rendered":"https:\/\/cedehm.org.mx\/es\/2013\/04\/18\/llevaran-caso-de-clara-armendariz-y-su-hija-antonia-a-la-comision-interamericana-de-derechos-humanos\/"},"modified":"2013-04-18T20:09:00","modified_gmt":"2013-04-18T20:09:00","slug":"llevaran-caso-de-clara-armendariz-y-su-hija-antonia-a-la-comision-interamericana-de-derechos-humanos","status":"publish","type":"post","link":"https:\/\/cedehm.org.mx\/es\/2013\/04\/18\/llevaran-caso-de-clara-armendariz-y-su-hija-antonia-a-la-comision-interamericana-de-derechos-humanos\/","title":{"rendered":"Llevar\u00e1n caso de Clara Armend\u00e1riz y su hija Antonia a la Comisi\u00f3n Interamericana de Derechos Humanos"},"content":{"rendered":"<p><\/p>\n<div style=\"background: white; margin-bottom: .0001pt; margin: 0cm; text-align: justify;\"><span style=\"font-family: Trebuchet MS, sans-serif;\">El Centro de Derechos Humanos de las Mujeres (CEDEHM) acudir\u00e1 a la Comisi\u00f3n Interamericana de Derechos Humanos (CIDH) para revertir la resoluci\u00f3n de la Procuradur\u00eda de Asistencia Social y Jur\u00eddica del DIF que busca la p\u00e9rdida de la patria potestad de Clara Armend\u00e1riz Guti\u00e9rrez sobre su hija Antonia.<o:p><\/o:p><\/span><\/div>\n<div style=\"background: white; margin-bottom: .0001pt; margin: 0cm; text-align: justify;\"><\/div>\n<div style=\"background: white; margin-bottom: .0001pt; margin: 0cm; text-align: justify;\"><span style=\"font-family: Trebuchet MS, sans-serif;\">Al informar lo anterior, el equipo legal de la organizaci\u00f3n se\u00f1al\u00f3 que la resoluci\u00f3n del DIF viola el principio de inocencia consagrado en la Convenci\u00f3n Universal de los Derechos Humanos y otros tratados internacionales.<o:p><\/o:p><\/span><\/div>\n<div style=\"background: white; margin-bottom: .0001pt; margin: 0cm; text-align: justify;\"><\/div>\n<div style=\"background-color: white; background-position: initial initial; background-repeat: initial initial; margin-bottom: 0.0001pt; text-align: justify;\"><span style=\"font-family: Trebuchet MS, sans-serif;\">Afortunadamente existen instancias internacionales como la CIDH y el Comit\u00e9 de Expertos de la Ni\u00f1ez y la Mujer; organismos a los que acudir\u00e1 el &nbsp;CEDEHM porque tienen criterios jurisprudenciales apegados a est\u00e1ndares internacionales y con seguridad revertir\u00e1n la absurda decisi\u00f3n del DIF, indican las abogadas del Centro.<o:p><\/o:p><\/span><\/div>\n<div style=\"background: white; margin-bottom: .0001pt; margin: 0cm; text-align: justify;\"><\/div>\n<div style=\"background: white; margin-bottom: .0001pt; margin: 0cm; text-align: justify;\"><span style=\"font-family: Trebuchet MS, sans-serif;\">Si bien el objetivo del DIF es proporcionar elementos que permitan a las familias que se encuentran en situaci\u00f3n de vulnerabilidad, el poder lograr un desarrollo sustentable, contradictoriamente esta instituci\u00f3n viol\u00f3 el derecho de la familia y lleg\u00f3 m\u00e1s all\u00e1 de lo permitido, pues pretende \u201cproteger\u201d a la menor de su madre y sus familiares, como si fueran enfermos o trastornados, critican las abogadas.<o:p><\/o:p><\/span><\/div>\n<div style=\"background: white; margin-bottom: .0001pt; margin: 0cm; text-align: justify;\"><\/div>\n<div style=\"background: white; margin-bottom: .0001pt; margin: 0cm; text-align: justify;\"><span style=\"font-family: Trebuchet MS, sans-serif;\">La resoluci\u00f3n refleja una serie de sexismos entre los que se encuentran el doble par\u00e1metro para juzgar la conducta en forma distinta a hombres y mujeres, al adjudicarle a la conducta de Clara y su padre, una intenci\u00f3n basada en los estereotipos de g\u00e9nero, evidenciando el sesgo cultural que le exige a la mujer una conducta apegada totalmente a los roles de g\u00e9nero que socialmente se le ha asignado, neg\u00e1ndole as\u00ed la posibilidad de obtener la guarda y custodia de la menor, hacen ver las representantes legales.<o:p><\/o:p><\/span><\/div>\n<div style=\"background: white; margin-bottom: .0001pt; margin: 0cm; text-align: justify;\"><\/div>\n<div style=\"background-color: white; background-position: initial initial; background-repeat: initial initial; margin-bottom: 0.0001pt; text-align: justify;\"><span style=\"font-family: Trebuchet MS, sans-serif;\">Adem\u00e1s, la Procuradur\u00eda de Asistencia Social se ten\u00eda que haber esperado a la sentencia por parte del juzgado familiar, que es la autoridad competente para determinar la perdida de la patria potestad, antes de dictar una resoluci\u00f3n en contra de Clara y su familia, apuntan las especialistas.<o:p><\/o:p><\/span><\/div>\n<div style=\"background-color: white; background-position: initial initial; background-repeat: initial initial; margin-bottom: 0.0001pt; text-align: justify;\"><\/div>\n<div style=\"background-color: white; background-position: initial initial; background-repeat: initial initial; margin-bottom: 0.0001pt; text-align: justify;\"><span style=\"font-family: Trebuchet MS, sans-serif;\">El Centro de Derechos Humanos de las Mujeres considera que esta determinaci\u00f3n es un extremo conservadurismo por parte del DIF, invadido de atribuciones de competencia exclusiva del \u00e1mbito jurisdiccional.<o:p><\/o:p><\/span><\/div>\n<div style=\"background-color: white; background-position: initial initial; background-repeat: initial initial; margin-bottom: 0.0001pt; text-align: justify;\"><\/div>\n<div style=\"background-color: white; background-position: initial initial; background-repeat: initial initial; margin-bottom: 0.0001pt; text-align: justify;\"><span style=\"font-family: Trebuchet MS, sans-serif;\">Las abogadas del Centro consideran que, en raz\u00f3n de esta situaci\u00f3n, ser\u00eda recomendable revisar el perfil y hoja de vida de quien se encuentra al frente de esta instituci\u00f3n.<o:p><\/o:p><\/span><\/div>\n<div style=\"background-color: white; background-position: initial initial; background-repeat: initial initial; margin-bottom: 0.0001pt; text-align: justify;\"><\/div>\n<div style=\"background: white; margin-bottom: .0001pt; margin: 0cm; text-align: justify;\"><span style=\"font-family: Trebuchet MS, sans-serif;\">Esta acci\u00f3n incita de nueva cuenta a la comunidad chihuahuense al linchamiento social para descalificar a Clara Armend\u00e1riz y su familia, adem\u00e1s causa indignaci\u00f3n las ilegalidades de la Procuradur\u00eda de Asistencia Social y Jur\u00eddica del DIF, en raz\u00f3n de las graves violaciones a los derechos humanos, tanto de la madre como de la menor que se han cometido en la resoluci\u00f3n, advierten las abogadas.<o:p><\/o:p><\/span><\/div>\n<div style=\"background: white; margin-bottom: .0001pt; margin: 0cm; text-align: justify;\"><\/div>\n<div style=\"background-color: white; background-position: initial initial; background-repeat: initial initial; margin-bottom: 0.0001pt; text-align: justify;\"><span style=\"font-family: Trebuchet MS, sans-serif;\">Preocupa al CEDEHM &nbsp;la confusi\u00f3n o mala fe de esta instituci\u00f3n que ha evidenciado el desconocimiento en el tema de derechos humanos.<o:p><\/o:p><\/span><\/div>\n<div style=\"background-color: white; background-position: initial initial; background-repeat: initial initial; margin-bottom: 0.0001pt; text-align: justify;\"><\/div>\n<div style=\"background-color: white; background-position: initial initial; background-repeat: initial initial; margin-bottom: 0.0001pt; text-align: justify;\"><span style=\"font-family: Trebuchet MS, sans-serif;\">El Centro de Derechos Humanos de las Mujeres es una organizaci\u00f3n reconocida internacionalmente por el litigio con perspectiva de g\u00e9nero que realiza.<\/span><span style=\"color: #222222; font-family: Arial, sans-serif; font-size: 12pt;\"><o:p><\/o:p><\/span><\/div>\n","protected":false},"excerpt":{"rendered":"<p>El Centro de Derechos Humanos de las Mujeres (CEDEHM) acudir\u00e1 a la Comisi\u00f3n Interamericana de Derechos Humanos (CIDH) para revertir la resoluci\u00f3n de la Procuradur\u00eda de Asistencia Social y Jur\u00eddica del DIF que busca la p\u00e9rdida de la patria potestad de Clara Armend\u00e1riz Guti\u00e9rrez sobre su hija Antonia. Al informar lo anterior, el equipo legal [&hellip;]<\/p>\n","protected":false},"author":2,"featured_media":0,"comment_status":"open","ping_status":"open","sticky":false,"template":"","format":"standard","meta":{"footnotes":""},"categories":[1],"tags":[],"class_list":["post-1500","post","type-post","status-publish","format-standard","hentry","category-sin-categoria"],"_links":{"self":[{"href":"https:\/\/cedehm.org.mx\/es\/wp-json\/wp\/v2\/posts\/1500","targetHints":{"allow":["GET"]}}],"collection":[{"href":"https:\/\/cedehm.org.mx\/es\/wp-json\/wp\/v2\/posts"}],"about":[{"href":"https:\/\/cedehm.org.mx\/es\/wp-json\/wp\/v2\/types\/post"}],"author":[{"embeddable":true,"href":"https:\/\/cedehm.org.mx\/es\/wp-json\/wp\/v2\/users\/2"}],"replies":[{"embeddable":true,"href":"https:\/\/cedehm.org.mx\/es\/wp-json\/wp\/v2\/comments?post=1500"}],"version-history":[{"count":0,"href":"https:\/\/cedehm.org.mx\/es\/wp-json\/wp\/v2\/posts\/1500\/revisions"}],"wp:attachment":[{"href":"https:\/\/cedehm.org.mx\/es\/wp-json\/wp\/v2\/media?parent=1500"}],"wp:term":[{"taxonomy":"category","embeddable":true,"href":"https:\/\/cedehm.org.mx\/es\/wp-json\/wp\/v2\/categories?post=1500"},{"taxonomy":"post_tag","embeddable":true,"href":"https:\/\/cedehm.org.mx\/es\/wp-json\/wp\/v2\/tags?post=1500"}],"curies":[{"name":"wp","href":"https:\/\/api.w.org\/{rel}","templated":true}]}}