{"id":1517,"date":"2012-12-05T15:52:00","date_gmt":"2012-12-05T15:52:00","guid":{"rendered":"https:\/\/cedehm.org.mx\/es\/2012\/12\/05\/centro-de-derechos-humanos-de-las-mujeres-participara-en-asamblea-de-la-oea\/"},"modified":"2012-12-05T15:52:00","modified_gmt":"2012-12-05T15:52:00","slug":"centro-de-derechos-humanos-de-las-mujeres-participara-en-asamblea-de-la-oea","status":"publish","type":"post","link":"https:\/\/cedehm.org.mx\/es\/2012\/12\/05\/centro-de-derechos-humanos-de-las-mujeres-participara-en-asamblea-de-la-oea\/","title":{"rendered":"Centro de Derechos Humanos de las Mujeres participar\u00e1 en Asamblea de la OEA"},"content":{"rendered":"<p><\/p>\n<blockquote><p><span style=\"font-family: Verdana, sans-serif;\"><br \/><\/span><span style=\"font-family: Verdana, sans-serif;\">El Centro de Derechos Humanos de las Mujeres con sede en Chihuahua, M\u00e9xico recibe invitaci\u00f3n de la organizaci\u00f3n de las Estados Americanos (OEA) para participar en asamblea; la Lic. Lucha Castro, Coordinadora del CEDEHM, acudi\u00f3 a tan importante invitaci\u00f3n.<\/span><\/p><\/blockquote>\n<div style=\"text-align: justify; text-justify: inter-ideograph;\"><i><span style=\"font-family: Verdana, sans-serif;\"><br \/><\/span><\/i><\/div>\n<div style=\"margin-bottom: .0001pt; margin-bottom: 0cm; mso-layout-grid-align: none; text-align: justify; text-autospace: none; text-justify: inter-ideograph;\"><span style=\"font-family: Verdana, sans-serif;\">En el marco del&nbsp; informe del grupo de trabajo especial de reflexi\u00f3n sobre el funcionamiento de la comisi\u00f3n interamericana de derechos humanos, que&nbsp; busca el fortalecimiento del sistema interamericano de derechos humanos, se acredit\u00f3 &nbsp;e invit\u00f3 al Centro de Derechos Humanos de las Mujeres (CEDEHM), a formar parte de las Sesiones extraordinarias del Consejo Permanente con las organizaciones de la sociedad civil y otros usuarios del Sistema Interamericano de Derechos Humanos, que se llevar\u00e1 a cabo el 7 de diciembre, en la sede de la OEA en Washington, D.C.<o:p><\/o:p><\/span><\/div>\n<div style=\"margin-bottom: .0001pt; margin-bottom: 0cm; mso-layout-grid-align: none; text-align: justify; text-autospace: none; text-justify: inter-ideograph;\"><\/div>\n<div style=\"background-color: white; background-position: initial initial; background-repeat: initial initial; margin-bottom: 0.0001pt; text-align: justify;\"><span style=\"font-family: Verdana, sans-serif;\"><span lang=\"ES\">La Organizaci\u00f3n de los Estados Americanos&nbsp;&nbsp;re\u00fane a 35 Pa\u00edses&nbsp;&nbsp;&nbsp;de las Am\u00e9ricas y es el organismo regional m\u00e1s antiguo del mundo,&nbsp;fue fundada con el objetivo de lograr en sus Estados Miembros un orden de paz y de justicia, fomentar su solidaridad, robustecer su colaboraci\u00f3n y defender su soberan\u00eda, su integridad territorial y su independencia.<\/span><o:p><\/o:p><\/span><\/div>\n<div style=\"margin-bottom: 0.0001pt;\"><\/div>\n<div style=\"background-color: white; background-position: initial initial; background-repeat: initial initial; margin-bottom: 0.0001pt; text-align: justify;\"><span style=\"font-family: Verdana, sans-serif;\"><span lang=\"ES\">El&nbsp;&nbsp;del 29 de junio de 2011, en sesi\u00f3n ordinaria decidi\u00f3 crear un Grupo de Trabajo de Reflexi\u00f3n sobre el funcionamiento de la CIDH, el Consejo Permanente de la OEA, en las sesiones que se participara , tienen como objetivo generar un di\u00e1logo sobre las propuestas para la aplicaci\u00f3n de las recomendaciones del \u201cInforme del Grupo de Trabajo Especial de Reflexi\u00f3n sobre el Funcionamiento de la Comisi\u00f3n Interamericana de Derechos Humanos para el fortalecimiento del Sistema Interamericano de Derechos Humanos\u00bb, realizado en diciembre de 2011.<\/span><o:p><\/o:p><\/span><\/div>\n<div style=\"margin-bottom: .0001pt; margin-bottom: 0cm; mso-layout-grid-align: none; text-align: justify; text-autospace: none; text-justify: inter-ideograph;\"><\/div>\n<div style=\"margin-bottom: .0001pt; margin-bottom: 0cm; mso-layout-grid-align: none; text-align: justify; text-autospace: none; text-justify: inter-ideograph;\"><span style=\"font-family: Verdana, sans-serif;\">Dentro de dichas sesiones se tratar\u00e1n temas de medidas cautelares, promoci\u00f3n de los Derechos Humanos, entre otros. As\u00ed mismo, se dar\u00e1 espacio al di\u00e1logo entre la sociedad civil, otros actores y usuarios del Sistema Interamericano de Derechos Humanos y los Estados Miembros sobre las propuestas recibidas para la aplicaci\u00f3n de las recomendaciones. <o:p><\/o:p><\/span><\/div>\n<div style=\"margin-bottom: .0001pt; margin-bottom: 0cm; mso-layout-grid-align: none; text-align: justify; text-autospace: none; text-justify: inter-ideograph;\"><\/div>\n<div style=\"background-color: white; background-position: initial initial; background-repeat: initial initial; margin-bottom: 0.0001pt; text-align: justify;\"><span lang=\"ES\"><span style=\"font-family: Verdana, sans-serif;\">Sin lugar a dudas&nbsp;&nbsp;para el CEDEHM es un gran logro&nbsp;&nbsp;y es el&nbsp;&nbsp;reconocimiento al trabajo realizado con entrega, profesionalismo, en un clima adverso a la defensa de los derechos humanos.<\/span><\/span><span style=\"color: #222222; font-family: &quot;Arial Narrow&quot;,&quot;sans-serif&quot;; mso-bidi-font-family: Arial; mso-fareast-font-family: &quot;Times New Roman&quot;;\"><o:p><\/o:p><\/span><\/div>\n<div style=\"margin-bottom: .0001pt; margin-bottom: 0cm; mso-layout-grid-align: none; text-align: justify; text-autospace: none; text-justify: inter-ideograph;\"><\/div>\n<div style=\"margin-bottom: .0001pt; margin-bottom: 0cm; mso-layout-grid-align: none; text-align: justify; text-autospace: none; text-justify: inter-ideograph;\"><\/div>\n<div style=\"margin-bottom: .0001pt; margin-bottom: 0cm; mso-layout-grid-align: none; text-align: justify; text-autospace: none; text-justify: inter-ideograph;\"><\/div>\n<div style=\"margin-bottom: .0001pt; margin-bottom: 0cm; mso-layout-grid-align: none; text-align: justify; text-autospace: none; text-justify: inter-ideograph;\"><\/div>\n<div style=\"margin-bottom: 0.0001pt; text-align: justify;\"><b><span style=\"font-family: Verdana, sans-serif;\">Para mayor informaci\u00f3n puede contactar al CEDEHM&nbsp; <o:p><\/o:p><\/span><\/b><\/div>\n<div style=\"margin-bottom: 0.0001pt; text-align: justify;\"><span style=\"font-family: Verdana, sans-serif;\">Tel. (614) 415-4152.&nbsp; <o:p><\/o:p><\/span><\/div>\n<div style=\"margin-bottom: 0.0001pt; text-align: justify;\"><span style=\"font-family: Verdana, sans-serif;\">Correo: <a href=\"mailto:comunicacion@cedehm.org.mx\">comunicacion@cedehm.org.mx<\/a><\/span><span style=\"font-family: Arial Narrow, sans-serif;\"><o:p><\/o:p><\/span><\/div>\n","protected":false},"excerpt":{"rendered":"<p>El Centro de Derechos Humanos de las Mujeres con sede en Chihuahua, M\u00e9xico recibe invitaci\u00f3n de la organizaci\u00f3n de las Estados Americanos (OEA) para participar en asamblea; la Lic. Lucha Castro, Coordinadora del CEDEHM, acudi\u00f3 a tan importante invitaci\u00f3n. En el marco del&nbsp; informe del grupo de trabajo especial de reflexi\u00f3n sobre el funcionamiento de [&hellip;]<\/p>\n","protected":false},"author":2,"featured_media":0,"comment_status":"open","ping_status":"open","sticky":false,"template":"","format":"standard","meta":{"footnotes":""},"categories":[1],"tags":[],"class_list":["post-1517","post","type-post","status-publish","format-standard","hentry","category-sin-categoria"],"_links":{"self":[{"href":"https:\/\/cedehm.org.mx\/es\/wp-json\/wp\/v2\/posts\/1517","targetHints":{"allow":["GET"]}}],"collection":[{"href":"https:\/\/cedehm.org.mx\/es\/wp-json\/wp\/v2\/posts"}],"about":[{"href":"https:\/\/cedehm.org.mx\/es\/wp-json\/wp\/v2\/types\/post"}],"author":[{"embeddable":true,"href":"https:\/\/cedehm.org.mx\/es\/wp-json\/wp\/v2\/users\/2"}],"replies":[{"embeddable":true,"href":"https:\/\/cedehm.org.mx\/es\/wp-json\/wp\/v2\/comments?post=1517"}],"version-history":[{"count":0,"href":"https:\/\/cedehm.org.mx\/es\/wp-json\/wp\/v2\/posts\/1517\/revisions"}],"wp:attachment":[{"href":"https:\/\/cedehm.org.mx\/es\/wp-json\/wp\/v2\/media?parent=1517"}],"wp:term":[{"taxonomy":"category","embeddable":true,"href":"https:\/\/cedehm.org.mx\/es\/wp-json\/wp\/v2\/categories?post=1517"},{"taxonomy":"post_tag","embeddable":true,"href":"https:\/\/cedehm.org.mx\/es\/wp-json\/wp\/v2\/tags?post=1517"}],"curies":[{"name":"wp","href":"https:\/\/api.w.org\/{rel}","templated":true}]}}