{"id":1530,"date":"2012-10-29T19:00:00","date_gmt":"2012-10-29T19:00:00","guid":{"rendered":"https:\/\/cedehm.org.mx\/es\/2012\/10\/29\/funcionarios-chihuahuenses-en-la-eterna-banalidad-del-mal\/"},"modified":"2012-10-29T19:00:00","modified_gmt":"2012-10-29T19:00:00","slug":"funcionarios-chihuahuenses-en-la-eterna-banalidad-del-mal","status":"publish","type":"post","link":"https:\/\/cedehm.org.mx\/es\/2012\/10\/29\/funcionarios-chihuahuenses-en-la-eterna-banalidad-del-mal\/","title":{"rendered":"Funcionarios chihuahuenses en la eterna \u201cbanalidad del mal\u201d"},"content":{"rendered":"<div style=\"margin-bottom: .0001pt; margin-bottom: 0cm; mso-line-height-alt: 10.2pt;\"><span lang=\"FR\" style=\"font-family: &quot;Arial&quot;,&quot;sans-serif&quot;; font-size: 12.0pt; mso-ansi-language: FR; mso-fareast-font-family: &quot;Times New Roman&quot;; mso-fareast-language: ES-MX;\">Por&nbsp;: Linda Flores<o:p><\/o:p><\/span><\/div>\n<div style=\"margin-bottom: .0001pt; margin-bottom: 0cm; mso-line-height-alt: 10.2pt;\"><span lang=\"FR\" style=\"font-family: &quot;Arial&quot;,&quot;sans-serif&quot;; font-size: 12.0pt; mso-ansi-language: FR; mso-fareast-font-family: &quot;Times New Roman&quot;; mso-fareast-language: ES-MX;\">Liga&nbsp;: <\/span><a href=\"http:\/\/chihuahuasintemor.blogspot.mx\/2012\/10\/funcionarios-chihuahuenses-en-la-eterna.html\">http:\/\/chihuahuasintemor.blogspot.mx\/2012\/10\/funcionarios-chihuahuenses-en-la-eterna.html<\/a><span style=\"font-family: &quot;Arial&quot;,&quot;sans-serif&quot;; font-size: 12.0pt; mso-ansi-language: FR; mso-fareast-font-family: &quot;Times New Roman&quot;; mso-fareast-language: ES-MX;\"> <span lang=\"FR\"><o:p><\/o:p><\/span><\/span><\/div>\n<div style=\"line-height: 10.2pt; margin-bottom: .0001pt; margin-bottom: 0cm;\"><\/div>\n<div style=\"line-height: 10.2pt; margin-bottom: .0001pt; margin-bottom: 0cm;\"><\/div>\n<div align=\"right\" style=\"margin-bottom: .0001pt; margin-bottom: 0cm; mso-line-height-alt: 10.2pt; text-align: right;\"><span lang=\"FR\" style=\"font-family: &quot;Arial&quot;,&quot;sans-serif&quot;; font-size: 12.0pt; mso-ansi-language: FR; mso-fareast-font-family: &quot;Times New Roman&quot;; mso-fareast-language: ES-MX;\">A Lucha, Isabel, Siria, Mine y las mujeres del barz\u00f3n&nbsp;<\/span><span style=\"font-family: &quot;Arial&quot;,&quot;sans-serif&quot;; font-size: 7.0pt; mso-fareast-font-family: &quot;Times New Roman&quot;; mso-fareast-language: ES-MX;\"><o:p><\/o:p><\/span><\/div>\n<div align=\"right\" style=\"margin-bottom: .0001pt; margin-bottom: 0cm; mso-line-height-alt: 10.2pt; text-align: right;\"><span lang=\"FR\" style=\"font-family: &quot;Arial&quot;,&quot;sans-serif&quot;; font-size: 12.0pt; mso-ansi-language: FR; mso-fareast-font-family: &quot;Times New Roman&quot;; mso-fareast-language: ES-MX;\">(las de la dignidad rebelde).<\/span><span style=\"font-family: &quot;Arial&quot;,&quot;sans-serif&quot;; font-size: 7.0pt; mso-fareast-font-family: &quot;Times New Roman&quot;; mso-fareast-language: ES-MX;\"><o:p><\/o:p><\/span><\/div>\n<div style=\"line-height: 10.2pt; margin-bottom: .0001pt; margin-bottom: 0cm;\"><\/div>\n<div style=\"margin-bottom: .0001pt; margin-bottom: 0cm; mso-line-height-alt: 10.2pt; text-align: justify;\"><span lang=\"FR\" style=\"font-family: &quot;Arial&quot;,&quot;sans-serif&quot;; font-size: 12.0pt; mso-ansi-language: FR; mso-fareast-font-family: &quot;Times New Roman&quot;; mso-fareast-language: ES-MX;\">El lunes 15 de octubre vi al se\u00f1or Ismael Solorio lleno de moretones y sangre seca en el rostro, le pregunt\u00e9 que si le dol\u00eda mucho, y respondi\u00f3&nbsp;<i>\u201cya no tanto\u201d<\/i>, lo dijo saliendo de una reuni\u00f3n con el secretario de gobierno.&nbsp;<\/span><span lang=\"ES\" style=\"font-family: &quot;Arial&quot;,&quot;sans-serif&quot;; font-size: 12.0pt; mso-ansi-language: ES; mso-fareast-font-family: &quot;Times New Roman&quot;; mso-fareast-language: ES-MX;\">Ese d\u00eda, al lado del secretario general de gobierno, Raymundo Romero, el secretario de gobernaci\u00f3n Wilfrido Campbell, y 5 de sus asesoras, lo escuch\u00e9 decir que la vida de los barzonistas y defensores de derechos humanos estaba en peligro. El se\u00f1or Solorio y su esposa Manuelita fueron asesinados una semana despu\u00e9s. Hoy tengo la certeza de que todos estamos en peligro.<o:p><\/o:p><\/span><\/div>\n<div style=\"line-height: 10.2pt; margin-bottom: .0001pt; margin-bottom: 0cm; text-align: justify;\"><\/div>\n<div style=\"margin-bottom: .0001pt; margin-bottom: 0cm; mso-line-height-alt: 10.2pt; text-align: justify;\"><span lang=\"ES\" style=\"font-family: &quot;Arial&quot;,&quot;sans-serif&quot;; font-size: 12.0pt; mso-ansi-language: ES; mso-fareast-font-family: &quot;Times New Roman&quot;; mso-fareast-language: ES-MX;\">Los d\u00edas transcurridos en este mes han sido de los m\u00e1s tristes en esta administraci\u00f3n gubernamental. Hagamos un repaso en cuenta regresiva: los asesinatos de Ismael Solorio y Manuelita Sol\u00eds, donde es bien sabido que detr\u00e1s de su muerte hay varias cuestiones \u00edntimamente ligadas al tema de la ausencia del agua y la batalla por la misma \u2013asunto donde est\u00e1n relacionados algunos menonitas que habitan la zona-, por otro lado, la intenci\u00f3n de que en el municipio de Benito Ju\u00e1rez se instale la minera El Cascabel (filial de la empresa&nbsp;<i>Mag Silver<\/i>).<o:p><\/o:p><\/span><\/div>\n<div style=\"line-height: 10.2pt; margin-bottom: .0001pt; margin-bottom: 0cm; text-align: justify;\"><\/div>\n<div style=\"margin-bottom: .0001pt; margin-bottom: 0cm; mso-line-height-alt: 10.2pt; text-align: justify;\"><span lang=\"ES\" style=\"font-family: &quot;Arial&quot;,&quot;sans-serif&quot;; font-size: 12.0pt; mso-ansi-language: ES; mso-fareast-font-family: &quot;Times New Roman&quot;; mso-fareast-language: ES-MX;\">Una semana antes de estos asesinatos, un grupo de barzonistas y defensoras de Derechos Humanos estuvo en reuni\u00f3n con el secretario de gobierno plante\u00e1ndole la situaci\u00f3n de riesgo en la que estaba la gente de Benito Ju\u00e1rez, y los riesgos que est\u00e1n sufriendo quienes cuestionan los posicionamientos oficiales \u2013por ejemplo, los vendedores ambulantes que a falta de empleos se dedican al comercio informal-. En lo particular se habl\u00f3 de Lucha Castro (fundadora del grupo de Mujeres Barzonistas, del Centro de Derechos Humanos de las Mujeres, y cofundadora de Justicia Para Nuestras Hijas), cuando ella cuestion\u00f3 la versi\u00f3n oficial de la Fiscal\u00eda General del Estado, el 8 de octubre, al ser presentado de manera oficial \u201cEl Wicked\u201d como el asesino de Marisela Escobedo, Castro pidi\u00f3 se transparentar\u00e1 la investigaci\u00f3n y se dieran fundamentos para tal afirmaci\u00f3n, ya que meses atr\u00e1s la Fiscal\u00eda declar\u00f3 a otra persona como responsable por el asesinato de la se\u00f1ora Marisela Escobedo (mam\u00e1 de Rub\u00ed Frayre, v\u00edctima de feminicidio).<o:p><\/o:p><\/span><\/div>\n<div style=\"line-height: 10.2pt; margin-bottom: .0001pt; margin-bottom: 0cm; text-align: justify;\"><\/div>\n<div style=\"margin-bottom: .0001pt; margin-bottom: 0cm; mso-line-height-alt: 10.2pt; text-align: justify;\"><span lang=\"FR\" style=\"font-family: &quot;Arial&quot;,&quot;sans-serif&quot;; font-size: 12.0pt; mso-ansi-language: FR; mso-fareast-font-family: &quot;Times New Roman&quot;; mso-fareast-language: ES-MX;\">La pr\u00e1ctica de difamaci\u00f3n a Lucha Castro y activistas cercanas a ella se ha agudizado desde el mes de marzo, cuando el gobernador C\u00e9sar Duarte declar\u00f3 en Washington, ante la Comisi\u00f3n Interamericana de Derechos Humanos que las defensoras lucraban con el dolor y quer\u00edan desprestigiar al estado de Chihuahua. A las semanas de esas afirmaciones, que por desgracia, se siguieron repitiendo en medios de comunicaci\u00f3n local, se empez\u00f3 a circular un correo electr\u00f3nico donde se hac\u00eda referencia a Alma G\u00f3mez, quien ha sido defensora de derechos humanos, y es un referente te\u00f3rico cuando se hacen estudios sobre la desaparici\u00f3n forzada y el feminicidio, ambos temas muy recurrentes en el d\u00eda a d\u00eda de quienes vivimos en Chihuahua.<o:p><\/o:p><\/span><\/div>\n<div style=\"line-height: 10.2pt; margin-bottom: .0001pt; margin-bottom: 0cm; text-align: justify;\"><\/div>\n<div style=\"margin-bottom: .0001pt; margin-bottom: 0cm; mso-line-height-alt: 10.2pt; text-align: justify;\"><span lang=\"ES\" style=\"font-family: &quot;Arial&quot;,&quot;sans-serif&quot;; font-size: 12.0pt; mso-ansi-language: ES; mso-fareast-font-family: &quot;Times New Roman&quot;; mso-fareast-language: ES-MX;\">En esa mesa, del 15 de octubre, se record\u00f3 a los funcionarios que el gobernador de Chihuahua previamente se comprometi\u00f3 a no se\u00f1alar a las activistas, y se les pidi\u00f3 se hiciera una declaraci\u00f3n donde \u2013como afirmaban en esa mesa de di\u00e1logo- los se\u00f1alamientos de critica al trabajo del barz\u00f3n y Lucha Castro hab\u00edan sido desafortunados y mal entendidos, y en ning\u00fan momento ten\u00edan la intenci\u00f3n de poner en riesgo f\u00edsica, moral y emocionalmente a los se\u00f1alados.<\/span><span style=\"font-family: &quot;Arial&quot;,&quot;sans-serif&quot;; font-size: 7.0pt; mso-fareast-font-family: &quot;Times New Roman&quot;; mso-fareast-language: ES-MX;\"><o:p><\/o:p><\/span><\/div>\n<div style=\"line-height: 14.25pt; margin-bottom: .0001pt; margin-bottom: 0cm; text-align: justify;\"><\/div>\n<div style=\"line-height: 14.25pt; margin-bottom: .0001pt; margin-bottom: 0cm; text-align: justify;\"><span lang=\"ES\" style=\"font-family: &quot;Arial&quot;,&quot;sans-serif&quot;; font-size: 12.0pt; mso-ansi-language: ES; mso-fareast-font-family: &quot;Times New Roman&quot;; mso-fareast-language: ES-MX;\">Desde el 1 de mayo algunas mujeres intentaron abrir un canal de di\u00e1logo con el gobernador para tratar la difamaci\u00f3n a las organizaciones de la sociedad civil y defensoras de derechos humanos.&nbsp;<\/span><span lang=\"FR\" style=\"font-family: &quot;Arial&quot;,&quot;sans-serif&quot;; font-size: 12.0pt; mso-ansi-language: FR; mso-fareast-font-family: &quot;Times New Roman&quot;; mso-fareast-language: ES-MX;\">Organizaciones de ciudad Ju\u00e1rez y Chihuahua, acudieron a una reuni\u00f3n con el gobernador: \u00e9l, acompa\u00f1ado por su gabinete se comprometi\u00f3 -entre otras cosas- a sacar un posicionamiento donde aclarar\u00eda que nunca fue intencional denostar y poner en riesgo la integridad de Lucha Castro y dem\u00e1s organizaciones, acuerdo que hasta el d\u00eda de hoy no se ha cumplido, igual que otros mencionados ese d\u00eda.<o:p><\/o:p><\/span><\/div>\n<div style=\"line-height: 14.25pt; margin-bottom: .0001pt; margin-bottom: 0cm; text-align: justify;\"><\/div>\n<div style=\"line-height: 13.5pt; margin-bottom: .0001pt; margin-bottom: 0cm; text-align: justify;\"><span lang=\"FR\" style=\"font-family: &quot;Arial&quot;,&quot;sans-serif&quot;; font-size: 12.0pt; mso-ansi-language: FR; mso-fareast-font-family: &quot;Times New Roman&quot;; mso-fareast-language: ES-MX;\">Como si la realidad que estamos viviendo los chihuahuenses no fuera ya lo suficientemente cuestionable, los primeros d\u00edas de octubre se hizo oficial que el ex presidente de Colombia, Alvaro Uribe, ser\u00eda<b>&nbsp;<\/b>asesor&nbsp;del gobernador C\u00e9sar Duarte. En esa semana la colombiana Patricia Ariza visit\u00f3 la ciudad de Chihuahua para dar un taller a mujeres sobrevivientes de diversas violencias, y artistas interesados en tem\u00e1ticas de g<span style=\"color: windowtext;\">\u00e9nero<\/span>, Ariza visit\u00f3 el lugar donde asesinaron a Marisela Escobedo&nbsp;y dej\u00f3 una ofrenda floral, ah\u00ed se\u00f1al\u00f3 su solidaridad con las defensoras de derechos humanos. El 5 de octubre, al finalizar la presentaci\u00f3n del trabajo de la directora Ariza en el teatro de la ciudad, un grupo de integrantes del Movimiento de Mujeres de Chihuahua hizo un pronunciamiento p\u00fablico en contra de la participaci\u00f3n de Alvaro Uribe en el gobierno chihuahuense.&nbsp;<\/span><span lang=\"ES\" style=\"font-family: &quot;Arial&quot;,&quot;sans-serif&quot;; font-size: 12.0pt; mso-ansi-language: ES; mso-fareast-font-family: &quot;Times New Roman&quot;; mso-fareast-language: ES-MX;\">En este contexto no dejo de pensar en HannaAredt cuando describi\u00f3&nbsp;<i>\u00abla banalidad del mal\u00bb<\/i>&nbsp;afirmando que los individuos act\u00faan dentro de las reglas del sistema sin reflexionar sobre sus actos, sin preocuparse por las consecuencias y s\u00f3lo es v\u00e1lido cumplir \u00f3rdenes que vengan de superiores: la tortura, la ejecuci\u00f3n y dem\u00e1s actos violentos no se consideran a partir de sus efectos o resultados, solamente se cumplen \u00f3rdenes -como cuando el lunes pasado, la polic\u00eda cumpl\u00eda la orden de sacar a quienes estaban en el palacio de gobierno solidariz\u00e1ndose con la familia Solorio Sol\u00eds, o cuando las instituciones de cultura bloquean proyectos aut\u00f3nomos que cuestionan la forma burocr\u00e1tica de trabajar desde gobierno-.<\/span><span style=\"font-family: &quot;Arial&quot;,&quot;sans-serif&quot;; font-size: 10.0pt; mso-fareast-font-family: &quot;Times New Roman&quot;; mso-fareast-language: ES-MX;\"><br \/><!--[if !supportLineBreakNewLine]--><br \/><!--[endif]--><\/span><span lang=\"ES\" style=\"font-family: &quot;Arial&quot;,&quot;sans-serif&quot;; font-size: 12.0pt; mso-ansi-language: ES; mso-fareast-font-family: &quot;Times New Roman&quot;; mso-fareast-language: ES-MX;\"><o:p><\/o:p><\/span><\/div>\n<div style=\"line-height: 13.5pt; margin-bottom: .0001pt; margin-bottom: 0cm; text-align: justify;\"><span lang=\"ES\" style=\"font-family: &quot;Arial&quot;,&quot;sans-serif&quot;; font-size: 12.0pt; mso-ansi-language: ES; mso-fareast-font-family: &quot;Times New Roman&quot;; mso-fareast-language: ES-MX;\">Frente a lo ocurrido: los cobardes asesinatos de Ismael y Manuelita, los compromisos&nbsp;del gobernador C\u00e9sar Duarte con barzonistas, el apoyo nacional&nbsp;e internacional&nbsp;<\/span><span lang=\"ES\" style=\"font-family: &quot;Arial&quot;,&quot;sans-serif&quot;; font-size: 12.0pt; mso-ansi-language: ES; mso-fareast-font-family: &quot;Times New Roman&quot;; mso-fareast-language: ES-MX;\">a los defensores de Derechos Humanos, la pr\u00f3xima presencia de Alvaro Uribe en Chihuahua, los bloqueos a las organizaciones y grupos aut\u00f3nomos por parte de las instancias gubernamentales, y la&nbsp;<i>evidente banalidad del mal&nbsp;<\/i>que demuestran los servidores p\u00fablicos, espero que el barz\u00f3n siga andando y jalando por la dignidad nacional.<\/span><span style=\"font-family: &quot;Arial&quot;,&quot;sans-serif&quot;; font-size: 10.0pt; mso-fareast-font-family: &quot;Times New Roman&quot;; mso-fareast-language: ES-MX;\"><o:p><\/o:p><\/span><\/div>\n","protected":false},"excerpt":{"rendered":"<p>Por&nbsp;: Linda Flores Liga&nbsp;: http:\/\/chihuahuasintemor.blogspot.mx\/2012\/10\/funcionarios-chihuahuenses-en-la-eterna.html A Lucha, Isabel, Siria, Mine y las mujeres del barz\u00f3n&nbsp; (las de la dignidad rebelde). El lunes 15 de octubre vi al se\u00f1or Ismael Solorio lleno de moretones y sangre seca en el rostro, le pregunt\u00e9 que si le dol\u00eda mucho, y respondi\u00f3&nbsp;\u201cya no tanto\u201d, lo dijo saliendo de una [&hellip;]<\/p>\n","protected":false},"author":2,"featured_media":0,"comment_status":"open","ping_status":"open","sticky":false,"template":"","format":"standard","meta":{"footnotes":""},"categories":[1],"tags":[],"class_list":["post-1530","post","type-post","status-publish","format-standard","hentry","category-sin-categoria"],"_links":{"self":[{"href":"https:\/\/cedehm.org.mx\/es\/wp-json\/wp\/v2\/posts\/1530","targetHints":{"allow":["GET"]}}],"collection":[{"href":"https:\/\/cedehm.org.mx\/es\/wp-json\/wp\/v2\/posts"}],"about":[{"href":"https:\/\/cedehm.org.mx\/es\/wp-json\/wp\/v2\/types\/post"}],"author":[{"embeddable":true,"href":"https:\/\/cedehm.org.mx\/es\/wp-json\/wp\/v2\/users\/2"}],"replies":[{"embeddable":true,"href":"https:\/\/cedehm.org.mx\/es\/wp-json\/wp\/v2\/comments?post=1530"}],"version-history":[{"count":0,"href":"https:\/\/cedehm.org.mx\/es\/wp-json\/wp\/v2\/posts\/1530\/revisions"}],"wp:attachment":[{"href":"https:\/\/cedehm.org.mx\/es\/wp-json\/wp\/v2\/media?parent=1530"}],"wp:term":[{"taxonomy":"category","embeddable":true,"href":"https:\/\/cedehm.org.mx\/es\/wp-json\/wp\/v2\/categories?post=1530"},{"taxonomy":"post_tag","embeddable":true,"href":"https:\/\/cedehm.org.mx\/es\/wp-json\/wp\/v2\/tags?post=1530"}],"curies":[{"name":"wp","href":"https:\/\/api.w.org\/{rel}","templated":true}]}}