{"id":1546,"date":"2012-08-31T17:22:00","date_gmt":"2012-08-31T17:22:00","guid":{"rendered":"https:\/\/cedehm.org.mx\/es\/2012\/08\/31\/declaracion-publica-en-visperas-del-sexto-y-ultimo-informe-de-gobierno-del-presidente-calderon\/"},"modified":"2012-08-31T17:22:00","modified_gmt":"2012-08-31T17:22:00","slug":"declaracion-publica-en-visperas-del-sexto-y-ultimo-informe-de-gobierno-del-presidente-calderon","status":"publish","type":"post","link":"https:\/\/cedehm.org.mx\/es\/2012\/08\/31\/declaracion-publica-en-visperas-del-sexto-y-ultimo-informe-de-gobierno-del-presidente-calderon\/","title":{"rendered":"Declaraci\u00f3n p\u00fablica en v\u00edsperas del sexto y \u00faltimo informe de gobierno del presidente Calder\u00f3n"},"content":{"rendered":"<p>Fuente: Amnist\u00eda Internacional<\/p>\n<p><b>Declaraci\u00f3n P\u00fablica<br \/>31 de agosto de 2012<\/b><\/p>\n<blockquote><p><b><br \/>\u00daltimo informe del Presidente Calder\u00f3n: <br \/>\u00bfreconocer\u00e1 el grave deterioro en la protecci\u00f3n de los derechos humanos durante su sexenio?<\/b><\/p><\/blockquote>\n<div style=\"clear: both; text-align: center;\"><a href=\"http:\/\/4.bp.blogspot.com\/-JyT3x3bnBxI\/UEDyeL1VxoI\/AAAAAAAAANI\/fUy-lD2YDcM\/s1600\/AI.Id_128067.jpg\" style=\"clear:left; float:left;margin-right:1em; margin-bottom:1em\"><img loading=\"lazy\" decoding=\"async\" border=\"0\" height=\"222\" width=\"227\" src=\"http:\/\/4.bp.blogspot.com\/-JyT3x3bnBxI\/UEDyeL1VxoI\/AAAAAAAAANI\/fUy-lD2YDcM\/s320\/AI.Id_128067.jpg\" \/><\/a><\/div>\n<p>En momentos en que el presidente Calder\u00f3n se dispone a presentar su \u00faltimo informe<br \/>de gobierno, es imprescindible reflexionar sobre el impacto de sus pol\u00edticas en<br \/>materia de justicia y seguridad p\u00fablica sobre los derechos humanos en M\u00e9xico.<\/p>\n<p>Desgraciadamente la administraci\u00f3n actual ha tolerado un grave deterioro en la<br \/>protecci\u00f3n de los derechos humanos y ha hecho caso omiso a las miles de v\u00edctimas de<br \/>violaciones que se han atrevido a denunciar los abusos y reclamar justicia.<\/p>\n<p>El gobierno del Presidente Calder\u00f3n puso en marcha una pol\u00edtica de seguridad<br \/>p\u00fablica para enfrentar militarmente a grupos del crimen organizado, que agrav\u00f3 la<br \/>violencia severamente en varias regiones del pa\u00eds, sin contar con una estrategia o<br \/>capacidades para frenarla y garantizar la seguridad para las poblaciones afectadas.<\/p>\n<p>Esta pol\u00edtica se construy\u00f3 sobre el despliegue masivo y rutinario de las Fuerzas<br \/>Armadas en tareas policiales, la cual gener\u00f3 un aumento escalofriante en las<br \/>denuncias de violaciones de derechos humanos cometidas por las fuerzas de<br \/>seguridad, como detenciones arbitrarias, tortura, ejecuciones extrajudiciales, y<br \/>desapariciones forzadas.<\/p>\n<p>El gobierno y las fuerzas de seguridad con frecuencia han intentado minimizar el<br \/>impacto de la violencia, acusando a las v\u00edctimas de los abusos cometidos por el<br \/>ej\u00e9rcito y la polic\u00eda de ser criminales. Sin embargo, en su gran mayor\u00eda no eran<br \/>criminales sino personas comunes que han sufrido las consecuencias de la pol\u00edtica de<br \/>seguridad del gobierno mexicano.<\/p>\n<p>En vez de asumir el liderazgo necesario para combatir la impunidad por las<br \/>violaciones de derechos humanos y garantizar investigaciones imparciales y<br \/>exhaustivas, el gobierno ha preferido usar los mismos mecanismos deficientes de<br \/>rendici\u00f3n de cuentas que han minimizado e ignorado las violaciones de derechos<br \/>humanos durante d\u00e9cadas. La jurisdicci\u00f3n militar, las procuradur\u00edas generales de<br \/>justicia, las investigaciones internas de las instituciones imputadas y las comisiones estatales de derechos humanos han dejado en el desamparo a las v\u00edctimas.<\/p>\n<p>Ante esta pol\u00edtica de negaci\u00f3n, no es sorprendente que el gobierno no sea capaz de<br \/>ver las alarmantes dimensiones de los abusos, la desesperada situaci\u00f3n de las<br \/>v\u00edctimas ni de encontrar a los responsables.<\/p>\n<p>El impacto de las pol\u00edticas a favor de los derechos humanos que el gobierno ha<br \/>anunciado en diferentes ocasiones es escaso. Por ejemplo, las medidas para<br \/>fortalecer los derechos de las mujeres, las personas migrantes y los pueblos ind\u00edgenas han sido insuficientes como lo demuestra que el hecho de que estas poblaciones siguen sufriendo abusos graves, como ha sido constatado por los mecanismos de derechos humanos de las Naciones Unidas que han estudiado a M\u00e9xico.<\/p>\n<p>La reciente adopci\u00f3n por Amnist\u00eda Internacional de dos presos de consciencia, los<br \/>ind\u00edgenas defensores del derecho al agua, Jos\u00e9 Ram\u00f3n Aniceto G\u00f3mez y Pascual<br \/>Agust\u00edn Cruz en el Estado de Puebla, es una muestra m\u00e1s como el sistema de justicia<br \/>contin\u00faa prest\u00e1ndose a la persecuci\u00f3n infundada de defensores de derechos humanos<br \/>y personas ind\u00edgenas.<\/p>\n<p>Las y los defensores de derechos humanos y periodistas han sido objeto de ataques,<br \/>asesinatos, amenazas e intimidaci\u00f3n en represalia por su trabajo. Durante a\u00f1os el<br \/>gobierno se resisti\u00f3 a establecer un mecanismo eficaz de protecci\u00f3n para estas<br \/>personas en riesgo. Solo este a\u00f1o, con el nuevo marco legal aprobado por el Congreso<br \/>y promovido por la sociedad civil, el gobierno ha tomado los primeros pasos para<br \/>establecer un mecanismo de protecci\u00f3n. A\u00fan as\u00ed, todav\u00eda existen muchas dudas<br \/>acerca de su eficacia, sobre las investigaciones penales necesarias para esclarecer los ataques y sobre el compromiso de la pr\u00f3xima administraci\u00f3n a de dar continuidad al mecanismo.<\/p>\n<p>Un avance de esta administraci\u00f3n deber\u00eda haber sido la reforma del sistema de<br \/>justicia en 2008. Sin embargo, solo una minor\u00eda de estados ha implementado los<br \/>cambios, y ni siquiera en estos, parece haber reforzado la protecci\u00f3n de los derechos<br \/>de las v\u00edctimas o los acusados. En la pr\u00e1ctica la reforma no ha contribuido hasta<br \/>ahora a mejorar la certeza del sistema de justicia, ni la confianza de la sociedad en<br \/>estas instituciones. El hecho de que la mayor\u00eda de los estados y la federaci\u00f3n sigan<br \/>sin introducir las reformas, significa que contin\u00faan operando bajo un sistema que no<br \/>garantiza la justicia y tolera la impunidad.<\/p>\n<p>La introducci\u00f3n del arraigo a la Constituci\u00f3n, un mecanismo arbitrario y abusivo que<br \/>debilita la justicia y no la refuerza. Es tal vez uno de los retrocesos m\u00e1s significativos impulsados por el gobierno en los \u00faltimos a\u00f1os. Este retroceso se ha dado ignorando las recomendaciones de las Naciones Unidas de abolirlo.<\/p>\n<p>A pesar de estos aspectos negativos, Amnist\u00eda Internacional reconoce avances muy<br \/>importantes durante esta administraci\u00f3n, en particular, las reformas en materia de<br \/>derechos humanos a la Constituci\u00f3n de junio 2011 que implican finalmente asumir la<br \/>obligaci\u00f3n de cumplir con los tratados internacionales de derechos humanos<br \/>ratificados por M\u00e9xico.<\/p>\n<p>Las consecuencias de estas reformas apenas han empezado a sentirse. Un ejemplo,<br \/>es la reciente decisi\u00f3n de la Suprema Corte de Justicia de la Naci\u00f3n de limitar el<br \/>fuero militar en conformidad con las sentencias de Corte Interamericana de Derechos<br \/>Humanos para excluir las violaciones de derechos humanos de la jurisdicci\u00f3n militar.<\/p>\n<p>Este \u00faltimo paso, pendiente todav\u00eda de convertirse en jurisprudencia obligatoria para<br \/>los dem\u00e1s tribunales, se ha logrado despu\u00e9s de a\u00f1os de campa\u00f1a por parte de<br \/>familiares y organizaciones no gubernamentales de derechos humanos en su lucha por<br \/>la justicia, verdad y reparaciones. En realidad, el gobierno se ha opuesto de forma constante a este cambio. Solo gracias al esfuerzo de las v\u00edctimas y sus familiares se<br \/>ha empezado a desmantelar el muro de impunidad que protege a quienes violan los<br \/>derechos humanos.<\/p>\n<p>Un gobierno que ignora a la sociedad civil como impulsora del cambio y que no<br \/>atiende su sed de justicia, esta destinado a fracasar en el fortalecimiento del estado de derecho y la protecci\u00f3n de derechos humanos.<\/p>\n","protected":false},"excerpt":{"rendered":"<p>Fuente: Amnist\u00eda Internacional Declaraci\u00f3n P\u00fablica31 de agosto de 2012 \u00daltimo informe del Presidente Calder\u00f3n: \u00bfreconocer\u00e1 el grave deterioro en la protecci\u00f3n de los derechos humanos durante su sexenio? En momentos en que el presidente Calder\u00f3n se dispone a presentar su \u00faltimo informede gobierno, es imprescindible reflexionar sobre el impacto de sus pol\u00edticas enmateria de justicia [&hellip;]<\/p>\n","protected":false},"author":2,"featured_media":0,"comment_status":"open","ping_status":"open","sticky":false,"template":"","format":"standard","meta":{"footnotes":""},"categories":[1],"tags":[],"class_list":["post-1546","post","type-post","status-publish","format-standard","hentry","category-sin-categoria"],"_links":{"self":[{"href":"https:\/\/cedehm.org.mx\/es\/wp-json\/wp\/v2\/posts\/1546","targetHints":{"allow":["GET"]}}],"collection":[{"href":"https:\/\/cedehm.org.mx\/es\/wp-json\/wp\/v2\/posts"}],"about":[{"href":"https:\/\/cedehm.org.mx\/es\/wp-json\/wp\/v2\/types\/post"}],"author":[{"embeddable":true,"href":"https:\/\/cedehm.org.mx\/es\/wp-json\/wp\/v2\/users\/2"}],"replies":[{"embeddable":true,"href":"https:\/\/cedehm.org.mx\/es\/wp-json\/wp\/v2\/comments?post=1546"}],"version-history":[{"count":0,"href":"https:\/\/cedehm.org.mx\/es\/wp-json\/wp\/v2\/posts\/1546\/revisions"}],"wp:attachment":[{"href":"https:\/\/cedehm.org.mx\/es\/wp-json\/wp\/v2\/media?parent=1546"}],"wp:term":[{"taxonomy":"category","embeddable":true,"href":"https:\/\/cedehm.org.mx\/es\/wp-json\/wp\/v2\/categories?post=1546"},{"taxonomy":"post_tag","embeddable":true,"href":"https:\/\/cedehm.org.mx\/es\/wp-json\/wp\/v2\/tags?post=1546"}],"curies":[{"name":"wp","href":"https:\/\/api.w.org\/{rel}","templated":true}]}}