{"id":1547,"date":"2012-08-30T16:56:00","date_gmt":"2012-08-30T16:56:00","guid":{"rendered":"https:\/\/cedehm.org.mx\/es\/2012\/08\/30\/dia-internacional-de-las-victimas-de-desapariciones-forzadas-30-de-agosto\/"},"modified":"2012-08-30T16:56:00","modified_gmt":"2012-08-30T16:56:00","slug":"dia-internacional-de-las-victimas-de-desapariciones-forzadas-30-de-agosto","status":"publish","type":"post","link":"https:\/\/cedehm.org.mx\/es\/2012\/08\/30\/dia-internacional-de-las-victimas-de-desapariciones-forzadas-30-de-agosto\/","title":{"rendered":"D\u00eda Internacional de las V\u00edctimas de Desapariciones Forzadas: 30 de agosto"},"content":{"rendered":"<p>Fuente:ONU<br \/>Liga: http:\/\/www.un.org\/es\/events\/disappearancesday\/index.shtml<\/p>\n<p>La desaparici\u00f3n forzada se ha usado a menudo como estrategia para infundir el terror en los ciudadanos. La sensaci\u00f3n de inseguridad que esa pr\u00e1ctica genera no se limita a los parientes pr\u00f3ximos del desaparecido, sino que afecta a su comunidad y al conjunto de la sociedad.<\/p>\n<p>La desaparici\u00f3n forzada se ha convertido en un problema mundial que no afecta \u00fanicamente a una regi\u00f3n concreta del mundo. Las desapariciones forzadas, que en su d\u00eda fueron principalmente el producto de las dictaduras militares, pueden perpetrarse hoy d\u00eda en situaciones complejas de conflicto interno, especialmente como m\u00e9todo de represi\u00f3n pol\u00edtica de los oponentes. Es motivo de especial preocupaci\u00f3n:<\/p>\n<p>El acoso de los defensores de los derechos humanos, los parientes de las v\u00edctimas, los testigos y los abogados que se ocupan de los casos de desaparici\u00f3n forzada;<br \/>El uso por los Estados de la lucha contra el terrorismo como excusa para el incumplimiento de sus obligaciones;<br \/>Y la todav\u00eda generalizada impunidad por la pr\u00e1ctica de la desaparici\u00f3n forzada.<br \/>Debe prestarse tambi\u00e9n especial atenci\u00f3n a los grupos de personas especialmente vulnerables, como los ni\u00f1os y las personas con discapacidad.<\/p>\n<p>El 21 de diciembre de 2010, la Asamblea General, en virtud de la resoluci\u00f3n A\/RES\/65\/209, expres\u00f3 su preocupaci\u00f3n, en particular, por el aumento de las desapariciones forzadas o involuntarias en diversas regiones del mundo, como los arrestos, las detenciones y los secuestros cuando son parte de las desapariciones forzadas o equivalen a ellas, y por el creciente n\u00famero de denuncias de actos de hostigamiento, maltrato e intimidaci\u00f3n padecidos por testigos de desapariciones o familiares de personas que han desaparecido.<\/p>\n<p>As\u00ed mismo, la resoluci\u00f3n acoge con benepl\u00e1cito la aprobaci\u00f3n de la Convenci\u00f3n Internacional para la protecci\u00f3n de todas las personas contra las desapariciones forzadas y decide declarar el 30 de agosto D\u00eda Internacional de las V\u00edctimas de Desapariciones Forzadas, que comenzar\u00e1 a observarse en 2011.<\/p>\n<p><b><br \/>La desaparici\u00f3n forzada es un acto que niega la esencia misma de lo humano y es contraria a los m\u00e1s profundos valores de cualquier sociedad<\/b><\/p>\n<blockquote><p><b>\u00bfD\u00d3NDE EST\u00c1N?<\/b><\/p><\/blockquote>\n<p><\/p>\n<div style=\"clear: both; text-align: center;\"><a href=\"http:\/\/1.bp.blogspot.com\/-u5IRvOQd4Nw\/UD-XnBBDC4I\/AAAAAAAAALc\/qdiH1a6BJlA\/s1600\/SILVIA.jpg\" style=\"margin-left:1em; margin-right:1em\"><img loading=\"lazy\" decoding=\"async\" border=\"0\" height=\"248\" width=\"320\" src=\"http:\/\/1.bp.blogspot.com\/-u5IRvOQd4Nw\/UD-XnBBDC4I\/AAAAAAAAALc\/qdiH1a6BJlA\/s320\/SILVIA.jpg\" \/><\/a><\/div>\n<p><\/p>\n<div style=\"clear: both; text-align: center;\"><a href=\"http:\/\/3.bp.blogspot.com\/-xhqIZgEZKH4\/UD-XyjpDRkI\/AAAAAAAAALo\/9KoGnNVWL24\/s1600\/ALVARADO.jpg\" style=\"margin-left:1em; margin-right:1em\"><img loading=\"lazy\" decoding=\"async\" border=\"0\" height=\"248\" width=\"320\" src=\"http:\/\/3.bp.blogspot.com\/-xhqIZgEZKH4\/UD-XyjpDRkI\/AAAAAAAAALo\/9KoGnNVWL24\/s320\/ALVARADO.jpg\" \/><\/a><\/div>\n<p>Medidas provisionales emitidas por la Corte Interamericana de Derechos Humanos:<a href=\"http:\/\/http\/\/www.corteidh.or.cr\/docs\/medidas\/alvarado_se_04.pdf\">http:\/\/www.corteidh.or.cr\/docs\/medidas\/alvarado_se_04.pdf<\/a><\/p>\n<div style=\"clear: both; text-align: center;\"><a href=\"http:\/\/3.bp.blogspot.com\/-03oQbCAwcCI\/UD-X8uyDk_I\/AAAAAAAAAL0\/bVDwHAdtGEs\/s1600\/BUSTAMANTE.jpg\" style=\"margin-left:1em; margin-right:1em\"><img loading=\"lazy\" decoding=\"async\" border=\"0\" height=\"248\" width=\"320\" src=\"http:\/\/3.bp.blogspot.com\/-03oQbCAwcCI\/UD-X8uyDk_I\/AAAAAAAAAL0\/bVDwHAdtGEs\/s320\/BUSTAMANTE.jpg\" \/><\/a><\/div>\n<p><\/p>\n<div style=\"clear: both; text-align: center;\"><a href=\"http:\/\/3.bp.blogspot.com\/-BfSTP7pnxHc\/UD-YFyciZnI\/AAAAAAAAAMA\/60x5mzBetqs\/s1600\/MARIO.jpg\" style=\"margin-left:1em; margin-right:1em\"><img loading=\"lazy\" decoding=\"async\" border=\"0\" height=\"248\" width=\"320\" src=\"http:\/\/3.bp.blogspot.com\/-BfSTP7pnxHc\/UD-YFyciZnI\/AAAAAAAAAMA\/60x5mzBetqs\/s320\/MARIO.jpg\" \/><\/a><\/div>\n<p><\/p>\n<div style=\"clear: both; text-align: center;\"><a href=\"http:\/\/2.bp.blogspot.com\/-Tx5iWGL-qV0\/UD-YNjeCr7I\/AAAAAAAAAMM\/toZ7zi42f_Y\/s1600\/Pamela.jpg\" style=\"margin-left:1em; margin-right:1em\"><img loading=\"lazy\" decoding=\"async\" border=\"0\" height=\"248\" width=\"320\" src=\"http:\/\/2.bp.blogspot.com\/-Tx5iWGL-qV0\/UD-YNjeCr7I\/AAAAAAAAAMM\/toZ7zi42f_Y\/s320\/Pamela.jpg\" \/><\/a><\/div>\n<p><\/p>\n<div style=\"clear: both; text-align: center;\"><a href=\"http:\/\/1.bp.blogspot.com\/-LqfGgjG2M0o\/UD-YdSDu5XI\/AAAAAAAAAMk\/wO2Xi_hqqvI\/s1600\/JOSE.jpg\" style=\"margin-left:1em; margin-right:1em\"><img loading=\"lazy\" decoding=\"async\" border=\"0\" height=\"248\" width=\"320\" src=\"http:\/\/1.bp.blogspot.com\/-LqfGgjG2M0o\/UD-YdSDu5XI\/AAAAAAAAAMk\/wO2Xi_hqqvI\/s320\/JOSE.jpg\" \/><\/a><\/div>\n<p><\/p>\n<div style=\"clear: both; text-align: center;\"><a href=\"http:\/\/1.bp.blogspot.com\/-8uyibB2ToRo\/UD-aEqKdn5I\/AAAAAAAAAMw\/_NqgXGXYB0Y\/s1600\/MU%25C3%2591OZ.jpg\" style=\"margin-left:1em; margin-right:1em\"><img loading=\"lazy\" decoding=\"async\" border=\"0\" height=\"243\" width=\"400\" src=\"http:\/\/1.bp.blogspot.com\/-8uyibB2ToRo\/UD-aEqKdn5I\/AAAAAAAAAMw\/_NqgXGXYB0Y\/s400\/MU%25C3%2591OZ.jpg\" \/><\/a><\/div>\n<p><\/p>\n","protected":false},"excerpt":{"rendered":"<p>Fuente:ONULiga: http:\/\/www.un.org\/es\/events\/disappearancesday\/index.shtml La desaparici\u00f3n forzada se ha usado a menudo como estrategia para infundir el terror en los ciudadanos. La sensaci\u00f3n de inseguridad que esa pr\u00e1ctica genera no se limita a los parientes pr\u00f3ximos del desaparecido, sino que afecta a su comunidad y al conjunto de la sociedad. La desaparici\u00f3n forzada se ha convertido en [&hellip;]<\/p>\n","protected":false},"author":2,"featured_media":0,"comment_status":"open","ping_status":"open","sticky":false,"template":"","format":"standard","meta":{"footnotes":""},"categories":[1],"tags":[],"class_list":["post-1547","post","type-post","status-publish","format-standard","hentry","category-sin-categoria"],"_links":{"self":[{"href":"https:\/\/cedehm.org.mx\/es\/wp-json\/wp\/v2\/posts\/1547","targetHints":{"allow":["GET"]}}],"collection":[{"href":"https:\/\/cedehm.org.mx\/es\/wp-json\/wp\/v2\/posts"}],"about":[{"href":"https:\/\/cedehm.org.mx\/es\/wp-json\/wp\/v2\/types\/post"}],"author":[{"embeddable":true,"href":"https:\/\/cedehm.org.mx\/es\/wp-json\/wp\/v2\/users\/2"}],"replies":[{"embeddable":true,"href":"https:\/\/cedehm.org.mx\/es\/wp-json\/wp\/v2\/comments?post=1547"}],"version-history":[{"count":0,"href":"https:\/\/cedehm.org.mx\/es\/wp-json\/wp\/v2\/posts\/1547\/revisions"}],"wp:attachment":[{"href":"https:\/\/cedehm.org.mx\/es\/wp-json\/wp\/v2\/media?parent=1547"}],"wp:term":[{"taxonomy":"category","embeddable":true,"href":"https:\/\/cedehm.org.mx\/es\/wp-json\/wp\/v2\/categories?post=1547"},{"taxonomy":"post_tag","embeddable":true,"href":"https:\/\/cedehm.org.mx\/es\/wp-json\/wp\/v2\/tags?post=1547"}],"curies":[{"name":"wp","href":"https:\/\/api.w.org\/{rel}","templated":true}]}}