{"id":1549,"date":"2012-08-27T16:59:00","date_gmt":"2012-08-27T16:59:00","guid":{"rendered":"https:\/\/cedehm.org.mx\/es\/2012\/08\/27\/mexico-el-pais-mas-mortifero-del-mundo\/"},"modified":"2012-08-27T16:59:00","modified_gmt":"2012-08-27T16:59:00","slug":"mexico-el-pais-mas-mortifero-del-mundo","status":"publish","type":"post","link":"https:\/\/cedehm.org.mx\/es\/2012\/08\/27\/mexico-el-pais-mas-mortifero-del-mundo\/","title":{"rendered":"M\u00c9XICO EL PA\u00cdS M\u00c1S MORT\u00cdFERO DEL MUNDO"},"content":{"rendered":"<p>Por: Le monde <br \/>Fuente:http:\/\/www.lemonde.fr\/idees\/article\/2012\/08\/23\/mexique-la-spirale-de-la-barbarie_1749042_3232.html<br \/>23 de Agosto de 2012<\/p>\n<p><b>En referencia a las cifras publicadas por el INEGI <\/b><\/p>\n<p>El diario franc\u00e9s Le Monde dedica hoy una nota y su editorial principal a la guerra contra las drogas que emprendi\u00f3 el Presidente Felipe Calder\u00f3n. Llama a M\u00e9xico \u00abel pa\u00eds <br \/>m\u00e1s mortifero del mundo\u00bb. <\/p>\n<p>El influyente rotativo usa datos ofrecidos recientemente por el Instituto Nacional de Estad\u00edsticas y Geograf\u00eda (INEGI), con los que estima que para cuando termine el <br \/>sexenio de Felipe Calder\u00f3n podr\u00eda haber cerca de 120 mil muertes: es decir, m\u00e1s del doble de la cifra que el Ejecutivo federal ha dado a conocer. <\/p>\n<p>\u00abEs una verdadera hecatombe que constituye, y por mucho, el conflicto m\u00e1s mort\u00edfero de los \u00faltimos a\u00f1os en el planeta\u00bb, se\u00f1ala el diario. <\/p>\n<p>Apenas el 20 de agosto, el INEGI inform\u00f3 que los homicidios en M\u00e9xico casi se triplican con Calder\u00f3n; en 2006 fueron 10,452; para 2011 sumaron 27,199. El organismo <br \/>expuso que la proporci\u00f3n de homicidios durante el a\u00f1o pasado fue de 24 por cada 100 mil habitantes, dato que se compara con los 23 por cada 100 mil habitantes en <br \/>2010. <\/p>\n<p>La espiral de violencia es, para el diario, provocada por el fracaso de la guerra contra contra el narcotr\u00e1fico y el ajuste de cuentas entre los c\u00e1rteles criminales, \u00abque no <br \/>perdona a nadie, ni a los periodistas y a alcaldes v\u00edctimas de chantaje y soborno\u00bb. <\/p>\n<p>Le Monde hace referencia al cambio de gobierno para el pr\u00f3ximo sexenio y expresa sus dudas sobre la capacidad de Enrique Pe\u00f1a Nieto para mejorar lo que considera un <br \/>mal end\u00e9mico. Pe\u00f1a Nieto no ha sido confirmado como ganador de la elecci\u00f3n por el Tribunal Electoral de la Federaci\u00f3n. \u00abEl mal es hoy tan profundo que no es seguro <br \/>que la elecci\u00f3n del se\u00f1or Pe\u00f1a Nieto cambie algo: significa el regreso del Partido Revolucionario Institucional (PRI), que domin\u00f3 la vida pol\u00edtica del pa\u00eds durante d\u00e9cadas <br \/>con un trasfondo de corrupci\u00f3n y complacencia hacia los narcotraficantes\u00bb, dice el diario franc\u00e9s. <\/p>\n<p>El rotativo se\u00f1ala que el conflicto en M\u00e9xico va m\u00e1s de los l\u00edmites del pa\u00eds. \u00abEl desaf\u00edo alcanza tambi\u00e9n a Estados Unidos y Europa, por el consumo de narc\u00f3ticos y las <br \/>ventas de armas que alimenta directamente la violencia en M\u00e9xico. Esto no es un desaf\u00edo ex\u00f3tico, sino global, que no puede permanecer indiferente\u00bb, dice. <\/p>\n","protected":false},"excerpt":{"rendered":"<p>Por: Le monde Fuente:http:\/\/www.lemonde.fr\/idees\/article\/2012\/08\/23\/mexique-la-spirale-de-la-barbarie_1749042_3232.html23 de Agosto de 2012 En referencia a las cifras publicadas por el INEGI El diario franc\u00e9s Le Monde dedica hoy una nota y su editorial principal a la guerra contra las drogas que emprendi\u00f3 el Presidente Felipe Calder\u00f3n. Llama a M\u00e9xico \u00abel pa\u00eds m\u00e1s mortifero del mundo\u00bb. El influyente rotativo usa [&hellip;]<\/p>\n","protected":false},"author":2,"featured_media":0,"comment_status":"open","ping_status":"open","sticky":false,"template":"","format":"standard","meta":{"footnotes":""},"categories":[1],"tags":[],"class_list":["post-1549","post","type-post","status-publish","format-standard","hentry","category-sin-categoria"],"_links":{"self":[{"href":"https:\/\/cedehm.org.mx\/es\/wp-json\/wp\/v2\/posts\/1549","targetHints":{"allow":["GET"]}}],"collection":[{"href":"https:\/\/cedehm.org.mx\/es\/wp-json\/wp\/v2\/posts"}],"about":[{"href":"https:\/\/cedehm.org.mx\/es\/wp-json\/wp\/v2\/types\/post"}],"author":[{"embeddable":true,"href":"https:\/\/cedehm.org.mx\/es\/wp-json\/wp\/v2\/users\/2"}],"replies":[{"embeddable":true,"href":"https:\/\/cedehm.org.mx\/es\/wp-json\/wp\/v2\/comments?post=1549"}],"version-history":[{"count":0,"href":"https:\/\/cedehm.org.mx\/es\/wp-json\/wp\/v2\/posts\/1549\/revisions"}],"wp:attachment":[{"href":"https:\/\/cedehm.org.mx\/es\/wp-json\/wp\/v2\/media?parent=1549"}],"wp:term":[{"taxonomy":"category","embeddable":true,"href":"https:\/\/cedehm.org.mx\/es\/wp-json\/wp\/v2\/categories?post=1549"},{"taxonomy":"post_tag","embeddable":true,"href":"https:\/\/cedehm.org.mx\/es\/wp-json\/wp\/v2\/tags?post=1549"}],"curies":[{"name":"wp","href":"https:\/\/api.w.org\/{rel}","templated":true}]}}