{"id":1555,"date":"2012-08-10T19:43:00","date_gmt":"2012-08-10T19:43:00","guid":{"rendered":"https:\/\/cedehm.org.mx\/es\/2012\/08\/10\/se-necesita-que-las-mujeres-sean-conscientes-de-las-diferentes-formas-de-violencia-para-poder-actuar-a-tiempo\/"},"modified":"2012-08-10T19:43:00","modified_gmt":"2012-08-10T19:43:00","slug":"se-necesita-que-las-mujeres-sean-conscientes-de-las-diferentes-formas-de-violencia-para-poder-actuar-a-tiempo","status":"publish","type":"post","link":"https:\/\/cedehm.org.mx\/es\/2012\/08\/10\/se-necesita-que-las-mujeres-sean-conscientes-de-las-diferentes-formas-de-violencia-para-poder-actuar-a-tiempo\/","title":{"rendered":"\u201cSe necesita que las mujeres sean conscientes de las diferentes formas de violencia para poder actuar a tiempo\u201d"},"content":{"rendered":"<p>Chihuahua, Chih. a 10 de Agosto de 2012<\/p>\n<div style=\"clear: both; text-align: center;\"><a href=\"http:\/\/4.bp.blogspot.com\/-eTmCtqx4oos\/UCVkAxlNobI\/AAAAAAAAAJg\/HUvEPTnR2NU\/s1600\/maria.tif\" style=\"clear:right; float:right; margin-left:1em; margin-bottom:1em\"><img loading=\"lazy\" decoding=\"async\" border=\"0\" height=\"320\" width=\"222\" src=\"http:\/\/4.bp.blogspot.com\/-eTmCtqx4oos\/UCVkAxlNobI\/AAAAAAAAAJg\/HUvEPTnR2NU\/s320\/maria.tif\" \/><\/a><\/div>\n<p>Declar\u00f3 la Dra. Mar\u00eda Lameiras en la  conferencia \u201cViolencia sexual hacia las mujeres\u201d organizada por el Centro de Derechos Humanos de las Mujeres A.C., llevada a cabo el pasado Lunes 6 de Agosto en las instalaciones de la Comisi\u00f3n Estatal de Derechos Humanos.<\/p>\n<p>Mar\u00eda Lameiras Fern\u00e1ndez, es doctora en psicolog\u00eda, profesora titular de la Universidad de Vigo, Espa\u00f1a y Vicedecana de la Facultad de Educaci\u00f3n del Campus Ourense de dicha instituci\u00f3n. Compagina su labor docente con una intensa actividad investigadora en torno a la sexualidad, en el departamento de an\u00e1lisis e intervenci\u00f3n psicosocioeducativa.<\/p>\n<p>En esta conferencia magna dirigida a operadores del sistema de justicia, ONG\u00b4s, instituciones educativas y asociaciones profesionales, se trataron temas de gran inter\u00e9s proporcionando herramientas a los profesionales en apoyo a las v\u00edctimas de este tipo de violencia.<\/p>\n<p>Para dar continuidad a dicha conferencia el Centro de Derechos Humanos de las Mujeres ofreci\u00f3 a los profesionales al servicio de atenci\u00f3n a v\u00edctimas el taller \u201cLa atenci\u00f3n a delitos sexuales contra mujeres y menores\u201d, impartido por la Dra. Lameiras donde durante la semana se vio de manera m\u00e1s profunda la prevenci\u00f3n y apoyo integral a v\u00edctimas.<\/p>\n","protected":false},"excerpt":{"rendered":"<p>Chihuahua, Chih. a 10 de Agosto de 2012 Declar\u00f3 la Dra. Mar\u00eda Lameiras en la conferencia \u201cViolencia sexual hacia las mujeres\u201d organizada por el Centro de Derechos Humanos de las Mujeres A.C., llevada a cabo el pasado Lunes 6 de Agosto en las instalaciones de la Comisi\u00f3n Estatal de Derechos Humanos. Mar\u00eda Lameiras Fern\u00e1ndez, es [&hellip;]<\/p>\n","protected":false},"author":2,"featured_media":0,"comment_status":"open","ping_status":"open","sticky":false,"template":"","format":"standard","meta":{"footnotes":""},"categories":[1],"tags":[],"class_list":["post-1555","post","type-post","status-publish","format-standard","hentry","category-sin-categoria"],"_links":{"self":[{"href":"https:\/\/cedehm.org.mx\/es\/wp-json\/wp\/v2\/posts\/1555","targetHints":{"allow":["GET"]}}],"collection":[{"href":"https:\/\/cedehm.org.mx\/es\/wp-json\/wp\/v2\/posts"}],"about":[{"href":"https:\/\/cedehm.org.mx\/es\/wp-json\/wp\/v2\/types\/post"}],"author":[{"embeddable":true,"href":"https:\/\/cedehm.org.mx\/es\/wp-json\/wp\/v2\/users\/2"}],"replies":[{"embeddable":true,"href":"https:\/\/cedehm.org.mx\/es\/wp-json\/wp\/v2\/comments?post=1555"}],"version-history":[{"count":0,"href":"https:\/\/cedehm.org.mx\/es\/wp-json\/wp\/v2\/posts\/1555\/revisions"}],"wp:attachment":[{"href":"https:\/\/cedehm.org.mx\/es\/wp-json\/wp\/v2\/media?parent=1555"}],"wp:term":[{"taxonomy":"category","embeddable":true,"href":"https:\/\/cedehm.org.mx\/es\/wp-json\/wp\/v2\/categories?post=1555"},{"taxonomy":"post_tag","embeddable":true,"href":"https:\/\/cedehm.org.mx\/es\/wp-json\/wp\/v2\/tags?post=1555"}],"curies":[{"name":"wp","href":"https:\/\/api.w.org\/{rel}","templated":true}]}}