{"id":1566,"date":"2012-02-29T21:10:00","date_gmt":"2012-02-29T21:10:00","guid":{"rendered":"https:\/\/cedehm.org.mx\/es\/2012\/02\/29\/la-comunidad-de-bakeachi-viene-a-demandar-justicia\/"},"modified":"2012-02-29T21:10:00","modified_gmt":"2012-02-29T21:10:00","slug":"la-comunidad-de-bakeachi-viene-a-demandar-justicia","status":"publish","type":"post","link":"https:\/\/cedehm.org.mx\/es\/2012\/02\/29\/la-comunidad-de-bakeachi-viene-a-demandar-justicia\/","title":{"rendered":"LA COMUNIDAD DE BAKEACHI VIENE A DEMANDAR JUSTICIA."},"content":{"rendered":"<p><\/p>\n<div align=\"center\" style=\"text-align: center;\"><u><span lang=\"ES-MX\" style=\"font-family: &quot;Arial&quot;,&quot;sans-serif&quot;;\"><br \/><\/span><\/u><\/div>\n<div style=\"clear: both; text-align: center;\"><a href=\"http:\/\/4.bp.blogspot.com\/-IMBdlUpjsGY\/T06UPdDghQI\/AAAAAAAAAEo\/WWMI6XNmHac\/s1600\/logos+baqueachi.png\" style=\"margin-left: 1em; margin-right: 1em;\"><img loading=\"lazy\" decoding=\"async\" border=\"0\" height=\"74\" src=\"http:\/\/4.bp.blogspot.com\/-IMBdlUpjsGY\/T06UPdDghQI\/AAAAAAAAAEo\/WWMI6XNmHac\/s640\/logos+baqueachi.png\" width=\"640\" \/><\/a><\/div>\n<div align=\"center\" style=\"text-align: center;\"><u><span lang=\"ES-MX\" style=\"font-family: &quot;Arial&quot;,&quot;sans-serif&quot;;\"><br \/><\/span><\/u><\/div>\n<div align=\"center\" style=\"text-align: center;\"><u><span lang=\"ES-MX\" style=\"font-family: &quot;Arial&quot;,&quot;sans-serif&quot;;\"><br \/><\/span><\/u><\/div>\n<div align=\"center\" style=\"text-align: center;\"><u><span lang=\"ES-MX\" style=\"font-family: &quot;Arial&quot;,&quot;sans-serif&quot;;\">Comunicado de Prensa<o:p><\/o:p><\/span><\/u><\/div>\n<div style=\"text-align: justify;\"><\/div>\n<div style=\"text-align: center;\"><b><span lang=\"ES-MX\" style=\"font-family: &quot;Arial&quot;,&quot;sans-serif&quot;;\">LA COMUNIDAD DE BAKEACHI VIENE A DEMANDAR JUSTICIA.<o:p><\/o:p><\/span><\/b><\/div>\n<div style=\"text-align: justify;\"><\/div>\n<div style=\"text-align: justify;\"><span lang=\"ES-MX\" style=\"font-family: &quot;Arial&quot;,&quot;sans-serif&quot;;\">Los ind\u00edgenas de Bak\u00e9achi, municipio de Carich\u00ed tienen hambre\u2026sobre todo de justicia. Por eso se har\u00e1n presentes el jueves 1 de marzo en la ciudad de Chihuahua desde primeras horas de la ma\u00f1ana.<o:p><\/o:p><\/span><\/div>\n<div style=\"text-align: justify;\"><\/div>\n<div style=\"text-align: justify;\"><span lang=\"ES-MX\" style=\"font-family: &quot;Arial&quot;,&quot;sans-serif&quot;;\">Este jueves 1 de marzo se cumplen dos a\u00f1os del artero asesinato del Lic. Ernesto R\u00e1bago Mart\u00ednez, Secretario General de la asociaci\u00f3n civil Bowerasa&nbsp; (Haciendo Camino), y compa\u00f1ero de la abogada de la comunidad de Bak\u00e9achi, Lic. Estela \u00c1ngeles Mondrag\u00f3n. Ernesto fue ultimado en la oficina del Jur\u00eddico de Bowerasa, en la calle Allende por personas desconocidas. D\u00edas antes intentaron asesinar a la joven Deni Ruth Loya \u00c1ngeles, hija de Estela y en dos ocasiones durante 2010 intentaron matar a la abogada, tambi\u00e9n en marzo del 2009 incendiaron -con dos bombas molotov- el despacho de la asociaci\u00f3n civil. <o:p><\/o:p><\/span><\/div>\n<div style=\"text-align: justify;\"><\/div>\n<div style=\"text-align: justify;\"><span lang=\"ES-MX\" style=\"font-family: &quot;Arial&quot;,&quot;sans-serif&quot;;\">Hasta el momento las autoridades no han podido o de plano no han querido esclarecer el asesinato de Ernesto R\u00e1bago Mart\u00ednez y las agresiones a Estela \u00c1ngeles y su hija ni mucho menos aprehender y castigar a los culpables, a pesar de que se tienen serias sospechas que todo ha sido planeado por quienes se sienten amenazados por las acciones jur\u00eddicas y movilizaciones pac\u00edficas de los rar\u00e1muri para recuperar su territorio.<o:p><\/o:p><\/span><\/div>\n<div style=\"text-align: justify;\"><\/div>\n<div style=\"text-align: justify;\"><span lang=\"ES-MX\" style=\"font-family: &quot;Arial&quot;,&quot;sans-serif&quot;;\">Peor todav\u00eda, la Procuradur\u00eda General de Justicia del gobierno anterior extravi\u00f3 buena parte del expediente y de los documentos que les entreg\u00f3 la Lic. \u00c1ngeles para contribuir al esclarecimiento del asesinato. Ante esto, la actual Fiscal\u00eda del Estado ha tenido que reiniciar la integraci\u00f3n de dicho expediente y la b\u00fasqueda de los documentos faltantes.<o:p><\/o:p><\/span><\/div>\n<div style=\"text-align: justify;\"><\/div>\n<div style=\"text-align: justify;\"><span lang=\"ES-MX\" style=\"font-family: &quot;Arial&quot;,&quot;sans-serif&quot;;\">Por esto, para demandar la justicia a que tienen derecho ante el homicidio de Ernesto R\u00e1bago y las agresiones a Estela, a su hija y a la comunidad entera de Bak\u00e9achi, un contingente Rar\u00e1muri de esta comunidad se ha dado cita para el mi\u00e9rcoles 1 de marzo en la capital del estado.<o:p><\/o:p><\/span><\/div>\n<div style=\"text-align: justify;\"><\/div>\n<div style=\"text-align: justify;\"><span lang=\"ES-MX\" style=\"font-family: &quot;Arial&quot;,&quot;sans-serif&quot;;\">Sus acciones comenzar\u00e1n con una misa de acuerdo a sus tradiciones y ritos a celebrarse en la Iglesia del Sagrado Coraz\u00f3n de Jes\u00fas, a las 10 de la ma\u00f1ana. De ah\u00ed emprender\u00e1n una marcha por las avenidas 20 de noviembre, Independencia y Vicente Guerrero para culminar en la Cruz que conmemora a Ernesto R\u00e1bago Mart\u00ednez, junto a la Cruz de Clavos, frente al Palacio de Gobierno. Ah\u00ed los Rar\u00e1muri y varias organizaciones sociales celebrar\u00e1n lo que los ind\u00edgenas denominan \u201cla fiesta de Ernesto\u201d y har\u00e1n patentes sus demandas de justicia. Se est\u00e1 invitando a toda la ciudadan\u00eda a que se sume.<o:p><\/o:p><\/span><\/div>\n<div style=\"text-align: justify;\"><\/div>\n<div style=\"text-align: justify;\"><span lang=\"ES-MX\" style=\"font-family: &quot;Arial&quot;,&quot;sans-serif&quot;;\">Es necesario recordar que la lucha por la recuperaci\u00f3n del territorio de la comunidad de Bak\u00e9achi contin\u00faa exitosamente. Se han ganado definitivamente 17 de los 32 juicios interpuestos, que involucran entre 10 y 12 mil hect\u00e1reas, ya restituidas a la comunidad. Por otro lado, se contin\u00faan litigando y desahogando pruebas periciales en otros 15 juicios que involucran unas 12 mil hect\u00e1reas. As\u00ed mismo el 21 de febrero las autoridades acudieron a Bak\u00e9achi a poner a la comunidad en posesi\u00f3n de las hect\u00e1reas y propiedades ilegalmente retomadas por uno de los caciques locales, quien previamente fue acusado de despojo por la comunidad y cumpli\u00f3 una condena de varios meses en la c\u00e1rcel.<o:p><\/o:p><\/span><\/div>\n<div style=\"text-align: justify;\"><\/div>\n<div style=\"text-align: justify;\"><span lang=\"ES-MX\" style=\"font-family: &quot;Arial&quot;,&quot;sans-serif&quot;;\">Con su manifestaci\u00f3n pac\u00edfica y en\u00e9rgica en la ciudad de Chihuahua, con su lucha jur\u00eddica, con sus acciones de recuperaci\u00f3n de suelos en su territorio, la comunidad de Bak\u00e9achi sigue gritando a los cuatro vientos:<o:p><\/o:p><\/span><\/div>\n<div style=\"text-align: justify;\"><\/div>\n<div align=\"center\" style=\"text-align: center;\"><span lang=\"ES-MX\" style=\"font-family: &quot;Arial&quot;,&quot;sans-serif&quot;;\">\u201cBowerasa\u201d&nbsp;&nbsp; (Haciendo Camino).<o:p><\/o:p><\/span><\/div>\n<div style=\"text-align: justify;\"><\/div>\n<div style=\"text-align: justify;\"><\/div>\n<div style=\"text-align: justify;\"><span lang=\"ES-MX\" style=\"font-family: &quot;Arial&quot;,&quot;sans-serif&quot;;\">Chihuahua, Chih. A 29 de febrero de 2012.<o:p><\/o:p><\/span><\/div>\n<div style=\"text-align: justify;\"><\/div>\n<div style=\"text-align: justify;\"><span lang=\"ES-MX\" style=\"font-family: &quot;Arial&quot;,&quot;sans-serif&quot;;\">COMUNIDADES INDIGENAS DE BAKEACHI, HUAHUACHERARE Y CHINEACHI<o:p><\/o:p><\/span><\/div>\n<div style=\"text-align: justify;\"><span lang=\"ES-MX\" style=\"font-family: &quot;Arial&quot;,&quot;sans-serif&quot;;\">BOWERASA, A.C.<o:p><\/o:p><\/span><\/div>\n<div style=\"text-align: justify;\"><span lang=\"ES-MX\" style=\"font-family: &quot;Arial&quot;,&quot;sans-serif&quot;;\">COSYDDHAC<o:p><\/o:p><\/span><\/div>\n<div style=\"text-align: justify;\"><span lang=\"ES-MX\" style=\"font-family: &quot;Arial&quot;,&quot;sans-serif&quot;;\">CENTRO DE LOS DERECHOS HUMANOS DE LAS MUJERES<o:p><\/o:p><\/span><\/div>\n<div style=\"text-align: justify;\"><span lang=\"ES-MX\" style=\"font-family: &quot;Arial&quot;,&quot;sans-serif&quot;;\">MUJERES POR MEXICO, A.C.<o:p><\/o:p><\/span><\/div>\n<div style=\"text-align: justify;\"><span lang=\"ES-MX\" style=\"font-family: &quot;Arial&quot;,&quot;sans-serif&quot;;\">ASOCIACION NACIONAL DE ABOGADOS DEMOCRATICOS<o:p><\/o:p><\/span><\/div>\n<div style=\"text-align: justify;\"><span lang=\"ES-MX\" style=\"font-family: &quot;Arial&quot;,&quot;sans-serif&quot;;\">FRENTE DEMOCRATICO CAMPESINO<o:p><\/o:p><\/span><\/div>\n<div style=\"text-align: justify;\"><span lang=\"ES-MX\" style=\"font-family: &quot;Arial&quot;,&quot;sans-serif&quot;;\">MOVIMIENTO POR LA PAZ Y LA VIDA DIGNA.<o:p><\/o:p><\/span><\/div>\n<div style=\"text-align: justify;\"><\/div>\n","protected":false},"excerpt":{"rendered":"<p>Comunicado de Prensa LA COMUNIDAD DE BAKEACHI VIENE A DEMANDAR JUSTICIA. Los ind\u00edgenas de Bak\u00e9achi, municipio de Carich\u00ed tienen hambre\u2026sobre todo de justicia. Por eso se har\u00e1n presentes el jueves 1 de marzo en la ciudad de Chihuahua desde primeras horas de la ma\u00f1ana. Este jueves 1 de marzo se cumplen dos a\u00f1os del artero [&hellip;]<\/p>\n","protected":false},"author":2,"featured_media":0,"comment_status":"open","ping_status":"open","sticky":false,"template":"","format":"standard","meta":{"footnotes":""},"categories":[1],"tags":[],"class_list":["post-1566","post","type-post","status-publish","format-standard","hentry","category-sin-categoria"],"_links":{"self":[{"href":"https:\/\/cedehm.org.mx\/es\/wp-json\/wp\/v2\/posts\/1566","targetHints":{"allow":["GET"]}}],"collection":[{"href":"https:\/\/cedehm.org.mx\/es\/wp-json\/wp\/v2\/posts"}],"about":[{"href":"https:\/\/cedehm.org.mx\/es\/wp-json\/wp\/v2\/types\/post"}],"author":[{"embeddable":true,"href":"https:\/\/cedehm.org.mx\/es\/wp-json\/wp\/v2\/users\/2"}],"replies":[{"embeddable":true,"href":"https:\/\/cedehm.org.mx\/es\/wp-json\/wp\/v2\/comments?post=1566"}],"version-history":[{"count":0,"href":"https:\/\/cedehm.org.mx\/es\/wp-json\/wp\/v2\/posts\/1566\/revisions"}],"wp:attachment":[{"href":"https:\/\/cedehm.org.mx\/es\/wp-json\/wp\/v2\/media?parent=1566"}],"wp:term":[{"taxonomy":"category","embeddable":true,"href":"https:\/\/cedehm.org.mx\/es\/wp-json\/wp\/v2\/categories?post=1566"},{"taxonomy":"post_tag","embeddable":true,"href":"https:\/\/cedehm.org.mx\/es\/wp-json\/wp\/v2\/tags?post=1566"}],"curies":[{"name":"wp","href":"https:\/\/api.w.org\/{rel}","templated":true}]}}