{"id":1570,"date":"2012-02-13T22:17:00","date_gmt":"2012-02-13T22:17:00","guid":{"rendered":"https:\/\/cedehm.org.mx\/es\/2012\/02\/13\/audiencia-de-vinculacion-al-pastor-violador\/"},"modified":"2012-02-13T22:17:00","modified_gmt":"2012-02-13T22:17:00","slug":"audiencia-de-vinculacion-al-pastor-violador","status":"publish","type":"post","link":"https:\/\/cedehm.org.mx\/es\/2012\/02\/13\/audiencia-de-vinculacion-al-pastor-violador\/","title":{"rendered":"Audiencia de Vinculaci\u00f3n al Pastor violador"},"content":{"rendered":"<p><\/p>\n<table border=\"0\" cellpadding=\"0\" cellspacing=\"0\" style=\"background-color: rgba(255, 255, 255, 0.917969); color: #222222; font-family: arial, sans-serif; font-size: 13px; width: 495px;\">\n<tbody>\n<tr>\n<td style=\"margin-bottom: 0px; margin-left: 0px; margin-right: 0px; margin-top: 0px; padding-bottom: 3.75pt; padding-left: 3.75pt; padding-right: 3.75pt; padding-top: 3.75pt;\">\n<div align=\"center\" style=\"margin-bottom: 0.0001pt; text-align: center;\"><span lang=\"ES-MX\" style=\"font-family: 'Times New Roman', serif; font-size: 12pt;\">Comunicado de prensa<\/span><\/div>\n<div align=\"center\" style=\"margin-bottom: 0.0001pt; text-align: center;\"><b><span lang=\"ES-MX\" style=\"font-family: 'Times New Roman', serif; font-size: 12pt;\">Audiencia de Vinculaci\u00f3n al Pastor violador<\/span><\/b><\/div>\n<div align=\"right\" style=\"margin-bottom: 0.0001pt; text-align: right;\"><span lang=\"ES-MX\" style=\"font-family: 'Times New Roman', serif; font-size: 12pt;\">13 de febrero de 2012<\/span><\/div>\n<div style=\"margin-bottom: 0.0001pt; text-align: justify;\"><\/div>\n<div style=\"margin-bottom: 0.0001pt; text-align: justify;\"><\/div>\n<ul>\n<li style=\"margin-left: 15px;\"><span lang=\"ES-MX\" style=\"font-family: Symbol; font-size: 12pt;\">\u00b7<span style=\"font: normal normal normal 7pt\/normal 'Times New Roman';\">&nbsp;&nbsp;&nbsp;&nbsp;&nbsp;&nbsp;&nbsp;&nbsp;&nbsp;<\/span><\/span><span lang=\"ES-MX\" style=\"font-family: 'Times New Roman', serif; font-size: 12pt;\">Gracias a la estrategia legal realizada por las abogadas del Centro de Derechos Humanos de las Mujeres (CEDEHM) de Chihuahua y la coordinaci\u00f3n con la ministerio p\u00fablico, se logr\u00f3 que la Jueza de Garant\u00eda Martha P. Gonz\u00e1lez vinculara a proceso por el delito de Violaci\u00f3n con penalidad agravada a&nbsp;<\/span><span lang=\"ES-MX\" style=\"font-family: 'Times New Roman', serif; font-size: 12pt;\">Jos\u00e9 Manuel Herrera Lerma,<\/span><span lang=\"ES-MX\" style=\"font-family: 'Times New Roman', serif; font-size: 12pt;\">pastor acusado.<\/span><\/li>\n<\/ul>\n<p><\/p>\n<div style=\"margin-bottom: 0.0001pt; text-align: justify;\"><\/div>\n<div style=\"margin-bottom: 0.0001pt; text-align: justify;\"><span lang=\"ES-MX\" style=\"font-family: 'Times New Roman', serif; font-size: 12pt;\">El pasado viernes 10 de febrero, se llev\u00f3 a cabo la audiencia de vinculaci\u00f3n a proceso del pastor de la iglesia \u201cSendero de Luz\u201d de la ciudad de Delicias, Chihuahua, fue&nbsp;<\/span><span lang=\"ES-MX\"><span style=\"color: #222222; font-family: 'Times New Roman', serif; font-size: small;\">vinculado por el delito de violaci\u00f3n agravada (art\u00edculos&nbsp;171 y 175 fr II del C\u00f3digo Penal),&nbsp; la agravante consiste en que los hechos se cometieron quebrantando la fe que nace de una relaci\u00f3n de confianza&nbsp; y respeto como fue la relaci\u00f3n que exist\u00eda entre el pastor y las menores de acuerdo al dicho de las mismas. Dicha vinculaci\u00f3n fue por hechos sucedidos entre el mes de julio del 2008 al a\u00f1o 2009 para una de las menores y para la otra del mes de julio del 2008 al a\u00f1o 2010.<\/span><\/span><span lang=\"ES-MX\" style=\"font-family: 'Times New Roman', serif; font-size: 12pt;\"><\/span><\/div>\n<div style=\"margin-bottom: 0.0001pt; text-align: justify;\"><\/div>\n<div style=\"margin-bottom: 0.0001pt; text-align: justify;\"><span lang=\"ES-MX\" style=\"font-family: 'Times New Roman', serif; font-size: 12pt;\">La jueza teniendo por acreditado hasta ese momento procesal, los hechos se\u00f1alados por la fiscal\u00eda y la coadyuvancia, concluy\u00f3 que existe la probabilidad fundada de que Jos\u00e9 Manuel Herrera Lerma cometi\u00f3 el delito de violaci\u00f3n agravada mediante el uso de la fuerza moral, pues seg\u00fan se desprende de los antecedentes que obran en la carpeta de investigaci\u00f3n se demuestra la imposici\u00f3n en forma reiterada de la copula; esto robustecido con todas y cada una de las diligencias desahogadas como son las testimoniales&nbsp;y documentales valoradas, as\u00ed como la declaraci\u00f3n de las v\u00edctimas a las cuales le otorg\u00f3 un valor preponderante por considerar que se trataba de hechos que ellas vivieron.<\/span><\/div>\n<div style=\"margin-bottom: 0.0001pt; text-align: justify;\"><\/div>\n<div style=\"margin-bottom: 0.0001pt; text-align: justify;\"><span lang=\"ES-MX\" style=\"font-family: 'Times New Roman', serif; font-size: 12pt;\">Fue evidente que Jos\u00e9 Manuel Lerma hab\u00eda realizado durante a\u00f1os un adoctrinamiento de sus adeptas entre las que se encontraban las menores y su madre, que consist\u00eda principalmente en la obediencia ciega y sumisi\u00f3n a la voluntad del pastor, pues el manifestaba que era lo mejor para ellas por lo que usaba \u201cterapias\u201d para tratar una u otra enfermedad y as\u00ed cometer las violaciones y en caso de desobediencia&nbsp;era la amenaza de padecer sufrimientos f\u00edsicos y emocionales as\u00ed como irse directamente al infierno.<\/span><\/div>\n<div style=\"margin-bottom: 0.0001pt; text-align: justify;\"><\/div>\n<div style=\"margin-bottom: 0.0001pt; text-align: justify;\"><span lang=\"ES-MX\" style=\"font-family: 'Times New Roman', serif; font-size: 12pt;\">Se presume que existen m\u00e1s v\u00edctimas de este delito, ya que con las diligencias desahogadas &nbsp;y el cateo realizado se encontr\u00f3 evidencia en ese sentido.<\/span><\/div>\n<div style=\"margin-bottom: 0.0001pt; text-align: justify;\"><\/div>\n<div style=\"margin-bottom: 0.0001pt; text-align: justify;\"><span lang=\"ES-MX\" style=\"font-family: 'Times New Roman', serif; font-size: 12pt;\">La&nbsp; Jueza reconoci\u00f3 a petici\u00f3n de la coadyuvancia que el delito de violaci\u00f3n es un&nbsp;delito de genero seg\u00fan lo establecido por la CEDAW y BELEM DO PARA, reconociendo que&nbsp;una de las formas extremas de violencia hacia la mujer es la violencia sexual.<\/span><\/div>\n<div style=\"margin-bottom: 0.0001pt; text-align: justify;\"><span lang=\"ES-MX\" style=\"font-family: 'Times New Roman', serif; font-size: 12pt;\">&nbsp;Por \u00faltimo, cabe mencionar que se pidi\u00f3 6 meses para el cierre de investigaci\u00f3n.<\/span><\/div>\n<\/td>\n<\/tr>\n<tr>\n<td style=\"margin-bottom: 0px; margin-left: 0px; margin-right: 0px; margin-top: 0px; padding-bottom: 3.75pt; padding-left: 3.75pt; padding-right: 3.75pt; padding-top: 3.75pt;\">\n<div style=\"margin-bottom: 0.0001pt; text-align: justify;\"><span lang=\"ES-MX\" style=\"font-family: 'Times New Roman', serif; font-size: 12pt;\"><br \/>Sin duda este caso, es un ejemplo de que el sistema acusatorio permite que las mujeres v\u00edctimas de violencias de g\u00e9nero y sus coadyuvantes participen activamente en los juicios; realicen solicitudes bien fundamentadas y puedan obtener resoluciones judiciales a su favor.&nbsp;<\/span><\/div>\n<div style=\"margin-bottom: 0.0001pt; text-align: justify;\"><span lang=\"ES-MX\" style=\"font-family: 'Times New Roman', serif; font-size: 12pt;\"><br \/><\/span><\/div>\n<div style=\"margin-bottom: 0.0001pt; text-align: justify;\"><span lang=\"ES-MX\" style=\"font-family: 'Times New Roman', serif; font-size: 12pt;\">El&nbsp;<\/span><span lang=\"ES-MX\"><a href=\"http:\/\/www.cedehm.org.mx\/\" style=\"color: #1155cc;\" target=\"_blank\" rel=\"noopener\"><b><span style=\"color: #b31212; font-family: Verdana, sans-serif; font-size: 12pt; text-decoration: none;\">Centro de Derechos Humanos de las Mujeres<\/span><\/b><\/a><\/span><span lang=\"ES-MX\" style=\"font-family: 'Times New Roman', serif; font-size: 12pt;\">&nbsp;es una asociaci\u00f3n civil con sede en Chihuahua M\u00e9xico, es&nbsp; pionera en el sistema penal acusatorio del pa\u00eds, como abogadas litigantes representan a las v\u00edctimas en delitos de g\u00e9nero con el enfoque de&nbsp; los derechos humanos y la perspectiva de g\u00e9nero.&nbsp;&nbsp;<\/span><\/div>\n<div style=\"margin-bottom: 0.0001pt; text-align: justify;\"><\/div>\n<div style=\"margin-bottom: 0.0001pt; text-align: justify;\"><span lang=\"ES-MX\" style=\"font-family: 'Times New Roman', serif; font-size: 12pt;\">Para mayor informaci\u00f3n:<\/span><\/div>\n<div style=\"margin-bottom: 0.0001pt; text-align: justify;\"><b><span lang=\"ES-MX\" style=\"font-family: 'Times New Roman', serif; font-size: 12pt;\"><a href=\"mailto:comunicacion@cedehm.org.mx\" style=\"color: #1155cc;\" target=\"_blank\" rel=\"noopener\">comunicacion@cedehm.org.mx<\/a><\/span><\/b><\/div>\n<div style=\"margin-bottom: 0.0001pt; text-align: justify;\"><b><span lang=\"ES-MX\" style=\"font-family: 'Times New Roman', serif; font-size: 12pt;\">twtt: @cedehm<\/span><\/b><\/div>\n<div style=\"margin-bottom: 0.0001pt; text-align: justify;\"><b><span lang=\"ES-MX\" style=\"font-family: 'Times New Roman', serif; font-size: 12pt;\">blog:&nbsp;<\/span><\/b><span lang=\"ES-MX\" style=\"color: #444444; font-family: Arial, sans-serif; font-size: 11.5pt;\">&nbsp;<\/span><span lang=\"ES-MX\"><a href=\"http:\/\/t.co\/JRaqipGu\" style=\"color: #1155cc;\" target=\"_blank\" title=\"http:\/\/cedehm.blogspot.com\" rel=\"noopener\"><span style=\"color: red; font-family: Arial, sans-serif; font-size: 11.5pt; text-decoration: none;\">http:\/\/cedehm.blogspot.com<\/span><\/a><\/span><span lang=\"ES-MX\" style=\"font-family: 'Times New Roman', serif; font-size: 12pt;\"><\/span><\/div>\n<div style=\"margin-bottom: 0.0001pt; text-align: justify;\"><b><span lang=\"ES-MX\" style=\"font-family: 'Times New Roman', serif; font-size: 12pt;\">Tel. (614) 415-66 74<\/span><\/b><\/div>\n<\/td>\n<\/tr>\n<\/tbody>\n<\/table>\n","protected":false},"excerpt":{"rendered":"<p>Comunicado de prensa Audiencia de Vinculaci\u00f3n al Pastor violador 13 de febrero de 2012 \u00b7&nbsp;&nbsp;&nbsp;&nbsp;&nbsp;&nbsp;&nbsp;&nbsp;&nbsp;Gracias a la estrategia legal realizada por las abogadas del Centro de Derechos Humanos de las Mujeres (CEDEHM) de Chihuahua y la coordinaci\u00f3n con la ministerio p\u00fablico, se logr\u00f3 que la Jueza de Garant\u00eda Martha P. Gonz\u00e1lez vinculara a proceso por [&hellip;]<\/p>\n","protected":false},"author":2,"featured_media":0,"comment_status":"open","ping_status":"open","sticky":false,"template":"","format":"standard","meta":{"footnotes":""},"categories":[1],"tags":[],"class_list":["post-1570","post","type-post","status-publish","format-standard","hentry","category-sin-categoria"],"_links":{"self":[{"href":"https:\/\/cedehm.org.mx\/es\/wp-json\/wp\/v2\/posts\/1570","targetHints":{"allow":["GET"]}}],"collection":[{"href":"https:\/\/cedehm.org.mx\/es\/wp-json\/wp\/v2\/posts"}],"about":[{"href":"https:\/\/cedehm.org.mx\/es\/wp-json\/wp\/v2\/types\/post"}],"author":[{"embeddable":true,"href":"https:\/\/cedehm.org.mx\/es\/wp-json\/wp\/v2\/users\/2"}],"replies":[{"embeddable":true,"href":"https:\/\/cedehm.org.mx\/es\/wp-json\/wp\/v2\/comments?post=1570"}],"version-history":[{"count":0,"href":"https:\/\/cedehm.org.mx\/es\/wp-json\/wp\/v2\/posts\/1570\/revisions"}],"wp:attachment":[{"href":"https:\/\/cedehm.org.mx\/es\/wp-json\/wp\/v2\/media?parent=1570"}],"wp:term":[{"taxonomy":"category","embeddable":true,"href":"https:\/\/cedehm.org.mx\/es\/wp-json\/wp\/v2\/categories?post=1570"},{"taxonomy":"post_tag","embeddable":true,"href":"https:\/\/cedehm.org.mx\/es\/wp-json\/wp\/v2\/tags?post=1570"}],"curies":[{"name":"wp","href":"https:\/\/api.w.org\/{rel}","templated":true}]}}