{"id":1573,"date":"2012-01-29T20:10:00","date_gmt":"2012-01-29T20:10:00","guid":{"rendered":"https:\/\/cedehm.org.mx\/es\/2012\/01\/29\/premian-a-abogada-y-activista-social-chihuahuense-en-espana\/"},"modified":"2012-01-29T20:10:00","modified_gmt":"2012-01-29T20:10:00","slug":"premian-a-abogada-y-activista-social-chihuahuense-en-espana","status":"publish","type":"post","link":"https:\/\/cedehm.org.mx\/es\/2012\/01\/29\/premian-a-abogada-y-activista-social-chihuahuense-en-espana\/","title":{"rendered":"Premian a abogada y activista social chihuahuense en Espa\u00f1a"},"content":{"rendered":"<p><a name='more'><\/a><\/p>\n<div style=\"clear: both; text-align: center;\"><a href=\"http:\/\/2.bp.blogspot.com\/-8rjkS_ftj7Y\/TyWphYVC41I\/AAAAAAAAADw\/gknIKBGW88k\/s1600\/foto+premio.JPG\" style=\"margin-left: 1em; margin-right: 1em;\"><img loading=\"lazy\" decoding=\"async\" border=\"0\" height=\"240\" src=\"http:\/\/2.bp.blogspot.com\/-8rjkS_ftj7Y\/TyWphYVC41I\/AAAAAAAAADw\/gknIKBGW88k\/s320\/foto+premio.JPG\" width=\"320\" \/><\/a><\/div>\n<div style=\"clear: both; text-align: center;\"><\/div>\n<p><\/p>\n<div align=\"right\" style=\"text-align: right;\"><span style=\"font-family: Arial, sans-serif; font-size: 12pt;\">28 de enero, 2012<o:p><\/o:p><\/span><\/div>\n<div align=\"right\" style=\"text-align: right;\"><span style=\"font-family: Arial, sans-serif; font-size: 12pt;\">Chihuahua, Chih. M\u00e9xico<o:p><\/o:p><\/span><\/div>\n<div align=\"right\" style=\"text-align: right;\"><\/div>\n<div style=\"mso-list: l0 level1 lfo1; text-align: justify; text-indent: -18.0pt;\"><span style=\"font-family: Symbol; font-size: 12pt; line-height: 115%;\">\u00b7<span style=\"font: normal normal normal 7pt\/normal 'Times New Roman';\">&nbsp;&nbsp;&nbsp;&nbsp;&nbsp;&nbsp;&nbsp;&nbsp; <\/span><\/span><b><span style=\"font-family: Arial, sans-serif; font-size: 12pt; line-height: 115%;\">Premian a abogada y activista social chihuahuense en Espa\u00f1a<o:p><\/o:p><\/span><\/b><\/div>\n<div style=\"mso-list: l0 level1 lfo1; text-align: justify; text-indent: -18.0pt;\"><span style=\"font-family: Symbol; font-size: 12pt; line-height: 115%;\">\u00b7<span style=\"font: normal normal normal 7pt\/normal 'Times New Roman';\">&nbsp;&nbsp;&nbsp;&nbsp;&nbsp;&nbsp;&nbsp;&nbsp; <\/span><\/span><b><span style=\"font-family: Arial, sans-serif; font-size: 12pt; line-height: 115%;\">Recibe Lucha Castro premio por la defensa de los derechos humanos<o:p><\/o:p><\/span><\/b><\/div>\n<div style=\"text-align: justify;\"><\/div>\n<div style=\"text-align: justify;\"><span style=\"font-family: Arial, sans-serif; font-size: 12pt; line-height: 115%;\">La abogada y activista social mexicana, Lucha Castro fue reconocida con el premio internacional&nbsp; del a\u00f1o, otorgado por la Asociaci\u00f3n Pro Derechos Humanos de Espa\u00f1a. &nbsp;La coordinadora del Centro de Derechos Humanos de las Mujeres y abogada de Justicia para Nuestras Hijas recibi\u00f3 el homenaje junto con el escritor Antonio Gala, quien se hizo acreedor del premio en el rubro de periodismo. <o:p><\/o:p><\/span><\/div>\n<div style=\"text-align: justify;\"><span style=\"font-family: Arial, sans-serif; font-size: 12pt; line-height: 115%;\">Ambos reconocimientos fueron entregados en una ceremonia que se llev\u00f3 a cabo el 27 de enero en Madrid, en la que participaron varios jueces europeos y personal de la Organizaci\u00f3n de Naciones Unidas. <o:p><\/o:p><\/span><\/div>\n<div style=\"text-align: justify;\"><span style=\"color: #333333; font-family: Arial, sans-serif; font-size: 12pt; line-height: 115%;\">La prestigiada organizaci\u00f3n de Espa\u00f1a estim\u00f3 que&nbsp; Lucha Castro \u201cdestaca desde hace muchos a\u00f1os en su labor como abogada y activista en la defensa de los Derechos Humanos y los ideales democr\u00e1ticos, principalmente por las mujeres de Ciudad Ju\u00e1rez y Chihuahua\u201d. La organizaci\u00f3n consider\u00f3 adem\u00e1s que \u201cpersonifica la lucha de las mujeres y de las organizaciones que las apoyan para que prevalezca su derecho a una vida digna y libre de violencia\u201d. <o:p><\/o:p><\/span><\/div>\n<div style=\"text-align: justify;\"><span style=\"color: #333333; font-family: Arial, sans-serif; font-size: 12pt; line-height: 115%;\">Lucha Castro se mostr\u00f3 emocionada con el homenaje y record\u00f3 a \u201ctodas las mujeres mexicanas que desde los diferentes \u00e1mbitos defienden los derechos humanos, muchas veces, a costa de su propia de su vida\u201d. <o:p><\/o:p><\/span><\/div>\n<div style=\"text-align: justify;\"><\/div>\n<div style=\"text-align: justify;\"><\/div>\n<div style=\"text-align: justify;\"><i><span style=\"color: #333333; font-family: Arial, sans-serif; font-size: 12pt; line-height: 115%;\">Para mayor informaci\u00f3n, puede contactar: Centro de Derechos Humanos de las Mujeres (CEDEHM), con sede en Chihuahua, M\u00e9xico. <o:p><\/o:p><\/span><\/i><\/div>\n<div style=\"text-align: justify;\"><a href=\"mailto:comunicacion@cedehm.org.mx\"><i><span lang=\"EN-US\" style=\"font-family: Arial, sans-serif; font-size: 12pt; line-height: 115%;\">comunicacion@cedehm.org.mx<\/span><\/i><\/a><i><span lang=\"EN-US\" style=\"color: #333333; font-family: Arial, sans-serif; font-size: 12pt; line-height: 115%;\"> \/ Twitter: @cedehm \/ Tel. (614) 415-4152<\/span><\/i><br \/><i><span lang=\"EN-US\" style=\"color: #333333; font-family: Arial, sans-serif; font-size: 12pt; line-height: 115%;\"><br \/><\/span><\/i><br \/><i><span lang=\"EN-US\" style=\"color: #333333; font-family: Arial, sans-serif; font-size: 12pt; line-height: 115%;\"><br \/><\/span><\/i><\/div>\n<div><\/div>\n","protected":false},"excerpt":{"rendered":"<p>28 de enero, 2012 Chihuahua, Chih. M\u00e9xico \u00b7&nbsp;&nbsp;&nbsp;&nbsp;&nbsp;&nbsp;&nbsp;&nbsp; Premian a abogada y activista social chihuahuense en Espa\u00f1a \u00b7&nbsp;&nbsp;&nbsp;&nbsp;&nbsp;&nbsp;&nbsp;&nbsp; Recibe Lucha Castro premio por la defensa de los derechos humanos La abogada y activista social mexicana, Lucha Castro fue reconocida con el premio internacional&nbsp; del a\u00f1o, otorgado por la Asociaci\u00f3n Pro Derechos Humanos de Espa\u00f1a. &nbsp;La [&hellip;]<\/p>\n","protected":false},"author":2,"featured_media":0,"comment_status":"open","ping_status":"open","sticky":false,"template":"","format":"standard","meta":{"footnotes":""},"categories":[1],"tags":[],"class_list":["post-1573","post","type-post","status-publish","format-standard","hentry","category-sin-categoria"],"_links":{"self":[{"href":"https:\/\/cedehm.org.mx\/es\/wp-json\/wp\/v2\/posts\/1573","targetHints":{"allow":["GET"]}}],"collection":[{"href":"https:\/\/cedehm.org.mx\/es\/wp-json\/wp\/v2\/posts"}],"about":[{"href":"https:\/\/cedehm.org.mx\/es\/wp-json\/wp\/v2\/types\/post"}],"author":[{"embeddable":true,"href":"https:\/\/cedehm.org.mx\/es\/wp-json\/wp\/v2\/users\/2"}],"replies":[{"embeddable":true,"href":"https:\/\/cedehm.org.mx\/es\/wp-json\/wp\/v2\/comments?post=1573"}],"version-history":[{"count":0,"href":"https:\/\/cedehm.org.mx\/es\/wp-json\/wp\/v2\/posts\/1573\/revisions"}],"wp:attachment":[{"href":"https:\/\/cedehm.org.mx\/es\/wp-json\/wp\/v2\/media?parent=1573"}],"wp:term":[{"taxonomy":"category","embeddable":true,"href":"https:\/\/cedehm.org.mx\/es\/wp-json\/wp\/v2\/categories?post=1573"},{"taxonomy":"post_tag","embeddable":true,"href":"https:\/\/cedehm.org.mx\/es\/wp-json\/wp\/v2\/tags?post=1573"}],"curies":[{"name":"wp","href":"https:\/\/api.w.org\/{rel}","templated":true}]}}