{"id":1575,"date":"2012-01-26T20:58:00","date_gmt":"2012-01-26T20:58:00","guid":{"rendered":"https:\/\/cedehm.org.mx\/es\/2012\/01\/26\/"},"modified":"2012-01-26T20:58:00","modified_gmt":"2012-01-26T20:58:00","slug":"1575","status":"publish","type":"post","link":"https:\/\/cedehm.org.mx\/es\/2012\/01\/26\/1575\/","title":{"rendered":""},"content":{"rendered":"<p><\/p>\n<div style=\"background-color: white;\">\n<div align=\"center\" style=\"margin-bottom: 1.35em; text-align: center;\"><\/div>\n<div align=\"center\" style=\"font-family: Arial; font-size: 13px; line-height: 17px; margin-bottom: 1.35em;\"><b style=\"font-weight: bold;\"><span style=\"font-size: 16pt; line-height: 24px;\"><span style=\"font-family: Calibri; line-height: normal;\">Tod@s a concentrarse el viernes 27 a las 10 hrs en la Plaza Mayor, para recibir a la Caravana del Hambre que regresa a Chihuahua<\/span><\/span><\/b><\/div>\n<div align=\"center\" style=\"font-family: Arial; font-size: 13px; line-height: 17px; margin-bottom: 1.35em;\"><\/div>\n<p><\/p>\n<div style=\"font-family: Arial; font-size: 13px; line-height: 17px; margin-bottom: 1.35em; text-align: justify;\"><span style=\"font-size: 12pt; line-height: 18px;\"><span style=\"font-family: Calibri; line-height: normal;\">El lunes 16 de enero inici\u00f3 en Chihuahua&nbsp;<span style=\"line-height: 20px;\">&nbsp;<\/span>la caravana de los campesinos Chihuahuenses a la Cd de M\u00e9xico para exigir<span style=\"line-height: 20px;\">&nbsp;&nbsp;<\/span>medidas de emergencia que conduzcan tambi\u00e9n a un cambio en la pol\u00edtica del campo y de los esquemas productivos.&nbsp;<span style=\"line-height: 20px;\">&nbsp;<\/span>A su paso concitaron solidaridad y&nbsp;<span style=\"line-height: 20px;\">&nbsp;<\/span>se sumaron otros contingentes de diversas comunidades de Coahuila, Durango, Zacatecas, Guanajuato, Quer\u00e9taro, Veracruz, Oaxaca, Estado de M\u00e9xico,&nbsp;<span style=\"line-height: 20px;\">&nbsp;<\/span>Sonora, Jalisco, Tlaxcala, Puebla, Hidalgo, Morelos, Michoac\u00e1n y Distrito Federal.<\/span><\/span><\/div>\n<div style=\"font-family: Arial; font-size: 13px; line-height: 17px; margin-bottom: 1.35em; text-align: justify;\"><\/div>\n<div style=\"font-family: Arial; font-size: 13px; line-height: 17px; margin-bottom: 1.35em; text-align: justify;\"><span style=\"font-size: 12pt; line-height: 18px;\"><span style=\"font-family: Calibri; line-height: normal;\">Arribaron a la cd. de M\u00e9xico el domingo 22, durante dos d\u00edas realizaron tensas negociaciones con la Secretaria de Gobernaci\u00f3n y diversas secretarias Federales. El mi\u00e9rcoles 27 iniciaron el regreso a Chihuahua, despu\u00e9s de tres d\u00edas de una lenta y dif\u00edcil traves\u00eda llegaran al lugar donde arrancaron.<\/span><\/span><\/div>\n<div style=\"font-family: Arial; font-size: 13px; line-height: 17px; margin-bottom: 1.35em; text-align: justify;\"><\/div>\n<div style=\"font-family: Arial; font-size: 13px; line-height: 17px; margin-bottom: 1.35em; text-align: justify;\"><span style=\"font-size: 12pt; line-height: 18px;\"><span style=\"font-family: Calibri; line-height: normal;\">Los protagonistas de esta odisea de lucha estar\u00e1n informando a los medios de comunicaci\u00f3n y al pueblo de Chihuahua sobre los resultados obtenidos.&nbsp;<\/span><\/span><span style=\"font-size: 12pt; line-height: 18px;\"><span style=\"font-family: Calibri; line-height: normal;\">&nbsp;<\/span><\/span><\/div>\n<div align=\"center\" style=\"font-family: Arial; font-size: 13px; line-height: 17px; margin-bottom: 1.35em; text-align: center;\"><b style=\"font-weight: bold;\"><span style=\"font-size: 12pt; line-height: 18px;\"><span style=\"font-family: Calibri; line-height: normal;\">Gabino G\u00f3mez, Heraclio Rodr\u00edguez, Mart\u00edn Sol\u00eds y Roberto C\u00e1zares<\/span><\/span><\/b><\/div>\n<\/div>\n<div align=\"left\" style=\"background-color: white; font-family: Arial; font-size: 13px; line-height: 17px;\"><strong style=\"font-weight: bold;\"><\/strong>&nbsp;<\/div>\n","protected":false},"excerpt":{"rendered":"<p>Tod@s a concentrarse el viernes 27 a las 10 hrs en la Plaza Mayor, para recibir a la Caravana del Hambre que regresa a Chihuahua El lunes 16 de enero inici\u00f3 en Chihuahua&nbsp;&nbsp;la caravana de los campesinos Chihuahuenses a la Cd de M\u00e9xico para exigir&nbsp;&nbsp;medidas de emergencia que conduzcan tambi\u00e9n a un cambio en la [&hellip;]<\/p>\n","protected":false},"author":2,"featured_media":0,"comment_status":"open","ping_status":"open","sticky":false,"template":"","format":"standard","meta":{"footnotes":""},"categories":[1],"tags":[],"class_list":["post-1575","post","type-post","status-publish","format-standard","hentry","category-sin-categoria"],"_links":{"self":[{"href":"https:\/\/cedehm.org.mx\/es\/wp-json\/wp\/v2\/posts\/1575","targetHints":{"allow":["GET"]}}],"collection":[{"href":"https:\/\/cedehm.org.mx\/es\/wp-json\/wp\/v2\/posts"}],"about":[{"href":"https:\/\/cedehm.org.mx\/es\/wp-json\/wp\/v2\/types\/post"}],"author":[{"embeddable":true,"href":"https:\/\/cedehm.org.mx\/es\/wp-json\/wp\/v2\/users\/2"}],"replies":[{"embeddable":true,"href":"https:\/\/cedehm.org.mx\/es\/wp-json\/wp\/v2\/comments?post=1575"}],"version-history":[{"count":0,"href":"https:\/\/cedehm.org.mx\/es\/wp-json\/wp\/v2\/posts\/1575\/revisions"}],"wp:attachment":[{"href":"https:\/\/cedehm.org.mx\/es\/wp-json\/wp\/v2\/media?parent=1575"}],"wp:term":[{"taxonomy":"category","embeddable":true,"href":"https:\/\/cedehm.org.mx\/es\/wp-json\/wp\/v2\/categories?post=1575"},{"taxonomy":"post_tag","embeddable":true,"href":"https:\/\/cedehm.org.mx\/es\/wp-json\/wp\/v2\/tags?post=1575"}],"curies":[{"name":"wp","href":"https:\/\/api.w.org\/{rel}","templated":true}]}}