{"id":1592,"date":"2011-09-12T16:09:00","date_gmt":"2011-09-12T16:09:00","guid":{"rendered":"https:\/\/cedehm.org.mx\/es\/2011\/09\/12\/hoy-arranco-la-caravana-de-la-paz-del-zocalo-de-la-cd-de-mexico\/"},"modified":"2011-09-12T16:09:00","modified_gmt":"2011-09-12T16:09:00","slug":"hoy-arranco-la-caravana-de-la-paz-del-zocalo-de-la-cd-de-mexico","status":"publish","type":"post","link":"https:\/\/cedehm.org.mx\/es\/2011\/09\/12\/hoy-arranco-la-caravana-de-la-paz-del-zocalo-de-la-cd-de-mexico\/","title":{"rendered":"Hoy arranc\u00f3 la Caravana de la Paz del Z\u00f3calo de la Cd de M\u00e9xico."},"content":{"rendered":"<div style=\"clear: both; text-align: center;\"><a href=\"http:\/\/2.bp.blogspot.com\/-uUlBZPxJ-3Y\/Tm4ucPtax7I\/AAAAAAAAACQ\/pTnV7YljTis\/s1600\/centro.jpg\" style=\"clear: right; float: right; margin-bottom: 1em; margin-left: 1em;\"><img decoding=\"async\" border=\"0\" src=\"http:\/\/2.bp.blogspot.com\/-uUlBZPxJ-3Y\/Tm4ucPtax7I\/AAAAAAAAACQ\/pTnV7YljTis\/s1600\/centro.jpg\" \/><\/a><\/div>\n<p><a href=\"http:\/\/3.bp.blogspot.com\/-ylUDkQlYM34\/Tm4uhyWBwnI\/AAAAAAAAACU\/n6Xhuaz8Adw\/s1600\/logojpnh_01.gif\" style=\"clear: left; float: left; margin-bottom: 1em; margin-right: 1em;\"><img decoding=\"async\" border=\"0\" src=\"http:\/\/3.bp.blogspot.com\/-ylUDkQlYM34\/Tm4uhyWBwnI\/AAAAAAAAACU\/n6Xhuaz8Adw\/s1600\/logojpnh_01.gif\" \/><\/a><\/p>\n<table border=\"0\" cellpadding=\"0\" cellspacing=\"0\" style=\"border-collapse: collapse; border: none; mso-border-insideh: none; mso-border-insidev: none; mso-padding-alt: 0cm 5.4pt 0cm 5.4pt; mso-yfti-tbllook: 1184;\">\n<tbody>\n<tr>\n<td style=\"padding: 0cm 5.4pt 0cm 5.4pt; width: 112.2pt;\" valign=\"top\" width=\"150\">\n<div align=\"center\" style=\"line-height: normal; text-align: center;\"><\/div>\n<\/td>\n<td style=\"padding: 0cm 5.4pt 0cm 5.4pt; width: 112.2pt;\" valign=\"top\" width=\"150\">\n<div align=\"center\" style=\"line-height: normal; text-align: center;\"><b><span lang=\"ES-MX\" style=\"font-size: 16pt;\">Justicia   para nuestras hijas<o:p><\/o:p><\/span><\/b><\/div>\n<\/td>\n<td style=\"padding: 0cm 5.4pt 0cm 5.4pt; width: 112.25pt;\" valign=\"top\" width=\"150\">\n<div style=\"line-height: normal;\"><\/div>\n<\/td>\n<td style=\"padding: 0cm 5.4pt 0cm 5.4pt; width: 112.25pt;\" valign=\"top\" width=\"150\">\n<div align=\"center\" style=\"line-height: normal; text-align: center;\"><b><span lang=\"ES-MX\" style=\"font-size: 14pt;\">Centro   de Derechos Humanos de las Mujeres<o:p><\/o:p><\/span><\/b><\/div>\n<\/td>\n<\/tr>\n<\/tbody>\n<\/table>\n<p><\/p>\n<div><\/div>\n<div style=\"line-height: normal; margin-bottom: 0.0001pt; text-align: right;\"><b><span lang=\"ES-MX\"><br \/><\/span><\/b><\/div>\n<div style=\"line-height: normal; margin-bottom: 0.0001pt; text-align: right;\"><b><span lang=\"ES-MX\">12 de septiembre de 2011<o:p><\/o:p><\/span><\/b><\/div>\n<div style=\"line-height: normal; margin-bottom: 0.0001pt; text-align: right;\"><b><span lang=\"ES-MX\">Chihuahua, M\u00e9xico<o:p><\/o:p><\/span><\/b><\/div>\n<div style=\"text-align: right;\"><\/div>\n<div align=\"center\" style=\"text-align: center;\"><b><span lang=\"ES-MX\">Comunicado de prensa<o:p><\/o:p><\/span><\/b><\/div>\n<div style=\"mso-list: l0 level1 lfo1; text-align: justify; text-indent: -18.0pt;\"><span lang=\"ES-MX\" style=\"font-family: Symbol;\">\u00b7<span style=\"font: normal normal normal 7pt\/normal 'Times New Roman';\">&nbsp;&nbsp;&nbsp;&nbsp;&nbsp;&nbsp;&nbsp;&nbsp; <\/span><\/span><b><span lang=\"ES-MX\" style=\"font-family: Cambria, serif;\">Hoy arranc\u00f3 la Caravana de la Paz del Z\u00f3calo de la Cd de M\u00e9xico.<o:p><\/o:p><\/span><\/b><\/div>\n<div style=\"margin-left: 36.0pt; mso-list: l0 level1 lfo1; text-align: justify; text-indent: -18.0pt;\"><span lang=\"ES-MX\" style=\"font-family: Symbol; font-size: 11pt;\">\u00b7<span style=\"font: normal normal normal 7pt\/normal 'Times New Roman';\">&nbsp;&nbsp;&nbsp;&nbsp;&nbsp;&nbsp;&nbsp;&nbsp; <\/span><\/span><b><span lang=\"ES-MX\" style=\"font-family: Cambria, serif; font-size: 11pt;\">Del 9 al 19 de septiembre <\/span><\/b><span lang=\"ES-MX\" style=\"font-family: Cambria, serif; font-size: 11pt;\">estar\u00e1 en<b> <\/b><\/span><span lang=\"ES-MX\" style=\"color: black; font-family: Cambria, serif; font-size: 11pt;\">Chilpancingo y Acapulco en <\/span><b><span lang=\"ES-MX\" style=\"font-family: Cambria, serif; font-size: 11pt;\">Guerrero; <\/span><\/b><span lang=\"ES-MX\" style=\"color: black; font-family: Cambria, serif; font-size: 11pt;\">Huajuapan de Le\u00f3n, Juchit\u00e1n, Ixtepec de <\/span><b><span lang=\"ES-MX\" style=\"font-family: Cambria, serif; font-size: 11pt;\">Oaxaca; <\/span><\/b><span lang=\"ES-MX\" style=\"color: black; font-family: Cambria, serif; font-size: 11pt;\">Ciudad Hidalgo, <\/span><span lang=\"ES-MX\" style=\"color: black; font-family: Cambria, serif; font-size: 11pt;\">Tecun Uman, <b>Guatemala<\/b>; Tapachula<\/span><span lang=\"ES-MX\" style=\"color: black; font-family: Cambria, serif; font-size: 11pt;\">, San Crist\u00f3bal, Tonal\u00e1, Ocosingo y Palenque en <\/span><b><span lang=\"ES-MX\" style=\"font-family: Cambria, serif; font-size: 11pt;\">Chiapas; <\/span><\/b><span lang=\"ES-MX\" style=\"color: black; font-family: Cambria, serif; font-size: 11pt;\">Villahermosa en <\/span><b><span lang=\"ES-MX\" style=\"font-family: Cambria, serif; font-size: 11pt;\">Tabasco; <\/span><\/b><span lang=\"ES-MX\" style=\"color: black; font-family: Cambria, serif; font-size: 11pt;\">Coatzacoalcos, Xalapa en <b>Veracruz<\/b>; <\/span><span lang=\"ES-MX\" style=\"font-family: Cambria, serif; font-size: 11pt;\">la ciudad de <b>Puebla y el Distrito Federal.<\/b><o:p><\/o:p><\/span><\/div>\n<div style=\"margin-left: 36.0pt; mso-list: l0 level1 lfo1; text-align: justify; text-indent: -18.0pt;\"><span lang=\"ES-MX\" style=\"font-family: Symbol; font-size: 11pt;\">\u00b7<span style=\"font: normal normal normal 7pt\/normal 'Times New Roman';\">&nbsp;&nbsp;&nbsp;&nbsp;&nbsp;&nbsp;&nbsp;&nbsp; <\/span><\/span><b><span lang=\"ES-MX\" style=\"font-family: Cambria, serif; font-size: 11pt;\">Habr\u00e1 una comisi\u00f3n en Acteal.<\/span><\/b><span lang=\"ES-MX\" style=\"font-family: Cambria, serif; font-size: 11pt;\"><o:p><\/o:p><\/span><\/div>\n<div style=\"margin-left: 36.0pt; mso-list: l0 level1 lfo1; text-align: justify; text-indent: -18.0pt;\"><span lang=\"ES-MX\" style=\"font-family: Symbol; font-size: 11pt;\">\u00b7<span style=\"font: normal normal normal 7pt\/normal 'Times New Roman';\">&nbsp;&nbsp;&nbsp;&nbsp;&nbsp;&nbsp;&nbsp;&nbsp; <\/span><\/span><b><span lang=\"ES-MX\" style=\"font-family: Cambria, serif; font-size: 11pt;\">De la Cd. de Chihuahua <\/span><\/b><span lang=\"ES-MX\" style=\"font-family: Cambria, serif; font-size: 11pt;\">participan:<b> Lourdes Portillo y Mar\u00eda del Rosario Cano <\/b>madres de v\u00edctimas de desaparici\u00f3n forzada de la organizaci\u00f3n <b>Justicia para nuestras hijas y Gabino G\u00f3mez Esc\u00e1rcega del Centro de Derechos Humanos de las Mujeres y El Barz\u00f3n.<\/b><o:p><\/o:p><\/span><\/div>\n<div style=\"margin-left: 36.0pt; text-align: justify;\"><\/div>\n<div align=\"center\" style=\"background: white; line-height: normal; text-align: center;\"><b><span lang=\"ES-MX\" style=\"color: black; font-family: Arial, sans-serif; font-size: 10pt;\">Manifiesto de la caravana por la Paz<o:p><\/o:p><\/span><\/b><\/div>\n<div style=\"background: white; line-height: normal; text-align: justify;\"><span lang=\"ES-MX\" style=\"color: black; font-family: Arial, sans-serif; font-size: 10pt;\">Consideramos que no puede haber paz si no hay justicia, si no hay verdad. <o:p><\/o:p><\/span><\/div>\n<div style=\"background: white; line-height: normal; text-align: justify;\"><span lang=\"ES-MX\" style=\"color: black; font-family: Arial, sans-serif; font-size: 10pt;\">Hemos caminado de Cuernavaca, Morelos, a la Ciudad de M\u00e9xico; hemos recorrido gran parte del norte del pa\u00eds concentrados en llegar a Ciudad Ju\u00e1rez, Chihuahua. Hemos visto, sentido y vivido el dolor de nuestro pa\u00eds en esta emergencia nacional <o:p><\/o:p><\/span><\/div>\n<div style=\"background: white; line-height: normal; text-align: justify;\"><span lang=\"ES-MX\" style=\"color: black; font-family: Arial, sans-serif; font-size: 10pt;\">Hemos recorrido por los laberintos y los rincones institucionales del Poder Ejecutivo y el Poder Legislativo exigiendo paz, verdad y justicia para las v\u00edctimas de esta guerra; hemos llevado a cabo la Caminata Pasos por la Paz en la Ciudad de M\u00e9xico, en contra de la Ley de Seguridad Nacional; hemos trabajado en las mesas de di\u00e1logo con diversas autoridades, no s\u00f3lo mostrando y acerc\u00e1ndoles el dolor que existe afuera de sus edificios, \u00e9se que al que ellos no se acercan, sino tambi\u00e9n colocando propuestas y principios necesarios para un enfoque distinto sobre la seguridad; hemos trabajado y acompa\u00f1ado casos y celebramos la aparici\u00f3n de dos personas que busc\u00e1bamos y se han llevado a cabo arrestos de responsables de cr\u00edmenes.<o:p><\/o:p><\/span><\/div>\n<div style=\"background: white; line-height: normal; text-align: justify;\"><span lang=\"ES-MX\" style=\"color: black; font-family: Arial, sans-serif; font-size: 10pt;\">Hemos asistido a procesos de atenci\u00f3n a v\u00edctimas en Monterrey, Nuevo Le\u00f3n y en Saltillo, Coahuila, donde ciudadanos y ciudadanas se movilizan y defienden sus derechos exigiendo justicia por sus muertos y desaparecidos. Hemos visto las afectaciones y procesos de organizaci\u00f3n de algunos pueblos como Cher\u00e1n, Michoac\u00e1n y Wirikuta o c\u00f3mo en Guadalajara surgi\u00f3 la Caravana por la Paz y el Agua y la Caravana Paso a Paso por la Paz, en defensa de los migrantes. <o:p><\/o:p><\/span><\/div>\n<div style=\"background: white; line-height: normal; text-align: justify;\"><span lang=\"ES-MX\" style=\"color: black; font-family: Arial, sans-serif; font-size: 10pt;\">Hemos visto la conformaci\u00f3n de Comit\u00e9 de J\u00f3venes del Movimiento por la Paz con Justicia y Dignidad. Hemos recibido acciones y noticias del Ej\u00e9rcito Zapatista de Liberaci\u00f3n Nacional. Sin duda todo esto ha permitido otros muchos encuentros en la diversidad de nuestro pa\u00eds, para hablar de la paz entre Iglesias, empresarios, academias, artistas, estudiantes y qui\u00e9n sabe cu\u00e1ntos m\u00e1s.<o:p><\/o:p><\/span><\/div>\n<div style=\"background: white; line-height: normal; text-align: justify;\"><span lang=\"ES-MX\" style=\"color: black; font-family: Arial, sans-serif; font-size: 10pt;\">Hemos visto emanar la solidaridad internacional en la Red Global por la Paz que se manifiesta en Holanda, Francia, Espa\u00f1a, Jap\u00f3n, Corea, Argentina, Inglaterra, Alemania, Estados Unidos, y que nos hace llegar grullas y tulipanes por la paz.<o:p><\/o:p><\/span><\/div>\n<div style=\"background: white; line-height: normal; text-align: justify;\"><span lang=\"ES-MX\" style=\"color: black; font-family: Arial, sans-serif; font-size: 10pt;\">Con ello, hemos colocado y trabajado por poner en el centro de la emergencia nacional a las v\u00edctimas de la guerra.<o:p><\/o:p><\/span><\/div>\n<div style=\"background: white; line-height: normal; text-align: justify;\"><span lang=\"ES-MX\" style=\"color: black; font-family: Arial, sans-serif; font-size: 10pt;\">Ahora, la tarea esta en recorrer el sur, porque el pa\u00eds no s\u00f3lo debe mirarse de abajo para arriba, sino de sur a norte para poder hablarnos de las diversas violencias; no s\u00f3lo las del crimen organizado, sino tambi\u00e9n la ejercida por el propio Estado. No s\u00f3lo del dolor actual, sino de aquel que no ha sido resarcido por a\u00f1os y que ahora resulta m\u00e1s lacerado por el olvido y la impotencia. As\u00ed en el recorrido al sur, vamos a hablar de los distintos dolores que tenemos en el coraz\u00f3n en este pa\u00eds.<o:p><\/o:p><\/span><\/div>\n<div style=\"background: white; line-height: normal; text-align: justify;\"><span lang=\"ES-MX\" style=\"color: black; font-family: Arial, sans-serif; font-size: 10pt;\">La tarea en el Sur, ahora vamos a la Caravana de la Paz que tambi\u00e9n estar\u00e1 centrada en el di\u00e1logo y en las v\u00edctimas entre migrantes, pueblos ind\u00edgenas, y que desde hace a\u00f1os hacen necesaria la paz; en diversas reuniones con los estados que visitaremos en donde se han establecido distintos contactos tanto con la ciudadan\u00eda como con organizaciones sociales y civiles de las entidades a quienes agradecemos todo el trabajo desarrollado para encontrarnos. En todos estos puntos, el debate estar\u00e1 guiado, bajo el enfoque de c\u00f3mo paramos las guerras y las violencias, por las siguientes interrogantes: \u00bfC\u00f3mo nos est\u00e1 afectando la Guerra contra el Narcotr\u00e1fico? \u00bfC\u00f3mo estamos enfrentando la Guerra? \u00bfC\u00f3mo nos estamos organizando para detener la Guerra? \u00bfEn que coincidimos y en que no coincidimos en nuestras estrategias para detener la Guerra? \u00bfQu\u00e9 acciones de resistencia podemos hacer juntos para detener la Guerra y construir la Paz?.<o:p><\/o:p><\/span><\/div>\n<div style=\"text-align: justify;\"><span lang=\"ES-MX\" style=\"color: black; font-family: Arial, sans-serif; font-size: 10pt; line-height: 115%;\">Encontramos obst\u00e1culos y des\u00e1nimos, voluntades en contra y voces que claman lo in\u00fatil de nuestros afanes. Y volvemos a decir: no nos detendremos y no daremos un paso atr\u00e1s; no importa ni el tiempo, ni las barreras que aparezcan en esta larga marcha por la paz; seguimos y seguiremos hasta que se detenga esta guerra absurda e injusta, hasta que haya una paz con justicia y dignidad.<\/span><b><span lang=\"ES-MX\"><o:p><\/o:p><\/span><\/b><\/div>\n","protected":false},"excerpt":{"rendered":"<p>Justicia para nuestras hijas Centro de Derechos Humanos de las Mujeres 12 de septiembre de 2011 Chihuahua, M\u00e9xico Comunicado de prensa \u00b7&nbsp;&nbsp;&nbsp;&nbsp;&nbsp;&nbsp;&nbsp;&nbsp; Hoy arranc\u00f3 la Caravana de la Paz del Z\u00f3calo de la Cd de M\u00e9xico. \u00b7&nbsp;&nbsp;&nbsp;&nbsp;&nbsp;&nbsp;&nbsp;&nbsp; Del 9 al 19 de septiembre estar\u00e1 en Chilpancingo y Acapulco en Guerrero; Huajuapan de Le\u00f3n, Juchit\u00e1n, Ixtepec [&hellip;]<\/p>\n","protected":false},"author":2,"featured_media":0,"comment_status":"open","ping_status":"open","sticky":false,"template":"","format":"standard","meta":{"footnotes":""},"categories":[1],"tags":[],"class_list":["post-1592","post","type-post","status-publish","format-standard","hentry","category-sin-categoria"],"_links":{"self":[{"href":"https:\/\/cedehm.org.mx\/es\/wp-json\/wp\/v2\/posts\/1592","targetHints":{"allow":["GET"]}}],"collection":[{"href":"https:\/\/cedehm.org.mx\/es\/wp-json\/wp\/v2\/posts"}],"about":[{"href":"https:\/\/cedehm.org.mx\/es\/wp-json\/wp\/v2\/types\/post"}],"author":[{"embeddable":true,"href":"https:\/\/cedehm.org.mx\/es\/wp-json\/wp\/v2\/users\/2"}],"replies":[{"embeddable":true,"href":"https:\/\/cedehm.org.mx\/es\/wp-json\/wp\/v2\/comments?post=1592"}],"version-history":[{"count":0,"href":"https:\/\/cedehm.org.mx\/es\/wp-json\/wp\/v2\/posts\/1592\/revisions"}],"wp:attachment":[{"href":"https:\/\/cedehm.org.mx\/es\/wp-json\/wp\/v2\/media?parent=1592"}],"wp:term":[{"taxonomy":"category","embeddable":true,"href":"https:\/\/cedehm.org.mx\/es\/wp-json\/wp\/v2\/categories?post=1592"},{"taxonomy":"post_tag","embeddable":true,"href":"https:\/\/cedehm.org.mx\/es\/wp-json\/wp\/v2\/tags?post=1592"}],"curies":[{"name":"wp","href":"https:\/\/api.w.org\/{rel}","templated":true}]}}