{"id":1596,"date":"2011-08-16T17:08:00","date_gmt":"2011-08-16T17:08:00","guid":{"rendered":"https:\/\/cedehm.org.mx\/es\/2011\/08\/16\/se-solidariza-chihuahua-con-la-demanda-de-justicia-de-los-familiares-de-las-victimas-de-la-masacre-en-creel\/"},"modified":"2011-08-16T17:08:00","modified_gmt":"2011-08-16T17:08:00","slug":"se-solidariza-chihuahua-con-la-demanda-de-justicia-de-los-familiares-de-las-victimas-de-la-masacre-en-creel","status":"publish","type":"post","link":"https:\/\/cedehm.org.mx\/es\/2011\/08\/16\/se-solidariza-chihuahua-con-la-demanda-de-justicia-de-los-familiares-de-las-victimas-de-la-masacre-en-creel\/","title":{"rendered":"SE SOLIDARIZA CHIHUAHUA CON LA DEMANDA DE JUSTICIA DE LOS FAMILIARES DE LAS V\u00cdCTIMAS DE LA MASACRE EN CREEL"},"content":{"rendered":"<h3 style=\"text-align: left;\"><\/h3>\n<h3 style=\"text-align: center;\">Comunicado<\/h3>\n<h3 style=\"text-align: center;\">15 de agosto de&nbsp; 2011<\/h3>\n<h1 align=\"center\" style=\"text-align: center;\"><span style=\"font-size: 16pt; line-height: 115%;\">SE SOLIDARIZA CHIHUAHUA CON LA DEMANDA DE JUSTICIA DE LOS FAMILIARES DE LAS V\u00cdCTIMAS DE LA MASACRE EN CREEL<o:p><\/o:p><\/span><\/h1>\n<div style=\"text-align: justify;\"><\/div>\n<div style=\"background: white; mso-background-themecolor: background1; text-align: justify;\"><i>Chihuahua, Chih. <\/i>&nbsp;Este martes 16 de agosto se cumplen tres a\u00f1os de la masacre de &nbsp;Creel. Integrantes de la Coordinaci\u00f3n Chihuahua de la Caravana del Consuelo (Movimiento Ciudadano por la Paz con Justicia y Dignidad) viajar\u00e1n el d\u00eda de hoy a la poblaci\u00f3n de Creel para solidarizarse con los familiares de las 13 personas que fueron masacradas en 2008, durante la ceremonia que se realizar\u00e1 al mediod\u00eda en esta comunidad. <o:p><\/o:p><\/div>\n<div style=\"background: white; mso-background-themecolor: background1; text-align: justify;\">A las 12 del d\u00eda se realizar\u00e1 una marcha desde el centro de Creel hasta el sitio de la masacre. Ah\u00ed habr\u00e1 una ceremonia religiosa y luego un foro abierto para escuchar la palabra de quien quiera compartir su dolor, su lucha, su esperanza, su caminar. Tambi\u00e9n se colocar\u00e1 una placa en el centro de la Plaza por la Paz, en el lugar de la masacre y donde se ubica el memorial \u2013a\u00fan inconcluso- promovido por el Gobierno del Estado.<o:p><\/o:p><\/div>\n<div style=\"background: white; mso-background-themecolor: background1; text-align: justify;\">A tres a\u00f1os de la masacre, \u00e9sta aun no ha sido esclarecida por las autoridades, ni los responsables llevados ante la justicia. Consternados por la falta de respuesta de las autoridades, los chihuahuenses nos solidarizamos con las familias de los masacrados y a la comunidad de Creel, reiterando la afirmaci\u00f3n que se ha repetido a lo largo y ancho del pa\u00eds ante las v\u00edctimas de la violencia criminal y de estado que sufrimos los mexicanos a consecuencia de la fallida estrategia de combate al crimen organizado: \u201cNo est\u00e1n solos.\u201d <span style=\"font-family: Tahoma, sans-serif; font-size: 10pt; line-height: 115%;\"><o:p><\/o:p><\/span><\/div>\n<div style=\"background: white; mso-background-themecolor: background1; text-align: justify;\"><\/div>\n","protected":false},"excerpt":{"rendered":"<p>Comunicado 15 de agosto de&nbsp; 2011 SE SOLIDARIZA CHIHUAHUA CON LA DEMANDA DE JUSTICIA DE LOS FAMILIARES DE LAS V\u00cdCTIMAS DE LA MASACRE EN CREEL Chihuahua, Chih. &nbsp;Este martes 16 de agosto se cumplen tres a\u00f1os de la masacre de &nbsp;Creel. Integrantes de la Coordinaci\u00f3n Chihuahua de la Caravana del Consuelo (Movimiento Ciudadano por la [&hellip;]<\/p>\n","protected":false},"author":2,"featured_media":0,"comment_status":"open","ping_status":"open","sticky":false,"template":"","format":"standard","meta":{"footnotes":""},"categories":[1],"tags":[],"class_list":["post-1596","post","type-post","status-publish","format-standard","hentry","category-sin-categoria"],"_links":{"self":[{"href":"https:\/\/cedehm.org.mx\/es\/wp-json\/wp\/v2\/posts\/1596","targetHints":{"allow":["GET"]}}],"collection":[{"href":"https:\/\/cedehm.org.mx\/es\/wp-json\/wp\/v2\/posts"}],"about":[{"href":"https:\/\/cedehm.org.mx\/es\/wp-json\/wp\/v2\/types\/post"}],"author":[{"embeddable":true,"href":"https:\/\/cedehm.org.mx\/es\/wp-json\/wp\/v2\/users\/2"}],"replies":[{"embeddable":true,"href":"https:\/\/cedehm.org.mx\/es\/wp-json\/wp\/v2\/comments?post=1596"}],"version-history":[{"count":0,"href":"https:\/\/cedehm.org.mx\/es\/wp-json\/wp\/v2\/posts\/1596\/revisions"}],"wp:attachment":[{"href":"https:\/\/cedehm.org.mx\/es\/wp-json\/wp\/v2\/media?parent=1596"}],"wp:term":[{"taxonomy":"category","embeddable":true,"href":"https:\/\/cedehm.org.mx\/es\/wp-json\/wp\/v2\/categories?post=1596"},{"taxonomy":"post_tag","embeddable":true,"href":"https:\/\/cedehm.org.mx\/es\/wp-json\/wp\/v2\/tags?post=1596"}],"curies":[{"name":"wp","href":"https:\/\/api.w.org\/{rel}","templated":true}]}}