{"id":1601,"date":"2011-07-11T20:36:00","date_gmt":"2011-07-11T20:36:00","guid":{"rendered":"https:\/\/cedehm.org.mx\/es\/2011\/07\/11\/agreden-a-barzonistas\/"},"modified":"2011-07-11T20:36:00","modified_gmt":"2011-07-11T20:36:00","slug":"agreden-a-barzonistas","status":"publish","type":"post","link":"https:\/\/cedehm.org.mx\/es\/2011\/07\/11\/agreden-a-barzonistas\/","title":{"rendered":"agreden a barzonistas"},"content":{"rendered":"<div style=\"text-align: justify;\">Hoy por la ma\u00f1ana un grupo de Barzonistas, utilizando la resistencia civil pac\u00edfica, como sucede desde hace 17 a\u00f1os,<span style=\"mso-spacerun: yes;\">&nbsp; <\/span>logr\u00f3 la suspensi\u00f3n de un desalojo en el negocio de Gr\u00faas del Norte a trav\u00e9s de un acuerdo entre las partes que fue consignado con el actuario del Supremo Tribunal de Justicia en la diligencia de cierre de la actuaci\u00f3n.<\/div>\n<div style=\"text-align: justify;\"><\/div>\n<div style=\"text-align: justify;\">Sin embargo los dos polic\u00edas de seguridad p\u00fablica municipal, adscritos a la central de actuarios, estuvieron en una actitud provocadora y azuzando a los cargadores que llevo el demandante para que agredieran a los Barzonistas, para que quebraran a pedradas los vidrios de los veh\u00edculos que estaban en los patios del negocio, al no obtener resultado, detuvieron, golpearon y esposaron<span style=\"mso-spacerun: yes;\">&nbsp; <\/span>al<span style=\"mso-spacerun: yes;\">&nbsp; <\/span>Sr Mart\u00edn que se dirig\u00eda a su veh\u00edculo apara retirarse del lugar. Los Barzonistas trataron de impedir que se lo llevaran detenido, en ese momento llegaron 15 unidades de seguridad p\u00fablica municipal, que nunca llegan cuando las y los ciudadanos los requieren y<span style=\"mso-spacerun: yes;\">&nbsp; <\/span>tambi\u00e9n sobrevol\u00f3 la zona el helic\u00f3ptero. <\/div>\n<div style=\"text-align: justify;\"><\/div>\n<div style=\"text-align: justify;\">Seguridad P\u00fablica Municipal detuvo, a tres personas: Sr Mart\u00edn, Sr Jorge<span style=\"mso-spacerun: yes;\">&nbsp; <\/span>y a Gabino G\u00f3mez, dirigente de El Barz\u00f3n, despu\u00e9s de ser golpeados y esposados se los llevaron a la Comandancia Norte. Todo <span style=\"mso-spacerun: yes;\">&nbsp;<\/span>el camino Gabino fue <span style=\"mso-spacerun: yes;\">&nbsp;<\/span>amenazad, entre otras, <span style=\"mso-spacerun: yes;\">&nbsp;<\/span>que \u201cde ahora en adelante esto te va a pasar cada vez\u201d. <\/div>\n<div style=\"text-align: justify;\"><\/div>\n<div style=\"text-align: justify;\">En el \u00e1rea de ingreso, uno de los polic\u00edas de la Central de Actuarios le arrebat\u00f3 la credencial de elector a<span style=\"mso-spacerun: yes;\">&nbsp; <\/span>Gabino para \u201csaber donde vives\u201d comentando al otro polic\u00eda la direcci\u00f3n y que estaba \u201ccerquita\u201d. Pasaron a Gabino con otra persona que pretendi\u00f3 someterlo a actos humillantes y degradantes, Gabino se opuso, esposado<span style=\"mso-spacerun: yes;\">&nbsp; <\/span>dos polic\u00edas lo golpearon. El subdirector de SPM, que estaba cerca del lugar, escuch\u00f3 y suspendi\u00f3 los actos de tortura de los polic\u00edas. Posteriormente las tres personas fueron liberadas.<\/div>\n<div style=\"text-align: justify;\"><\/div>\n<div style=\"text-align: justify;\">De todos estos hechos hubo informaci\u00f3n y comunicaci\u00f3n constante con personas de primer nivel que no pudieron controlar a los elementos de SPM que act\u00faan por la libre, a pesar de que en otra ocasi\u00f3n ya hab\u00edan sido se\u00f1alados por las mismas actitudes.<\/div>\n<div style=\"text-align: justify;\"><\/div>\n<div style=\"text-align: justify;\">Ante tales hechos <\/div>\n<div style=\"text-align: justify;\"><\/div>\n<div style=\"line-height: normal; mso-list: l0 level1 lfo1; text-align: justify; text-indent: -18.0pt;\"><!--[if !supportLists]--><span style=\"font-family: Symbol; mso-bidi-font-family: Symbol; mso-fareast-font-family: Symbol;\"><span style=\"mso-list: Ignore;\">\u00b7<span style=\"font: 7.0pt &quot;Times New Roman&quot;;\">&nbsp;&nbsp;&nbsp;&nbsp;&nbsp;&nbsp;&nbsp;&nbsp; <\/span><\/span><\/span><!--[endif]-->Responsabilizamos a la autoridad Municipal de la actuaci\u00f3n de los elementos de Seguridad P\u00fablica Municipal de los hechos relatados y de las amenazas proferidas a Gabino G\u00f3mez.<\/div>\n<div style=\"line-height: normal; text-align: justify;\"><\/div>\n<div style=\"line-height: normal; mso-list: l0 level1 lfo1; text-align: justify; text-indent: -18.0pt;\"><!--[if !supportLists]--><span style=\"font-family: Symbol; mso-bidi-font-family: Symbol; mso-fareast-font-family: Symbol;\"><span style=\"mso-list: Ignore;\">\u00b7<span style=\"font: 7.0pt &quot;Times New Roman&quot;;\">&nbsp;&nbsp;&nbsp;&nbsp;&nbsp;&nbsp;&nbsp;&nbsp; <\/span><\/span><\/span><!--[endif]-->Demandamos investigaci\u00f3n y sanci\u00f3n para los elementos de SPM <\/div>\n<div style=\"line-height: normal; text-align: justify;\"><\/div>\n<div style=\"line-height: normal; mso-list: l0 level1 lfo1; text-align: justify; text-indent: -18.0pt;\"><!--[if !supportLists]--><span style=\"font-family: Symbol; mso-bidi-font-family: Symbol; mso-fareast-font-family: Symbol;\"><span style=\"mso-list: Ignore;\">\u00b7<span style=\"font: 7.0pt &quot;Times New Roman&quot;;\">&nbsp;&nbsp;&nbsp;&nbsp;&nbsp;&nbsp;&nbsp;&nbsp; <\/span><\/span><\/span><!--[endif]-->Demandamos integraci\u00f3n a la Central de Actuarios de elementos capacitados y en vigilancia permanente de sus superiores<\/div>\n<div><\/div>\n<div style=\"text-align: justify;\"><b style=\"mso-bidi-font-weight: normal;\">Hoy a las 17 hrs. estaremos en la Presidencia Municipal para entrevistarnos con el Presidente Municipal.<o:p><\/o:p><\/b><\/div>\n","protected":false},"excerpt":{"rendered":"<p>Hoy por la ma\u00f1ana un grupo de Barzonistas, utilizando la resistencia civil pac\u00edfica, como sucede desde hace 17 a\u00f1os,&nbsp; logr\u00f3 la suspensi\u00f3n de un desalojo en el negocio de Gr\u00faas del Norte a trav\u00e9s de un acuerdo entre las partes que fue consignado con el actuario del Supremo Tribunal de Justicia en la diligencia de [&hellip;]<\/p>\n","protected":false},"author":2,"featured_media":0,"comment_status":"open","ping_status":"open","sticky":false,"template":"","format":"standard","meta":{"footnotes":""},"categories":[1],"tags":[],"class_list":["post-1601","post","type-post","status-publish","format-standard","hentry","category-sin-categoria"],"_links":{"self":[{"href":"https:\/\/cedehm.org.mx\/es\/wp-json\/wp\/v2\/posts\/1601","targetHints":{"allow":["GET"]}}],"collection":[{"href":"https:\/\/cedehm.org.mx\/es\/wp-json\/wp\/v2\/posts"}],"about":[{"href":"https:\/\/cedehm.org.mx\/es\/wp-json\/wp\/v2\/types\/post"}],"author":[{"embeddable":true,"href":"https:\/\/cedehm.org.mx\/es\/wp-json\/wp\/v2\/users\/2"}],"replies":[{"embeddable":true,"href":"https:\/\/cedehm.org.mx\/es\/wp-json\/wp\/v2\/comments?post=1601"}],"version-history":[{"count":0,"href":"https:\/\/cedehm.org.mx\/es\/wp-json\/wp\/v2\/posts\/1601\/revisions"}],"wp:attachment":[{"href":"https:\/\/cedehm.org.mx\/es\/wp-json\/wp\/v2\/media?parent=1601"}],"wp:term":[{"taxonomy":"category","embeddable":true,"href":"https:\/\/cedehm.org.mx\/es\/wp-json\/wp\/v2\/categories?post=1601"},{"taxonomy":"post_tag","embeddable":true,"href":"https:\/\/cedehm.org.mx\/es\/wp-json\/wp\/v2\/tags?post=1601"}],"curies":[{"name":"wp","href":"https:\/\/api.w.org\/{rel}","templated":true}]}}