{"id":1619,"date":"2011-05-10T17:34:00","date_gmt":"2011-05-10T17:34:00","guid":{"rendered":"https:\/\/cedehm.org.mx\/es\/2011\/05\/10\/carta-a-una-hija-ausente\/"},"modified":"2011-05-10T17:34:00","modified_gmt":"2011-05-10T17:34:00","slug":"carta-a-una-hija-ausente","status":"publish","type":"post","link":"https:\/\/cedehm.org.mx\/es\/2011\/05\/10\/carta-a-una-hija-ausente\/","title":{"rendered":"Carta a una hija ausente"},"content":{"rendered":"<div style=\"border-collapse: collapse; font-family: arial, sans-serif; font-size: 13px;\">\n<div>\n<div style=\"line-height: 19px; margin-bottom: 0px; margin-left: 0px; margin-right: 0px; margin-top: 0px; text-align: center;\"><span lang=\"ES\" style=\"font-family: Georgia, serif; font-size: 11pt; line-height: 22px;\"><img loading=\"lazy\" decoding=\"async\" alt=\"jpnh.png\" height=\"200\" src=\"https:\/\/mail.google.com\/mail\/?ui=2&amp;ik=9c2c29c386&amp;view=att&amp;th=12fda975a34fa255&amp;attid=0.0.1&amp;disp=emb&amp;realattid=ii_12fda9255ba382fd&amp;zw\" title=\"jpnh.png\" width=\"186\" \/><\/span><\/div>\n<div align=\"right\" style=\"line-height: 19px; margin-bottom: 0px; margin-left: 0px; margin-right: 0px; margin-top: 0px; text-align: right;\"><span lang=\"ES\" style=\"font-family: Georgia, serif; font-size: 11pt; line-height: 22px;\"><br \/><\/span><\/div>\n<div align=\"right\" style=\"line-height: 19px; margin-bottom: 0px; margin-left: 0px; margin-right: 0px; margin-top: 0px; text-align: right;\"><span lang=\"ES\" style=\"font-family: Georgia, serif; font-size: 11pt; line-height: 22px;\"><br \/><\/span><\/div>\n<div align=\"right\" style=\"line-height: 19px; margin-bottom: 0px; margin-left: 0px; margin-right: 0px; margin-top: 0px; text-align: right;\"><span lang=\"ES\" style=\"font-family: Georgia, serif; font-size: 11pt; line-height: 22px;\"><b><i>10 de mayo 2011<\/i><\/b><\/span><\/div>\n<div style=\"line-height: 19px; margin-bottom: 0px; margin-left: 0px; margin-right: 0px; margin-top: 0px; text-align: justify;\"><b><span lang=\"ES\" style=\"font-family: Georgia, serif; font-size: 11pt; line-height: 22px;\">Carta a una hija ausente<\/span><\/b><\/div>\n<div style=\"line-height: 19px; margin-bottom: 0px; margin-left: 0px; margin-right: 0px; margin-top: 0px; text-align: justify;\"><\/div>\n<div style=\"line-height: 19px; margin-bottom: 0px; margin-left: 0px; margin-right: 0px; margin-top: 0px; text-align: justify;\"><span lang=\"ES\" style=\"font-family: Georgia, serif; font-size: 11pt; line-height: 22px;\">En este d\u00eda en que todo M\u00e9xico celebra el d\u00eda de la madre y que los hijos van a ver a esa mujer que les dio la vida.<span>&nbsp;&nbsp;<\/span>Que todo es emotivo,<span>&nbsp;&nbsp;<\/span>abrazos,&nbsp;<span>&nbsp;<\/span>risas, es una gran fiesta y claro as\u00ed debe de ser.<\/span><\/div>\n<div style=\"line-height: 19px; margin-bottom: 0px; margin-left: 0px; margin-right: 0px; margin-top: 0px; text-align: justify;\"><\/div>\n<div style=\"line-height: 19px; margin-bottom: 0px; margin-left: 0px; margin-right: 0px; margin-top: 0px; text-align: justify;\"><span lang=\"ES\" style=\"font-family: Georgia, serif; font-size: 11pt; line-height: 22px;\">Carta a una hija ausente<\/span><\/div>\n<div style=\"line-height: 19px; margin-bottom: 0px; margin-left: 0px; margin-right: 0px; margin-top: 0px; text-align: justify;\"><\/div>\n<div style=\"line-height: 19px; margin-bottom: 0px; margin-left: 0px; margin-right: 0px; margin-top: 0px; text-align: justify;\"><span lang=\"ES\" style=\"font-family: Georgia, serif; font-size: 11pt; line-height: 22px;\">Hija<span>&nbsp;&nbsp;<\/span>m\u00eda en este 10 de mayo quiero dedicarte este pensamiento<\/span><\/div>\n<div style=\"line-height: 19px; margin-bottom: 0px; margin-left: 0px; margin-right: 0px; margin-top: 0px; text-align: justify;\"><\/div>\n<div style=\"line-height: 19px; margin-bottom: 0px; margin-left: 0px; margin-right: 0px; margin-top: 0px; text-align: justify;\"><span lang=\"ES\" style=\"font-family: Georgia, serif; font-size: 11pt; line-height: 22px;\">Cuando naciste, cambiaste mi mundo gris, con la luz maravillosa de tu presencia, tanto que el sol brillo m\u00e1s que nunca, cuando por primera vez tuve en mis brazos, tu peque\u00f1o y<span>&nbsp;&nbsp;<\/span>fr\u00e1gil cuerpecito, sent\u00ed que nada nos podr\u00eda separar jam\u00e1s, tus hermosos ojos, tus peque\u00f1as manos, tu aliento puro y limpio tan cerca del m\u00edo, sab\u00eda que ten\u00eda que protegerte. Fuiste mi cielo, mi patria, mi mundo. Te promet\u00ed<span>&nbsp;&nbsp;<\/span>amarte y defenderte<span>&nbsp;&nbsp;<\/span>ser tu escudo tu espada<span>&nbsp;&nbsp;<\/span>y tu estandarte. Creciste con sue\u00f1os, ilusiones y metas. Todo iba bien, me ense\u00f1aste a amar sin condiciones, sin ataduras y sin prejuicios.<\/span><\/div>\n<div style=\"line-height: 19px; margin-bottom: 0px; margin-left: 0px; margin-right: 0px; margin-top: 0px; text-align: justify;\"><\/div>\n<div style=\"line-height: 19px; margin-bottom: 0px; margin-left: 0px; margin-right: 0px; margin-top: 0px; text-align: justify;\"><span lang=\"ES\" style=\"font-family: Georgia, serif; font-size: 11pt; line-height: 22px;\"><span>&nbsp;<\/span>Pasaron los a\u00f1os y un d\u00eda saliste de tu hogar y ya no regresaste. Ese d\u00eda m\u00ed cielo se oscureci\u00f3, el sol ya no brillo m\u00e1s y tiempo despu\u00e9s me entregaron tu cuerpo inerte en un ata\u00fad blanco,<span>&nbsp;&nbsp;<\/span>herm\u00e9ticamente cerrado.<\/span><\/div>\n<div style=\"line-height: 19px; margin-bottom: 0px; margin-left: 0px; margin-right: 0px; margin-top: 0px; text-align: justify;\"><\/div>\n<div style=\"line-height: 19px; margin-bottom: 0px; margin-left: 0px; margin-right: 0px; margin-top: 0px; text-align: justify;\"><span lang=\"ES\" style=\"font-family: Georgia, serif; font-size: 11pt; line-height: 22px;\">No s\u00e9 qu\u00e9 pas\u00f3<\/span><\/div>\n<div style=\"line-height: 19px; margin-bottom: 0px; margin-left: 0px; margin-right: 0px; margin-top: 0px; text-align: justify;\"><\/div>\n<div style=\"line-height: 19px; margin-bottom: 0px; margin-left: 0px; margin-right: 0px; margin-top: 0px; text-align: justify;\"><span lang=\"ES\" style=\"font-family: Georgia, serif; font-size: 11pt; line-height: 22px;\">Solo s\u00e9 que no te pude defender de tus asesinos, que no estuve en esos momentos que me necesitaste, que no pude cerrar tus ojos por \u00faltima vez y tomar tus manos entre las m\u00edas, para encaminarte al viaje sin retorno. Si tan solo hubiese podido estar ah\u00ed, sin pensarlo<span>&nbsp;&nbsp;<\/span>mi sangre y mi vida la hubiera dado por la tuya.<\/span><\/div>\n<div style=\"line-height: 19px; margin-bottom: 0px; margin-left: 0px; margin-right: 0px; margin-top: 0px; text-align: justify;\"><\/div>\n<div style=\"line-height: 19px; margin-bottom: 0px; margin-left: 0px; margin-right: 0px; margin-top: 0px; text-align: justify;\"><span lang=\"ES\" style=\"font-family: Georgia, serif; font-size: 11pt; line-height: 22px;\">Hoy no est\u00e1s f\u00edsicamente, pero tu esencia permanece en m\u00ed, m\u00e1s fuerte que nunca.<\/span><\/div>\n<div style=\"line-height: 19px; margin-bottom: 0px; margin-left: 0px; margin-right: 0px; margin-top: 0px; text-align: justify;\"><span lang=\"ES\" style=\"font-family: Georgia, serif; font-size: 11pt; line-height: 22px;\">Por<span>&nbsp;&nbsp;<\/span>eso ante esta tumba te pido perd\u00f3n y reitero mi promesa.<\/span><\/div>\n<div style=\"line-height: 19px; margin-bottom: 0px; margin-left: 0px; margin-right: 0px; margin-top: 0px; text-align: justify;\"><\/div>\n<div style=\"line-height: 19px; margin-bottom: 0px; margin-left: 0px; margin-right: 0px; margin-top: 0px; text-align: justify;\"><\/div>\n<div style=\"line-height: 19px; margin-bottom: 0px; margin-left: 0px; margin-right: 0px; margin-top: 0px; text-align: justify;\"><span><span lang=\"ES\" style=\"color: black; font-family: Georgia, serif; font-size: 11pt; line-height: 22px;\">No dejar\u00e9 de luchar por esta causa, luchar\u00e9 hasta el final, no importa cu\u00e1ntas<span>&nbsp;&nbsp;<\/span>batallas<span>&nbsp;&nbsp;<\/span>pierda y vaya perdiendo partes de mi coraz\u00f3n, no importa que mis sentimientos se marchiten, luchar\u00e9 por esta causa hasta el final.<\/span><\/span><\/div>\n<div style=\"line-height: 19px; margin-bottom: 0px; margin-left: 0px; margin-right: 0px; margin-top: 0px; text-align: justify;\"><\/div>\n<div style=\"line-height: 19px; margin-bottom: 0px; margin-left: 0px; margin-right: 0px; margin-top: 0px; text-align: justify;\"><span lang=\"ES\" style=\"color: black; font-family: Georgia, serif; font-size: 11pt; line-height: 22px;\">Creo profundamente en un mundo mejor y es para m\u00ed un bien m\u00e1s real que esta miserable quimera que nosotros devoramos y llamamos vida, lo creo con toda la fuerza de mi convicci\u00f3n y despu\u00e9s de tantas luchas, tantas pruebas y tantos estudios, este es el consuelo de mi alma.<\/span><\/div>\n<div style=\"line-height: 19px; margin-bottom: 0px; margin-left: 0px; margin-right: 0px; margin-top: 0px; text-align: justify;\"><\/div>\n<div style=\"line-height: 19px; margin-bottom: 0px; margin-left: 0px; margin-right: 0px; margin-top: 0px; text-align: justify;\"><b><span lang=\"ES\" style=\"color: black; font-family: Georgia, serif; font-size: 11pt; line-height: 22px;\">No hay triunfo sin renuncia, victoria sin sufrimiento, libertad sin sacrificio.<\/span><\/b><\/div>\n<div style=\"line-height: 19px; margin-bottom: 0px; margin-left: 0px; margin-right: 0px; margin-top: 0px; text-align: justify;\"><\/div>\n<div style=\"line-height: 19px; margin-bottom: 0px; margin-left: 0px; margin-right: 0px; margin-top: 0px; text-align: justify;\"><b><span lang=\"ES\" style=\"color: black; font-family: Georgia, serif; font-size: 11pt; line-height: 22px;\">Norma Ledezma<\/span><\/b><\/div>\n<div style=\"line-height: 19px; margin-bottom: 0px; margin-left: 0px; margin-right: 0px; margin-top: 0px; text-align: justify;\"><b><span lang=\"ES\" style=\"color: black; font-family: Georgia, serif; font-size: 11pt; line-height: 22px;\">Justicia Para Nuestras hijas<\/span><\/b><\/div>\n<div style=\"line-height: 19px; margin-bottom: 0px; margin-left: 0px; margin-right: 0px; margin-top: 0px; text-align: justify;\"><\/div>\n<div style=\"line-height: 19px; margin-bottom: 0px; margin-left: 0px; margin-right: 0px; margin-top: 0px; text-align: justify;\"><span lang=\"ES\" style=\"color: black; font-family: Georgia, serif; font-size: 11pt; line-height: 22px;\"><span>&nbsp;<\/span>No podemos construir la Justicia sepultando el pasado<\/span><\/div>\n<div style=\"line-height: 19px; margin-bottom: 0px; margin-left: 0px; margin-right: 0px; margin-top: 0px; text-align: justify;\"><span lang=\"ES\" style=\"color: black; font-family: Georgia, serif; font-size: 11pt; line-height: 22px;\"><span>&nbsp;<\/span>Porque Justicia se paga con Justicia<\/span><\/div>\n<\/div>\n<\/div>\n<p><span style=\"border-collapse: collapse; font-family: arial, sans-serif; font-size: 13px;\"><br \/><\/span><span style=\"border-collapse: collapse; font-family: arial, sans-serif; font-size: 13px;\"><br clear=\"all\" \/><\/span><span style=\"border-collapse: collapse; font-family: arial, sans-serif; font-size: 13px;\"><br \/><\/span><span style=\"border-collapse: collapse; font-family: arial, sans-serif; font-size: 13px;\">&#8212;&nbsp;<\/span><span style=\"border-collapse: collapse; font-family: arial, sans-serif; font-size: 13px;\"><span style=\"border-collapse: collapse; font-family: arial, sans-serif; font-size: 13px;\">&nbsp;<\/span><\/span><span style=\"border-collapse: collapse; font-family: arial, sans-serif; font-size: 13px;\"><span style=\"border-collapse: collapse; font-family: arial, sans-serif;\">\u00c1rea&nbsp;de Comunicaci\u00f3n&nbsp;<\/span><\/span><\/p>\n<div style=\"border-collapse: collapse; font-family: arial, sans-serif; font-size: 13px;\">\n<div style=\"border-collapse: collapse; font-family: arial, sans-serif; font-size: 13px; text-align: left;\">Justicia para Nuestras Hijas A. C.&nbsp;<\/div>\n<div style=\"border-collapse: collapse; font-family: arial, sans-serif; font-size: 13px; text-align: left;\">Tel 614 4 13 &nbsp;33 55 &nbsp;&nbsp;Fax 614 4 13 33 55<\/div>\n<div style=\"border-collapse: collapse; font-family: arial, sans-serif; font-size: 13px; text-align: left;\"><b><span style=\"color: #663366;\"><i><a href=\"http:\/\/www.justiciaparanuestrashijas.org\/\" style=\"color: #1c51a8;\" target=\"_blank\" rel=\"noopener\">www.justiciaparanuestrashijas.<wbr><\/wbr>org<\/a><\/i><\/span><\/b><\/div>\n<div style=\"border-collapse: collapse; font-family: arial, sans-serif; font-size: 13px; text-align: left;\"><b><span style=\"color: #663366;\"><i style=\"color: #1c51a8;\"><a href=\"mailto:comunicacion@justiciaparanuestrashijas.org\" style=\"color: #1c51a8;\" target=\"_blank\" rel=\"noopener\">comunicacion@<wbr><\/wbr>justiciaparanuestrashijas.org<\/a><\/i><\/span><\/b><\/div>\n<\/div>\n","protected":false},"excerpt":{"rendered":"<p>10 de mayo 2011 Carta a una hija ausente En este d\u00eda en que todo M\u00e9xico celebra el d\u00eda de la madre y que los hijos van a ver a esa mujer que les dio la vida.&nbsp;&nbsp;Que todo es emotivo,&nbsp;&nbsp;abrazos,&nbsp;&nbsp;risas, es una gran fiesta y claro as\u00ed debe de ser. Carta a una hija ausente [&hellip;]<\/p>\n","protected":false},"author":2,"featured_media":0,"comment_status":"open","ping_status":"open","sticky":false,"template":"","format":"standard","meta":{"footnotes":""},"categories":[1],"tags":[],"class_list":["post-1619","post","type-post","status-publish","format-standard","hentry","category-sin-categoria"],"_links":{"self":[{"href":"https:\/\/cedehm.org.mx\/es\/wp-json\/wp\/v2\/posts\/1619","targetHints":{"allow":["GET"]}}],"collection":[{"href":"https:\/\/cedehm.org.mx\/es\/wp-json\/wp\/v2\/posts"}],"about":[{"href":"https:\/\/cedehm.org.mx\/es\/wp-json\/wp\/v2\/types\/post"}],"author":[{"embeddable":true,"href":"https:\/\/cedehm.org.mx\/es\/wp-json\/wp\/v2\/users\/2"}],"replies":[{"embeddable":true,"href":"https:\/\/cedehm.org.mx\/es\/wp-json\/wp\/v2\/comments?post=1619"}],"version-history":[{"count":0,"href":"https:\/\/cedehm.org.mx\/es\/wp-json\/wp\/v2\/posts\/1619\/revisions"}],"wp:attachment":[{"href":"https:\/\/cedehm.org.mx\/es\/wp-json\/wp\/v2\/media?parent=1619"}],"wp:term":[{"taxonomy":"category","embeddable":true,"href":"https:\/\/cedehm.org.mx\/es\/wp-json\/wp\/v2\/categories?post=1619"},{"taxonomy":"post_tag","embeddable":true,"href":"https:\/\/cedehm.org.mx\/es\/wp-json\/wp\/v2\/tags?post=1619"}],"curies":[{"name":"wp","href":"https:\/\/api.w.org\/{rel}","templated":true}]}}