{"id":1624,"date":"2011-04-06T18:01:00","date_gmt":"2011-04-06T18:01:00","guid":{"rendered":"https:\/\/cedehm.org.mx\/es\/2011\/04\/06\/las-ongs-celebran-creacion-de-relatoria-sobre-defensores-as-de-derechos-humanos\/"},"modified":"2011-04-06T18:01:00","modified_gmt":"2011-04-06T18:01:00","slug":"las-ongs-celebran-creacion-de-relatoria-sobre-defensores-as-de-derechos-humanos","status":"publish","type":"post","link":"https:\/\/cedehm.org.mx\/es\/2011\/04\/06\/las-ongs-celebran-creacion-de-relatoria-sobre-defensores-as-de-derechos-humanos\/","title":{"rendered":"Las ONGs celebran creaci\u00f3n de relator\u00eda sobre defensores\/as de derechos humanos"},"content":{"rendered":"<div style=\"margin-bottom: 0.0001pt; text-align: justify;\"><b><span style=\"font-family: Arial;\">Fue una&nbsp;petici\u00f3n&nbsp;reiterada en la audiencia&nbsp;del 29 de marzo.<\/span><\/b><\/div>\n<div style=\"line-height: normal; margin-bottom: 0.0001pt; text-align: justify;\"><span style=\"font-family: Arial, sans-serif; font-size: 13px;\">Esta oficina especializada de la CIDH se encargar\u00e1 de la protecci\u00f3n de los\/las que denuncian violaciones a los derechos humanos<\/span><\/div>\n<div style=\"line-height: normal; margin-bottom: 0.0001pt; text-align: justify;\"><span style=\"color: black; font-family: Arial, sans-serif; font-size: 10pt;\">05-04-11<o:p><\/o:p><\/span><\/div>\n<div style=\"margin-bottom: 12pt;\"><\/div>\n<div style=\"text-align: justify;\"><span style=\"font-family: Arial, sans-serif; font-size: 13px;\"><br \/><\/span><\/div>\n<div style=\"text-align: justify;\"><span style=\"font-weight: normal; line-height: normal;\"><b style=\"line-height: normal;\"><span style=\"color: black; font-family: Arial, sans-serif; font-size: 10pt;\">Washington, DC., 4 de abril de 2011<\/span><\/b><\/span><span style=\"font-weight: normal; line-height: normal;\"><span style=\"color: black; font-family: Arial, sans-serif; font-size: 10pt; line-height: normal;\">&nbsp;<\/span><\/span><span style=\"font-family: Arial, sans-serif; font-size: x-small; line-height: normal;\">&#8211; La CIDH anunci\u00f3 durante su \u00faltimo per\u00edodo de sesiones que hoy culmina, la creaci\u00f3n de una&nbsp;<\/span><span style=\"font-family: Arial, sans-serif; font-size: x-small;\">Relatar\u00eda<\/span><span style=\"font-family: Arial, sans-serif; font-size: x-small; line-height: normal;\">&nbsp;sobre la situaci\u00f3n de las defensoras y los defensores de derechos humanos. El Relator ser\u00e1 el Comisionado Jos\u00e9 de Jes\u00fas Orozco Henr\u00edquez, de nacionalidad mexicana.<\/span><\/div>\n<div style=\"text-align: justify;\"><\/div>\n<div style=\"color: black; font-family: Arial, sans-serif; font-size: 10pt; text-align: justify;\">El Comisionado Orozco declar\u00f3 durante rueda de prensa, que la Relator\u00eda, u oficina especializada, se crea en reacci\u00f3n al incremento de violaciones a los defensores\/as de derechos humanos, y con la intenci\u00f3n de hacer m\u00e1s visible la preocupaci\u00f3n que ha mantenido la Comisi\u00f3n en esta tem\u00e1tica. Asimismo, pretende respaldar la importante labor que realizan los defensores\/as de derechos humanos, as\u00ed como los operadores judiciales, que tambi\u00e9n entrar\u00e1n en el mandato de la Relator\u00eda, para hacer prevalecer el estado de derecho.<\/div>\n<div style=\"text-align: justify;\"><\/div>\n<p><span style=\"color: black; font-family: Arial, sans-serif; font-size: 10pt; line-height: normal;\"><\/span><\/p>\n<div style=\"text-align: justify;\"><span style=\"color: black; font-family: Arial, sans-serif; font-size: 10pt; line-height: normal;\">Las 94 organizaciones abajo firmantes (22 ONGs m\u00e1s la Red TDT conformada por 72 organizaciones) acogemos con gran entusiasmo la creaci\u00f3n de la Relator\u00eda, por cuanto ello fue expresamente solicitado en la audiencia mantenida ante la Comisi\u00f3n el 29 de marzo.<\/span><\/div>\n<p><\/p>\n<div style=\"text-align: justify;\"><\/div>\n<p><span style=\"color: black; font-family: Arial, sans-serif; font-size: 10pt; line-height: normal;\"><\/span><\/p>\n<div style=\"text-align: justify;\"><span style=\"color: black; font-family: Arial, sans-serif; font-size: 10pt; line-height: normal;\">Asimismo, reiteramos nuestra preocupaci\u00f3n por el mantenimiento del hostigamiento contra los y las defensores\/as y su incremento en algunos pa\u00edses. En este sentido persisten los ataques por parte de actores estatales o grupos que act\u00faan con su respaldo o tolerancia, y han aparecido nuevas formas de hostigamiento por parte del crimen organizado y de empresas con intereses econ\u00f3micos en la regi\u00f3n. Los y las defensores\/as han sido v\u00edctimas, entre otros, de seguimiento por parte de agencias de inteligencia de los Estados, robos de informaci\u00f3n, uso indebido del derecho penal en su contra, y ataques contra su vida e integridad, y la de sus familias.<\/span><\/div>\n<p><\/p>\n<div style=\"text-align: justify;\"><\/div>\n<p><span style=\"color: black; font-family: Arial, sans-serif; font-size: 10pt; line-height: normal;\"><\/span><\/p>\n<div style=\"text-align: justify;\"><span style=\"color: black; font-family: Arial, sans-serif; font-size: 10pt; line-height: normal;\">Ante esta realidad, confiamos en que la Relator\u00eda contribuya a fortalecer el importante rol de la Comisi\u00f3n en el seguimiento y monitoreo sobre la labor de la defensa de los derechos humanos en la regi\u00f3n.<\/span><\/div>\n<p><\/p>\n<div style=\"text-align: justify;\"><\/div>\n<p><span style=\"color: black; font-family: Arial, sans-serif; font-size: 10pt; line-height: normal;\"><\/span><\/p>\n<div style=\"text-align: justify;\"><span style=\"color: black; font-family: Arial, sans-serif; font-size: 10pt; line-height: normal;\">Con \u00e9sta ser\u00e1n ya ocho las relator\u00edas de la Comisi\u00f3n en temas tan relevantes como los derechos de las mujeres, pueblos ind\u00edgenas, libertad de expresi\u00f3n, personas privadas de libertad, afrodescendientes y discriminaci\u00f3n racial, trabajadores migratorios, y ni\u00f1ez.<\/span><\/div>\n<p><\/p>\n<div style=\"text-align: justify;\"><\/div>\n<div style=\"text-align: justify;\"><\/div>\n<div style=\"text-align: justify;\"><\/div>\n<p><b style=\"line-height: normal;\"><\/b><\/p>\n<div style=\"text-align: justify;\"><b style=\"line-height: normal;\"><span style=\"font-weight: normal;\"><b style=\"line-height: normal;\"><span style=\"color: black; font-family: Arial, sans-serif; font-size: 10pt;\">Listado de organizaciones firmantes:<\/span><\/b><\/span><span style=\"font-weight: normal;\"><span style=\"color: black; font-family: Arial, sans-serif; font-size: 10pt; line-height: normal;\">&nbsp;<\/span><\/span><span style=\"font-weight: normal;\"><span style=\"color: black; font-family: Arial, sans-serif; font-size: 10pt; line-height: normal;\">Amazon Watch\/ Amnist\u00eda Internacional\/ Asociaci\u00f3n Pro Derechos Humanos (Aprodeh) \/ Centro de Derechos Humanos de las Mujeres de Chihuahua \/ Centro de Derechos Humanos Miguel Agust\u00edn Pro Ju\u00e1rez (Centro Prodh) \/ Centro de Derechos Humanos de la Monta\u00f1a \u201cTlachinollan\u201d, M\u00e9xico\/ Centro de Derechos Humanos Fray Bartolom\u00e9 de las Casas, M\u00e9xico\/ Centro por la Justicia y el Derecho Internacional (CEJIL)\/ Corporaci\u00f3n de Defensa y Promoci\u00f3n de los Derechos del Pueblo (CODEPU) \/Comisi\u00f3n Mexicana de Defensa y Promoci\u00f3n de los Derechos Humanos, A.C. (CMDPDH) \/ Comit\u00e9 de Defensa integral de Derechos Humanos \u201cGobixha\u201d, AC. \/ Comit\u00e9 de Familiares de Detenidos Desaparecidos en Honduras (COFADEH) \/ Comit\u00e9 de Familiares de V\u00edctimas (COFAVIC)\/Consultor\u00eda para los Derechos Humanos y el Desplazamiento (CODHES) \/ Corporaci\u00f3n Colectivo de Abogados Jos\u00e9 Alvear Restrepo (CCAJAR)\/ Fundaci\u00f3n Regional de Asesor\u00eda en Derechos Humanos (INREDH) \/ Instituto de Derechos Humanos de la Universidad Centroamericana \u201cJos\u00e9 Sime\u00f3n Ca\u00f1as (IDHUCA) \/ Global Rights Partners for Justice\/ Observatorio Ciudadano, Chile\/ Peace Brigades International (PBI)\/ Programa Venezolano de Educaci\u00f3n Acci\u00f3n en Derechos Humanos (PROVEA) \/ Red Nacional de Organismos Civiles de Derechos Humanos \u201cTodos los Derechos para Todas y Todos\u201d (Red TDT) \/ Unidad de Protecci\u00f3n a Defensoras y Defensores de Derechos Humanos (UDEFEGUA) \/ Washington Office on Latin America (WOLA) \/<\/span><\/span><\/b><\/div>\n<p><\/p>\n<div style=\"text-align: justify;\">consultarse en:<br \/><a href=\"http:\/\/cejil.org\/en\/node\/2154\">http:\/\/cejil.org\/en\/node\/2154<\/a><\/div>\n<p><span style=\"color: black; font-family: Arial, sans-serif; font-size: 10pt; line-height: normal;\"><o:p><\/o:p><\/span><\/p>\n","protected":false},"excerpt":{"rendered":"<p>Fue una&nbsp;petici\u00f3n&nbsp;reiterada en la audiencia&nbsp;del 29 de marzo. Esta oficina especializada de la CIDH se encargar\u00e1 de la protecci\u00f3n de los\/las que denuncian violaciones a los derechos humanos 05-04-11 Washington, DC., 4 de abril de 2011&nbsp;&#8211; La CIDH anunci\u00f3 durante su \u00faltimo per\u00edodo de sesiones que hoy culmina, la creaci\u00f3n de una&nbsp;Relatar\u00eda&nbsp;sobre la situaci\u00f3n de [&hellip;]<\/p>\n","protected":false},"author":2,"featured_media":0,"comment_status":"open","ping_status":"open","sticky":false,"template":"","format":"standard","meta":{"footnotes":""},"categories":[1],"tags":[],"class_list":["post-1624","post","type-post","status-publish","format-standard","hentry","category-sin-categoria"],"_links":{"self":[{"href":"https:\/\/cedehm.org.mx\/es\/wp-json\/wp\/v2\/posts\/1624","targetHints":{"allow":["GET"]}}],"collection":[{"href":"https:\/\/cedehm.org.mx\/es\/wp-json\/wp\/v2\/posts"}],"about":[{"href":"https:\/\/cedehm.org.mx\/es\/wp-json\/wp\/v2\/types\/post"}],"author":[{"embeddable":true,"href":"https:\/\/cedehm.org.mx\/es\/wp-json\/wp\/v2\/users\/2"}],"replies":[{"embeddable":true,"href":"https:\/\/cedehm.org.mx\/es\/wp-json\/wp\/v2\/comments?post=1624"}],"version-history":[{"count":0,"href":"https:\/\/cedehm.org.mx\/es\/wp-json\/wp\/v2\/posts\/1624\/revisions"}],"wp:attachment":[{"href":"https:\/\/cedehm.org.mx\/es\/wp-json\/wp\/v2\/media?parent=1624"}],"wp:term":[{"taxonomy":"category","embeddable":true,"href":"https:\/\/cedehm.org.mx\/es\/wp-json\/wp\/v2\/categories?post=1624"},{"taxonomy":"post_tag","embeddable":true,"href":"https:\/\/cedehm.org.mx\/es\/wp-json\/wp\/v2\/tags?post=1624"}],"curies":[{"name":"wp","href":"https:\/\/api.w.org\/{rel}","templated":true}]}}