{"id":1626,"date":"2011-03-29T16:08:00","date_gmt":"2011-03-29T16:08:00","guid":{"rendered":"https:\/\/cedehm.org.mx\/es\/2011\/03\/29\/excarcelan-a-una-mujer-victima-de-violencia-que-ejercio-el-derecho-de-legitima-defensa-para-salvar-su-vida-y-la-de-sus-hijos-%e2%80%8f\/"},"modified":"2011-03-29T16:08:00","modified_gmt":"2011-03-29T16:08:00","slug":"excarcelan-a-una-mujer-victima-de-violencia-que-ejercio-el-derecho-de-legitima-defensa-para-salvar-su-vida-y-la-de-sus-hijos-%e2%80%8f","status":"publish","type":"post","link":"https:\/\/cedehm.org.mx\/es\/2011\/03\/29\/excarcelan-a-una-mujer-victima-de-violencia-que-ejercio-el-derecho-de-legitima-defensa-para-salvar-su-vida-y-la-de-sus-hijos-%e2%80%8f\/","title":{"rendered":"Excarcelan a una mujer v\u00edctima de violencia que ejerci\u00f3 el derecho de leg\u00edtima defensa para salvar su vida y la de sus hijos.\u200f"},"content":{"rendered":"<div style=\"clear: both; text-align: left;\"><a href=\"http:\/\/4.bp.blogspot.com\/-tozn56gJzes\/TZIDvIyIj7I\/AAAAAAAAAAc\/9STFWiSsyuI\/s1600\/cedehm.jpg\" style=\"margin-left: 1em; margin-right: 1em;\"><img loading=\"lazy\" decoding=\"async\" border=\"0\" height=\"128\" src=\"http:\/\/4.bp.blogspot.com\/-tozn56gJzes\/TZIDvIyIj7I\/AAAAAAAAAAc\/9STFWiSsyuI\/s200\/cedehm.jpg\" width=\"200\" \/><\/a><a href=\"http:\/\/3.bp.blogspot.com\/-wsngr1z7f2s\/TZIDydhoaaI\/AAAAAAAAAAg\/VbrJuBKpToM\/s1600\/logojpnh_01.gif\" style=\"margin-left: 1em; margin-right: 1em;\"><img decoding=\"async\" border=\"0\" src=\"http:\/\/3.bp.blogspot.com\/-wsngr1z7f2s\/TZIDydhoaaI\/AAAAAAAAAAg\/VbrJuBKpToM\/s1600\/logojpnh_01.gif\" \/><\/a><a href=\"http:\/\/3.bp.blogspot.com\/-Dz7HSiubtPM\/TZID1TuzqzI\/AAAAAAAAAAk\/cNUUj569Kx0\/s1600\/mujeres_por_mexico.jpg\" style=\"margin-left: 1em; margin-right: 1em;\"><img decoding=\"async\" border=\"0\" src=\"http:\/\/3.bp.blogspot.com\/-Dz7HSiubtPM\/TZID1TuzqzI\/AAAAAAAAAAk\/cNUUj569Kx0\/s1600\/mujeres_por_mexico.jpg\" \/><\/a><\/div>\n<div align=\"right\" style=\"line-height: normal; margin-bottom: .0001pt; margin-bottom: 0cm; mso-layout-grid-align: none; text-align: right; text-autospace: none;\"><b style=\"mso-bidi-font-weight: normal;\"><span style=\"font-size: 12.0pt; mso-bidi-font-family: ArialMT;\"><br \/><\/span><\/b><\/div>\n<div align=\"right\" style=\"line-height: normal; margin-bottom: .0001pt; margin-bottom: 0cm; mso-layout-grid-align: none; text-align: right; text-autospace: none;\"><b style=\"mso-bidi-font-weight: normal;\"><span style=\"font-size: 12.0pt; mso-bidi-font-family: ArialMT;\">29 de marzo de 2011. <o:p><\/o:p><\/span><\/b><\/div>\n<div align=\"center\" style=\"line-height: normal; margin-bottom: .0001pt; margin-bottom: 0cm; mso-layout-grid-align: none; text-align: center; text-autospace: none;\"><b style=\"mso-bidi-font-weight: normal;\"><span style=\"font-size: 12.0pt; mso-bidi-font-family: ArialMT;\">COMUNICADO DE PRENSA<o:p><\/o:p><\/span><\/b><\/div>\n<div style=\"line-height: normal; margin-bottom: .0001pt; margin-bottom: 0cm; mso-layout-grid-align: none; text-align: justify; text-autospace: none;\"><\/div>\n<div style=\"line-height: normal; margin-bottom: .0001pt; margin-bottom: 0cm; mso-add-space: auto; mso-layout-grid-align: none; mso-list: l0 level1 lfo1; text-align: justify; text-autospace: none; text-indent: -18.0pt;\"><!--[if !supportLists]--><span style=\"font-family: Symbol; font-size: 12.0pt; mso-bidi-font-family: Symbol; mso-fareast-font-family: Symbol;\"><span style=\"mso-list: Ignore;\">\u00b7<span style=\"font: 7.0pt &quot;Times New Roman&quot;;\">&nbsp;&nbsp;&nbsp;&nbsp;&nbsp;&nbsp;&nbsp;&nbsp; <\/span><\/span><\/span><!--[endif]--><b style=\"mso-bidi-font-weight: normal;\"><span style=\"font-size: 12.0pt; mso-bidi-font-family: ArialMT;\">Logran organizaciones de mujeres de Chihuahua sentar precedentes y excarcelar a una mujer v\u00edctima de violencia que ejerci\u00f3 el derecho de leg\u00edtima defensa para salvar su vida y la de sus hijos. <o:p><\/o:p><\/span><\/b><\/div>\n<div style=\"line-height: normal; margin-bottom: .0001pt; margin-bottom: 0cm; mso-add-space: auto; mso-layout-grid-align: none; text-align: justify; text-autospace: none;\"><\/div>\n<div style=\"line-height: normal; margin-bottom: .0001pt; margin-bottom: 0cm; mso-add-space: auto; mso-layout-grid-align: none; mso-list: l0 level1 lfo1; text-align: justify; text-autospace: none; text-indent: -18.0pt;\"><!--[if !supportLists]--><span style=\"font-family: Symbol; font-size: 12.0pt; mso-bidi-font-family: Symbol; mso-fareast-font-family: Symbol;\"><span style=\"mso-list: Ignore;\">\u00b7<span style=\"font: 7.0pt &quot;Times New Roman&quot;;\">&nbsp;&nbsp;&nbsp;&nbsp;&nbsp;&nbsp;&nbsp;&nbsp; <\/span><\/span><\/span><!--[endif]--><b style=\"mso-bidi-font-weight: normal;\"><span style=\"font-size: 12.0pt; mso-bidi-font-family: ArialMT;\">Transmitir\u00e1n audiencia sobre este caso por Internet, en tiempo real en abril. <o:p><\/o:p><\/span><\/b><\/div>\n<div style=\"line-height: normal; margin-bottom: .0001pt; margin-bottom: 0cm; mso-add-space: auto; mso-layout-grid-align: none; text-align: justify; text-autospace: none;\"><\/div>\n<div style=\"line-height: normal; margin-bottom: .0001pt; margin-bottom: 0cm; mso-layout-grid-align: none; text-align: justify; text-autospace: none;\"><span style=\"font-size: 12.0pt; mso-bidi-font-family: ArialMT;\">El 4 de marzo de 2011, Rosa se encontraba en su casa en Aldama, Chihuahua en compa\u00f1\u00eda de sus hijos, de 14, 11, 10 y 4 a\u00f1os, cuando lleg\u00f3 su ex pareja, Josu\u00e9, bajo los efectos de las drogas e intent\u00f3 ingresar al hogar. <o:p><\/o:p><\/span><\/div>\n<div style=\"line-height: normal; margin-bottom: .0001pt; margin-bottom: 0cm; mso-layout-grid-align: none; text-align: justify; text-autospace: none;\"><\/div>\n<div style=\"line-height: normal; margin-bottom: .0001pt; margin-bottom: 0cm; mso-layout-grid-align: none; text-align: justify; text-autospace: none;\"><span style=\"font-size: 12.0pt; mso-bidi-font-family: ArialMT;\">La familia se percat\u00f3 de la presencia del hombre por lo que no abri\u00f3 la puerta e intent\u00f3 resguardarse, pues el hombre hab\u00eda golpeado a Rosa durante a\u00f1os ocasion\u00e1ndole graves lesiones que se manifiestan en decenas de cicatrices en su cuerpo.<span style=\"mso-spacerun: yes;\">&nbsp; <\/span>Ella hab\u00eda denunciado a la polic\u00eda a Josu\u00e9 en diversas ocasiones y decidi\u00f3 terminar con esa relaci\u00f3n que pon\u00eda en peligro su vida y la de sus hijos. <o:p><\/o:p><\/span><\/div>\n<div style=\"line-height: normal; margin-bottom: .0001pt; margin-bottom: 0cm; mso-layout-grid-align: none; text-align: justify; text-autospace: none;\"><\/div>\n<div style=\"line-height: normal; margin-bottom: .0001pt; margin-bottom: 0cm; mso-layout-grid-align: none; text-align: justify; text-autospace: none;\"><span style=\"font-size: 12.0pt; mso-bidi-font-family: ArialMT;\">El agresor logr\u00f3 entrar a la casa y comenz\u00f3 a golpear ininterrumpidamente a la familia. El certificado m\u00e9dico evidencia las lesiones graves en cara y est\u00f3mago de Rosa. \u00c9l tom\u00f3 entonces un cuchillo para asesinar a su expareja y a sus hijos \u2013en la ruta al feminicidio, despu\u00e9s de a\u00f1os de violencia-. Ella pudo reaccionar y en defensa propia y la de sus hijos logr\u00f3 zafarse y lesionar al agresor.<span style=\"mso-spacerun: yes;\">&nbsp; <\/span>Despu\u00e9s de los hechos, Rosa llev\u00f3 al agresor al hospital \u2013a\u00fan sin saber manejar- donde \u00e9l muri\u00f3 horas m\u00e1s tarde. <o:p><\/o:p><\/span><\/div>\n<div style=\"line-height: normal; margin-bottom: .0001pt; margin-bottom: 0cm; mso-layout-grid-align: none; text-align: justify; text-autospace: none;\"><\/div>\n<div style=\"line-height: normal; margin-bottom: .0001pt; margin-bottom: 0cm; mso-layout-grid-align: none; text-align: justify; text-autospace: none;\"><span style=\"font-size: 12.0pt; mso-bidi-font-family: ArialMT;\">La Fiscal\u00eda del Estado de Chihuahua solicit\u00f3 la vinculaci\u00f3n a proceso por \u201chomicidio en ri\u00f1a\u201d y prisi\u00f3n preventiva para la madre de los cuatro ni\u00f1os. <o:p><\/o:p><\/span><\/div>\n<div style=\"line-height: normal; margin-bottom: .0001pt; margin-bottom: 0cm; mso-layout-grid-align: none; text-align: justify; text-autospace: none;\"><\/div>\n<div style=\"line-height: normal; margin-bottom: .0001pt; margin-bottom: 0cm; mso-layout-grid-align: none; text-align: justify; text-autospace: none;\"><span style=\"font-size: 12.0pt; mso-bidi-font-family: ArialMT;\">Lucha Castro, en su calidad de abogada de la v\u00edctima, junto con las organizaciones de mujeres solicitaron al Presidente del Supremo Tribunal la revisi\u00f3n de medidas cautelares con base en <\/span><span style=\"font-size: 12.0pt;\">el art\u00edculo 72 del C\u00f3digo Penal de Chihuahua, el cual establece que <o:p><\/o:p><\/span><\/div>\n<div style=\"line-height: normal; margin-bottom: .0001pt; margin-bottom: 0cm; mso-layout-grid-align: none; text-align: justify; text-autospace: none;\"><\/div>\n<div style=\"text-align: justify;\"><span style=\"font-size: 12.0pt; line-height: 115%;\">\u201cla autoridad judicial de oficio o<span style=\"mso-spacerun: yes;\">&nbsp; <\/span>a petici\u00f3n de parte, podr\u00e1 prescindir de la imposici\u00f3n de la pena privativa o restrictiva de a libertad o sustituirla por una menor grave o por una medida de seguridad, cuando la imposici\u00f3n resulte notoriamente innecesaria e irracional en raz\u00f3n de que el agente (\u2026) <b style=\"mso-bidi-font-weight: normal;\">haya cometido el delito durante el lapso en que sufriere en su persona una prolongada violencia de g\u00e9nero producida por la v\u00edctima, que pusiere en serio peligro la integridad f\u00edsica del sujeto activo\u201d. <o:p><\/o:p><\/b><\/span><\/div>\n<div style=\"text-align: justify;\"><span style=\"font-size: 12.0pt; line-height: 115%;\">Es la primera que se invoca este art\u00edculo, el cual adem\u00e1s fue incorporado a la legislaci\u00f3n por las organizaciones de derechos humanos de las mujeres, durante la reformas al sistema acusatorio. <o:p><\/o:p><\/span><\/div>\n<div style=\"text-align: justify;\"><span style=\"font-size: 12.0pt; line-height: 115%;\">El 25 de marzo, Rosa recuper\u00f3 su libertad. El 4 de abril, a las 10 de la ma\u00f1ana, un tribunal de apelaci\u00f3n decidir\u00e1 si hubo leg\u00edtima defensa en este caso, en audiencia p\u00fablica, la cual ser\u00e1 transmitida en tiempo real por Internet por las organizaciones de derechos humanos de las mujeres. <o:p><\/o:p><\/span><\/div>\n<div style=\"line-height: normal; margin-bottom: .0001pt; margin-bottom: 0cm;\"><b style=\"mso-bidi-font-weight: normal;\"><span style=\"font-size: 12.0pt;\">Centro de Derechos Humanos de las Mujeres \/<span style=\"mso-spacerun: yes;\">&nbsp; <\/span>Justicia para Nuestras Hijas \/<span style=\"mso-spacerun: yes;\">&nbsp; <\/span>Mujeres por M\u00e9xico<span style=\"mso-spacerun: yes;\">&nbsp; <\/span>\/ Tel. (614) 415-4152.&nbsp;<o:p><\/o:p><\/span><\/b><\/div>\n","protected":false},"excerpt":{"rendered":"<p>29 de marzo de 2011. COMUNICADO DE PRENSA \u00b7&nbsp;&nbsp;&nbsp;&nbsp;&nbsp;&nbsp;&nbsp;&nbsp; Logran organizaciones de mujeres de Chihuahua sentar precedentes y excarcelar a una mujer v\u00edctima de violencia que ejerci\u00f3 el derecho de leg\u00edtima defensa para salvar su vida y la de sus hijos. \u00b7&nbsp;&nbsp;&nbsp;&nbsp;&nbsp;&nbsp;&nbsp;&nbsp; Transmitir\u00e1n audiencia sobre este caso por Internet, en tiempo real en abril. El [&hellip;]<\/p>\n","protected":false},"author":2,"featured_media":0,"comment_status":"open","ping_status":"open","sticky":false,"template":"","format":"standard","meta":{"footnotes":""},"categories":[1],"tags":[],"class_list":["post-1626","post","type-post","status-publish","format-standard","hentry","category-sin-categoria"],"_links":{"self":[{"href":"https:\/\/cedehm.org.mx\/es\/wp-json\/wp\/v2\/posts\/1626","targetHints":{"allow":["GET"]}}],"collection":[{"href":"https:\/\/cedehm.org.mx\/es\/wp-json\/wp\/v2\/posts"}],"about":[{"href":"https:\/\/cedehm.org.mx\/es\/wp-json\/wp\/v2\/types\/post"}],"author":[{"embeddable":true,"href":"https:\/\/cedehm.org.mx\/es\/wp-json\/wp\/v2\/users\/2"}],"replies":[{"embeddable":true,"href":"https:\/\/cedehm.org.mx\/es\/wp-json\/wp\/v2\/comments?post=1626"}],"version-history":[{"count":0,"href":"https:\/\/cedehm.org.mx\/es\/wp-json\/wp\/v2\/posts\/1626\/revisions"}],"wp:attachment":[{"href":"https:\/\/cedehm.org.mx\/es\/wp-json\/wp\/v2\/media?parent=1626"}],"wp:term":[{"taxonomy":"category","embeddable":true,"href":"https:\/\/cedehm.org.mx\/es\/wp-json\/wp\/v2\/categories?post=1626"},{"taxonomy":"post_tag","embeddable":true,"href":"https:\/\/cedehm.org.mx\/es\/wp-json\/wp\/v2\/tags?post=1626"}],"curies":[{"name":"wp","href":"https:\/\/api.w.org\/{rel}","templated":true}]}}