{"id":1631,"date":"2011-03-10T20:22:00","date_gmt":"2011-03-10T20:22:00","guid":{"rendered":"https:\/\/cedehm.org.mx\/es\/2011\/03\/10\/rapidos-para-quitar-una-placa-y-lentos-para-defender-una-vida\/"},"modified":"2011-03-10T20:22:00","modified_gmt":"2011-03-10T20:22:00","slug":"rapidos-para-quitar-una-placa-y-lentos-para-defender-una-vida","status":"publish","type":"post","link":"https:\/\/cedehm.org.mx\/es\/2011\/03\/10\/rapidos-para-quitar-una-placa-y-lentos-para-defender-una-vida\/","title":{"rendered":"R\u00c1PIDOS PARA QUITAR UNA PLACA Y LENTOS PARA DEFENDER UNA VIDA."},"content":{"rendered":"<div style=\"margin-left: 49.65pt; text-align: justify;\"><b style=\"mso-bidi-font-weight: normal;\"><span style=\"font-family: &quot;Garamond&quot;,&quot;serif&quot;; font-size: 12.0pt;\">R\u00c1PIDOS PARA QUITAR UNA PLACA Y LENTOS PARA DEFENDER UNA VIDA.<o:p><\/o:p><\/span><\/b><\/div>\n<div align=\"right\" style=\"margin-left: 49.65pt; text-align: right;\"><b style=\"mso-bidi-font-weight: normal;\"><span style=\"font-family: &quot;Garamond&quot;,&quot;serif&quot;; font-size: 12.0pt;\">Pbro. Camilo Daniel P\u00e9rez<o:p><\/o:p><\/span><\/b><\/div>\n<div style=\"margin-left: 49.65pt; text-align: justify;\"><\/div>\n<div style=\"margin-left: 49.65pt; text-align: justify;\"><b style=\"mso-bidi-font-weight: normal;\"><span style=\"font-family: &quot;Garamond&quot;,&quot;serif&quot;; font-size: 12.0pt;\">Muy diestro result\u00f3 el<span style=\"mso-spacerun: yes;\">&nbsp; <\/span>Gobierno del Estado para quitar una sencilla placa conmemorativa por parte de la ciudadan\u00eda del lugar donde fue arteramente asesinada Marisela Escobedo el pasado 16 de diciembre del 2010; sin embargo, muy lerdo nos ha resultado este mismo Gobierno<span style=\"mso-spacerun: yes;\">&nbsp; <\/span>para defender la vida de Marisela, acribillada en sus propias narices, as\u00ed como de tantas<span style=\"mso-spacerun: yes;\">&nbsp; <\/span>personas que, sin tener a d\u00f3nde acudir, han perdido la vida de una manera violenta. <o:p><\/o:p><\/span><\/b><\/div>\n<div style=\"margin-left: 49.65pt; text-align: justify;\"><\/div>\n<div style=\"margin-left: 49.65pt; text-align: justify;\"><b style=\"mso-bidi-font-weight: normal;\"><span style=\"font-family: &quot;Garamond&quot;,&quot;serif&quot;; font-size: 12.0pt;\">La placa, para quienes no tuvieron oportunidad de leerla, dec\u00eda textualmente: \u201cEl 16 de diciembre del a\u00f1o 2010 aqu\u00ed cay\u00f3 el cuerpo de marisela Escobedo asesinada por exigir justicia en el feminicidio de su hija Rub\u00ed. Chihuahua, Chih. a 8 de marzo del 2011\u201d. <o:p><\/o:p><\/span><\/b><\/div>\n<div style=\"margin-left: 49.65pt; text-align: justify;\"><\/div>\n<div style=\"margin-left: 49.65pt; text-align: justify;\"><b style=\"mso-bidi-font-weight: normal;\"><span style=\"font-family: &quot;Garamond&quot;,&quot;serif&quot;; font-size: 12.0pt;\">\u00bfCu\u00e1l fue la raz\u00f3n de que el Gobierno haya sustra\u00eddo esta placa conmemorativa? As\u00ed lo expone el mismo Gobierno: <\/span><\/b><b style=\"mso-bidi-font-weight: normal;\"><span style=\"font-family: &quot;Garamond&quot;,&quot;serif&quot;; font-size: 12.0pt; mso-fareast-language: ES-MX;\">El<span style=\"mso-spacerun: yes;\">&nbsp; <\/span>retiro obedeci\u00f3 a que ese edificio hist\u00f3rico es considerado patrimonio cultural que a la vez es un bien de uso com\u00fan, protegido por diversas leyes y reglamentos, como el C\u00f3digo Administrativo, la Ley de Patrimonio Cultural del Estado de Chihuahua y los Reglamentos de Faltas de Polic\u00eda y Buen Gobierno y el de Imagen Urbana y Paisaje del Municipio de Chihuahua, conforme a los cuales debe evitarse que sufra da\u00f1os o se le d\u00e9 un uso indebido.&nbsp;<o:p><\/o:p><\/span><\/b><\/div>\n<div style=\"margin-left: 49.65pt; text-align: justify;\"><\/div>\n<div style=\"margin-left: 49.65pt; text-align: justify;\"><b style=\"mso-bidi-font-weight: normal;\"><span style=\"font-family: &quot;Garamond&quot;,&quot;serif&quot;; font-size: 12.0pt; mso-fareast-language: ES-MX;\">Pocas veces he le\u00eddo y he o\u00eddo tantas \u201cexcusas\u201d juntas al mismo tiempo; pero siguiendo con la misma l\u00f3gica,<span style=\"mso-spacerun: yes;\">&nbsp; <\/span>\u00a1Cu\u00e1ntos gobiernos deber\u00edamos de haber sacado de las instalaciones del Palacio por el \u201cuso indebido\u201d que le han dado al no velar por la seguridad humana y el bien com\u00fan de su pueblo!<o:p><\/o:p><\/span><\/b><\/div>\n<div style=\"margin-left: 49.65pt; text-align: justify;\"><\/div>\n<div style=\"margin-left: 49.65pt; text-align: justify;\"><b style=\"mso-bidi-font-weight: normal;\"><span style=\"font-family: &quot;Garamond&quot;,&quot;serif&quot;; font-size: 12.0pt; mso-fareast-language: ES-MX;\">Siguiendo con la misma l\u00f3gica, la banqueta exterior del Palacio de Gobierno, para los conocedores de historia y de cultura, no tiene m\u00e1s valor hist\u00f3rico y cultural que el artero asesinato de Marisela Escobedo, signo emblem\u00e1tico de tantos ires y venires por esa banqueta de parte de nuestro pueblo para exigir lo que se le deber\u00eda dar de una manera connatural: justicia.<o:p><\/o:p><\/span><\/b><\/div>\n<div style=\"margin-left: 49.65pt; text-align: justify;\"><\/div>\n<div style=\"margin-left: 49.65pt; text-align: justify;\"><b style=\"mso-bidi-font-weight: normal;\"><span style=\"font-family: &quot;Garamond&quot;,&quot;serif&quot;; font-size: 12.0pt; mso-fareast-language: ES-MX;\">Y ahora va la raz\u00f3n m\u00e1s clara que, como pueblo, sabemos e intuimos que el Gobierno tuvo para retirar<span style=\"mso-spacerun: yes;\">&nbsp; <\/span>la placa que, por cierto, se afianz\u00f3 al piso con cuatro sencillos, imberbes y debiluchos tornillos de no m\u00e1s de tres <span style=\"mso-spacerun: yes;\">&nbsp;<\/span>pulgadas: El da\u00f1o ciertamente no fue a la banqueta del Palacio de Gobierno. Seguramente tan sencilla placa le molest\u00f3 grandemente al Gobierno y me imagino que esos cuatro tornillitos le estar\u00edan taladrando su conciencia y, sobre todo, el quitarla ha sido un intento desesperado de cuidar su imagen que, por cierto, est\u00e1 en entredicho a nivel internacional.<o:p><\/o:p><\/span><\/b><\/div>\n<div style=\"margin-left: 49.65pt; text-align: justify;\"><\/div>\n<div style=\"margin-left: 49.65pt; text-align: justify;\"><b style=\"mso-bidi-font-weight: normal;\"><span style=\"font-family: &quot;Garamond&quot;,&quot;serif&quot;; font-size: 12.0pt; mso-fareast-language: ES-MX;\">Como padrecito no puedo menos de exhortar al inicio de esta Cuaresma a nuestro Gobierno<span style=\"mso-spacerun: yes;\">&nbsp; <\/span>para que reconsidere su pol\u00edtica<span style=\"mso-spacerun: yes;\">&nbsp; <\/span>y no tenga otro objetivo <span style=\"mso-spacerun: yes;\">&nbsp;<\/span>que el de promover, proteger y salvaguardar la integridad f\u00edsica y moral de las personas y las comunidades. El verdadero patrimonio hist\u00f3rico, social y cultural de nuestro Estado son las vidas de todos y todas las chihuahuenses. Para proteger la vida y salvaguardar los derechos fundamentales deber\u00e1n ser <span style=\"mso-spacerun: yes;\">&nbsp;<\/span>todos los reglamentos habidos y por haber. <span style=\"mso-spacerun: yes;\">&nbsp;<\/span>Que Dios nos bendiga a todos y en esta Cuaresma \u201cnos agarre confesados\u201d.<\/span><\/b><b style=\"mso-bidi-font-weight: normal;\"><span style=\"font-family: &quot;Garamond&quot;,&quot;serif&quot;; font-size: 12.0pt;\"> <o:p><\/o:p><\/span><\/b><\/div>\n","protected":false},"excerpt":{"rendered":"<p>R\u00c1PIDOS PARA QUITAR UNA PLACA Y LENTOS PARA DEFENDER UNA VIDA. Pbro. Camilo Daniel P\u00e9rez Muy diestro result\u00f3 el&nbsp; Gobierno del Estado para quitar una sencilla placa conmemorativa por parte de la ciudadan\u00eda del lugar donde fue arteramente asesinada Marisela Escobedo el pasado 16 de diciembre del 2010; sin embargo, muy lerdo nos ha resultado [&hellip;]<\/p>\n","protected":false},"author":2,"featured_media":0,"comment_status":"open","ping_status":"open","sticky":false,"template":"","format":"standard","meta":{"footnotes":""},"categories":[1],"tags":[],"class_list":["post-1631","post","type-post","status-publish","format-standard","hentry","category-sin-categoria"],"_links":{"self":[{"href":"https:\/\/cedehm.org.mx\/es\/wp-json\/wp\/v2\/posts\/1631","targetHints":{"allow":["GET"]}}],"collection":[{"href":"https:\/\/cedehm.org.mx\/es\/wp-json\/wp\/v2\/posts"}],"about":[{"href":"https:\/\/cedehm.org.mx\/es\/wp-json\/wp\/v2\/types\/post"}],"author":[{"embeddable":true,"href":"https:\/\/cedehm.org.mx\/es\/wp-json\/wp\/v2\/users\/2"}],"replies":[{"embeddable":true,"href":"https:\/\/cedehm.org.mx\/es\/wp-json\/wp\/v2\/comments?post=1631"}],"version-history":[{"count":0,"href":"https:\/\/cedehm.org.mx\/es\/wp-json\/wp\/v2\/posts\/1631\/revisions"}],"wp:attachment":[{"href":"https:\/\/cedehm.org.mx\/es\/wp-json\/wp\/v2\/media?parent=1631"}],"wp:term":[{"taxonomy":"category","embeddable":true,"href":"https:\/\/cedehm.org.mx\/es\/wp-json\/wp\/v2\/categories?post=1631"},{"taxonomy":"post_tag","embeddable":true,"href":"https:\/\/cedehm.org.mx\/es\/wp-json\/wp\/v2\/tags?post=1631"}],"curies":[{"name":"wp","href":"https:\/\/api.w.org\/{rel}","templated":true}]}}