{"id":1858,"date":"2021-01-30T21:04:18","date_gmt":"2021-01-30T21:04:18","guid":{"rendered":"https:\/\/cedehm.org.mx\/es\/?p=1858"},"modified":"2021-02-09T22:38:33","modified_gmt":"2021-02-09T22:38:33","slug":"iniciara-proximo-martes-juicio-por-asesinato-del-defensor-de-derechos-humanos-de-los-pueblos-indigenas-el-raramuri-julian-carrillo-martinez","status":"publish","type":"post","link":"https:\/\/cedehm.org.mx\/es\/2021\/01\/30\/iniciara-proximo-martes-juicio-por-asesinato-del-defensor-de-derechos-humanos-de-los-pueblos-indigenas-el-raramuri-julian-carrillo-martinez\/","title":{"rendered":"Iniciar\u00e1 pr\u00f3ximo martes juicio por asesinato del defensor de derechos humanos de los pueblos ind\u00edgenas, el rar\u00e1muri Juli\u00e1n Carrillo Mart\u00ednez"},"content":{"rendered":"\n<div class=\"wp-block-image\"><figure class=\"aligncenter size-large is-resized\"><img loading=\"lazy\" decoding=\"async\" src=\"https:\/\/cedehm.org.mx\/es\/wp-content\/uploads\/2021\/01\/Imagen2-1.jpg\" alt=\"\" class=\"wp-image-1838\" width=\"750\" height=\"422\" srcset=\"https:\/\/cedehm.org.mx\/es\/wp-content\/uploads\/2021\/01\/Imagen2-1.jpg 1000w, https:\/\/cedehm.org.mx\/es\/wp-content\/uploads\/2021\/01\/Imagen2-1-300x169.jpg 300w, https:\/\/cedehm.org.mx\/es\/wp-content\/uploads\/2021\/01\/Imagen2-1-768x432.jpg 768w\" sizes=\"auto, (max-width: 750px) 100vw, 750px\" \/><figcaption>Fotograf\u00eda de Juli\u00e1n Carrillo tomada por Amnist\u00eda Internacional M\u00e9xico<\/figcaption><\/figure><\/div>\n\n\n\n<p><em>Chihuahua, Chih., 30 de enero de 2021<\/em>. El pr\u00f3ximo martes 2 de febrero en punto de las 9:30 horas, en la ciudad de Parral, Chihuahua se iniciar\u00e1 el juicio contra una de las personas se\u00f1aladas como responsable del asesinato de Juli\u00e1n Carrillo Mart\u00ednez y su hijo V\u00edctor Carrillo Carrillo, ocurridos en la comunidad de Coloradas de la Virgen, del municipio de Guadalupe y Calvo, el 24 de octubre de 2018 y el 5 de febrero de 2016, respectivamente.&nbsp;<\/p>\n\n\n\n<p> <\/p>\n\n\n\n<p>La comunidad ind\u00edgena rar\u00e1muri de Coloradas de la Virgen ha mantenido por d\u00e9cadas una digna defensa de su tierra, territorio y recursos naturales, frente a un grupo de caciques que buscan despojarlos de \u00e9stos. En total, contando a Juli\u00e1n y V\u00edctor Carrillo, 10 integrantes de la comunidad han sido asesinados: Cen\u00f3n Torres Palma (1966), Jos\u00e9 Fontes Valdez (1977), Juli\u00e1n Baldenegro Pe\u00f1a (1986), Juan Molina Gastel\u00f3n (1989), Lucio Carrillo Torres (1990), Cirilo Portillo Torres (1992), Mart\u00edn Torres Molina (1992), Isidro Baldenegro L\u00f3pez (2017), V\u00edctor Carrillo Carrillo (2016) y Juli\u00e1n Carrillo Mart\u00ednez (2018).<\/p>\n\n\n\n<p> <\/p>\n\n\n\n<p>Juli\u00e1n Carrillo fue un destacado l\u00edder de su comunidad, quien en su papel de Presidente de Bienes Comunales, asumi\u00f3 la denuncia activa frente a diferentes instancias estatales y nacionales sobre la situaci\u00f3n que vive Coloradas de la Virgen, situaci\u00f3n que le trajo como consecuencia m\u00faltiples amenazas de muerte, por lo que junto con otras personas, solicit\u00f3 su incorporaci\u00f3n al Mecanismo de Protecci\u00f3n a Personas Defensoras de Derechos Humanos y Periodistas, en febrero de 2014.<\/p>\n\n\n\n<p> <\/p>\n\n\n\n<p>Luego de ser incorporado al Mecanismo, el an\u00e1lisis de riesgo que deb\u00eda realizarse para determinar las medidas id\u00f3neas para su protecci\u00f3n, demor\u00f3 m\u00e1s de un a\u00f1o y no fue hasta que se promovi\u00f3 un amparo que \u00e9ste se llev\u00f3 a cabo. Luego, como medidas para su protecci\u00f3n se le otorg\u00f3 un tel\u00e9fono satelital y se le ofreci\u00f3 acompa\u00f1amiento de la polic\u00eda para sus desplazamientos fuera de la comunidad, siempre que diera aviso con 72 horas de anticipaci\u00f3n.&nbsp;<\/p>\n\n\n\n<p> <\/p>\n\n\n\n<p>A pesar de encontrarse protegido por el Mecanismo y aunque el gobierno conoc\u00eda la situaci\u00f3n de grave riesgo en la comunidad, las amenazas no cesaron y en febrero de 2016, a escasos 300 metros de donde se encontraba Juli\u00e1n, su hijo Victor Carrillo fue asesinado. Despu\u00e9s, su vivienda fue incendiada y se intensificaron las amenazas de muerte contra Juli\u00e1n con el claro prop\u00f3sito de inhibir su activismo.<\/p>\n\n\n\n<p> <\/p>\n\n\n\n<p>Ante esta situaci\u00f3n, Juli\u00e1n sal\u00eda temporalmente de la comunidad para salvaguardar su vida y, en octubre de 2018, con motivo del fallecimiento de una de sus hijas, regres\u00f3 a Coloradas de la Virgen. Fue entonces que un grupo de personas armadas que hab\u00edan estado acech\u00e1ndolo durante los d\u00edas previos, finalmente lo asesinaron.<\/p>\n\n\n\n<p> <\/p>\n\n\n\n<p>Al d\u00eda de hoy, ante la impunidad y falta de garant\u00edas de seguridad en la comunidad, un n\u00famero importante de sus integrantes se encuentran en condiciones de desplazamiento forzado.<\/p>\n\n\n\n<p> <\/p>\n\n\n\n<p>El asesinato de Juli\u00e1n ocurri\u00f3 tambi\u00e9n en el marco de la Alerta Preventiva para Personas Defensoras de Derechos Humanos y Periodistas, vigente en Chihuahua hasta el d\u00eda de hoy. Tanto esto como el que fuera beneficiario del Mecanismo motiv\u00f3 diferentes pronunciamientos de organizaciones e instancias nacionales e internacionales de defensa de derechos humanos, condenando su asesinato.<\/p>\n\n\n\n<p> <\/p>\n\n\n\n<p>El estado de Chihuahua ocupa uno de los primeros lugares a nivel nacional en agresi\u00f3n a personas defensoras de derechos humanos y, salvo en el caso de Isidro Baldenegro, todos se encuentran en impunidad. El juicio de Juli\u00e1n Carrillo, que comienza el pr\u00f3ximo 2 de febrero, es el segundo caso en el estado de una persona defensora de derechos humanos asesinada que llega a los Tribunales.<\/p>\n\n\n\n<p> <\/p>\n\n\n\n<p>Las organizaciones Alianza Sierra Madre A.C. (ASMAC) y el Centro de Derechos Humanos de las Mujeres A.C. (CEDEHM), representantes de la familia y coadyuvantes en el juicio, esperamos que se haga justicia en el caso de Juli\u00e1n y su hijo, que se sancione adecuadamente a todos los responsables y que se logre una reparaci\u00f3n integral que incluya medidas de no repetici\u00f3n. Desafortunadamente, el caso de Coloradas de la Virgen es el reflejo de lo que viven muchas comunidades ind\u00edgenas en nuestro pa\u00eds, por lo que el caso no debe quedar impune.<\/p>\n\n\n\n<p> <\/p>\n\n\n\n<p>Para mayor informaci\u00f3n:<\/p>\n\n\n\n<ul class=\"wp-block-list\"><li>Informe de Amnist\u00eda Internacional sobre el caso: <a href=\"https:\/\/www.amnesty.org\/download\/Documents\/AMR4195542019SPANISH.PDF\"><strong>https:\/\/www.amnesty.org\/download\/Documents\/AMR4195542019SPANISH.PDF<\/strong><\/a><\/li><li>Comunicado de organizaciones por asesinato de Juli\u00e1n Carrillo: <a href=\"https:\/\/cedehm.org.mx\/es\/2018\/10\/25\/activistas-y-organizaciones-de-derechos-humanos-expresamos-indignacion-por-el-asesinato-de-julian-carrillo-y-urgimos-a-las-autoridades-a-proteger-a-defensores-e-investigar-los-hechos\/\"><strong>https:\/\/cedehm.org.mx\/es\/2018\/10\/25\/activistas-y-organizaciones-de-derechos-humanos-expresamos-indignacion-por-el-asesinato-de-julian-carrillo-y-urgimos-a-las-autoridades-a-proteger-a-defensores-e-investigar-los-hechos\/<\/strong><\/a><\/li><li>Comunicado conjunto de CNDH y ONU-DH: <a href=\"https:\/\/www.cndh.org.mx\/documento\/cndh-y-onu-dh-condenan-el-asesinato-de-julian-carrillo-defensor-indigena-de-los-derechos\"><strong>https:\/\/www.cndh.org.mx\/documento\/cndh-y-onu-dh-condenan-el-asesinato-de-julian-carrillo-defensor-indigena-de-los-derechos<\/strong><\/a><\/li><\/ul>\n","protected":false},"excerpt":{"rendered":"<p>Chihuahua, Chih., 30 de enero de 2021. El pr\u00f3ximo martes 2 de febrero en punto de las 9:30 horas, en la ciudad de Parral, Chihuahua se iniciar\u00e1 el juicio contra una de las personas se\u00f1aladas como responsable del asesinato de Juli\u00e1n Carrillo Mart\u00ednez y su hijo V\u00edctor Carrillo Carrillo, ocurridos en la comunidad de Coloradas [&hellip;]<\/p>\n","protected":false},"author":2,"featured_media":2022,"comment_status":"open","ping_status":"open","sticky":false,"template":"","format":"standard","meta":{"footnotes":""},"categories":[1],"tags":[],"class_list":["post-1858","post","type-post","status-publish","format-standard","has-post-thumbnail","hentry","category-sin-categoria"],"_links":{"self":[{"href":"https:\/\/cedehm.org.mx\/es\/wp-json\/wp\/v2\/posts\/1858","targetHints":{"allow":["GET"]}}],"collection":[{"href":"https:\/\/cedehm.org.mx\/es\/wp-json\/wp\/v2\/posts"}],"about":[{"href":"https:\/\/cedehm.org.mx\/es\/wp-json\/wp\/v2\/types\/post"}],"author":[{"embeddable":true,"href":"https:\/\/cedehm.org.mx\/es\/wp-json\/wp\/v2\/users\/2"}],"replies":[{"embeddable":true,"href":"https:\/\/cedehm.org.mx\/es\/wp-json\/wp\/v2\/comments?post=1858"}],"version-history":[{"count":0,"href":"https:\/\/cedehm.org.mx\/es\/wp-json\/wp\/v2\/posts\/1858\/revisions"}],"wp:featuredmedia":[{"embeddable":true,"href":"https:\/\/cedehm.org.mx\/es\/wp-json\/wp\/v2\/media\/2022"}],"wp:attachment":[{"href":"https:\/\/cedehm.org.mx\/es\/wp-json\/wp\/v2\/media?parent=1858"}],"wp:term":[{"taxonomy":"category","embeddable":true,"href":"https:\/\/cedehm.org.mx\/es\/wp-json\/wp\/v2\/categories?post=1858"},{"taxonomy":"post_tag","embeddable":true,"href":"https:\/\/cedehm.org.mx\/es\/wp-json\/wp\/v2\/tags?post=1858"}],"curies":[{"name":"wp","href":"https:\/\/api.w.org\/{rel}","templated":true}]}}