{"id":2082,"date":"2021-03-05T00:39:37","date_gmt":"2021-03-05T00:39:37","guid":{"rendered":"https:\/\/cedehm.org.mx\/es\/?p=2082"},"modified":"2021-03-06T02:40:17","modified_gmt":"2021-03-06T02:40:17","slug":"tribunal-de-enjuiciamiento-condenan-a-responsable-de-la-muerte-del-defensor-de-derechos-humanos-julian-carrillo-martinez-y-su-hijo-victor-carrillo","status":"publish","type":"post","link":"https:\/\/cedehm.org.mx\/es\/2021\/03\/05\/tribunal-de-enjuiciamiento-condenan-a-responsable-de-la-muerte-del-defensor-de-derechos-humanos-julian-carrillo-martinez-y-su-hijo-victor-carrillo\/","title":{"rendered":"Tribunal de Enjuiciamiento condena a responsable de la muerte del defensor de derechos humanos Juli\u00e1n Carrillo Mart\u00ednez y su hijo V\u00edctor Carrillo"},"content":{"rendered":"\n<div class=\"wp-block-image\"><figure class=\"aligncenter size-large is-resized\"><img loading=\"lazy\" decoding=\"async\" src=\"https:\/\/cedehm.org.mx\/es\/wp-content\/uploads\/2021\/03\/julian2021-1024x575.jpeg\" alt=\"\" class=\"wp-image-2105\" width=\"512\" height=\"288\" srcset=\"https:\/\/cedehm.org.mx\/es\/wp-content\/uploads\/2021\/03\/julian2021-1024x575.jpeg 1024w, https:\/\/cedehm.org.mx\/es\/wp-content\/uploads\/2021\/03\/julian2021-300x169.jpeg 300w, https:\/\/cedehm.org.mx\/es\/wp-content\/uploads\/2021\/03\/julian2021-768x431.jpeg 768w, https:\/\/cedehm.org.mx\/es\/wp-content\/uploads\/2021\/03\/julian2021.jpeg 1280w\" sizes=\"auto, (max-width: 512px) 100vw, 512px\" \/><\/figure><\/div>\n\n\n\n<p><em>Parral, Chih., a 5 de marzo de 2021<\/em>. El d\u00eda de hoy un tribunal de enjuiciamiento emiti\u00f3 fallo condenatorio contra uno de los autores materiales que particip\u00f3 en los homicidios del defensor de derechos humanos de pueblos ind\u00edgenas Juli\u00e1n Carrillo Mart\u00ednez y el de su hijo V\u00edctor Carrillo Carrillo, que ocurrieron en octubre de 2018 y febrero de 2016 respectivamente.<\/p>\n\n\n\n<p>El Tribunal consider\u00f3 que existieron elementos suficientes para probar la acusaci\u00f3n presentada por la Fiscal\u00eda de Derechos Humanos y las asesoras jur\u00eddicas de las organizaciones de la sociedad civil que representan a la comunidad, esto por las pruebas presentadas en el juicio o que comenz\u00f3 el pasado 2 de febrero y culmin\u00f3 el d\u00eda de hoy. Durante la emisi\u00f3n del fallo se destac\u00f3 la importancia de los diversos testimonios y pruebas que permitieron conocer a las y el juez el contexto en el que ocurrieron los hechos, es decir en el marco de la defensa de la tierra, territorio y recursos naturales de la comunidad ind\u00edgena de Coloradas de la Virgen, en donde en Juli\u00e1n Carrillo Mart\u00ednez ten\u00eda un liderazgo importante como Comisario de Bienes Comunales.<\/p>\n\n\n\n<p>Las organizaciones Alianza Sierra Madre (ASMAC) y el Centro de Derechos Humanos de las Mujeres (CEDEHM) reconocen la colaboraci\u00f3n y el trabajo de la Fiscal\u00eda Especializada en Violaciones de Derechos Humanos y Desaparici\u00f3n Forzada en \u00e9ste que fue el primer juicio que ha llevado esta Fiscal\u00eda.<\/p>\n\n\n\n<p>La audiencia de individualizaci\u00f3n de sanciones iniciar\u00e1 el pr\u00f3ximo jueves 11 de marzo, luego de la cual se determinar\u00e1 la penalidad y reparaci\u00f3n del da\u00f1o al que habr\u00e1 de condenarse al responsable, en dicha audiencia las organizaciones y la Fiscal\u00eda estamos solicitando que la medidas de reparaci\u00f3n sean integrales y a favor de todas la personas integrantes de la comunidad que han sido desplazadas a causa de la violencia, esto a trav\u00e9s de la determinaci\u00f3n de medidas de restituci\u00f3n, rehabilitaci\u00f3n, compensaci\u00f3n, satisfacci\u00f3n y sobre todo de no repetici\u00f3n.<\/p>\n\n\n\n<p><\/p>\n","protected":false},"excerpt":{"rendered":"<p>Parral, Chih., a 5 de marzo de 2021. El d\u00eda de hoy un tribunal de enjuiciamiento emiti\u00f3 fallo condenatorio contra uno de los autores materiales que particip\u00f3 en los homicidios del defensor de derechos humanos de pueblos ind\u00edgenas Juli\u00e1n Carrillo Mart\u00ednez y el de su hijo V\u00edctor Carrillo Carrillo, que ocurrieron en octubre de 2018 [&hellip;]<\/p>\n","protected":false},"author":4,"featured_media":2105,"comment_status":"open","ping_status":"open","sticky":false,"template":"","format":"standard","meta":{"footnotes":""},"categories":[1],"tags":[],"class_list":["post-2082","post","type-post","status-publish","format-standard","has-post-thumbnail","hentry","category-sin-categoria"],"_links":{"self":[{"href":"https:\/\/cedehm.org.mx\/es\/wp-json\/wp\/v2\/posts\/2082","targetHints":{"allow":["GET"]}}],"collection":[{"href":"https:\/\/cedehm.org.mx\/es\/wp-json\/wp\/v2\/posts"}],"about":[{"href":"https:\/\/cedehm.org.mx\/es\/wp-json\/wp\/v2\/types\/post"}],"author":[{"embeddable":true,"href":"https:\/\/cedehm.org.mx\/es\/wp-json\/wp\/v2\/users\/4"}],"replies":[{"embeddable":true,"href":"https:\/\/cedehm.org.mx\/es\/wp-json\/wp\/v2\/comments?post=2082"}],"version-history":[{"count":0,"href":"https:\/\/cedehm.org.mx\/es\/wp-json\/wp\/v2\/posts\/2082\/revisions"}],"wp:featuredmedia":[{"embeddable":true,"href":"https:\/\/cedehm.org.mx\/es\/wp-json\/wp\/v2\/media\/2105"}],"wp:attachment":[{"href":"https:\/\/cedehm.org.mx\/es\/wp-json\/wp\/v2\/media?parent=2082"}],"wp:term":[{"taxonomy":"category","embeddable":true,"href":"https:\/\/cedehm.org.mx\/es\/wp-json\/wp\/v2\/categories?post=2082"},{"taxonomy":"post_tag","embeddable":true,"href":"https:\/\/cedehm.org.mx\/es\/wp-json\/wp\/v2\/tags?post=2082"}],"curies":[{"name":"wp","href":"https:\/\/api.w.org\/{rel}","templated":true}]}}