{"id":2205,"date":"2021-05-09T15:32:22","date_gmt":"2021-05-09T15:32:22","guid":{"rendered":"https:\/\/cedehm.org.mx\/es\/?p=2205"},"modified":"2021-05-09T15:32:22","modified_gmt":"2021-05-09T15:32:22","slug":"amlo-debe-vetar-nueva-ley-de-fgr-por-afectar-derechos-de-las-victimas-mndm","status":"publish","type":"post","link":"https:\/\/cedehm.org.mx\/es\/2021\/05\/09\/amlo-debe-vetar-nueva-ley-de-fgr-por-afectar-derechos-de-las-victimas-mndm\/","title":{"rendered":"AMLO debe vetar nueva ley de FGR por afectar derechos de las v\u00edctimas: MNDM"},"content":{"rendered":"\n<div class=\"wp-block-image\"><figure class=\"aligncenter size-large\"><img loading=\"lazy\" decoding=\"async\" width=\"1024\" height=\"1024\" src=\"https:\/\/cedehm.org.mx\/es\/wp-content\/uploads\/2021\/05\/181495197_1305890026473871_2791588602958105220_n-1024x1024.jpeg\" alt=\"\" class=\"wp-image-2206\" srcset=\"https:\/\/cedehm.org.mx\/es\/wp-content\/uploads\/2021\/05\/181495197_1305890026473871_2791588602958105220_n-1024x1024.jpeg 1024w, https:\/\/cedehm.org.mx\/es\/wp-content\/uploads\/2021\/05\/181495197_1305890026473871_2791588602958105220_n-300x300.jpeg 300w, https:\/\/cedehm.org.mx\/es\/wp-content\/uploads\/2021\/05\/181495197_1305890026473871_2791588602958105220_n-150x150.jpeg 150w, https:\/\/cedehm.org.mx\/es\/wp-content\/uploads\/2021\/05\/181495197_1305890026473871_2791588602958105220_n-768x768.jpeg 768w, https:\/\/cedehm.org.mx\/es\/wp-content\/uploads\/2021\/05\/181495197_1305890026473871_2791588602958105220_n-1536x1536.jpeg 1536w, https:\/\/cedehm.org.mx\/es\/wp-content\/uploads\/2021\/05\/181495197_1305890026473871_2791588602958105220_n.jpeg 2048w\" sizes=\"auto, (max-width: 1024px) 100vw, 1024px\" \/><\/figure><\/div>\n\n\n\n<p class=\"has-text-align-center\"><strong>MNDM lanzar\u00e1 llamado urgente al Poder Ejecutivo a atender retrocesos graves en torno a la recientemente aprobada Ley de la Fiscal\u00eda General de la Rep\u00fablica<\/strong>.<\/p>\n\n\n\n<ul class=\"wp-block-list\"><li><strong>MNDM hace llamado p\u00fablico a AMLO para vetar nueva Ley de FGR, pues representa un retroceso en el derecho de acceso a la justicia de las v\u00edctimas y colectivos de este pa\u00eds<\/strong><\/li><li><strong>El pr\u00f3ximo 10 de mayo acudiremos a las afueras de Palacio Nacional a exigir al presidente Andr\u00e9s Manuel L\u00f3pez Obrador nos escuche a las v\u00edctimas<\/strong><\/li><li><strong>El lunes le entregaremos un planteamiento concreto de las razones y los aspectos m\u00e1s graves por los que solicitamos ejerza su facultad de veto a esta Ley.\u00a0<\/strong><\/li><\/ul>\n\n\n\n<p>El&nbsp;<strong>Movimiento por Nuestros Desaparecidos en M\u00e9xico (MNDM)&nbsp;<\/strong>hace un llamado p\u00fablico&nbsp;al presidente Andr\u00e9s Manuel L\u00f3pez Obrador a vetar la nueva Ley de la FGR, pues consideramos que representa un retroceso en el derecho de acceso a la justicia de las v\u00edctimas y colectivos de este pa\u00eds. Coincidimos con las palabras que expres\u00f3 hace m\u00e1s de dos a\u00f1os, cuando usted se\u00f1al\u00f3 \u201cla paz y la tranquilidad son frutos de la justicia\u201d.&nbsp; Lamentablemente la Ley aprobada por el Congreso de la Uni\u00f3n va en sentido contrario a la justicia que las v\u00edctimas hemos exigido desde hace d\u00e9cadas.<\/p>\n\n\n\n<p>Por eso informamos a la sociedad y a los medios de comunicaci\u00f3n que el pr\u00f3ximo 10 de mayo, como uno de los actos de nuestra jornada de movilizaciones con motivo de la&nbsp;<strong><em>D\u00e9cima Marcha por la Dignidad Nacional: Madres Buscando a sus Familiares Desaparecidos, Buscando la Verdad y la Justicia<\/em><\/strong>; acudiremos&nbsp;<strong>en punto de las 7:00 a.m. a las afueras de Palacio Nacional<\/strong>&nbsp;<strong>a exigir&nbsp;<\/strong>al&nbsp;<strong>presidente Andr\u00e9s Manuel L\u00f3pez Obrador<\/strong>&nbsp;<strong>nos escuche a las v\u00edctimas<\/strong>, quienes no hemos quedado conformes con la ya aprobada Ley de la Fiscal\u00eda General de la Rep\u00fablica.&nbsp;<\/p>\n\n\n\n<p>Durante su mandato,&nbsp;<strong>el Presidente ha reiterado<\/strong>&nbsp;en numerosas ocasiones&nbsp;<strong>que se encuentra de lado de las v\u00edctimas y que la desaparici\u00f3n es un tema prioritario para su gobierno<\/strong>. Con base en ello y en el pleno conocimiento de nuestros derechos, acudiremos a&nbsp;<strong>solicitarle haga uso de su facultad de veto parcial presidencial<\/strong>&nbsp;para que dicha ley vuelva a ser revisada, discutida y verdaderamente se escuche la voz de la sociedad y de las v\u00edctimas.&nbsp;<\/p>\n\n\n\n<p>Es el momento de retomar sus propias palabras. Nosotros tenemos memoria y recordamos lo que dijo el 24 de marzo de 2019, cuando afirm\u00f3:<\/p>\n\n\n\n<p><em>\u201cY vamos a dedicar todo lo que se necesite, el Estado mexicano se va a dedicar a la b\u00fasqueda de los desaparecidos. No s\u00f3lo es asunto de una Comisi\u00f3n, que ya se integr\u00f3, que estoy seguro lo van a hacer muy bien, sino es una responsabilidad de Estado, es decir, todas las instituciones, todo el gobierno<\/em><em>.\u201d<\/em><\/p>\n\n\n\n<p>La Ley aprobada va en contra de ese esp\u00edritu, y merma la responsabilidad de una de las instituciones del estado: la Fiscal\u00eda General de la Rep\u00fablica, hacia las v\u00edctimas, la verdad y la justicia. Por lo que depositamos nuestra confianza en la integridad de su palabra. Desde el&nbsp;Movimiento por Nuestros Desaparecidos en M\u00e9xico (MNDM)&nbsp;<strong>estamos dispuestas y dispuestos a agotar todos los recursos que nos garanticen el cumplimiento del deber de los funcionarios del Estado<\/strong>. Por ello el lunes le entregaremos un planteamiento concreto de las razones y los aspectos m\u00e1s graves por los que solicitamos ejerza su derecho de veto a esta Ley.&nbsp;<\/p>\n\n\n\n<p>El rol de la Fiscal\u00eda en materia de desaparici\u00f3n es esencial para los procesos de b\u00fasqueda e investigaci\u00f3n. Por ello, acudimos a usted, pues su gobierno nos ha pedido le tengamos confianza en su lucha contra la impunidad. Ante el riesgo que representa la nueva Ley de la FGR de desconocer nuestros derechos alcanzados, le exigimos que escuche nuestras voces y en particular esta demanda de ejercer su facultad de veto sobre algunos art\u00edculos de la Nueva Ley de la FGR.<\/p>\n\n\n\n<p><strong>\u00a1Hasta encontrarles!<br><\/strong><strong>\u00a1Sin las familias no!<\/strong><\/p>\n\n\n\n<p>Atentamente:<\/p>\n\n\n\n<h3 class=\"wp-block-heading\"><strong>Movimiento por Nuestros Desaparecidos en M\u00e9xico (MNDM)<\/strong> <strong><em>Conformado por 74 colectivos de 22 estados de la Rep\u00fablica mexicana\u00a0 y de 3 pa\u00edses de Centroam\u00e9rica<\/em><\/strong><\/h3>\n\n\n\n<p class=\"has-text-align-right\"><strong>Para mayor informaci\u00f3n y entrevistas<\/strong><strong>con el MNDM contactar a:<br><\/strong><strong>Anhali Peralta<br><\/strong><strong>Comunicaci\u00f3n Serapaz<br><\/strong><strong>55 49 49 17 56<\/strong><\/p>\n","protected":false},"excerpt":{"rendered":"<p>MNDM lanzar\u00e1 llamado urgente al Poder Ejecutivo a atender retrocesos graves en torno a la recientemente aprobada Ley de la Fiscal\u00eda General de la Rep\u00fablica. MNDM hace llamado p\u00fablico a AMLO para vetar nueva Ley de FGR, pues representa un retroceso en el derecho de acceso a la justicia de las v\u00edctimas y colectivos de [&hellip;]<\/p>\n","protected":false},"author":2,"featured_media":2206,"comment_status":"open","ping_status":"open","sticky":false,"template":"","format":"standard","meta":{"footnotes":""},"categories":[1],"tags":[],"class_list":["post-2205","post","type-post","status-publish","format-standard","has-post-thumbnail","hentry","category-sin-categoria"],"_links":{"self":[{"href":"https:\/\/cedehm.org.mx\/es\/wp-json\/wp\/v2\/posts\/2205","targetHints":{"allow":["GET"]}}],"collection":[{"href":"https:\/\/cedehm.org.mx\/es\/wp-json\/wp\/v2\/posts"}],"about":[{"href":"https:\/\/cedehm.org.mx\/es\/wp-json\/wp\/v2\/types\/post"}],"author":[{"embeddable":true,"href":"https:\/\/cedehm.org.mx\/es\/wp-json\/wp\/v2\/users\/2"}],"replies":[{"embeddable":true,"href":"https:\/\/cedehm.org.mx\/es\/wp-json\/wp\/v2\/comments?post=2205"}],"version-history":[{"count":0,"href":"https:\/\/cedehm.org.mx\/es\/wp-json\/wp\/v2\/posts\/2205\/revisions"}],"wp:featuredmedia":[{"embeddable":true,"href":"https:\/\/cedehm.org.mx\/es\/wp-json\/wp\/v2\/media\/2206"}],"wp:attachment":[{"href":"https:\/\/cedehm.org.mx\/es\/wp-json\/wp\/v2\/media?parent=2205"}],"wp:term":[{"taxonomy":"category","embeddable":true,"href":"https:\/\/cedehm.org.mx\/es\/wp-json\/wp\/v2\/categories?post=2205"},{"taxonomy":"post_tag","embeddable":true,"href":"https:\/\/cedehm.org.mx\/es\/wp-json\/wp\/v2\/tags?post=2205"}],"curies":[{"name":"wp","href":"https:\/\/api.w.org\/{rel}","templated":true}]}}