{"id":2255,"date":"2021-06-11T17:51:54","date_gmt":"2021-06-11T17:51:54","guid":{"rendered":"https:\/\/cedehm.org.mx\/es\/?p=2255"},"modified":"2022-02-23T12:51:45","modified_gmt":"2022-02-23T19:51:45","slug":"llega-a-la-corte-interamericana-de-derechos-humanos-coidh-la-comunidad-raramuri-de-choreachi-la-primer-audiencia-durante-el-gobierno-de-andres-manuel-lopez-obrador","status":"publish","type":"post","link":"https:\/\/cedehm.org.mx\/es\/2021\/06\/11\/llega-a-la-corte-interamericana-de-derechos-humanos-coidh-la-comunidad-raramuri-de-choreachi-la-primer-audiencia-durante-el-gobierno-de-andres-manuel-lopez-obrador\/","title":{"rendered":"Llega a la Corte Interamericana de Derechos Humanos (CoIDH) la comunidad rar\u00e1muri de Chor\u00e9achi; la primer audiencia durante el gobierno de Andr\u00e9s Manuel L\u00f3pez Obrador"},"content":{"rendered":"\n<div class=\"wp-block-image\"><figure class=\"aligncenter size-large is-resized\"><img loading=\"lazy\" decoding=\"async\" src=\"https:\/\/cedehm.org.mx\/es\/wp-content\/uploads\/2021\/06\/Choreachi-1024x730.jpeg\" alt=\"\" class=\"wp-image-2257\" width=\"533\" height=\"379\" srcset=\"https:\/\/cedehm.org.mx\/es\/wp-content\/uploads\/2021\/06\/Choreachi-1024x730.jpeg 1024w, https:\/\/cedehm.org.mx\/es\/wp-content\/uploads\/2021\/06\/Choreachi-300x214.jpeg 300w, https:\/\/cedehm.org.mx\/es\/wp-content\/uploads\/2021\/06\/Choreachi-768x548.jpeg 768w, https:\/\/cedehm.org.mx\/es\/wp-content\/uploads\/2021\/06\/Choreachi.jpeg 1045w\" sizes=\"auto, (max-width: 533px) 100vw, 533px\" \/><\/figure><\/div>\n\n\n\n<ul class=\"wp-block-list\"><li>Chor\u00e9achi es una comunidad rar\u00e1muri del estado de Chihuahua, M\u00e9xico sin reconocimiento legal del Estado sobre la propiedad de su territorio ancestral.<\/li><li>Un grupo de personas mestizas de la comunidad vecina busca el control de la zona generando violencia sistem\u00e1tica consistente en homicidios, amenazas con armas de fuego, quema de viviendas, robo de ganado, violaci\u00f3n de mujeres, desplazamiento forzado, entre otras.<\/li><li>Las autoridades mexicanas tienen conocimiento de la problem\u00e1tica desde 2013 y desde marzo de 2017 existe una Resoluci\u00f3n de la Corte Interamericana de Derechos Humanos (CoIDH) para que se implementen medidas de protecci\u00f3n a la comunidad, sin que a la fecha se haya atendido adecuadamente.<\/li><\/ul>\n\n\n\n<p>Chihuahua, M\u00e9xico, 11 de junio de 2021.- El d\u00eda de hoy se llev\u00f3 a cabo ante la CoIDH la Audiencia P\u00fablica sobre las medidas provisionales otorgadas a favor de la Comunidad Ind\u00edgena de Chor\u00e9achi respecto de M\u00e9xico. La corte escuch\u00f3 los testimonios de personas integrantes de la comunidad y beneficiarias de las medidas otorgadas.<\/p>\n\n\n\n<p>A pesar de que la disputa por el territorio comenz\u00f3 en 1969, a partir de finales del 2013 se increment\u00f3 exponencialmente la violencia sufrida contra la comunidad, lo cual se denunci\u00f3 ante las autoridades correspondientes. Ante la falta de respuesta, en 2014 se acudi\u00f3 por primera vez ante la Comisi\u00f3n interamericana de Derechos Humanos (CIDH) para exponer la situaci\u00f3n que vive la comunidad rar\u00e1muri de Chor\u00e9achi a consecuencia de su leg\u00edtima defensa de territorio y recursos naturales; la Comisi\u00f3n requiri\u00f3 al Estado mexicano adoptar las medidas necesarias para garantizar la seguridad de las personas que lideraban las denuncias colectivas. Estas medidas nunca fueron aplicadas, por el contrario la situaci\u00f3n de riesgo aument\u00f3 y las medidas fueron ampliadas a todas las personas ind\u00edgenas de la comunidad.<\/p>\n\n\n\n<p>Por 50 a\u00f1os la comunidad rar\u00e1muri ha defendido su territorio, enfrentando agresiones sistem\u00e1ticas. Actualmente el reconocimiento de su propiedad, se encuentra por resolver ante la Suprema Corte de Justicia de la Naci\u00f3n.<\/p>\n\n\n\n<p>En febrero de 2017 tras el asesinato de Juan Ontiveros Ramos, defensor ind\u00edgena del territorio y el medio ambiente y ante la ineficacia del Estado mexicano en la adopci\u00f3n de medidas suficientes, las organizaciones que acompa\u00f1an a las personas beneficiarias solicitaron que que se acudiera a la CoIDH para la atenci\u00f3n del asunto; esta \u00faltima resolvi\u00f3 otorgar medidas provisionales a la comunidad de Chor\u00e9achi, mismas que siguen sin aplicarse, a\u00fan despu\u00e9s de una segunda resoluci\u00f3n dictada en junio del 2020.<\/p>\n\n\n\n<p>En la audiencia llevada a cabo el d\u00eda de hoy, el Tribunal Interamericano supervis\u00f3 directamente la situaci\u00f3n de incumplimiento de las medidas de protecci\u00f3n ordenadas. La comunidad ind\u00edgena de Chor\u00e9achi es el reflejo de lo que viven muchas comunidades ind\u00edgenas en nuestro pa\u00eds para quienes tiene un alt\u00edsimo costo la leg\u00edtima defensa de su tierra, territorio y recursos naturales; en muchas ocasiones estas comunidades se encuentran aisladas mientras enfrentan en su territorio a caciques o miembros del crimen organizado, frente a la indiferencia del Estado mexicano.<\/p>\n\n\n\n<p>El resultado de esta audiencia puede representar un antes y un despu\u00e9s en acciones por parte del gobierno para garantizar la seguridad de las comunidades ind\u00edgenas, si bien, en el caso de Chor\u00e9achi se han implementado acciones de desarrollo social, estas resultan insuficientes para combatir el aislamiento de la comunidad, principal causa de la impunidad en la zona y \u00e9stas medidas corresponden a derechos que el Estado debe garantizar y no responden a una obligaci\u00f3n reforzada de la Corte para protegerles.<\/p>\n\n\n\n<p>Durante la audiencia, con la participaci\u00f3n de las personas representantes del Estado Mexicano, quedo claro la incapacidad o el desinter\u00e9s en profundizar en las problem\u00e1ticas de la comunidad; se habl\u00f3 de programas de salud y educaci\u00f3n, mientras que la garant\u00eda de seguridad y justicia permanece incierta.<\/p>\n\n\n\n<p>Adem\u00e1s se mencion\u00f3 por parte de las organizaciones acompa\u00f1antes, lo que le ha costado a la comunidad realizar la defensa de su territorio y las consecuencias que han debido pagar. Se se\u00f1al\u00f3 que la participaci\u00f3n del Estado se centra en derechos violados a la comunidad, m\u00e1s no resuelven la situaci\u00f3n de seguridad. La representaci\u00f3n ha insistido en la falta de respuesta seria y urgente que amerita el caso.<\/p>\n\n\n\n<p>Se se\u00f1al\u00f3 el pr\u00e1cticamente nulo avance en la aplicaci\u00f3n de las medidas ordenadas con anterioridad por la CoIDH, as\u00ed como de la CIDH. No existen avances en la investigaci\u00f3n a las violaciones a derechos humanos denunciadas y no se ha logrado que la federaci\u00f3n se sume a este esfuerzo. Ni siquiera las resoluciones de la Corte han generado reacciones que se\u00f1alen voluntad de realizar acciones contundentes para resolver esta situaci\u00f3n.<\/p>\n\n\n\n<p>Las personas beneficiaras por su parte manifestaron respecto a la problem\u00e1tica que existe en Choreachi: \u201cno podemos practicar nuestras actividades tradicionales ya que somos discriminados y perseguidos en nuestra propia tierra por gente extra\u00f1a, gente mestiza, en nuestro territorio; no tenemos un documento, no tenemos nada que avale que somos los due\u00f1os de nuestro territorio. Lo que queremos es que Chor\u00e9achi sea como antes, que no entren personas extra\u00f1as a la comunidad y se de el reconocimiento a la comunidad para vivir sin violencia y persecuci\u00f3n, que sean respetados nuestros derechos humanos como pueblo ind\u00edgena\u201d.<\/p>\n\n\n\n<p>\u201cNo vivimos a gusto en nuestras propias tierras, sentimos miedo, las personas mestizas nos han arrebatado la tranquilidad\u2019 \u00a1Buscamos respuesta a las denuncias que hemos presentado desde hace a\u00f1os! Nos han despojado cuando lo \u00fanico que hacemos es cuidar el bosque; queremos respeto para los derechos colectivos de la comunidad rar\u00e1muri de Chor\u00e9achi\u201d.<\/p>\n\n\n\n<p>La CIDH reiter\u00f3 la necesidad de tomar medidas con pertenencia cultural y record\u00f3 el largo camino que ha recorrido la comunidad desde 2013 a la fecha para llegar a este punto. La Comisi\u00f3n reconoce la necesidad de que el Estado de forma coordinada se involucre en la planificaci\u00f3n, implementaci\u00f3n y monitoreo de las medidas de seguridad, as\u00ed como en los avances de investigaci\u00f3n ante los hechos de violencia cometidos contra la comunidad; se solicit\u00f3 a la Corte pronunciarse sobre la implementaci\u00f3n de las medidas provisionales.<\/p>\n\n\n\n<p>Por parte de los jueces de la CoIDH se declar\u00f3 que la falta de un documento que avale la pertenencia del territorio, es un problema estructural y resulta ins\u00f3lito que haya transcurrido tanto tiempo entre las medidas dictadas por la Corte y que a\u00fan no se tenga un diagn\u00f3stico sobre su situaci\u00f3n de riesgo; adem\u00e1s se se\u00f1al\u00f3 que la responsabilidad del cumplimiento recae en el Estado, quien est\u00e1 obligado a adoptar las medidas necesarias a una voz urgente y de forma efectiva.<\/p>\n\n\n\n<p>Las organizaciones que acompa\u00f1amos y representamos legalmente a la comunidad: Alianza Sierra Madre (ASMAC) y el Centro de Derechos Humanos de las Mujeres (CEDEHM), esperamos que el reconocimiento de la situaci\u00f3n de inseguridad que vive la comunidad rar\u00e1muri permita profundizar en la necesidad de brindar condiciones plenas para la defensa del territorio, as\u00ed como la importancia del reconocimiento de pertenencia del mismo a las comunidades, que esta audiencia pueda encaminar el trabajo del Estado a realizar acciones reales y contundentes en beneficio de quienes defienden el territorio y el medio ambiente.<\/p>\n\n\n\n<p><strong>Puedes encontrar esta audiencia en:&nbsp;<\/strong>&nbsp;<a href=\"http:\/\/www.corteidh.or.cr\/\">http:\/\/www.corteidh.or.cr<\/a><\/p>\n","protected":false},"excerpt":{"rendered":"<p>Chor\u00e9achi es una comunidad rar\u00e1muri del estado de Chihuahua, M\u00e9xico sin reconocimiento legal del Estado sobre la propiedad de su territorio ancestral. Un grupo de personas mestizas de la comunidad vecina busca el control de la zona generando violencia sistem\u00e1tica consistente en homicidios, amenazas con armas de fuego, quema de viviendas, robo de ganado, violaci\u00f3n [&hellip;]<\/p>\n","protected":false},"author":4,"featured_media":2257,"comment_status":"open","ping_status":"open","sticky":false,"template":"","format":"standard","meta":{"footnotes":""},"categories":[1],"tags":[],"class_list":["post-2255","post","type-post","status-publish","format-standard","has-post-thumbnail","hentry","category-sin-categoria"],"_links":{"self":[{"href":"https:\/\/cedehm.org.mx\/es\/wp-json\/wp\/v2\/posts\/2255","targetHints":{"allow":["GET"]}}],"collection":[{"href":"https:\/\/cedehm.org.mx\/es\/wp-json\/wp\/v2\/posts"}],"about":[{"href":"https:\/\/cedehm.org.mx\/es\/wp-json\/wp\/v2\/types\/post"}],"author":[{"embeddable":true,"href":"https:\/\/cedehm.org.mx\/es\/wp-json\/wp\/v2\/users\/4"}],"replies":[{"embeddable":true,"href":"https:\/\/cedehm.org.mx\/es\/wp-json\/wp\/v2\/comments?post=2255"}],"version-history":[{"count":0,"href":"https:\/\/cedehm.org.mx\/es\/wp-json\/wp\/v2\/posts\/2255\/revisions"}],"wp:featuredmedia":[{"embeddable":true,"href":"https:\/\/cedehm.org.mx\/es\/wp-json\/wp\/v2\/media\/2257"}],"wp:attachment":[{"href":"https:\/\/cedehm.org.mx\/es\/wp-json\/wp\/v2\/media?parent=2255"}],"wp:term":[{"taxonomy":"category","embeddable":true,"href":"https:\/\/cedehm.org.mx\/es\/wp-json\/wp\/v2\/categories?post=2255"},{"taxonomy":"post_tag","embeddable":true,"href":"https:\/\/cedehm.org.mx\/es\/wp-json\/wp\/v2\/tags?post=2255"}],"curies":[{"name":"wp","href":"https:\/\/api.w.org\/{rel}","templated":true}]}}