{"id":3147,"date":"2021-09-27T11:13:34","date_gmt":"2021-09-27T17:13:34","guid":{"rendered":"https:\/\/cedehm.org.mx\/es\/?p=3147"},"modified":"2021-09-27T11:13:34","modified_gmt":"2021-09-27T17:13:34","slug":"emite-la-fiscalia-general-del-estado-fge-informacion-incorrecta-con-relacion-al-cumplimiento-a-la-resolucion-de-la-corte-interamericana-de-derechos-humanos-corteidh","status":"publish","type":"post","link":"https:\/\/cedehm.org.mx\/es\/2021\/09\/27\/emite-la-fiscalia-general-del-estado-fge-informacion-incorrecta-con-relacion-al-cumplimiento-a-la-resolucion-de-la-corte-interamericana-de-derechos-humanos-corteidh\/","title":{"rendered":"Emite la Fiscal\u00eda General del Estado (FGE) informaci\u00f3n incorrecta con relaci\u00f3n al cumplimiento a la resoluci\u00f3n de la Corte Interamericana de Derechos Humanos (CorteIDH)"},"content":{"rendered":"\n<figure class=\"wp-block-image size-large\"><img loading=\"lazy\" decoding=\"async\" width=\"1024\" height=\"730\" src=\"https:\/\/cedehm.org.mx\/es\/wp-content\/uploads\/2021\/06\/Choreachi-1024x730.jpeg\" alt=\"\" class=\"wp-image-2257\" srcset=\"https:\/\/cedehm.org.mx\/es\/wp-content\/uploads\/2021\/06\/Choreachi-1024x730.jpeg 1024w, https:\/\/cedehm.org.mx\/es\/wp-content\/uploads\/2021\/06\/Choreachi-300x214.jpeg 300w, https:\/\/cedehm.org.mx\/es\/wp-content\/uploads\/2021\/06\/Choreachi-768x548.jpeg 768w, https:\/\/cedehm.org.mx\/es\/wp-content\/uploads\/2021\/06\/Choreachi.jpeg 1045w\" sizes=\"auto, (max-width: 1024px) 100vw, 1024px\" \/><\/figure>\n\n\n\n<p>Chihuahua, Chih. Septiembre 26 del 2021.- Alianza Sierra Madre y el Centro de Derechos Humanos de las Mujeres a los medios de comunicaci\u00f3n: es incorrecta la informaci\u00f3n que emiti\u00f3 a diversos medios de comunicaci\u00f3n la Fiscal\u00eda General del Estado (FGE), en el sentido de que con la ejecuci\u00f3n de la orden de aprehensi\u00f3n contra Marcelo C.R y Paulino R.C., se haya dado \u201ccabal cumplimiento a la resoluci\u00f3n de la Corte Interamericana de Derechos Humanos (CIDH) de garantizar condiciones de seguridad y procurar justicia\u201d a la comunidad rar\u00e1muri de Chor\u00e9achi (Pino Gordo)<\/p>\n\n\n\n<p>Recordemos que los integrantes de la comunidad de Chor\u00e9achi han sido v\u00edctimas de m\u00faltiples violaciones a los derechos humanos por la defensa de su territorio y recursos naturales, raz\u00f3n por lo que la CorteIDH orden\u00f3 al Estado mexicano medidas provisionales colectivas desde marzo de 2017.<\/p>\n\n\n\n<p>Saludamos que en el caso del asesinato de Genaro C.C. la FGE se est\u00e9 en v\u00edas de procurar justicia a su familia, sin embargo, hay otras familias que a\u00fan se encuentran en espera de verdad, justicia y reparaci\u00f3n. As\u00ed tambi\u00e9n, el Estado mexicano no ha resuelto las causas estructurales que originaron la inseguridad y violencia en Chor\u00e9achi.<\/p>\n\n\n\n<p>Por \u00faltimo, urgimos a los gobiernos estatal y federal que a la brevedad posible se coordinen para dar un efectivo cumplimiento a la resoluci\u00f3n de la CorteIDH.<\/p>\n","protected":false},"excerpt":{"rendered":"<p>Chihuahua, Chih. Septiembre 26 del 2021.- Alianza Sierra Madre y el Centro de Derechos Humanos de las Mujeres a los medios de comunicaci\u00f3n: es incorrecta la informaci\u00f3n que emiti\u00f3 a diversos medios de comunicaci\u00f3n la Fiscal\u00eda General del Estado (FGE), en el sentido de que con la ejecuci\u00f3n de la orden de aprehensi\u00f3n contra Marcelo [&hellip;]<\/p>\n","protected":false},"author":4,"featured_media":2257,"comment_status":"open","ping_status":"open","sticky":false,"template":"","format":"standard","meta":{"footnotes":""},"categories":[1],"tags":[],"class_list":["post-3147","post","type-post","status-publish","format-standard","has-post-thumbnail","hentry","category-sin-categoria"],"_links":{"self":[{"href":"https:\/\/cedehm.org.mx\/es\/wp-json\/wp\/v2\/posts\/3147","targetHints":{"allow":["GET"]}}],"collection":[{"href":"https:\/\/cedehm.org.mx\/es\/wp-json\/wp\/v2\/posts"}],"about":[{"href":"https:\/\/cedehm.org.mx\/es\/wp-json\/wp\/v2\/types\/post"}],"author":[{"embeddable":true,"href":"https:\/\/cedehm.org.mx\/es\/wp-json\/wp\/v2\/users\/4"}],"replies":[{"embeddable":true,"href":"https:\/\/cedehm.org.mx\/es\/wp-json\/wp\/v2\/comments?post=3147"}],"version-history":[{"count":0,"href":"https:\/\/cedehm.org.mx\/es\/wp-json\/wp\/v2\/posts\/3147\/revisions"}],"wp:featuredmedia":[{"embeddable":true,"href":"https:\/\/cedehm.org.mx\/es\/wp-json\/wp\/v2\/media\/2257"}],"wp:attachment":[{"href":"https:\/\/cedehm.org.mx\/es\/wp-json\/wp\/v2\/media?parent=3147"}],"wp:term":[{"taxonomy":"category","embeddable":true,"href":"https:\/\/cedehm.org.mx\/es\/wp-json\/wp\/v2\/categories?post=3147"},{"taxonomy":"post_tag","embeddable":true,"href":"https:\/\/cedehm.org.mx\/es\/wp-json\/wp\/v2\/tags?post=3147"}],"curies":[{"name":"wp","href":"https:\/\/api.w.org\/{rel}","templated":true}]}}