{"id":3223,"date":"2021-11-22T21:31:10","date_gmt":"2021-11-23T04:31:10","guid":{"rendered":"https:\/\/cedehm.org.mx\/es\/?p=3223"},"modified":"2022-02-23T12:51:29","modified_gmt":"2022-02-23T19:51:29","slug":"se-reune-el-comite-de-la-onu-contra-las-desapariciones-forzadas-ced-con-colectivos-de-familiares-de-personas-desaparecidas-y-organizaciones-de-la-sociedad-civil-del-estado-de-chihuahua","status":"publish","type":"post","link":"https:\/\/cedehm.org.mx\/es\/2021\/11\/22\/se-reune-el-comite-de-la-onu-contra-las-desapariciones-forzadas-ced-con-colectivos-de-familiares-de-personas-desaparecidas-y-organizaciones-de-la-sociedad-civil-del-estado-de-chihuahua\/","title":{"rendered":"Se re\u00fane el Comit\u00e9 de la ONU contra las Desapariciones Forzadas (CED) con colectivos de familiares de personas desaparecidas y organizaciones de la sociedad civil del estado de Chihuahua"},"content":{"rendered":"\n<div class=\"wp-block-image\"><figure class=\"aligncenter size-large is-resized\"><img loading=\"lazy\" decoding=\"async\" src=\"https:\/\/cedehm.org.mx\/es\/wp-content\/uploads\/2021\/11\/IMG_1398-1024x651.jpg\" alt=\"\" class=\"wp-image-3224\" width=\"679\" height=\"432\" srcset=\"https:\/\/cedehm.org.mx\/es\/wp-content\/uploads\/2021\/11\/IMG_1398-1024x651.jpg 1024w, https:\/\/cedehm.org.mx\/es\/wp-content\/uploads\/2021\/11\/IMG_1398-300x191.jpg 300w, https:\/\/cedehm.org.mx\/es\/wp-content\/uploads\/2021\/11\/IMG_1398-768x488.jpg 768w, https:\/\/cedehm.org.mx\/es\/wp-content\/uploads\/2021\/11\/IMG_1398.jpg 1366w\" sizes=\"auto, (max-width: 679px) 100vw, 679px\" \/><\/figure><\/div>\n\n\n\n<ul class=\"wp-block-list\"><li>La desaparici\u00f3n forzada en M\u00e9xico y en el estado de Chihuahua en particular representa una crisis humanitaria que requiere atenci\u00f3n urgente y acciones contundentes por parte de las autoridades de los tres niveles de gobierno.<\/li><li>Esperamos que de esta visita puedan surgir recomendaciones concretas que analicen a profundidad la problem\u00e1tica que representan las desapariciones en nuestra entidad y su contexto.<\/li><\/ul>\n\n\n\n<p><strong>Chihuahua, Chih., a 22 de noviembre de 2021. <\/strong>El d\u00eda de hoy colectivos de familiares de personas desaparecidas en Chihuahua y las organizaciones que les acompa\u00f1amos mantuvimos una reuni\u00f3n con un integrante del Comit\u00e9 de la ONU contra las Desapariciones Forzadas (CED, por sus siglas en ingl\u00e9s) para conocer de primera mano los principales obst\u00e1culos en el acceso a la justicia.<\/p>\n\n\n\n<p>De acuerdo con el Registro Nacional de Personas Desaparecidas y No Localizadas (RNPDNO), actualmente en el estado de Chihuahua 3,461 personas se encuentran en calidad de desaparecidas o no localizadas, aunque se estima que podr\u00edan ser muchas m\u00e1s por la cantidad de casos que por temor no se denuncian.<\/p>\n\n\n\n<p>Con motivo de la reuni\u00f3n celebrada y en funci\u00f3n de socializar las necesidades de las personas que buscan a sus familiares desaparecidos, hacemos p\u00fablicas nuestras exigencias, expresadas al Comit\u00e9:<\/p>\n\n\n\n<ul class=\"wp-block-list\"><li>Que se realicen acciones de b\u00fasqueda efectivas, a tiempo, articuladas entre los diferentes niveles de gobierno, con sentido de urgencia y centradas en la presentaci\u00f3n con vida.<\/li><\/ul>\n\n\n\n<ul class=\"wp-block-list\"><li>Que el seguimiento a las investigaciones de los expedientes que se encuentran en el centro del pa\u00eds cuenten con un sistema que permita a las familias atender sus asuntos sin que el traslado implique una merma en su econom\u00eda y sus compromisos personales.<\/li><\/ul>\n\n\n\n<ul class=\"wp-block-list\"><li>Que se brinde atenci\u00f3n a los casos de desaparici\u00f3n de larga data, para que se evite la acumulaci\u00f3n de carpetas al darse nuevos casos, ya que los primeros son abandonados paulatinamente conforme se van presentando los segundos.<\/li><\/ul>\n\n\n\n<ul class=\"wp-block-list\"><li>Que las autoridades sean sensibilizadas en el tema, para evitar la criminalizaci\u00f3n en contra de las v\u00edctimas y la revictimizaci\u00f3n hacia sus seres queridos que les buscan. Adem\u00e1s es necesario establecer criterios de reclutamiento m\u00e1s estrictos para las personas aspirantes a formar parte del sistema de impartici\u00f3n de justicia.<\/li><\/ul>\n\n\n\n<ul class=\"wp-block-list\"><li>Se tomen las medidas necesarias para el involucramiento seguro de las familias en las acciones de b\u00fasqueda; que los protocolos y las acciones se definan en conjunto con ellas. Adem\u00e1s, se debe descentralizar la conversaci\u00f3n sobre la creaci\u00f3n de pol\u00edticas p\u00fablicas en la materia.<\/li><\/ul>\n\n\n\n<ul class=\"wp-block-list\"><li>Asignaci\u00f3n de recursos econ\u00f3micos, humanos y tecnol\u00f3gicos suficientes en las instancias de gobierno encargadas de dar atenci\u00f3n a la problem\u00e1tica de las desapariciones. Es necesaria la asignaci\u00f3n de un presupuesto adecuado a Fiscal\u00edas y Comisiones de B\u00fasqueda.<\/li><\/ul>\n\n\n\n<ul class=\"wp-block-list\"><li>Que se garantice la seguridad de las familias y de quienes han atestiguado un hecho de desaparici\u00f3n; ya que la desconfianza actual en las autoridades no solo interfiere con las investigaciones y judicializaci\u00f3n de los casos, sino que adem\u00e1s, detiene a las personas de realizar las denuncias pertinentes.<\/li><\/ul>\n\n\n\n<ul class=\"wp-block-list\"><li>Que la Comisi\u00f3n Estatal de B\u00fasqueda (CEB) y la Fiscal\u00eda General del Estado (FGE) trabajen de forma independiente.<\/li><\/ul>\n\n\n\n<ul class=\"wp-block-list\"><li>La implementaci\u00f3n de la Ley General en Materia de Desaparici\u00f3n Forzada, Desaparici\u00f3n por Particulares y del Sistema Nacional de B\u00fasqueda para que las bases de datos se puedan compartir y comparar realmente en todo el pa\u00eds.<\/li><\/ul>\n\n\n\n<ul class=\"wp-block-list\"><li>La declaraci\u00f3n de ausencia no es suficiente para salvaguardar el bienestar de quienes quedan a su suerte tras la desaparici\u00f3n de una persona; este tr\u00e1mite y sus efectos legales deben ser revisados y modificados de acuerdo con las necesidades de las familias que buscan.<\/li><\/ul>\n\n\n\n<ul class=\"wp-block-list\"><li>La creaci\u00f3n de una ley de b\u00fasqueda estatal, con protocolos que posean car\u00e1cter de obligatoriedad y de acci\u00f3n inmediata, ya que los actualmente existentes no se encuentran adecuados al contexto y muchas veces son ignorados.<\/li><\/ul>\n\n\n\n<ul class=\"wp-block-list\"><li>Que se d\u00e9 cumplimiento a las sentencias y recomendaciones de organismos internacionales con los que M\u00e9xico ya cuenta en el tema.<\/li><\/ul>\n\n\n\n<ul class=\"wp-block-list\"><li>El acompa\u00f1amiento de las organizaciones de la sociedad civil a familiares de personas desaparecidas no debe implicar un trato diferenciado en cuesti\u00f3n de atenci\u00f3n a los casos. Demandamos un trato equitativo para las v\u00edctimas, ya sea que cuenten con acompa\u00f1amiento de una organizaci\u00f3n o no.<\/li><\/ul>\n\n\n\n<ul class=\"wp-block-list\"><li>Que el Estado cumpla con su obligaci\u00f3n de implementar campa\u00f1as de promoci\u00f3n y difusi\u00f3n para que las familias conozcan sus derechos y puedan acceder a la aplicaci\u00f3n de estos en la atenci\u00f3n de sus casos.<\/li><\/ul>\n\n\n\n<ul class=\"wp-block-list\"><li>Que se revise la metodolog\u00eda del Servicio M\u00e9dico Forense del Estado de Chihuahua (<em>SEMEFO<\/em>) para la identificaci\u00f3n y resguardo de restos, as\u00ed como para la realizaci\u00f3n de notificaciones a las familias.<\/li><\/ul>\n\n\n\n<ul class=\"wp-block-list\"><li>La revisi\u00f3n de los perfiles gen\u00e9ticos de los m\u00e1s de 1700 restos que se encuentran sin identificar en Chihuahua, as\u00ed como la recolecci\u00f3n de las muestras de ADN necesarias para el cotejo de dichas muestras.<\/li><\/ul>\n\n\n\n<p>De ser tomadas en cuenta por el Estado mexicano, las recomendaciones que pudiesen surgir de esta reuni\u00f3n podr\u00edan y deber\u00edan convertirse en un parteaguas para la atenci\u00f3n de la problem\u00e1tica de las desapariciones en M\u00e9xico. Quedaremos expectantes de las recomendaciones y compromisos que asuma el Estado con relaci\u00f3n a la visita del Comit\u00e9.<\/p>\n\n\n\n<p>Porque las personas desaparecidas nos faltan a todas y todos.<\/p>\n\n\n\n<p><\/p>\n\n\n\n<p><\/p>\n\n\n\n<p>Comit\u00e9 de Madres de Desaparecidos Pol\u00edticos de Chihuahua<\/p>\n\n\n\n<p>Familias Unidas por la Verdad y la Justicia<\/p>\n\n\n\n<p>Centro de Derechos Humanos de las Mujeres A.C. (CEDEHM)<\/p>\n\n\n\n<p>Centro de Derechos Humanos Paso del Norte A.C.<\/p>\n\n\n\n<p>Centro Para el Desarrollo Integral de la Mujer AC (CEDIMAC)<\/p>\n\n\n\n<p>Justicia Para Nuestras Hijas A.C.<\/p>\n","protected":false},"excerpt":{"rendered":"<p>La desaparici\u00f3n forzada en M\u00e9xico y en el estado de Chihuahua en particular representa una crisis humanitaria que requiere atenci\u00f3n urgente y acciones contundentes por parte de las autoridades de los tres niveles de gobierno. Esperamos que de esta visita puedan surgir recomendaciones concretas que analicen a profundidad la problem\u00e1tica que representan las desapariciones en [&hellip;]<\/p>\n","protected":false},"author":2,"featured_media":3224,"comment_status":"open","ping_status":"open","sticky":false,"template":"","format":"standard","meta":{"footnotes":""},"categories":[1],"tags":[],"class_list":["post-3223","post","type-post","status-publish","format-standard","has-post-thumbnail","hentry","category-sin-categoria"],"_links":{"self":[{"href":"https:\/\/cedehm.org.mx\/es\/wp-json\/wp\/v2\/posts\/3223","targetHints":{"allow":["GET"]}}],"collection":[{"href":"https:\/\/cedehm.org.mx\/es\/wp-json\/wp\/v2\/posts"}],"about":[{"href":"https:\/\/cedehm.org.mx\/es\/wp-json\/wp\/v2\/types\/post"}],"author":[{"embeddable":true,"href":"https:\/\/cedehm.org.mx\/es\/wp-json\/wp\/v2\/users\/2"}],"replies":[{"embeddable":true,"href":"https:\/\/cedehm.org.mx\/es\/wp-json\/wp\/v2\/comments?post=3223"}],"version-history":[{"count":0,"href":"https:\/\/cedehm.org.mx\/es\/wp-json\/wp\/v2\/posts\/3223\/revisions"}],"wp:featuredmedia":[{"embeddable":true,"href":"https:\/\/cedehm.org.mx\/es\/wp-json\/wp\/v2\/media\/3224"}],"wp:attachment":[{"href":"https:\/\/cedehm.org.mx\/es\/wp-json\/wp\/v2\/media?parent=3223"}],"wp:term":[{"taxonomy":"category","embeddable":true,"href":"https:\/\/cedehm.org.mx\/es\/wp-json\/wp\/v2\/categories?post=3223"},{"taxonomy":"post_tag","embeddable":true,"href":"https:\/\/cedehm.org.mx\/es\/wp-json\/wp\/v2\/tags?post=3223"}],"curies":[{"name":"wp","href":"https:\/\/api.w.org\/{rel}","templated":true}]}}